{"id":9725,"date":"2018-04-13T12:54:43","date_gmt":"2018-04-13T10:54:43","guid":{"rendered":"http:\/\/www.torremaggiore.com\/notizie\/?p=9725"},"modified":"2018-04-21T12:14:45","modified_gmt":"2018-04-21T10:14:45","slug":"chisura-dei-punti-di-primo-intervento-in-capitanata-lunedi-15-aprile-a-san-marco-in-lamis-incontro-congiunto-organizzato-dal-sindaco-di-torremaggiore-con-i-primi-cittadini-dei-comuni-coinvolti","status":"publish","type":"post","link":"https:\/\/www.torremaggiore.com\/notizie\/2018\/chisura-dei-punti-di-primo-intervento-in-capitanata-lunedi-15-aprile-a-san-marco-in-lamis-incontro-congiunto-organizzato-dal-sindaco-di-torremaggiore-con-i-primi-cittadini-dei-comuni-coinvolti\/","title":{"rendered":"Chiusura dei Punti di Primo Intervento in Puglia: luned\u00ec 15 aprile a San Marco in Lamis incontro congiunto, organizzato dal Sindaco di Torremaggiore , con i primi cittadini dei Comuni coinvolti della Capitanata"},"content":{"rendered":"<p>\u201cIn merito alla vicenda della chiusura dei punti di primo intervento, mi preme comunicare che nei giorni scorsi mi sono fatto carico di sensibilizzare gli altri colleghi Sindaci dei Comuni della provincia di Foggia che ospitano \u201cPpi\u201d (San Marco in Lamis, Vieste, Monte Sant\u2019Angelo, Vico del Gargano) organizzando per il prossimo luned\u00ec 16 aprile un incontro specifico volto a fare il punto della situazione e a concordare congiunte iniziative sul tema. Apprendo nelle ultime ore della decisione\u00a0della Regione di chiudere tutti i 39 \u201cPpi\u201d pugliesi il che rende a maggior ragione utile questa iniziativa dedicata ad una esigenza imprescindibile per il territorio di Capitanata: il diritto alla salute per tutti i cittadini. Avevo portato la questione all&#8217;attenzione della direzione generale dell\u2019Asl, gi\u00e0 nei mesi scorsi, in ripetuti incontri. Questa mia iniziativa, adesso pi\u00f9 che mai, vuole dunque mirare a chiarire quale sar\u00e0 il destino dei nostri punti di primo intervento attraverso il coinvolgimento di tutti gli attori in causa\u201d. E&#8217; quanto ha dichiarato il 13 aprile 2018 il Sindaco di Torremaggiroe nella persona del dott. Pasquale Monteleone.<\/p>\n<p><a href=\"http:\/\/www.torremaggiore.com\/notizie\/wp-content\/uploads\/2016\/07\/monteleone-sindaco-front.jpg\"><img loading=\"lazy\" decoding=\"async\" class=\"aligncenter size-full wp-image-6764\" src=\"http:\/\/www.torremaggiore.com\/notizie\/wp-content\/uploads\/2016\/07\/monteleone-sindaco-front.jpg\" alt=\"\" width=\"353\" height=\"469\" srcset=\"https:\/\/www.torremaggiore.com\/notizie\/wp-content\/uploads\/2016\/07\/monteleone-sindaco-front.jpg 353w, https:\/\/www.torremaggiore.com\/notizie\/wp-content\/uploads\/2016\/07\/monteleone-sindaco-front-226x300.jpg 226w\" sizes=\"auto, (max-width: 353px) 100vw, 353px\" \/><\/a><\/p>\n<p>&nbsp;<\/p>\n<p>&nbsp;<\/p>\n<p>&nbsp;<\/p>\n<p>&nbsp;<\/p>\n<p><a href=\"https:\/\/www.sorboraffaelesnc.it\/\"><img loading=\"lazy\" decoding=\"async\" class=\"aligncenter size-full wp-image-9730\" src=\"http:\/\/www.torremaggiore.com\/notizie\/wp-content\/uploads\/2018\/04\/BANNER-SORBO1.gif\" alt=\"\" width=\"728\" height=\"90\" \/><\/a><\/p>\n","protected":false},"excerpt":{"rendered":"<p>\u201cIn merito alla vicenda della chiusura dei punti di primo intervento, mi preme comunicare che<\/p>\n","protected":false},"author":2,"featured_media":6839,"comment_status":"closed","ping_status":"open","sticky":false,"template":"","format":"standard","meta":{"footnotes":""},"categories":[1,4],"tags":[8],"class_list":["post-9725","post","type-post","status-publish","format-standard","has-post-thumbnail","hentry","category-appuntamenti","category-politica","tag-torremaggiore"],"yoast_head":"<!-- This site is optimized with the Yoast SEO plugin v27.4 - https:\/\/yoast.com\/product\/yoast-seo-wordpress\/ -->\n<title>Chiusura dei Punti di Primo Intervento in Puglia: luned\u00ec 15 aprile a San Marco in Lamis incontro congiunto, organizzato dal Sindaco di Torremaggiore , con i primi cittadini dei Comuni coinvolti della Capitanata - Torremaggiore On Line<\/title>\n<meta name=\"robots\" content=\"index, follow, max-snippet:-1, max-image-preview:large, max-video-preview:-1\" \/>\n<link rel=\"canonical\" href=\"https:\/\/www.torremaggiore.com\/notizie\/2018\/chisura-dei-punti-di-primo-intervento-in-capitanata-lunedi-15-aprile-a-san-marco-in-lamis-incontro-congiunto-organizzato-dal-sindaco-di-torremaggiore-con-i-primi-cittadini-dei-comuni-coinvolti\/\" \/>\n<meta property=\"og:locale\" content=\"it_IT\" \/>\n<meta property=\"og:type\" content=\"article\" \/>\n<meta property=\"og:title\" content=\"Chiusura dei Punti di Primo Intervento in Puglia: luned\u00ec 15 aprile a San Marco in Lamis incontro congiunto, organizzato dal Sindaco di Torremaggiore , con i primi cittadini dei Comuni coinvolti della Capitanata - Torremaggiore On Line\" \/>\n<meta property=\"og:description\" content=\"\u201cIn merito alla vicenda della chiusura dei punti di primo intervento, mi preme comunicare che\" \/>\n<meta property=\"og:url\" content=\"https:\/\/www.torremaggiore.com\/notizie\/2018\/chisura-dei-punti-di-primo-intervento-in-capitanata-lunedi-15-aprile-a-san-marco-in-lamis-incontro-congiunto-organizzato-dal-sindaco-di-torremaggiore-con-i-primi-cittadini-dei-comuni-coinvolti\/\" \/>\n<meta property=\"og:site_name\" content=\"Torremaggiore On Line\" \/>\n<meta property=\"article:published_time\" content=\"2018-04-13T10:54:43+00:00\" \/>\n<meta property=\"article:modified_time\" content=\"2018-04-21T10:14:45+00:00\" \/>\n<meta property=\"og:image\" content=\"https:\/\/www.torremaggiore.com\/notizie\/wp-content\/uploads\/2016\/08\/giacomo-ambulanza2016.jpg\" \/>\n\t<meta property=\"og:image:width\" content=\"650\" \/>\n\t<meta property=\"og:image:height\" content=\"441\" \/>\n\t<meta property=\"og:image:type\" content=\"image\/jpeg\" \/>\n<meta name=\"author\" content=\"Staff\" \/>\n<meta name=\"twitter:card\" content=\"summary_large_image\" \/>\n<meta name=\"twitter:label1\" content=\"Scritto da\" \/>\n\t<meta name=\"twitter:data1\" content=\"Staff\" \/>\n\t<meta name=\"twitter:label2\" content=\"Tempo di lettura stimato\" \/>\n\t<meta name=\"twitter:data2\" content=\"1 minuto\" \/>\n<script type=\"application\/ld+json\" class=\"yoast-schema-graph\">{\"@context\":\"https:\\\/\\\/schema.org\",\"@graph\":[{\"@type\":\"Article\",\"@id\":\"https:\\\/\\\/www.torremaggiore.com\\\/notizie\\\/2018\\\/chisura-dei-punti-di-primo-intervento-in-capitanata-lunedi-15-aprile-a-san-marco-in-lamis-incontro-congiunto-organizzato-dal-sindaco-di-torremaggiore-con-i-primi-cittadini-dei-comuni-coinvolti\\\/#article\",\"isPartOf\":{\"@id\":\"https:\\\/\\\/www.torremaggiore.com\\\/notizie\\\/2018\\\/chisura-dei-punti-di-primo-intervento-in-capitanata-lunedi-15-aprile-a-san-marco-in-lamis-incontro-congiunto-organizzato-dal-sindaco-di-torremaggiore-con-i-primi-cittadini-dei-comuni-coinvolti\\\/\"},\"author\":{\"name\":\"Staff\",\"@id\":\"https:\\\/\\\/www.torremaggiore.com\\\/notizie\\\/#\\\/schema\\\/person\\\/b789462c927517766c1bcfb452c8d85e\"},\"headline\":\"Chiusura dei Punti di Primo Intervento in Puglia: luned\u00ec 15 aprile a San Marco in Lamis incontro congiunto, organizzato dal Sindaco di Torremaggiore , con i primi cittadini dei Comuni coinvolti della Capitanata\",\"datePublished\":\"2018-04-13T10:54:43+00:00\",\"dateModified\":\"2018-04-21T10:14:45+00:00\",\"mainEntityOfPage\":{\"@id\":\"https:\\\/\\\/www.torremaggiore.com\\\/notizie\\\/2018\\\/chisura-dei-punti-di-primo-intervento-in-capitanata-lunedi-15-aprile-a-san-marco-in-lamis-incontro-congiunto-organizzato-dal-sindaco-di-torremaggiore-con-i-primi-cittadini-dei-comuni-coinvolti\\\/\"},\"wordCount\":212,\"publisher\":{\"@id\":\"https:\\\/\\\/www.torremaggiore.com\\\/notizie\\\/#organization\"},\"image\":{\"@id\":\"https:\\\/\\\/www.torremaggiore.com\\\/notizie\\\/2018\\\/chisura-dei-punti-di-primo-intervento-in-capitanata-lunedi-15-aprile-a-san-marco-in-lamis-incontro-congiunto-organizzato-dal-sindaco-di-torremaggiore-con-i-primi-cittadini-dei-comuni-coinvolti\\\/#primaryimage\"},\"thumbnailUrl\":\"https:\\\/\\\/www.torremaggiore.com\\\/notizie\\\/wp-content\\\/uploads\\\/2016\\\/08\\\/giacomo-ambulanza2016.jpg\",\"keywords\":[\"torremaggiore\"],\"articleSection\":[\"Appuntamenti\",\"Politica\"],\"inLanguage\":\"it-IT\"},{\"@type\":\"WebPage\",\"@id\":\"https:\\\/\\\/www.torremaggiore.com\\\/notizie\\\/2018\\\/chisura-dei-punti-di-primo-intervento-in-capitanata-lunedi-15-aprile-a-san-marco-in-lamis-incontro-congiunto-organizzato-dal-sindaco-di-torremaggiore-con-i-primi-cittadini-dei-comuni-coinvolti\\\/\",\"url\":\"https:\\\/\\\/www.torremaggiore.com\\\/notizie\\\/2018\\\/chisura-dei-punti-di-primo-intervento-in-capitanata-lunedi-15-aprile-a-san-marco-in-lamis-incontro-congiunto-organizzato-dal-sindaco-di-torremaggiore-con-i-primi-cittadini-dei-comuni-coinvolti\\\/\",\"name\":\"Chiusura dei Punti di Primo Intervento in Puglia: luned\u00ec 15 aprile a San Marco in Lamis incontro congiunto, organizzato dal Sindaco di Torremaggiore , con i primi cittadini dei Comuni coinvolti della Capitanata - Torremaggiore On Line\",\"isPartOf\":{\"@id\":\"https:\\\/\\\/www.torremaggiore.com\\\/notizie\\\/#website\"},\"primaryImageOfPage\":{\"@id\":\"https:\\\/\\\/www.torremaggiore.com\\\/notizie\\\/2018\\\/chisura-dei-punti-di-primo-intervento-in-capitanata-lunedi-15-aprile-a-san-marco-in-lamis-incontro-congiunto-organizzato-dal-sindaco-di-torremaggiore-con-i-primi-cittadini-dei-comuni-coinvolti\\\/#primaryimage\"},\"image\":{\"@id\":\"https:\\\/\\\/www.torremaggiore.com\\\/notizie\\\/2018\\\/chisura-dei-punti-di-primo-intervento-in-capitanata-lunedi-15-aprile-a-san-marco-in-lamis-incontro-congiunto-organizzato-dal-sindaco-di-torremaggiore-con-i-primi-cittadini-dei-comuni-coinvolti\\\/#primaryimage\"},\"thumbnailUrl\":\"https:\\\/\\\/www.torremaggiore.com\\\/notizie\\\/wp-content\\\/uploads\\\/2016\\\/08\\\/giacomo-ambulanza2016.jpg\",\"datePublished\":\"2018-04-13T10:54:43+00:00\",\"dateModified\":\"2018-04-21T10:14:45+00:00\",\"breadcrumb\":{\"@id\":\"https:\\\/\\\/www.torremaggiore.com\\\/notizie\\\/2018\\\/chisura-dei-punti-di-primo-intervento-in-capitanata-lunedi-15-aprile-a-san-marco-in-lamis-incontro-congiunto-organizzato-dal-sindaco-di-torremaggiore-con-i-primi-cittadini-dei-comuni-coinvolti\\\/#breadcrumb\"},\"inLanguage\":\"it-IT\",\"potentialAction\":[{\"@type\":\"ReadAction\",\"target\":[\"https:\\\/\\\/www.torremaggiore.com\\\/notizie\\\/2018\\\/chisura-dei-punti-di-primo-intervento-in-capitanata-lunedi-15-aprile-a-san-marco-in-lamis-incontro-congiunto-organizzato-dal-sindaco-di-torremaggiore-con-i-primi-cittadini-dei-comuni-coinvolti\\\/\"]}]},{\"@type\":\"ImageObject\",\"inLanguage\":\"it-IT\",\"@id\":\"https:\\\/\\\/www.torremaggiore.com\\\/notizie\\\/2018\\\/chisura-dei-punti-di-primo-intervento-in-capitanata-lunedi-15-aprile-a-san-marco-in-lamis-incontro-congiunto-organizzato-dal-sindaco-di-torremaggiore-con-i-primi-cittadini-dei-comuni-coinvolti\\\/#primaryimage\",\"url\":\"https:\\\/\\\/www.torremaggiore.com\\\/notizie\\\/wp-content\\\/uploads\\\/2016\\\/08\\\/giacomo-ambulanza2016.jpg\",\"contentUrl\":\"https:\\\/\\\/www.torremaggiore.com\\\/notizie\\\/wp-content\\\/uploads\\\/2016\\\/08\\\/giacomo-ambulanza2016.jpg\",\"width\":650,\"height\":441},{\"@type\":\"BreadcrumbList\",\"@id\":\"https:\\\/\\\/www.torremaggiore.com\\\/notizie\\\/2018\\\/chisura-dei-punti-di-primo-intervento-in-capitanata-lunedi-15-aprile-a-san-marco-in-lamis-incontro-congiunto-organizzato-dal-sindaco-di-torremaggiore-con-i-primi-cittadini-dei-comuni-coinvolti\\\/#breadcrumb\",\"itemListElement\":[{\"@type\":\"ListItem\",\"position\":1,\"name\":\"Home\",\"item\":\"https:\\\/\\\/www.torremaggiore.com\\\/notizie\\\/\"},{\"@type\":\"ListItem\",\"position\":2,\"name\":\"Chiusura dei Punti di Primo Intervento in Puglia: luned\u00ec 15 aprile a San Marco in Lamis incontro congiunto, organizzato dal Sindaco di Torremaggiore , con i primi cittadini dei Comuni coinvolti della Capitanata\"}]},{\"@type\":\"WebSite\",\"@id\":\"https:\\\/\\\/www.torremaggiore.com\\\/notizie\\\/#website\",\"url\":\"https:\\\/\\\/www.torremaggiore.com\\\/notizie\\\/\",\"name\":\"Torremaggiore On Line\",\"description\":\"La Web Community di Torremaggiore\",\"publisher\":{\"@id\":\"https:\\\/\\\/www.torremaggiore.com\\\/notizie\\\/#organization\"},\"potentialAction\":[{\"@type\":\"SearchAction\",\"target\":{\"@type\":\"EntryPoint\",\"urlTemplate\":\"https:\\\/\\\/www.torremaggiore.com\\\/notizie\\\/?s={search_term_string}\"},\"query-input\":{\"@type\":\"PropertyValueSpecification\",\"valueRequired\":true,\"valueName\":\"search_term_string\"}}],\"inLanguage\":\"it-IT\"},{\"@type\":\"Organization\",\"@id\":\"https:\\\/\\\/www.torremaggiore.com\\\/notizie\\\/#organization\",\"name\":\"Torremaggiore On Line\",\"url\":\"https:\\\/\\\/www.torremaggiore.com\\\/notizie\\\/\",\"logo\":{\"@type\":\"ImageObject\",\"inLanguage\":\"it-IT\",\"@id\":\"https:\\\/\\\/www.torremaggiore.com\\\/notizie\\\/#\\\/schema\\\/logo\\\/image\\\/\",\"url\":\"https:\\\/\\\/www.torremaggiore.com\\\/notizie\\\/wp-content\\\/uploads\\\/2020\\\/03\\\/logo-tmol20.gif\",\"contentUrl\":\"https:\\\/\\\/www.torremaggiore.com\\\/notizie\\\/wp-content\\\/uploads\\\/2020\\\/03\\\/logo-tmol20.gif\",\"width\":260,\"height\":95,\"caption\":\"Torremaggiore On Line\"},\"image\":{\"@id\":\"https:\\\/\\\/www.torremaggiore.com\\\/notizie\\\/#\\\/schema\\\/logo\\\/image\\\/\"}},{\"@type\":\"Person\",\"@id\":\"https:\\\/\\\/www.torremaggiore.com\\\/notizie\\\/#\\\/schema\\\/person\\\/b789462c927517766c1bcfb452c8d85e\",\"name\":\"Staff\",\"image\":{\"@type\":\"ImageObject\",\"inLanguage\":\"it-IT\",\"@id\":\"https:\\\/\\\/secure.gravatar.com\\\/avatar\\\/fd311f248f82517b1efd21a54e666df2c5b705bb4a4fb804f3903c94be513fee?s=96&d=mm&r=g\",\"url\":\"https:\\\/\\\/secure.gravatar.com\\\/avatar\\\/fd311f248f82517b1efd21a54e666df2c5b705bb4a4fb804f3903c94be513fee?s=96&d=mm&r=g\",\"contentUrl\":\"https:\\\/\\\/secure.gravatar.com\\\/avatar\\\/fd311f248f82517b1efd21a54e666df2c5b705bb4a4fb804f3903c94be513fee?s=96&d=mm&r=g\",\"caption\":\"Staff\"},\"sameAs\":[\"https:\\\/\\\/www.micheleantonucci.it\"],\"url\":\"https:\\\/\\\/www.torremaggiore.com\\\/notizie\\\/author\\\/staff\\\/\"}]}<\/script>\n<!-- \/ Yoast SEO plugin. -->","yoast_head_json":{"title":"Chiusura dei Punti di Primo Intervento in Puglia: luned\u00ec 15 aprile a San Marco in Lamis incontro congiunto, organizzato dal Sindaco di Torremaggiore , con i primi cittadini dei Comuni coinvolti della Capitanata - Torremaggiore On Line","robots":{"index":"index","follow":"follow","max-snippet":"max-snippet:-1","max-image-preview":"max-image-preview:large","max-video-preview":"max-video-preview:-1"},"canonical":"https:\/\/www.torremaggiore.com\/notizie\/2018\/chisura-dei-punti-di-primo-intervento-in-capitanata-lunedi-15-aprile-a-san-marco-in-lamis-incontro-congiunto-organizzato-dal-sindaco-di-torremaggiore-con-i-primi-cittadini-dei-comuni-coinvolti\/","og_locale":"it_IT","og_type":"article","og_title":"Chiusura dei Punti di Primo Intervento in Puglia: luned\u00ec 15 aprile a San Marco in Lamis incontro congiunto, organizzato dal Sindaco di Torremaggiore , con i primi cittadini dei Comuni coinvolti della Capitanata - Torremaggiore On Line","og_description":"\u201cIn merito alla vicenda della chiusura dei punti di primo intervento, mi preme comunicare che","og_url":"https:\/\/www.torremaggiore.com\/notizie\/2018\/chisura-dei-punti-di-primo-intervento-in-capitanata-lunedi-15-aprile-a-san-marco-in-lamis-incontro-congiunto-organizzato-dal-sindaco-di-torremaggiore-con-i-primi-cittadini-dei-comuni-coinvolti\/","og_site_name":"Torremaggiore On Line","article_published_time":"2018-04-13T10:54:43+00:00","article_modified_time":"2018-04-21T10:14:45+00:00","og_image":[{"width":650,"height":441,"url":"https:\/\/www.torremaggiore.com\/notizie\/wp-content\/uploads\/2016\/08\/giacomo-ambulanza2016.jpg","type":"image\/jpeg"}],"author":"Staff","twitter_card":"summary_large_image","twitter_misc":{"Scritto da":"Staff","Tempo di lettura stimato":"1 minuto"},"schema":{"@context":"https:\/\/schema.org","@graph":[{"@type":"Article","@id":"https:\/\/www.torremaggiore.com\/notizie\/2018\/chisura-dei-punti-di-primo-intervento-in-capitanata-lunedi-15-aprile-a-san-marco-in-lamis-incontro-congiunto-organizzato-dal-sindaco-di-torremaggiore-con-i-primi-cittadini-dei-comuni-coinvolti\/#article","isPartOf":{"@id":"https:\/\/www.torremaggiore.com\/notizie\/2018\/chisura-dei-punti-di-primo-intervento-in-capitanata-lunedi-15-aprile-a-san-marco-in-lamis-incontro-congiunto-organizzato-dal-sindaco-di-torremaggiore-con-i-primi-cittadini-dei-comuni-coinvolti\/"},"author":{"name":"Staff","@id":"https:\/\/www.torremaggiore.com\/notizie\/#\/schema\/person\/b789462c927517766c1bcfb452c8d85e"},"headline":"Chiusura dei Punti di Primo Intervento in Puglia: luned\u00ec 15 aprile a San Marco in Lamis incontro congiunto, organizzato dal Sindaco di Torremaggiore , con i primi cittadini dei Comuni coinvolti della Capitanata","datePublished":"2018-04-13T10:54:43+00:00","dateModified":"2018-04-21T10:14:45+00:00","mainEntityOfPage":{"@id":"https:\/\/www.torremaggiore.com\/notizie\/2018\/chisura-dei-punti-di-primo-intervento-in-capitanata-lunedi-15-aprile-a-san-marco-in-lamis-incontro-congiunto-organizzato-dal-sindaco-di-torremaggiore-con-i-primi-cittadini-dei-comuni-coinvolti\/"},"wordCount":212,"publisher":{"@id":"https:\/\/www.torremaggiore.com\/notizie\/#organization"},"image":{"@id":"https:\/\/www.torremaggiore.com\/notizie\/2018\/chisura-dei-punti-di-primo-intervento-in-capitanata-lunedi-15-aprile-a-san-marco-in-lamis-incontro-congiunto-organizzato-dal-sindaco-di-torremaggiore-con-i-primi-cittadini-dei-comuni-coinvolti\/#primaryimage"},"thumbnailUrl":"https:\/\/www.torremaggiore.com\/notizie\/wp-content\/uploads\/2016\/08\/giacomo-ambulanza2016.jpg","keywords":["torremaggiore"],"articleSection":["Appuntamenti","Politica"],"inLanguage":"it-IT"},{"@type":"WebPage","@id":"https:\/\/www.torremaggiore.com\/notizie\/2018\/chisura-dei-punti-di-primo-intervento-in-capitanata-lunedi-15-aprile-a-san-marco-in-lamis-incontro-congiunto-organizzato-dal-sindaco-di-torremaggiore-con-i-primi-cittadini-dei-comuni-coinvolti\/","url":"https:\/\/www.torremaggiore.com\/notizie\/2018\/chisura-dei-punti-di-primo-intervento-in-capitanata-lunedi-15-aprile-a-san-marco-in-lamis-incontro-congiunto-organizzato-dal-sindaco-di-torremaggiore-con-i-primi-cittadini-dei-comuni-coinvolti\/","name":"Chiusura dei Punti di Primo Intervento in Puglia: luned\u00ec 15 aprile a San Marco in Lamis incontro congiunto, organizzato dal Sindaco di Torremaggiore , con i primi cittadini dei Comuni coinvolti della Capitanata - Torremaggiore On Line","isPartOf":{"@id":"https:\/\/www.torremaggiore.com\/notizie\/#website"},"primaryImageOfPage":{"@id":"https:\/\/www.torremaggiore.com\/notizie\/2018\/chisura-dei-punti-di-primo-intervento-in-capitanata-lunedi-15-aprile-a-san-marco-in-lamis-incontro-congiunto-organizzato-dal-sindaco-di-torremaggiore-con-i-primi-cittadini-dei-comuni-coinvolti\/#primaryimage"},"image":{"@id":"https:\/\/www.torremaggiore.com\/notizie\/2018\/chisura-dei-punti-di-primo-intervento-in-capitanata-lunedi-15-aprile-a-san-marco-in-lamis-incontro-congiunto-organizzato-dal-sindaco-di-torremaggiore-con-i-primi-cittadini-dei-comuni-coinvolti\/#primaryimage"},"thumbnailUrl":"https:\/\/www.torremaggiore.com\/notizie\/wp-content\/uploads\/2016\/08\/giacomo-ambulanza2016.jpg","datePublished":"2018-04-13T10:54:43+00:00","dateModified":"2018-04-21T10:14:45+00:00","breadcrumb":{"@id":"https:\/\/www.torremaggiore.com\/notizie\/2018\/chisura-dei-punti-di-primo-intervento-in-capitanata-lunedi-15-aprile-a-san-marco-in-lamis-incontro-congiunto-organizzato-dal-sindaco-di-torremaggiore-con-i-primi-cittadini-dei-comuni-coinvolti\/#breadcrumb"},"inLanguage":"it-IT","potentialAction":[{"@type":"ReadAction","target":["https:\/\/www.torremaggiore.com\/notizie\/2018\/chisura-dei-punti-di-primo-intervento-in-capitanata-lunedi-15-aprile-a-san-marco-in-lamis-incontro-congiunto-organizzato-dal-sindaco-di-torremaggiore-con-i-primi-cittadini-dei-comuni-coinvolti\/"]}]},{"@type":"ImageObject","inLanguage":"it-IT","@id":"https:\/\/www.torremaggiore.com\/notizie\/2018\/chisura-dei-punti-di-primo-intervento-in-capitanata-lunedi-15-aprile-a-san-marco-in-lamis-incontro-congiunto-organizzato-dal-sindaco-di-torremaggiore-con-i-primi-cittadini-dei-comuni-coinvolti\/#primaryimage","url":"https:\/\/www.torremaggiore.com\/notizie\/wp-content\/uploads\/2016\/08\/giacomo-ambulanza2016.jpg","contentUrl":"https:\/\/www.torremaggiore.com\/notizie\/wp-content\/uploads\/2016\/08\/giacomo-ambulanza2016.jpg","width":650,"height":441},{"@type":"BreadcrumbList","@id":"https:\/\/www.torremaggiore.com\/notizie\/2018\/chisura-dei-punti-di-primo-intervento-in-capitanata-lunedi-15-aprile-a-san-marco-in-lamis-incontro-congiunto-organizzato-dal-sindaco-di-torremaggiore-con-i-primi-cittadini-dei-comuni-coinvolti\/#breadcrumb","itemListElement":[{"@type":"ListItem","position":1,"name":"Home","item":"https:\/\/www.torremaggiore.com\/notizie\/"},{"@type":"ListItem","position":2,"name":"Chiusura dei Punti di Primo Intervento in Puglia: luned\u00ec 15 aprile a San Marco in Lamis incontro congiunto, organizzato dal Sindaco di Torremaggiore , con i primi cittadini dei Comuni coinvolti della Capitanata"}]},{"@type":"WebSite","@id":"https:\/\/www.torremaggiore.com\/notizie\/#website","url":"https:\/\/www.torremaggiore.com\/notizie\/","name":"Torremaggiore On Line","description":"La Web Community di Torremaggiore","publisher":{"@id":"https:\/\/www.torremaggiore.com\/notizie\/#organization"},"potentialAction":[{"@type":"SearchAction","target":{"@type":"EntryPoint","urlTemplate":"https:\/\/www.torremaggiore.com\/notizie\/?s={search_term_string}"},"query-input":{"@type":"PropertyValueSpecification","valueRequired":true,"valueName":"search_term_string"}}],"inLanguage":"it-IT"},{"@type":"Organization","@id":"https:\/\/www.torremaggiore.com\/notizie\/#organization","name":"Torremaggiore On Line","url":"https:\/\/www.torremaggiore.com\/notizie\/","logo":{"@type":"ImageObject","inLanguage":"it-IT","@id":"https:\/\/www.torremaggiore.com\/notizie\/#\/schema\/logo\/image\/","url":"https:\/\/www.torremaggiore.com\/notizie\/wp-content\/uploads\/2020\/03\/logo-tmol20.gif","contentUrl":"https:\/\/www.torremaggiore.com\/notizie\/wp-content\/uploads\/2020\/03\/logo-tmol20.gif","width":260,"height":95,"caption":"Torremaggiore On Line"},"image":{"@id":"https:\/\/www.torremaggiore.com\/notizie\/#\/schema\/logo\/image\/"}},{"@type":"Person","@id":"https:\/\/www.torremaggiore.com\/notizie\/#\/schema\/person\/b789462c927517766c1bcfb452c8d85e","name":"Staff","image":{"@type":"ImageObject","inLanguage":"it-IT","@id":"https:\/\/secure.gravatar.com\/avatar\/fd311f248f82517b1efd21a54e666df2c5b705bb4a4fb804f3903c94be513fee?s=96&d=mm&r=g","url":"https:\/\/secure.gravatar.com\/avatar\/fd311f248f82517b1efd21a54e666df2c5b705bb4a4fb804f3903c94be513fee?s=96&d=mm&r=g","contentUrl":"https:\/\/secure.gravatar.com\/avatar\/fd311f248f82517b1efd21a54e666df2c5b705bb4a4fb804f3903c94be513fee?s=96&d=mm&r=g","caption":"Staff"},"sameAs":["https:\/\/www.micheleantonucci.it"],"url":"https:\/\/www.torremaggiore.com\/notizie\/author\/staff\/"}]}},"_links":{"self":[{"href":"https:\/\/www.torremaggiore.com\/notizie\/wp-json\/wp\/v2\/posts\/9725","targetHints":{"allow":["GET"]}}],"collection":[{"href":"https:\/\/www.torremaggiore.com\/notizie\/wp-json\/wp\/v2\/posts"}],"about":[{"href":"https:\/\/www.torremaggiore.com\/notizie\/wp-json\/wp\/v2\/types\/post"}],"author":[{"embeddable":true,"href":"https:\/\/www.torremaggiore.com\/notizie\/wp-json\/wp\/v2\/users\/2"}],"replies":[{"embeddable":true,"href":"https:\/\/www.torremaggiore.com\/notizie\/wp-json\/wp\/v2\/comments?post=9725"}],"version-history":[{"count":0,"href":"https:\/\/www.torremaggiore.com\/notizie\/wp-json\/wp\/v2\/posts\/9725\/revisions"}],"wp:featuredmedia":[{"embeddable":true,"href":"https:\/\/www.torremaggiore.com\/notizie\/wp-json\/wp\/v2\/media\/6839"}],"wp:attachment":[{"href":"https:\/\/www.torremaggiore.com\/notizie\/wp-json\/wp\/v2\/media?parent=9725"}],"wp:term":[{"taxonomy":"category","embeddable":true,"href":"https:\/\/www.torremaggiore.com\/notizie\/wp-json\/wp\/v2\/categories?post=9725"},{"taxonomy":"post_tag","embeddable":true,"href":"https:\/\/www.torremaggiore.com\/notizie\/wp-json\/wp\/v2\/tags?post=9725"}],"curies":[{"name":"wp","href":"https:\/\/api.w.org\/{rel}","templated":true}]}}