{"id":8890,"date":"2017-10-30T21:07:36","date_gmt":"2017-10-30T19:07:36","guid":{"rendered":"http:\/\/www.torremaggiore.com\/notizie\/?p=8890"},"modified":"2017-10-30T21:07:36","modified_gmt":"2017-10-30T19:07:36","slug":"al-via-la-stagione-agonistica-dellasd-atletico-torremaggiore","status":"publish","type":"post","link":"https:\/\/www.torremaggiore.com\/notizie\/2017\/al-via-la-stagione-agonistica-dellasd-atletico-torremaggiore\/","title":{"rendered":"Al via la stagione agonistica dell&#8217;ASD Atletico Torremaggiore"},"content":{"rendered":"<p>Torremaggiore ritrova il calcio e con esso una di quelle passioni mai sopite nonostante le vicissitudini degli ultimi anni. Lo fa nel modo pi\u00f9 bello, grazie all\u2019operato di tanti giovani e molte persone volenterose le quali hanno abbracciato un progetto che, in breve tempo, \u00e8 passato dall\u2019essere una semplice idea ad un qualcosa di concreto e reale che adesso ha anche un nome: A.S.D. Atletico Torremaggiore.<\/p>\n<p><a href=\"http:\/\/www.torremaggiore.com\/notizie\/wp-content\/uploads\/2017\/10\/atletico-torremaggiore.jpg\"><img loading=\"lazy\" decoding=\"async\" class=\"aligncenter size-full wp-image-8891\" src=\"http:\/\/www.torremaggiore.com\/notizie\/wp-content\/uploads\/2017\/10\/atletico-torremaggiore.jpg\" alt=\"\" width=\"200\" height=\"252\" \/><\/a><\/p>\n<p>Torremaggiore, che da sempre vanta un\u2019ottima tradizione ed una calorosa tifoseria, ma che per troppo tempo ha assistito alle vicende del calcio pugliese da semplice spettatrice, potr\u00e0 tornare a stringersi intorno ad una squadra tutta nuova, che riparte per\u00f2 anche da importanti certezze: una societ\u00e0 giovane e ambiziosa, quei colori rossobl\u00f9 che da sempre sono sinonimo di calcio all\u2019ombra del Castello ed una storica bandiera: Emilio Soldano. Per anni tra i trascinatori della squadra in campo proprio Soldano, il cui contributo per la realizzazione del progetto \u00e8 stato fondamentale, metter\u00e0 a disposizione del nuovo gruppo da poco formatosi la sua grande esperienza nella doppia veste di allenatore e giocatore. A guidare la societ\u00e0 una dirigenza composta dal presidente Massimo Di Pumpo; Alessandro Acquafresca, vicepresidente; Valentino Forte, direttore sportivo; Alessandro Raimondo, segretario; Antonio Avellino, tesoriere senza dimenticare il significativo apporto dato alla causa da altri giovani soci come Ennio Schiavo, Michele Pensato, Massimiliano Altomare e Gianluca Lamedica. L\u2019Atletico Torremaggiore, che ripartir\u00e0 dal campionato di Terza Categoria dopo la preparazione estiva, \u00e8 gi\u00e0 sceso in campo e nell\u2019ultima amichevole disputata, quella con l\u2019Audax San Severo, che ha fatto intravedere ottime cose imponendosi con il risultato di 4-1. Agli ordini di mister Soldano, volti noti del calcio torremaggiorese e quelle nuove leve che hanno avuto modo di amalgamarsi ulteriormente nel corso delle partite di precampionato che hanno preceduto le sfide, quelle vere e per troppo tempo attese, che coincideranno con l\u2019avvio del torneo che \u00e8 previsto il 1 novembre con l\u2019esordio a Ischitella.<br \/>\nIl primo obiettivo \u00e8 stato raggiunto: il calcio torna ad essere realt\u00e0 a Torremaggiore. Adesso la volont\u00e0 \u00e8 quella di proseguire sul solco tracciato e di vivere una stagione da protagonista. La prima di tante.<\/p>\n","protected":false},"excerpt":{"rendered":"<p>Torremaggiore ritrova il calcio e con esso una di quelle passioni mai sopite nonostante le<\/p>\n","protected":false},"author":2,"featured_media":561,"comment_status":"closed","ping_status":"open","sticky":false,"template":"","format":"standard","meta":{"footnotes":""},"categories":[250,393],"tags":[1126,8],"class_list":["post-8890","post","type-post","status-publish","format-standard","has-post-thumbnail","hentry","category-prima-pagina","category-sport-2","tag-atletico-torremaggiore","tag-torremaggiore"],"yoast_head":"<!-- This site is optimized with the Yoast SEO plugin v27.4 - https:\/\/yoast.com\/product\/yoast-seo-wordpress\/ -->\n<title>Al via la stagione agonistica dell&#039;ASD Atletico Torremaggiore - Torremaggiore On Line<\/title>\n<meta name=\"robots\" content=\"index, follow, max-snippet:-1, max-image-preview:large, max-video-preview:-1\" \/>\n<link rel=\"canonical\" href=\"https:\/\/www.torremaggiore.com\/notizie\/2017\/al-via-la-stagione-agonistica-dellasd-atletico-torremaggiore\/\" \/>\n<meta property=\"og:locale\" content=\"it_IT\" \/>\n<meta property=\"og:type\" content=\"article\" \/>\n<meta property=\"og:title\" content=\"Al via la stagione agonistica dell&#039;ASD Atletico Torremaggiore - Torremaggiore On Line\" \/>\n<meta property=\"og:description\" content=\"Torremaggiore ritrova il calcio e con esso una di quelle passioni mai sopite nonostante le\" \/>\n<meta property=\"og:url\" content=\"https:\/\/www.torremaggiore.com\/notizie\/2017\/al-via-la-stagione-agonistica-dellasd-atletico-torremaggiore\/\" \/>\n<meta property=\"og:site_name\" content=\"Torremaggiore On Line\" \/>\n<meta property=\"article:published_time\" content=\"2017-10-30T19:07:36+00:00\" \/>\n<meta property=\"og:image\" content=\"https:\/\/www.torremaggiore.com\/notizie\/wp-content\/uploads\/2011\/11\/stadio-torremaggiore.jpg\" \/>\n\t<meta property=\"og:image:width\" content=\"560\" \/>\n\t<meta property=\"og:image:height\" content=\"291\" \/>\n\t<meta property=\"og:image:type\" content=\"image\/jpeg\" \/>\n<meta name=\"author\" content=\"Staff\" \/>\n<meta name=\"twitter:card\" content=\"summary_large_image\" \/>\n<meta name=\"twitter:label1\" content=\"Scritto da\" \/>\n\t<meta name=\"twitter:data1\" content=\"Staff\" \/>\n\t<meta name=\"twitter:label2\" content=\"Tempo di lettura stimato\" \/>\n\t<meta name=\"twitter:data2\" content=\"2 minuti\" \/>\n<script type=\"application\/ld+json\" class=\"yoast-schema-graph\">{\"@context\":\"https:\\\/\\\/schema.org\",\"@graph\":[{\"@type\":\"Article\",\"@id\":\"https:\\\/\\\/www.torremaggiore.com\\\/notizie\\\/2017\\\/al-via-la-stagione-agonistica-dellasd-atletico-torremaggiore\\\/#article\",\"isPartOf\":{\"@id\":\"https:\\\/\\\/www.torremaggiore.com\\\/notizie\\\/2017\\\/al-via-la-stagione-agonistica-dellasd-atletico-torremaggiore\\\/\"},\"author\":{\"name\":\"Staff\",\"@id\":\"https:\\\/\\\/www.torremaggiore.com\\\/notizie\\\/#\\\/schema\\\/person\\\/b789462c927517766c1bcfb452c8d85e\"},\"headline\":\"Al via la stagione agonistica dell&#8217;ASD Atletico Torremaggiore\",\"datePublished\":\"2017-10-30T19:07:36+00:00\",\"mainEntityOfPage\":{\"@id\":\"https:\\\/\\\/www.torremaggiore.com\\\/notizie\\\/2017\\\/al-via-la-stagione-agonistica-dellasd-atletico-torremaggiore\\\/\"},\"wordCount\":364,\"publisher\":{\"@id\":\"https:\\\/\\\/www.torremaggiore.com\\\/notizie\\\/#organization\"},\"image\":{\"@id\":\"https:\\\/\\\/www.torremaggiore.com\\\/notizie\\\/2017\\\/al-via-la-stagione-agonistica-dellasd-atletico-torremaggiore\\\/#primaryimage\"},\"thumbnailUrl\":\"https:\\\/\\\/www.torremaggiore.com\\\/notizie\\\/wp-content\\\/uploads\\\/2011\\\/11\\\/stadio-torremaggiore.jpg\",\"keywords\":[\"atletico torremaggiore\",\"torremaggiore\"],\"articleSection\":[\"Prima Pagina\",\"Sport\"],\"inLanguage\":\"it-IT\"},{\"@type\":\"WebPage\",\"@id\":\"https:\\\/\\\/www.torremaggiore.com\\\/notizie\\\/2017\\\/al-via-la-stagione-agonistica-dellasd-atletico-torremaggiore\\\/\",\"url\":\"https:\\\/\\\/www.torremaggiore.com\\\/notizie\\\/2017\\\/al-via-la-stagione-agonistica-dellasd-atletico-torremaggiore\\\/\",\"name\":\"Al via la stagione agonistica dell'ASD Atletico Torremaggiore - Torremaggiore On Line\",\"isPartOf\":{\"@id\":\"https:\\\/\\\/www.torremaggiore.com\\\/notizie\\\/#website\"},\"primaryImageOfPage\":{\"@id\":\"https:\\\/\\\/www.torremaggiore.com\\\/notizie\\\/2017\\\/al-via-la-stagione-agonistica-dellasd-atletico-torremaggiore\\\/#primaryimage\"},\"image\":{\"@id\":\"https:\\\/\\\/www.torremaggiore.com\\\/notizie\\\/2017\\\/al-via-la-stagione-agonistica-dellasd-atletico-torremaggiore\\\/#primaryimage\"},\"thumbnailUrl\":\"https:\\\/\\\/www.torremaggiore.com\\\/notizie\\\/wp-content\\\/uploads\\\/2011\\\/11\\\/stadio-torremaggiore.jpg\",\"datePublished\":\"2017-10-30T19:07:36+00:00\",\"breadcrumb\":{\"@id\":\"https:\\\/\\\/www.torremaggiore.com\\\/notizie\\\/2017\\\/al-via-la-stagione-agonistica-dellasd-atletico-torremaggiore\\\/#breadcrumb\"},\"inLanguage\":\"it-IT\",\"potentialAction\":[{\"@type\":\"ReadAction\",\"target\":[\"https:\\\/\\\/www.torremaggiore.com\\\/notizie\\\/2017\\\/al-via-la-stagione-agonistica-dellasd-atletico-torremaggiore\\\/\"]}]},{\"@type\":\"ImageObject\",\"inLanguage\":\"it-IT\",\"@id\":\"https:\\\/\\\/www.torremaggiore.com\\\/notizie\\\/2017\\\/al-via-la-stagione-agonistica-dellasd-atletico-torremaggiore\\\/#primaryimage\",\"url\":\"https:\\\/\\\/www.torremaggiore.com\\\/notizie\\\/wp-content\\\/uploads\\\/2011\\\/11\\\/stadio-torremaggiore.jpg\",\"contentUrl\":\"https:\\\/\\\/www.torremaggiore.com\\\/notizie\\\/wp-content\\\/uploads\\\/2011\\\/11\\\/stadio-torremaggiore.jpg\",\"width\":\"560\",\"height\":\"291\"},{\"@type\":\"BreadcrumbList\",\"@id\":\"https:\\\/\\\/www.torremaggiore.com\\\/notizie\\\/2017\\\/al-via-la-stagione-agonistica-dellasd-atletico-torremaggiore\\\/#breadcrumb\",\"itemListElement\":[{\"@type\":\"ListItem\",\"position\":1,\"name\":\"Home\",\"item\":\"https:\\\/\\\/www.torremaggiore.com\\\/notizie\\\/\"},{\"@type\":\"ListItem\",\"position\":2,\"name\":\"Al via la stagione agonistica dell&#8217;ASD Atletico Torremaggiore\"}]},{\"@type\":\"WebSite\",\"@id\":\"https:\\\/\\\/www.torremaggiore.com\\\/notizie\\\/#website\",\"url\":\"https:\\\/\\\/www.torremaggiore.com\\\/notizie\\\/\",\"name\":\"Torremaggiore On Line\",\"description\":\"La Web Community di Torremaggiore\",\"publisher\":{\"@id\":\"https:\\\/\\\/www.torremaggiore.com\\\/notizie\\\/#organization\"},\"potentialAction\":[{\"@type\":\"SearchAction\",\"target\":{\"@type\":\"EntryPoint\",\"urlTemplate\":\"https:\\\/\\\/www.torremaggiore.com\\\/notizie\\\/?s={search_term_string}\"},\"query-input\":{\"@type\":\"PropertyValueSpecification\",\"valueRequired\":true,\"valueName\":\"search_term_string\"}}],\"inLanguage\":\"it-IT\"},{\"@type\":\"Organization\",\"@id\":\"https:\\\/\\\/www.torremaggiore.com\\\/notizie\\\/#organization\",\"name\":\"Torremaggiore On Line\",\"url\":\"https:\\\/\\\/www.torremaggiore.com\\\/notizie\\\/\",\"logo\":{\"@type\":\"ImageObject\",\"inLanguage\":\"it-IT\",\"@id\":\"https:\\\/\\\/www.torremaggiore.com\\\/notizie\\\/#\\\/schema\\\/logo\\\/image\\\/\",\"url\":\"https:\\\/\\\/www.torremaggiore.com\\\/notizie\\\/wp-content\\\/uploads\\\/2020\\\/03\\\/logo-tmol20.gif\",\"contentUrl\":\"https:\\\/\\\/www.torremaggiore.com\\\/notizie\\\/wp-content\\\/uploads\\\/2020\\\/03\\\/logo-tmol20.gif\",\"width\":260,\"height\":95,\"caption\":\"Torremaggiore On Line\"},\"image\":{\"@id\":\"https:\\\/\\\/www.torremaggiore.com\\\/notizie\\\/#\\\/schema\\\/logo\\\/image\\\/\"}},{\"@type\":\"Person\",\"@id\":\"https:\\\/\\\/www.torremaggiore.com\\\/notizie\\\/#\\\/schema\\\/person\\\/b789462c927517766c1bcfb452c8d85e\",\"name\":\"Staff\",\"image\":{\"@type\":\"ImageObject\",\"inLanguage\":\"it-IT\",\"@id\":\"https:\\\/\\\/secure.gravatar.com\\\/avatar\\\/fd311f248f82517b1efd21a54e666df2c5b705bb4a4fb804f3903c94be513fee?s=96&d=mm&r=g\",\"url\":\"https:\\\/\\\/secure.gravatar.com\\\/avatar\\\/fd311f248f82517b1efd21a54e666df2c5b705bb4a4fb804f3903c94be513fee?s=96&d=mm&r=g\",\"contentUrl\":\"https:\\\/\\\/secure.gravatar.com\\\/avatar\\\/fd311f248f82517b1efd21a54e666df2c5b705bb4a4fb804f3903c94be513fee?s=96&d=mm&r=g\",\"caption\":\"Staff\"},\"sameAs\":[\"https:\\\/\\\/www.micheleantonucci.it\"],\"url\":\"https:\\\/\\\/www.torremaggiore.com\\\/notizie\\\/author\\\/staff\\\/\"}]}<\/script>\n<!-- \/ Yoast SEO plugin. -->","yoast_head_json":{"title":"Al via la stagione agonistica dell'ASD Atletico Torremaggiore - Torremaggiore On Line","robots":{"index":"index","follow":"follow","max-snippet":"max-snippet:-1","max-image-preview":"max-image-preview:large","max-video-preview":"max-video-preview:-1"},"canonical":"https:\/\/www.torremaggiore.com\/notizie\/2017\/al-via-la-stagione-agonistica-dellasd-atletico-torremaggiore\/","og_locale":"it_IT","og_type":"article","og_title":"Al via la stagione agonistica dell'ASD Atletico Torremaggiore - Torremaggiore On Line","og_description":"Torremaggiore ritrova il calcio e con esso una di quelle passioni mai sopite nonostante le","og_url":"https:\/\/www.torremaggiore.com\/notizie\/2017\/al-via-la-stagione-agonistica-dellasd-atletico-torremaggiore\/","og_site_name":"Torremaggiore On Line","article_published_time":"2017-10-30T19:07:36+00:00","og_image":[{"width":560,"height":291,"url":"https:\/\/www.torremaggiore.com\/notizie\/wp-content\/uploads\/2011\/11\/stadio-torremaggiore.jpg","type":"image\/jpeg"}],"author":"Staff","twitter_card":"summary_large_image","twitter_misc":{"Scritto da":"Staff","Tempo di lettura stimato":"2 minuti"},"schema":{"@context":"https:\/\/schema.org","@graph":[{"@type":"Article","@id":"https:\/\/www.torremaggiore.com\/notizie\/2017\/al-via-la-stagione-agonistica-dellasd-atletico-torremaggiore\/#article","isPartOf":{"@id":"https:\/\/www.torremaggiore.com\/notizie\/2017\/al-via-la-stagione-agonistica-dellasd-atletico-torremaggiore\/"},"author":{"name":"Staff","@id":"https:\/\/www.torremaggiore.com\/notizie\/#\/schema\/person\/b789462c927517766c1bcfb452c8d85e"},"headline":"Al via la stagione agonistica dell&#8217;ASD Atletico Torremaggiore","datePublished":"2017-10-30T19:07:36+00:00","mainEntityOfPage":{"@id":"https:\/\/www.torremaggiore.com\/notizie\/2017\/al-via-la-stagione-agonistica-dellasd-atletico-torremaggiore\/"},"wordCount":364,"publisher":{"@id":"https:\/\/www.torremaggiore.com\/notizie\/#organization"},"image":{"@id":"https:\/\/www.torremaggiore.com\/notizie\/2017\/al-via-la-stagione-agonistica-dellasd-atletico-torremaggiore\/#primaryimage"},"thumbnailUrl":"https:\/\/www.torremaggiore.com\/notizie\/wp-content\/uploads\/2011\/11\/stadio-torremaggiore.jpg","keywords":["atletico torremaggiore","torremaggiore"],"articleSection":["Prima Pagina","Sport"],"inLanguage":"it-IT"},{"@type":"WebPage","@id":"https:\/\/www.torremaggiore.com\/notizie\/2017\/al-via-la-stagione-agonistica-dellasd-atletico-torremaggiore\/","url":"https:\/\/www.torremaggiore.com\/notizie\/2017\/al-via-la-stagione-agonistica-dellasd-atletico-torremaggiore\/","name":"Al via la stagione agonistica dell'ASD Atletico Torremaggiore - Torremaggiore On Line","isPartOf":{"@id":"https:\/\/www.torremaggiore.com\/notizie\/#website"},"primaryImageOfPage":{"@id":"https:\/\/www.torremaggiore.com\/notizie\/2017\/al-via-la-stagione-agonistica-dellasd-atletico-torremaggiore\/#primaryimage"},"image":{"@id":"https:\/\/www.torremaggiore.com\/notizie\/2017\/al-via-la-stagione-agonistica-dellasd-atletico-torremaggiore\/#primaryimage"},"thumbnailUrl":"https:\/\/www.torremaggiore.com\/notizie\/wp-content\/uploads\/2011\/11\/stadio-torremaggiore.jpg","datePublished":"2017-10-30T19:07:36+00:00","breadcrumb":{"@id":"https:\/\/www.torremaggiore.com\/notizie\/2017\/al-via-la-stagione-agonistica-dellasd-atletico-torremaggiore\/#breadcrumb"},"inLanguage":"it-IT","potentialAction":[{"@type":"ReadAction","target":["https:\/\/www.torremaggiore.com\/notizie\/2017\/al-via-la-stagione-agonistica-dellasd-atletico-torremaggiore\/"]}]},{"@type":"ImageObject","inLanguage":"it-IT","@id":"https:\/\/www.torremaggiore.com\/notizie\/2017\/al-via-la-stagione-agonistica-dellasd-atletico-torremaggiore\/#primaryimage","url":"https:\/\/www.torremaggiore.com\/notizie\/wp-content\/uploads\/2011\/11\/stadio-torremaggiore.jpg","contentUrl":"https:\/\/www.torremaggiore.com\/notizie\/wp-content\/uploads\/2011\/11\/stadio-torremaggiore.jpg","width":"560","height":"291"},{"@type":"BreadcrumbList","@id":"https:\/\/www.torremaggiore.com\/notizie\/2017\/al-via-la-stagione-agonistica-dellasd-atletico-torremaggiore\/#breadcrumb","itemListElement":[{"@type":"ListItem","position":1,"name":"Home","item":"https:\/\/www.torremaggiore.com\/notizie\/"},{"@type":"ListItem","position":2,"name":"Al via la stagione agonistica dell&#8217;ASD Atletico Torremaggiore"}]},{"@type":"WebSite","@id":"https:\/\/www.torremaggiore.com\/notizie\/#website","url":"https:\/\/www.torremaggiore.com\/notizie\/","name":"Torremaggiore On Line","description":"La Web Community di Torremaggiore","publisher":{"@id":"https:\/\/www.torremaggiore.com\/notizie\/#organization"},"potentialAction":[{"@type":"SearchAction","target":{"@type":"EntryPoint","urlTemplate":"https:\/\/www.torremaggiore.com\/notizie\/?s={search_term_string}"},"query-input":{"@type":"PropertyValueSpecification","valueRequired":true,"valueName":"search_term_string"}}],"inLanguage":"it-IT"},{"@type":"Organization","@id":"https:\/\/www.torremaggiore.com\/notizie\/#organization","name":"Torremaggiore On Line","url":"https:\/\/www.torremaggiore.com\/notizie\/","logo":{"@type":"ImageObject","inLanguage":"it-IT","@id":"https:\/\/www.torremaggiore.com\/notizie\/#\/schema\/logo\/image\/","url":"https:\/\/www.torremaggiore.com\/notizie\/wp-content\/uploads\/2020\/03\/logo-tmol20.gif","contentUrl":"https:\/\/www.torremaggiore.com\/notizie\/wp-content\/uploads\/2020\/03\/logo-tmol20.gif","width":260,"height":95,"caption":"Torremaggiore On Line"},"image":{"@id":"https:\/\/www.torremaggiore.com\/notizie\/#\/schema\/logo\/image\/"}},{"@type":"Person","@id":"https:\/\/www.torremaggiore.com\/notizie\/#\/schema\/person\/b789462c927517766c1bcfb452c8d85e","name":"Staff","image":{"@type":"ImageObject","inLanguage":"it-IT","@id":"https:\/\/secure.gravatar.com\/avatar\/fd311f248f82517b1efd21a54e666df2c5b705bb4a4fb804f3903c94be513fee?s=96&d=mm&r=g","url":"https:\/\/secure.gravatar.com\/avatar\/fd311f248f82517b1efd21a54e666df2c5b705bb4a4fb804f3903c94be513fee?s=96&d=mm&r=g","contentUrl":"https:\/\/secure.gravatar.com\/avatar\/fd311f248f82517b1efd21a54e666df2c5b705bb4a4fb804f3903c94be513fee?s=96&d=mm&r=g","caption":"Staff"},"sameAs":["https:\/\/www.micheleantonucci.it"],"url":"https:\/\/www.torremaggiore.com\/notizie\/author\/staff\/"}]}},"_links":{"self":[{"href":"https:\/\/www.torremaggiore.com\/notizie\/wp-json\/wp\/v2\/posts\/8890","targetHints":{"allow":["GET"]}}],"collection":[{"href":"https:\/\/www.torremaggiore.com\/notizie\/wp-json\/wp\/v2\/posts"}],"about":[{"href":"https:\/\/www.torremaggiore.com\/notizie\/wp-json\/wp\/v2\/types\/post"}],"author":[{"embeddable":true,"href":"https:\/\/www.torremaggiore.com\/notizie\/wp-json\/wp\/v2\/users\/2"}],"replies":[{"embeddable":true,"href":"https:\/\/www.torremaggiore.com\/notizie\/wp-json\/wp\/v2\/comments?post=8890"}],"version-history":[{"count":0,"href":"https:\/\/www.torremaggiore.com\/notizie\/wp-json\/wp\/v2\/posts\/8890\/revisions"}],"wp:featuredmedia":[{"embeddable":true,"href":"https:\/\/www.torremaggiore.com\/notizie\/wp-json\/wp\/v2\/media\/561"}],"wp:attachment":[{"href":"https:\/\/www.torremaggiore.com\/notizie\/wp-json\/wp\/v2\/media?parent=8890"}],"wp:term":[{"taxonomy":"category","embeddable":true,"href":"https:\/\/www.torremaggiore.com\/notizie\/wp-json\/wp\/v2\/categories?post=8890"},{"taxonomy":"post_tag","embeddable":true,"href":"https:\/\/www.torremaggiore.com\/notizie\/wp-json\/wp\/v2\/tags?post=8890"}],"curies":[{"name":"wp","href":"https:\/\/api.w.org\/{rel}","templated":true}]}}