{"id":8715,"date":"2017-09-17T10:25:04","date_gmt":"2017-09-17T08:25:04","guid":{"rendered":"http:\/\/www.torremaggiore.com\/notizie\/?p=8715"},"modified":"2017-09-20T20:16:20","modified_gmt":"2017-09-20T18:16:20","slug":"emilio-croce-richiesta-riconoscimento-encomio-agli-agenti-della-polizia-locale","status":"publish","type":"post","link":"https:\/\/www.torremaggiore.com\/notizie\/2017\/emilio-croce-richiesta-riconoscimento-encomio-agli-agenti-della-polizia-locale\/","title":{"rendered":"Emilio Croce: richiesta riconoscimento encomio agli agenti della Polizia Locale"},"content":{"rendered":"<p>Al Sindaco di Torremaggiore<br \/>\nAl Segretario Generale di Torremaggiore<br \/>\nAl Comando di Polizia LOCALE di Torremaggiore<br \/>\nAl Comando Stazione Carabinieri COMUNE DI TORREMAGGIORE<\/p>\n<p><strong>OGGETTO: richiesta di riconoscimento di un pubblico encomio agli Agenti di Polizia Locale Donato Sangiorgio e Piero Celozzi e adozione di misure per contrastare fenomeni di \u201cciondolamento\u201d di cittadini non identificati nelle strade cittadine.<\/strong><\/p>\n<p>Il 17 luglio 2017, nel pieno centro della nostra Citt\u00e0 e a seguito di segnalazione da parte di concittadini per atteggiamenti provocatori e di disturbo, un uomo di nazionalit\u00e0 marocchina (senza fissa dimora e in evidente stato di ebbrezza) \u00e8 stato tratto in arresto da rappresentanti del Corpo di Polizia Locale.<br \/>\nPer l\u2019azione di difesa del territorio e della salvaguardia dell\u2019incolumit\u00e0 dei nostri cittadini e del nostro patrimonio, messa in campo dal Vigile Agente Donato Sangiorgio con l\u2019ausilio del collega M.llo Piero Celozzi, intendo chiedere alle SS.LL. un encomio formale per l\u2019impegno e l\u2019azione svolta, che ha condotto all\u2019arresto dell\u2019uomo che ha provocato preoccupazioni e disagi all\u2019interno del territorio comunale.<\/p>\n<p>Evidenzio che premiare l&#8217;operato di chi assume comportamenti esemplari \u00e8 un atto doveroso da parte dell&#8217;Amministrazione Comunale per valorizzare gesti che rappresentano esempi di vita e di professionalit\u00e0. Inoltre confido in un impegno che preveda azioni coordinate per il controllo del territorio, sollecitando le altre forze, al fine di contrastare la presenza ingiustificata di soggetti non identificati per le vie della Citt\u00e0, il cui stato psicofisico risulta spesso alterato dall\u2019utilizzo di bevande alcoliche. Tutto ci\u00f2 mette in pericolo la sicurezza e l\u2019incolumit\u00e0 dei nostri cittadini e rende alcune strade e alcune piazze indecorose.<\/p>\n<p>Le zone interessate sono ben note e visibili all\u2019interno del territorio cittadino e sono certo che con la collaborazione di pi\u00f9 forze e con ulteriori richieste di azioni e sollecitazioni agli altri organi addetti al controllo del territorio, si possono contrastare e risolvere tali fenomeni, come dimostrato lodevolmente con un solo intervento.<\/p>\n<p>Certo di un benevole accoglimento delle suddette proposte, Vi saluto cordialmente<\/p>\n<p>Il Consigliere Comunale<br \/>\nEmilio Croce<\/p>\n<figure id=\"attachment_4370\" aria-describedby=\"caption-attachment-4370\" style=\"width: 600px\" class=\"wp-caption aligncenter\"><a href=\"http:\/\/www.torremaggiore.com\/notizie\/wp-content\/uploads\/2014\/12\/fiat-panda-polizia-locale-tm-2014.jpg\"><img loading=\"lazy\" decoding=\"async\" class=\"size-full wp-image-4370\" src=\"http:\/\/www.torremaggiore.com\/notizie\/wp-content\/uploads\/2014\/12\/fiat-panda-polizia-locale-tm-2014.jpg\" alt=\"Polizia Locale Torremaggiore FG - www.torremaggiore.com -\" width=\"600\" height=\"468\" srcset=\"https:\/\/www.torremaggiore.com\/notizie\/wp-content\/uploads\/2014\/12\/fiat-panda-polizia-locale-tm-2014.jpg 600w, https:\/\/www.torremaggiore.com\/notizie\/wp-content\/uploads\/2014\/12\/fiat-panda-polizia-locale-tm-2014-300x234.jpg 300w\" sizes=\"auto, (max-width: 600px) 100vw, 600px\" \/><\/a><figcaption id=\"caption-attachment-4370\" class=\"wp-caption-text\">Polizia Locale Torremaggiore FG &#8211; www.torremaggiore.com &#8211;<\/figcaption><\/figure>\n","protected":false},"excerpt":{"rendered":"<p>Al Sindaco di Torremaggiore Al Segretario Generale di Torremaggiore Al Comando di Polizia LOCALE di<\/p>\n","protected":false},"author":2,"featured_media":7209,"comment_status":"closed","ping_status":"open","sticky":false,"template":"","format":"standard","meta":{"footnotes":""},"categories":[4],"tags":[],"class_list":["post-8715","post","type-post","status-publish","format-standard","has-post-thumbnail","hentry","category-politica"],"yoast_head":"<!-- This site is optimized with the Yoast SEO plugin v27.4 - https:\/\/yoast.com\/product\/yoast-seo-wordpress\/ -->\n<title>Emilio Croce: richiesta riconoscimento encomio agli agenti della Polizia Locale - Torremaggiore On Line<\/title>\n<meta name=\"robots\" content=\"index, follow, max-snippet:-1, max-image-preview:large, max-video-preview:-1\" \/>\n<link rel=\"canonical\" href=\"https:\/\/www.torremaggiore.com\/notizie\/2017\/emilio-croce-richiesta-riconoscimento-encomio-agli-agenti-della-polizia-locale\/\" \/>\n<meta property=\"og:locale\" content=\"it_IT\" \/>\n<meta property=\"og:type\" content=\"article\" \/>\n<meta property=\"og:title\" content=\"Emilio Croce: richiesta riconoscimento encomio agli agenti della Polizia Locale - Torremaggiore On Line\" \/>\n<meta property=\"og:description\" content=\"Al Sindaco di Torremaggiore Al Segretario Generale di Torremaggiore Al Comando di Polizia LOCALE di\" \/>\n<meta property=\"og:url\" content=\"https:\/\/www.torremaggiore.com\/notizie\/2017\/emilio-croce-richiesta-riconoscimento-encomio-agli-agenti-della-polizia-locale\/\" \/>\n<meta property=\"og:site_name\" content=\"Torremaggiore On Line\" \/>\n<meta property=\"article:published_time\" content=\"2017-09-17T08:25:04+00:00\" \/>\n<meta property=\"article:modified_time\" content=\"2017-09-20T18:16:20+00:00\" \/>\n<meta property=\"og:image\" content=\"https:\/\/www.torremaggiore.com\/notizie\/wp-content\/uploads\/2016\/10\/emilio-croce.png\" \/>\n\t<meta property=\"og:image:width\" content=\"500\" \/>\n\t<meta property=\"og:image:height\" content=\"410\" \/>\n\t<meta property=\"og:image:type\" content=\"image\/png\" \/>\n<meta name=\"author\" content=\"Staff\" \/>\n<meta name=\"twitter:card\" content=\"summary_large_image\" \/>\n<meta name=\"twitter:label1\" content=\"Scritto da\" \/>\n\t<meta name=\"twitter:data1\" content=\"Staff\" \/>\n\t<meta name=\"twitter:label2\" content=\"Tempo di lettura stimato\" \/>\n\t<meta name=\"twitter:data2\" content=\"2 minuti\" \/>\n<script type=\"application\/ld+json\" class=\"yoast-schema-graph\">{\"@context\":\"https:\\\/\\\/schema.org\",\"@graph\":[{\"@type\":\"Article\",\"@id\":\"https:\\\/\\\/www.torremaggiore.com\\\/notizie\\\/2017\\\/emilio-croce-richiesta-riconoscimento-encomio-agli-agenti-della-polizia-locale\\\/#article\",\"isPartOf\":{\"@id\":\"https:\\\/\\\/www.torremaggiore.com\\\/notizie\\\/2017\\\/emilio-croce-richiesta-riconoscimento-encomio-agli-agenti-della-polizia-locale\\\/\"},\"author\":{\"name\":\"Staff\",\"@id\":\"https:\\\/\\\/www.torremaggiore.com\\\/notizie\\\/#\\\/schema\\\/person\\\/b789462c927517766c1bcfb452c8d85e\"},\"headline\":\"Emilio Croce: richiesta riconoscimento encomio agli agenti della Polizia Locale\",\"datePublished\":\"2017-09-17T08:25:04+00:00\",\"dateModified\":\"2017-09-20T18:16:20+00:00\",\"mainEntityOfPage\":{\"@id\":\"https:\\\/\\\/www.torremaggiore.com\\\/notizie\\\/2017\\\/emilio-croce-richiesta-riconoscimento-encomio-agli-agenti-della-polizia-locale\\\/\"},\"wordCount\":365,\"publisher\":{\"@id\":\"https:\\\/\\\/www.torremaggiore.com\\\/notizie\\\/#organization\"},\"image\":{\"@id\":\"https:\\\/\\\/www.torremaggiore.com\\\/notizie\\\/2017\\\/emilio-croce-richiesta-riconoscimento-encomio-agli-agenti-della-polizia-locale\\\/#primaryimage\"},\"thumbnailUrl\":\"https:\\\/\\\/www.torremaggiore.com\\\/notizie\\\/wp-content\\\/uploads\\\/2016\\\/10\\\/emilio-croce.png\",\"articleSection\":[\"Politica\"],\"inLanguage\":\"it-IT\"},{\"@type\":\"WebPage\",\"@id\":\"https:\\\/\\\/www.torremaggiore.com\\\/notizie\\\/2017\\\/emilio-croce-richiesta-riconoscimento-encomio-agli-agenti-della-polizia-locale\\\/\",\"url\":\"https:\\\/\\\/www.torremaggiore.com\\\/notizie\\\/2017\\\/emilio-croce-richiesta-riconoscimento-encomio-agli-agenti-della-polizia-locale\\\/\",\"name\":\"Emilio Croce: richiesta riconoscimento encomio agli agenti della Polizia Locale - Torremaggiore On Line\",\"isPartOf\":{\"@id\":\"https:\\\/\\\/www.torremaggiore.com\\\/notizie\\\/#website\"},\"primaryImageOfPage\":{\"@id\":\"https:\\\/\\\/www.torremaggiore.com\\\/notizie\\\/2017\\\/emilio-croce-richiesta-riconoscimento-encomio-agli-agenti-della-polizia-locale\\\/#primaryimage\"},\"image\":{\"@id\":\"https:\\\/\\\/www.torremaggiore.com\\\/notizie\\\/2017\\\/emilio-croce-richiesta-riconoscimento-encomio-agli-agenti-della-polizia-locale\\\/#primaryimage\"},\"thumbnailUrl\":\"https:\\\/\\\/www.torremaggiore.com\\\/notizie\\\/wp-content\\\/uploads\\\/2016\\\/10\\\/emilio-croce.png\",\"datePublished\":\"2017-09-17T08:25:04+00:00\",\"dateModified\":\"2017-09-20T18:16:20+00:00\",\"breadcrumb\":{\"@id\":\"https:\\\/\\\/www.torremaggiore.com\\\/notizie\\\/2017\\\/emilio-croce-richiesta-riconoscimento-encomio-agli-agenti-della-polizia-locale\\\/#breadcrumb\"},\"inLanguage\":\"it-IT\",\"potentialAction\":[{\"@type\":\"ReadAction\",\"target\":[\"https:\\\/\\\/www.torremaggiore.com\\\/notizie\\\/2017\\\/emilio-croce-richiesta-riconoscimento-encomio-agli-agenti-della-polizia-locale\\\/\"]}]},{\"@type\":\"ImageObject\",\"inLanguage\":\"it-IT\",\"@id\":\"https:\\\/\\\/www.torremaggiore.com\\\/notizie\\\/2017\\\/emilio-croce-richiesta-riconoscimento-encomio-agli-agenti-della-polizia-locale\\\/#primaryimage\",\"url\":\"https:\\\/\\\/www.torremaggiore.com\\\/notizie\\\/wp-content\\\/uploads\\\/2016\\\/10\\\/emilio-croce.png\",\"contentUrl\":\"https:\\\/\\\/www.torremaggiore.com\\\/notizie\\\/wp-content\\\/uploads\\\/2016\\\/10\\\/emilio-croce.png\",\"width\":500,\"height\":410},{\"@type\":\"BreadcrumbList\",\"@id\":\"https:\\\/\\\/www.torremaggiore.com\\\/notizie\\\/2017\\\/emilio-croce-richiesta-riconoscimento-encomio-agli-agenti-della-polizia-locale\\\/#breadcrumb\",\"itemListElement\":[{\"@type\":\"ListItem\",\"position\":1,\"name\":\"Home\",\"item\":\"https:\\\/\\\/www.torremaggiore.com\\\/notizie\\\/\"},{\"@type\":\"ListItem\",\"position\":2,\"name\":\"Emilio Croce: richiesta riconoscimento encomio agli agenti della Polizia Locale\"}]},{\"@type\":\"WebSite\",\"@id\":\"https:\\\/\\\/www.torremaggiore.com\\\/notizie\\\/#website\",\"url\":\"https:\\\/\\\/www.torremaggiore.com\\\/notizie\\\/\",\"name\":\"Torremaggiore On Line\",\"description\":\"La Web Community di Torremaggiore\",\"publisher\":{\"@id\":\"https:\\\/\\\/www.torremaggiore.com\\\/notizie\\\/#organization\"},\"potentialAction\":[{\"@type\":\"SearchAction\",\"target\":{\"@type\":\"EntryPoint\",\"urlTemplate\":\"https:\\\/\\\/www.torremaggiore.com\\\/notizie\\\/?s={search_term_string}\"},\"query-input\":{\"@type\":\"PropertyValueSpecification\",\"valueRequired\":true,\"valueName\":\"search_term_string\"}}],\"inLanguage\":\"it-IT\"},{\"@type\":\"Organization\",\"@id\":\"https:\\\/\\\/www.torremaggiore.com\\\/notizie\\\/#organization\",\"name\":\"Torremaggiore On Line\",\"url\":\"https:\\\/\\\/www.torremaggiore.com\\\/notizie\\\/\",\"logo\":{\"@type\":\"ImageObject\",\"inLanguage\":\"it-IT\",\"@id\":\"https:\\\/\\\/www.torremaggiore.com\\\/notizie\\\/#\\\/schema\\\/logo\\\/image\\\/\",\"url\":\"https:\\\/\\\/www.torremaggiore.com\\\/notizie\\\/wp-content\\\/uploads\\\/2020\\\/03\\\/logo-tmol20.gif\",\"contentUrl\":\"https:\\\/\\\/www.torremaggiore.com\\\/notizie\\\/wp-content\\\/uploads\\\/2020\\\/03\\\/logo-tmol20.gif\",\"width\":260,\"height\":95,\"caption\":\"Torremaggiore On Line\"},\"image\":{\"@id\":\"https:\\\/\\\/www.torremaggiore.com\\\/notizie\\\/#\\\/schema\\\/logo\\\/image\\\/\"}},{\"@type\":\"Person\",\"@id\":\"https:\\\/\\\/www.torremaggiore.com\\\/notizie\\\/#\\\/schema\\\/person\\\/b789462c927517766c1bcfb452c8d85e\",\"name\":\"Staff\",\"image\":{\"@type\":\"ImageObject\",\"inLanguage\":\"it-IT\",\"@id\":\"https:\\\/\\\/secure.gravatar.com\\\/avatar\\\/fd311f248f82517b1efd21a54e666df2c5b705bb4a4fb804f3903c94be513fee?s=96&d=mm&r=g\",\"url\":\"https:\\\/\\\/secure.gravatar.com\\\/avatar\\\/fd311f248f82517b1efd21a54e666df2c5b705bb4a4fb804f3903c94be513fee?s=96&d=mm&r=g\",\"contentUrl\":\"https:\\\/\\\/secure.gravatar.com\\\/avatar\\\/fd311f248f82517b1efd21a54e666df2c5b705bb4a4fb804f3903c94be513fee?s=96&d=mm&r=g\",\"caption\":\"Staff\"},\"sameAs\":[\"https:\\\/\\\/www.micheleantonucci.it\"],\"url\":\"https:\\\/\\\/www.torremaggiore.com\\\/notizie\\\/author\\\/staff\\\/\"}]}<\/script>\n<!-- \/ Yoast SEO plugin. -->","yoast_head_json":{"title":"Emilio Croce: richiesta riconoscimento encomio agli agenti della Polizia Locale - Torremaggiore On Line","robots":{"index":"index","follow":"follow","max-snippet":"max-snippet:-1","max-image-preview":"max-image-preview:large","max-video-preview":"max-video-preview:-1"},"canonical":"https:\/\/www.torremaggiore.com\/notizie\/2017\/emilio-croce-richiesta-riconoscimento-encomio-agli-agenti-della-polizia-locale\/","og_locale":"it_IT","og_type":"article","og_title":"Emilio Croce: richiesta riconoscimento encomio agli agenti della Polizia Locale - Torremaggiore On Line","og_description":"Al Sindaco di Torremaggiore Al Segretario Generale di Torremaggiore Al Comando di Polizia LOCALE di","og_url":"https:\/\/www.torremaggiore.com\/notizie\/2017\/emilio-croce-richiesta-riconoscimento-encomio-agli-agenti-della-polizia-locale\/","og_site_name":"Torremaggiore On Line","article_published_time":"2017-09-17T08:25:04+00:00","article_modified_time":"2017-09-20T18:16:20+00:00","og_image":[{"width":500,"height":410,"url":"https:\/\/www.torremaggiore.com\/notizie\/wp-content\/uploads\/2016\/10\/emilio-croce.png","type":"image\/png"}],"author":"Staff","twitter_card":"summary_large_image","twitter_misc":{"Scritto da":"Staff","Tempo di lettura stimato":"2 minuti"},"schema":{"@context":"https:\/\/schema.org","@graph":[{"@type":"Article","@id":"https:\/\/www.torremaggiore.com\/notizie\/2017\/emilio-croce-richiesta-riconoscimento-encomio-agli-agenti-della-polizia-locale\/#article","isPartOf":{"@id":"https:\/\/www.torremaggiore.com\/notizie\/2017\/emilio-croce-richiesta-riconoscimento-encomio-agli-agenti-della-polizia-locale\/"},"author":{"name":"Staff","@id":"https:\/\/www.torremaggiore.com\/notizie\/#\/schema\/person\/b789462c927517766c1bcfb452c8d85e"},"headline":"Emilio Croce: richiesta riconoscimento encomio agli agenti della Polizia Locale","datePublished":"2017-09-17T08:25:04+00:00","dateModified":"2017-09-20T18:16:20+00:00","mainEntityOfPage":{"@id":"https:\/\/www.torremaggiore.com\/notizie\/2017\/emilio-croce-richiesta-riconoscimento-encomio-agli-agenti-della-polizia-locale\/"},"wordCount":365,"publisher":{"@id":"https:\/\/www.torremaggiore.com\/notizie\/#organization"},"image":{"@id":"https:\/\/www.torremaggiore.com\/notizie\/2017\/emilio-croce-richiesta-riconoscimento-encomio-agli-agenti-della-polizia-locale\/#primaryimage"},"thumbnailUrl":"https:\/\/www.torremaggiore.com\/notizie\/wp-content\/uploads\/2016\/10\/emilio-croce.png","articleSection":["Politica"],"inLanguage":"it-IT"},{"@type":"WebPage","@id":"https:\/\/www.torremaggiore.com\/notizie\/2017\/emilio-croce-richiesta-riconoscimento-encomio-agli-agenti-della-polizia-locale\/","url":"https:\/\/www.torremaggiore.com\/notizie\/2017\/emilio-croce-richiesta-riconoscimento-encomio-agli-agenti-della-polizia-locale\/","name":"Emilio Croce: richiesta riconoscimento encomio agli agenti della Polizia Locale - Torremaggiore On Line","isPartOf":{"@id":"https:\/\/www.torremaggiore.com\/notizie\/#website"},"primaryImageOfPage":{"@id":"https:\/\/www.torremaggiore.com\/notizie\/2017\/emilio-croce-richiesta-riconoscimento-encomio-agli-agenti-della-polizia-locale\/#primaryimage"},"image":{"@id":"https:\/\/www.torremaggiore.com\/notizie\/2017\/emilio-croce-richiesta-riconoscimento-encomio-agli-agenti-della-polizia-locale\/#primaryimage"},"thumbnailUrl":"https:\/\/www.torremaggiore.com\/notizie\/wp-content\/uploads\/2016\/10\/emilio-croce.png","datePublished":"2017-09-17T08:25:04+00:00","dateModified":"2017-09-20T18:16:20+00:00","breadcrumb":{"@id":"https:\/\/www.torremaggiore.com\/notizie\/2017\/emilio-croce-richiesta-riconoscimento-encomio-agli-agenti-della-polizia-locale\/#breadcrumb"},"inLanguage":"it-IT","potentialAction":[{"@type":"ReadAction","target":["https:\/\/www.torremaggiore.com\/notizie\/2017\/emilio-croce-richiesta-riconoscimento-encomio-agli-agenti-della-polizia-locale\/"]}]},{"@type":"ImageObject","inLanguage":"it-IT","@id":"https:\/\/www.torremaggiore.com\/notizie\/2017\/emilio-croce-richiesta-riconoscimento-encomio-agli-agenti-della-polizia-locale\/#primaryimage","url":"https:\/\/www.torremaggiore.com\/notizie\/wp-content\/uploads\/2016\/10\/emilio-croce.png","contentUrl":"https:\/\/www.torremaggiore.com\/notizie\/wp-content\/uploads\/2016\/10\/emilio-croce.png","width":500,"height":410},{"@type":"BreadcrumbList","@id":"https:\/\/www.torremaggiore.com\/notizie\/2017\/emilio-croce-richiesta-riconoscimento-encomio-agli-agenti-della-polizia-locale\/#breadcrumb","itemListElement":[{"@type":"ListItem","position":1,"name":"Home","item":"https:\/\/www.torremaggiore.com\/notizie\/"},{"@type":"ListItem","position":2,"name":"Emilio Croce: richiesta riconoscimento encomio agli agenti della Polizia Locale"}]},{"@type":"WebSite","@id":"https:\/\/www.torremaggiore.com\/notizie\/#website","url":"https:\/\/www.torremaggiore.com\/notizie\/","name":"Torremaggiore On Line","description":"La Web Community di Torremaggiore","publisher":{"@id":"https:\/\/www.torremaggiore.com\/notizie\/#organization"},"potentialAction":[{"@type":"SearchAction","target":{"@type":"EntryPoint","urlTemplate":"https:\/\/www.torremaggiore.com\/notizie\/?s={search_term_string}"},"query-input":{"@type":"PropertyValueSpecification","valueRequired":true,"valueName":"search_term_string"}}],"inLanguage":"it-IT"},{"@type":"Organization","@id":"https:\/\/www.torremaggiore.com\/notizie\/#organization","name":"Torremaggiore On Line","url":"https:\/\/www.torremaggiore.com\/notizie\/","logo":{"@type":"ImageObject","inLanguage":"it-IT","@id":"https:\/\/www.torremaggiore.com\/notizie\/#\/schema\/logo\/image\/","url":"https:\/\/www.torremaggiore.com\/notizie\/wp-content\/uploads\/2020\/03\/logo-tmol20.gif","contentUrl":"https:\/\/www.torremaggiore.com\/notizie\/wp-content\/uploads\/2020\/03\/logo-tmol20.gif","width":260,"height":95,"caption":"Torremaggiore On Line"},"image":{"@id":"https:\/\/www.torremaggiore.com\/notizie\/#\/schema\/logo\/image\/"}},{"@type":"Person","@id":"https:\/\/www.torremaggiore.com\/notizie\/#\/schema\/person\/b789462c927517766c1bcfb452c8d85e","name":"Staff","image":{"@type":"ImageObject","inLanguage":"it-IT","@id":"https:\/\/secure.gravatar.com\/avatar\/fd311f248f82517b1efd21a54e666df2c5b705bb4a4fb804f3903c94be513fee?s=96&d=mm&r=g","url":"https:\/\/secure.gravatar.com\/avatar\/fd311f248f82517b1efd21a54e666df2c5b705bb4a4fb804f3903c94be513fee?s=96&d=mm&r=g","contentUrl":"https:\/\/secure.gravatar.com\/avatar\/fd311f248f82517b1efd21a54e666df2c5b705bb4a4fb804f3903c94be513fee?s=96&d=mm&r=g","caption":"Staff"},"sameAs":["https:\/\/www.micheleantonucci.it"],"url":"https:\/\/www.torremaggiore.com\/notizie\/author\/staff\/"}]}},"_links":{"self":[{"href":"https:\/\/www.torremaggiore.com\/notizie\/wp-json\/wp\/v2\/posts\/8715","targetHints":{"allow":["GET"]}}],"collection":[{"href":"https:\/\/www.torremaggiore.com\/notizie\/wp-json\/wp\/v2\/posts"}],"about":[{"href":"https:\/\/www.torremaggiore.com\/notizie\/wp-json\/wp\/v2\/types\/post"}],"author":[{"embeddable":true,"href":"https:\/\/www.torremaggiore.com\/notizie\/wp-json\/wp\/v2\/users\/2"}],"replies":[{"embeddable":true,"href":"https:\/\/www.torremaggiore.com\/notizie\/wp-json\/wp\/v2\/comments?post=8715"}],"version-history":[{"count":0,"href":"https:\/\/www.torremaggiore.com\/notizie\/wp-json\/wp\/v2\/posts\/8715\/revisions"}],"wp:featuredmedia":[{"embeddable":true,"href":"https:\/\/www.torremaggiore.com\/notizie\/wp-json\/wp\/v2\/media\/7209"}],"wp:attachment":[{"href":"https:\/\/www.torremaggiore.com\/notizie\/wp-json\/wp\/v2\/media?parent=8715"}],"wp:term":[{"taxonomy":"category","embeddable":true,"href":"https:\/\/www.torremaggiore.com\/notizie\/wp-json\/wp\/v2\/categories?post=8715"},{"taxonomy":"post_tag","embeddable":true,"href":"https:\/\/www.torremaggiore.com\/notizie\/wp-json\/wp\/v2\/tags?post=8715"}],"curies":[{"name":"wp","href":"https:\/\/api.w.org\/{rel}","templated":true}]}}