{"id":8642,"date":"2017-08-05T18:00:40","date_gmt":"2017-08-05T16:00:40","guid":{"rendered":"http:\/\/www.torremaggiore.com\/notizie\/?p=8642"},"modified":"2017-08-05T18:00:40","modified_gmt":"2017-08-05T16:00:40","slug":"aspettando-girolio-2017-al-via-le-degustazioni-del-gelato-allolio-peranzana-programma","status":"publish","type":"post","link":"https:\/\/www.torremaggiore.com\/notizie\/2017\/aspettando-girolio-2017-al-via-le-degustazioni-del-gelato-allolio-peranzana-programma\/","title":{"rendered":"Aspettando GirOlio 2017, al via le degustazioni del gelato all\u2019olio di Peranzana, ecco il programma"},"content":{"rendered":"<p>Partir\u00e0 il 4 agosto il calendario di quattro eventi dedicati alla degustazione del gelato all\u2019olio di Peranzana abbinata agli eventi del \u201cTorrestate 2017\u201d, il cartellone estivo predisposto dall\u2019Amministrazione comunale torramaggiorese. \u201cAspettando Girolio d\u2019Italia 2017\u201d, \u00e8 il titolo dell\u2019iniziativa promossa dagli assessorati all\u2019Agricoltura, Cultura e Sport del Comune di Torremaggiore assieme al consorzio \u201cPeranzana, alta qualit\u00e0\u201d, all\u2019associazione \u201cPeranzana, oliva e olio della Daunia\u201d, Confcommercio e GirOlio d\u2019Italia, manifestazione nazionale di settore che far\u00e0 tappa a Torremaggiore dal 13 al 15 ottobre 2017.<br \/>\nPrimo appuntamento domani, 4 agosto, con la degustazione gratuita presso il bar \u201cSesto Senso\u201d in occasione del \u201cGezzinvilla\u201d che, dalle 21:30, vedr\u00e0 esibirsi il noto jazzista foggiano Geg\u00e8 Telesforo. Secondo appuntamento di degustazione gratuita l\u201911 agosto presso il bar gelateria \u201cJolly 1\u201d in corso Matteotti in occasione della \u201cFesta dello Sport\u201d che si terr\u00e0 alle 20 nell\u2019impianto \u201cSan Sabino\u201d. Terzo appuntamento il 25 agosto con la degustazione gratuita che avr\u00e0 luogo presso la gelateria de \u201cLa Fontana\u201d in occasione del dj contest previsto alle 21:30 in corso Matteotti. Ultimo appuntamento il 31 agosto con la degustazione gratuita presso il bar gelateria \u201cJolly 2\u201d in via Sacco e Vanzetti in occasione del \u201cPeranzana Sound\u201d con il cantautore Nicola Giuliani e Michele De Lilla.<br \/>\n\u201cRilanciare l\u2019impegno comune nel sostenere i valori culturali e i prodotti tipici del nostro territorio sono obiettivi che questa Amministrazione si \u00e8 prefissata di centrare fin dal suo insediamento \u2013 spiega il Sindaco di Torremaggiore, Pasquale Monteleone che prosegue evidenziando come &#8211; l\u2019impegno profuso affinch\u00e9 la nostra citt\u00e0 fosse scelta come tappa del Girolio ha prodotto risultato e ci apprestiamo a promuovere tutta una serie di iniziative che ci accompagneranno fino alla tre giorni di met\u00e0 ottobre, a cominciare dall\u2019abbinamento della degustazione del gelato all\u2019olio di Peranzana con alcuni degli eventi che compongono il nostro cartellone estivo\u201d, conclude il primo cittadino.<br \/>\n\u201cIl nostro \u201coro verde\u201d non \u00e8 solo un alimento ma \u00e8 la specificit\u00e0 del nostro territorio, un patrimonio la cui peculiarit\u00e0 abbiamo il dovere e il piacere di salvaguardare ed esaltare attraverso la pi\u00f9 varie forme di promozione\u201d, afferma l\u2019assessore comunale all\u2019Agricoltura Luigi Acquafresca. \u201cAltre iniziative sono in cantiere per un vero e proprio percorso dedicato all\u2019olio e alla Peranzana che andr\u00e0 poi a sfociare nella manifestazione nazionale che si terr\u00e0 a Torremaggiore in autunno. Motivo per cui \u2013 conclude l\u2019assessore \u2013 invitiamo tutte le associazioni di categoria, le aziende agricole e le imprese commerciali a collaborare e a lavorare insieme per la riuscita di questo rilevante appuntamento che porter\u00e0 alla ribalta la nostra citt\u00e0 anche al di fuori dei confini della nostra provincia\u201d.<\/p>\n<p><a href=\"http:\/\/www.torremaggiore.com\/notizie\/wp-content\/uploads\/2017\/08\/aspettando-girolio.jpg\"><img loading=\"lazy\" decoding=\"async\" class=\"aligncenter size-full wp-image-8643\" src=\"http:\/\/www.torremaggiore.com\/notizie\/wp-content\/uploads\/2017\/08\/aspettando-girolio.jpg\" alt=\"\" width=\"452\" height=\"650\" \/><\/a><\/p>\n","protected":false},"excerpt":{"rendered":"<p>Partir\u00e0 il 4 agosto il calendario di quattro eventi dedicati alla degustazione del gelato all\u2019olio<\/p>\n","protected":false},"author":2,"featured_media":8592,"comment_status":"closed","ping_status":"open","sticky":false,"template":"","format":"standard","meta":{"footnotes":""},"categories":[1,250],"tags":[],"class_list":["post-8642","post","type-post","status-publish","format-standard","has-post-thumbnail","hentry","category-appuntamenti","category-prima-pagina"],"yoast_head":"<!-- This site is optimized with the Yoast SEO plugin v27.4 - https:\/\/yoast.com\/product\/yoast-seo-wordpress\/ -->\n<title>Aspettando GirOlio 2017, al via le degustazioni del gelato all\u2019olio di Peranzana, ecco il programma - Torremaggiore On Line<\/title>\n<meta name=\"robots\" content=\"index, follow, max-snippet:-1, max-image-preview:large, max-video-preview:-1\" \/>\n<link rel=\"canonical\" href=\"https:\/\/www.torremaggiore.com\/notizie\/2017\/aspettando-girolio-2017-al-via-le-degustazioni-del-gelato-allolio-peranzana-programma\/\" \/>\n<meta property=\"og:locale\" content=\"it_IT\" \/>\n<meta property=\"og:type\" content=\"article\" \/>\n<meta property=\"og:title\" content=\"Aspettando GirOlio 2017, al via le degustazioni del gelato all\u2019olio di Peranzana, ecco il programma - Torremaggiore On Line\" \/>\n<meta property=\"og:description\" content=\"Partir\u00e0 il 4 agosto il calendario di quattro eventi dedicati alla degustazione del gelato all\u2019olio\" \/>\n<meta property=\"og:url\" content=\"https:\/\/www.torremaggiore.com\/notizie\/2017\/aspettando-girolio-2017-al-via-le-degustazioni-del-gelato-allolio-peranzana-programma\/\" \/>\n<meta property=\"og:site_name\" content=\"Torremaggiore On Line\" \/>\n<meta property=\"article:published_time\" content=\"2017-08-05T16:00:40+00:00\" \/>\n<meta property=\"og:image\" content=\"https:\/\/www.torremaggiore.com\/notizie\/wp-content\/uploads\/2017\/07\/gelato-olio-tm.jpg\" \/>\n\t<meta property=\"og:image:width\" content=\"457\" \/>\n\t<meta property=\"og:image:height\" content=\"500\" \/>\n\t<meta property=\"og:image:type\" content=\"image\/jpeg\" \/>\n<meta name=\"author\" content=\"Staff\" \/>\n<meta name=\"twitter:card\" content=\"summary_large_image\" \/>\n<meta name=\"twitter:label1\" content=\"Scritto da\" \/>\n\t<meta name=\"twitter:data1\" content=\"Staff\" \/>\n\t<meta name=\"twitter:label2\" content=\"Tempo di lettura stimato\" \/>\n\t<meta name=\"twitter:data2\" content=\"2 minuti\" \/>\n<script type=\"application\/ld+json\" class=\"yoast-schema-graph\">{\"@context\":\"https:\\\/\\\/schema.org\",\"@graph\":[{\"@type\":\"Article\",\"@id\":\"https:\\\/\\\/www.torremaggiore.com\\\/notizie\\\/2017\\\/aspettando-girolio-2017-al-via-le-degustazioni-del-gelato-allolio-peranzana-programma\\\/#article\",\"isPartOf\":{\"@id\":\"https:\\\/\\\/www.torremaggiore.com\\\/notizie\\\/2017\\\/aspettando-girolio-2017-al-via-le-degustazioni-del-gelato-allolio-peranzana-programma\\\/\"},\"author\":{\"name\":\"Staff\",\"@id\":\"https:\\\/\\\/www.torremaggiore.com\\\/notizie\\\/#\\\/schema\\\/person\\\/b789462c927517766c1bcfb452c8d85e\"},\"headline\":\"Aspettando GirOlio 2017, al via le degustazioni del gelato all\u2019olio di Peranzana, ecco il programma\",\"datePublished\":\"2017-08-05T16:00:40+00:00\",\"mainEntityOfPage\":{\"@id\":\"https:\\\/\\\/www.torremaggiore.com\\\/notizie\\\/2017\\\/aspettando-girolio-2017-al-via-le-degustazioni-del-gelato-allolio-peranzana-programma\\\/\"},\"wordCount\":438,\"publisher\":{\"@id\":\"https:\\\/\\\/www.torremaggiore.com\\\/notizie\\\/#organization\"},\"image\":{\"@id\":\"https:\\\/\\\/www.torremaggiore.com\\\/notizie\\\/2017\\\/aspettando-girolio-2017-al-via-le-degustazioni-del-gelato-allolio-peranzana-programma\\\/#primaryimage\"},\"thumbnailUrl\":\"https:\\\/\\\/www.torremaggiore.com\\\/notizie\\\/wp-content\\\/uploads\\\/2017\\\/07\\\/gelato-olio-tm.jpg\",\"articleSection\":[\"Appuntamenti\",\"Prima Pagina\"],\"inLanguage\":\"it-IT\"},{\"@type\":\"WebPage\",\"@id\":\"https:\\\/\\\/www.torremaggiore.com\\\/notizie\\\/2017\\\/aspettando-girolio-2017-al-via-le-degustazioni-del-gelato-allolio-peranzana-programma\\\/\",\"url\":\"https:\\\/\\\/www.torremaggiore.com\\\/notizie\\\/2017\\\/aspettando-girolio-2017-al-via-le-degustazioni-del-gelato-allolio-peranzana-programma\\\/\",\"name\":\"Aspettando GirOlio 2017, al via le degustazioni del gelato all\u2019olio di Peranzana, ecco il programma - Torremaggiore On Line\",\"isPartOf\":{\"@id\":\"https:\\\/\\\/www.torremaggiore.com\\\/notizie\\\/#website\"},\"primaryImageOfPage\":{\"@id\":\"https:\\\/\\\/www.torremaggiore.com\\\/notizie\\\/2017\\\/aspettando-girolio-2017-al-via-le-degustazioni-del-gelato-allolio-peranzana-programma\\\/#primaryimage\"},\"image\":{\"@id\":\"https:\\\/\\\/www.torremaggiore.com\\\/notizie\\\/2017\\\/aspettando-girolio-2017-al-via-le-degustazioni-del-gelato-allolio-peranzana-programma\\\/#primaryimage\"},\"thumbnailUrl\":\"https:\\\/\\\/www.torremaggiore.com\\\/notizie\\\/wp-content\\\/uploads\\\/2017\\\/07\\\/gelato-olio-tm.jpg\",\"datePublished\":\"2017-08-05T16:00:40+00:00\",\"breadcrumb\":{\"@id\":\"https:\\\/\\\/www.torremaggiore.com\\\/notizie\\\/2017\\\/aspettando-girolio-2017-al-via-le-degustazioni-del-gelato-allolio-peranzana-programma\\\/#breadcrumb\"},\"inLanguage\":\"it-IT\",\"potentialAction\":[{\"@type\":\"ReadAction\",\"target\":[\"https:\\\/\\\/www.torremaggiore.com\\\/notizie\\\/2017\\\/aspettando-girolio-2017-al-via-le-degustazioni-del-gelato-allolio-peranzana-programma\\\/\"]}]},{\"@type\":\"ImageObject\",\"inLanguage\":\"it-IT\",\"@id\":\"https:\\\/\\\/www.torremaggiore.com\\\/notizie\\\/2017\\\/aspettando-girolio-2017-al-via-le-degustazioni-del-gelato-allolio-peranzana-programma\\\/#primaryimage\",\"url\":\"https:\\\/\\\/www.torremaggiore.com\\\/notizie\\\/wp-content\\\/uploads\\\/2017\\\/07\\\/gelato-olio-tm.jpg\",\"contentUrl\":\"https:\\\/\\\/www.torremaggiore.com\\\/notizie\\\/wp-content\\\/uploads\\\/2017\\\/07\\\/gelato-olio-tm.jpg\",\"width\":457,\"height\":500},{\"@type\":\"BreadcrumbList\",\"@id\":\"https:\\\/\\\/www.torremaggiore.com\\\/notizie\\\/2017\\\/aspettando-girolio-2017-al-via-le-degustazioni-del-gelato-allolio-peranzana-programma\\\/#breadcrumb\",\"itemListElement\":[{\"@type\":\"ListItem\",\"position\":1,\"name\":\"Home\",\"item\":\"https:\\\/\\\/www.torremaggiore.com\\\/notizie\\\/\"},{\"@type\":\"ListItem\",\"position\":2,\"name\":\"Aspettando GirOlio 2017, al via le degustazioni del gelato all\u2019olio di Peranzana, ecco il programma\"}]},{\"@type\":\"WebSite\",\"@id\":\"https:\\\/\\\/www.torremaggiore.com\\\/notizie\\\/#website\",\"url\":\"https:\\\/\\\/www.torremaggiore.com\\\/notizie\\\/\",\"name\":\"Torremaggiore On Line\",\"description\":\"La Web Community di Torremaggiore\",\"publisher\":{\"@id\":\"https:\\\/\\\/www.torremaggiore.com\\\/notizie\\\/#organization\"},\"potentialAction\":[{\"@type\":\"SearchAction\",\"target\":{\"@type\":\"EntryPoint\",\"urlTemplate\":\"https:\\\/\\\/www.torremaggiore.com\\\/notizie\\\/?s={search_term_string}\"},\"query-input\":{\"@type\":\"PropertyValueSpecification\",\"valueRequired\":true,\"valueName\":\"search_term_string\"}}],\"inLanguage\":\"it-IT\"},{\"@type\":\"Organization\",\"@id\":\"https:\\\/\\\/www.torremaggiore.com\\\/notizie\\\/#organization\",\"name\":\"Torremaggiore On Line\",\"url\":\"https:\\\/\\\/www.torremaggiore.com\\\/notizie\\\/\",\"logo\":{\"@type\":\"ImageObject\",\"inLanguage\":\"it-IT\",\"@id\":\"https:\\\/\\\/www.torremaggiore.com\\\/notizie\\\/#\\\/schema\\\/logo\\\/image\\\/\",\"url\":\"https:\\\/\\\/www.torremaggiore.com\\\/notizie\\\/wp-content\\\/uploads\\\/2020\\\/03\\\/logo-tmol20.gif\",\"contentUrl\":\"https:\\\/\\\/www.torremaggiore.com\\\/notizie\\\/wp-content\\\/uploads\\\/2020\\\/03\\\/logo-tmol20.gif\",\"width\":260,\"height\":95,\"caption\":\"Torremaggiore On Line\"},\"image\":{\"@id\":\"https:\\\/\\\/www.torremaggiore.com\\\/notizie\\\/#\\\/schema\\\/logo\\\/image\\\/\"}},{\"@type\":\"Person\",\"@id\":\"https:\\\/\\\/www.torremaggiore.com\\\/notizie\\\/#\\\/schema\\\/person\\\/b789462c927517766c1bcfb452c8d85e\",\"name\":\"Staff\",\"image\":{\"@type\":\"ImageObject\",\"inLanguage\":\"it-IT\",\"@id\":\"https:\\\/\\\/secure.gravatar.com\\\/avatar\\\/fd311f248f82517b1efd21a54e666df2c5b705bb4a4fb804f3903c94be513fee?s=96&d=mm&r=g\",\"url\":\"https:\\\/\\\/secure.gravatar.com\\\/avatar\\\/fd311f248f82517b1efd21a54e666df2c5b705bb4a4fb804f3903c94be513fee?s=96&d=mm&r=g\",\"contentUrl\":\"https:\\\/\\\/secure.gravatar.com\\\/avatar\\\/fd311f248f82517b1efd21a54e666df2c5b705bb4a4fb804f3903c94be513fee?s=96&d=mm&r=g\",\"caption\":\"Staff\"},\"sameAs\":[\"https:\\\/\\\/www.micheleantonucci.it\"],\"url\":\"https:\\\/\\\/www.torremaggiore.com\\\/notizie\\\/author\\\/staff\\\/\"}]}<\/script>\n<!-- \/ Yoast SEO plugin. -->","yoast_head_json":{"title":"Aspettando GirOlio 2017, al via le degustazioni del gelato all\u2019olio di Peranzana, ecco il programma - Torremaggiore On Line","robots":{"index":"index","follow":"follow","max-snippet":"max-snippet:-1","max-image-preview":"max-image-preview:large","max-video-preview":"max-video-preview:-1"},"canonical":"https:\/\/www.torremaggiore.com\/notizie\/2017\/aspettando-girolio-2017-al-via-le-degustazioni-del-gelato-allolio-peranzana-programma\/","og_locale":"it_IT","og_type":"article","og_title":"Aspettando GirOlio 2017, al via le degustazioni del gelato all\u2019olio di Peranzana, ecco il programma - Torremaggiore On Line","og_description":"Partir\u00e0 il 4 agosto il calendario di quattro eventi dedicati alla degustazione del gelato all\u2019olio","og_url":"https:\/\/www.torremaggiore.com\/notizie\/2017\/aspettando-girolio-2017-al-via-le-degustazioni-del-gelato-allolio-peranzana-programma\/","og_site_name":"Torremaggiore On Line","article_published_time":"2017-08-05T16:00:40+00:00","og_image":[{"width":457,"height":500,"url":"https:\/\/www.torremaggiore.com\/notizie\/wp-content\/uploads\/2017\/07\/gelato-olio-tm.jpg","type":"image\/jpeg"}],"author":"Staff","twitter_card":"summary_large_image","twitter_misc":{"Scritto da":"Staff","Tempo di lettura stimato":"2 minuti"},"schema":{"@context":"https:\/\/schema.org","@graph":[{"@type":"Article","@id":"https:\/\/www.torremaggiore.com\/notizie\/2017\/aspettando-girolio-2017-al-via-le-degustazioni-del-gelato-allolio-peranzana-programma\/#article","isPartOf":{"@id":"https:\/\/www.torremaggiore.com\/notizie\/2017\/aspettando-girolio-2017-al-via-le-degustazioni-del-gelato-allolio-peranzana-programma\/"},"author":{"name":"Staff","@id":"https:\/\/www.torremaggiore.com\/notizie\/#\/schema\/person\/b789462c927517766c1bcfb452c8d85e"},"headline":"Aspettando GirOlio 2017, al via le degustazioni del gelato all\u2019olio di Peranzana, ecco il programma","datePublished":"2017-08-05T16:00:40+00:00","mainEntityOfPage":{"@id":"https:\/\/www.torremaggiore.com\/notizie\/2017\/aspettando-girolio-2017-al-via-le-degustazioni-del-gelato-allolio-peranzana-programma\/"},"wordCount":438,"publisher":{"@id":"https:\/\/www.torremaggiore.com\/notizie\/#organization"},"image":{"@id":"https:\/\/www.torremaggiore.com\/notizie\/2017\/aspettando-girolio-2017-al-via-le-degustazioni-del-gelato-allolio-peranzana-programma\/#primaryimage"},"thumbnailUrl":"https:\/\/www.torremaggiore.com\/notizie\/wp-content\/uploads\/2017\/07\/gelato-olio-tm.jpg","articleSection":["Appuntamenti","Prima Pagina"],"inLanguage":"it-IT"},{"@type":"WebPage","@id":"https:\/\/www.torremaggiore.com\/notizie\/2017\/aspettando-girolio-2017-al-via-le-degustazioni-del-gelato-allolio-peranzana-programma\/","url":"https:\/\/www.torremaggiore.com\/notizie\/2017\/aspettando-girolio-2017-al-via-le-degustazioni-del-gelato-allolio-peranzana-programma\/","name":"Aspettando GirOlio 2017, al via le degustazioni del gelato all\u2019olio di Peranzana, ecco il programma - Torremaggiore On Line","isPartOf":{"@id":"https:\/\/www.torremaggiore.com\/notizie\/#website"},"primaryImageOfPage":{"@id":"https:\/\/www.torremaggiore.com\/notizie\/2017\/aspettando-girolio-2017-al-via-le-degustazioni-del-gelato-allolio-peranzana-programma\/#primaryimage"},"image":{"@id":"https:\/\/www.torremaggiore.com\/notizie\/2017\/aspettando-girolio-2017-al-via-le-degustazioni-del-gelato-allolio-peranzana-programma\/#primaryimage"},"thumbnailUrl":"https:\/\/www.torremaggiore.com\/notizie\/wp-content\/uploads\/2017\/07\/gelato-olio-tm.jpg","datePublished":"2017-08-05T16:00:40+00:00","breadcrumb":{"@id":"https:\/\/www.torremaggiore.com\/notizie\/2017\/aspettando-girolio-2017-al-via-le-degustazioni-del-gelato-allolio-peranzana-programma\/#breadcrumb"},"inLanguage":"it-IT","potentialAction":[{"@type":"ReadAction","target":["https:\/\/www.torremaggiore.com\/notizie\/2017\/aspettando-girolio-2017-al-via-le-degustazioni-del-gelato-allolio-peranzana-programma\/"]}]},{"@type":"ImageObject","inLanguage":"it-IT","@id":"https:\/\/www.torremaggiore.com\/notizie\/2017\/aspettando-girolio-2017-al-via-le-degustazioni-del-gelato-allolio-peranzana-programma\/#primaryimage","url":"https:\/\/www.torremaggiore.com\/notizie\/wp-content\/uploads\/2017\/07\/gelato-olio-tm.jpg","contentUrl":"https:\/\/www.torremaggiore.com\/notizie\/wp-content\/uploads\/2017\/07\/gelato-olio-tm.jpg","width":457,"height":500},{"@type":"BreadcrumbList","@id":"https:\/\/www.torremaggiore.com\/notizie\/2017\/aspettando-girolio-2017-al-via-le-degustazioni-del-gelato-allolio-peranzana-programma\/#breadcrumb","itemListElement":[{"@type":"ListItem","position":1,"name":"Home","item":"https:\/\/www.torremaggiore.com\/notizie\/"},{"@type":"ListItem","position":2,"name":"Aspettando GirOlio 2017, al via le degustazioni del gelato all\u2019olio di Peranzana, ecco il programma"}]},{"@type":"WebSite","@id":"https:\/\/www.torremaggiore.com\/notizie\/#website","url":"https:\/\/www.torremaggiore.com\/notizie\/","name":"Torremaggiore On Line","description":"La Web Community di Torremaggiore","publisher":{"@id":"https:\/\/www.torremaggiore.com\/notizie\/#organization"},"potentialAction":[{"@type":"SearchAction","target":{"@type":"EntryPoint","urlTemplate":"https:\/\/www.torremaggiore.com\/notizie\/?s={search_term_string}"},"query-input":{"@type":"PropertyValueSpecification","valueRequired":true,"valueName":"search_term_string"}}],"inLanguage":"it-IT"},{"@type":"Organization","@id":"https:\/\/www.torremaggiore.com\/notizie\/#organization","name":"Torremaggiore On Line","url":"https:\/\/www.torremaggiore.com\/notizie\/","logo":{"@type":"ImageObject","inLanguage":"it-IT","@id":"https:\/\/www.torremaggiore.com\/notizie\/#\/schema\/logo\/image\/","url":"https:\/\/www.torremaggiore.com\/notizie\/wp-content\/uploads\/2020\/03\/logo-tmol20.gif","contentUrl":"https:\/\/www.torremaggiore.com\/notizie\/wp-content\/uploads\/2020\/03\/logo-tmol20.gif","width":260,"height":95,"caption":"Torremaggiore On Line"},"image":{"@id":"https:\/\/www.torremaggiore.com\/notizie\/#\/schema\/logo\/image\/"}},{"@type":"Person","@id":"https:\/\/www.torremaggiore.com\/notizie\/#\/schema\/person\/b789462c927517766c1bcfb452c8d85e","name":"Staff","image":{"@type":"ImageObject","inLanguage":"it-IT","@id":"https:\/\/secure.gravatar.com\/avatar\/fd311f248f82517b1efd21a54e666df2c5b705bb4a4fb804f3903c94be513fee?s=96&d=mm&r=g","url":"https:\/\/secure.gravatar.com\/avatar\/fd311f248f82517b1efd21a54e666df2c5b705bb4a4fb804f3903c94be513fee?s=96&d=mm&r=g","contentUrl":"https:\/\/secure.gravatar.com\/avatar\/fd311f248f82517b1efd21a54e666df2c5b705bb4a4fb804f3903c94be513fee?s=96&d=mm&r=g","caption":"Staff"},"sameAs":["https:\/\/www.micheleantonucci.it"],"url":"https:\/\/www.torremaggiore.com\/notizie\/author\/staff\/"}]}},"_links":{"self":[{"href":"https:\/\/www.torremaggiore.com\/notizie\/wp-json\/wp\/v2\/posts\/8642","targetHints":{"allow":["GET"]}}],"collection":[{"href":"https:\/\/www.torremaggiore.com\/notizie\/wp-json\/wp\/v2\/posts"}],"about":[{"href":"https:\/\/www.torremaggiore.com\/notizie\/wp-json\/wp\/v2\/types\/post"}],"author":[{"embeddable":true,"href":"https:\/\/www.torremaggiore.com\/notizie\/wp-json\/wp\/v2\/users\/2"}],"replies":[{"embeddable":true,"href":"https:\/\/www.torremaggiore.com\/notizie\/wp-json\/wp\/v2\/comments?post=8642"}],"version-history":[{"count":0,"href":"https:\/\/www.torremaggiore.com\/notizie\/wp-json\/wp\/v2\/posts\/8642\/revisions"}],"wp:featuredmedia":[{"embeddable":true,"href":"https:\/\/www.torremaggiore.com\/notizie\/wp-json\/wp\/v2\/media\/8592"}],"wp:attachment":[{"href":"https:\/\/www.torremaggiore.com\/notizie\/wp-json\/wp\/v2\/media?parent=8642"}],"wp:term":[{"taxonomy":"category","embeddable":true,"href":"https:\/\/www.torremaggiore.com\/notizie\/wp-json\/wp\/v2\/categories?post=8642"},{"taxonomy":"post_tag","embeddable":true,"href":"https:\/\/www.torremaggiore.com\/notizie\/wp-json\/wp\/v2\/tags?post=8642"}],"curies":[{"name":"wp","href":"https:\/\/api.w.org\/{rel}","templated":true}]}}