{"id":8639,"date":"2017-08-05T17:51:58","date_gmt":"2017-08-05T15:51:58","guid":{"rendered":"http:\/\/www.torremaggiore.com\/notizie\/?p=8639"},"modified":"2017-08-12T21:19:51","modified_gmt":"2017-08-12T19:19:51","slug":"paese-miospazio-ai-giovani-peep-torremaggiore-zona-167-non-ce-nessuna-vittoria-cantare-comune","status":"publish","type":"post","link":"https:\/\/www.torremaggiore.com\/notizie\/2017\/paese-miospazio-ai-giovani-peep-torremaggiore-zona-167-non-ce-nessuna-vittoria-cantare-comune\/","title":{"rendered":"Paese Mio\/Spazio ai giovani: PEEP TORREMAGGIORE &#8211; ZONA 167 &#8211; NON C&#8217;E&#8217; NESSUNA VITTORIA DA CANTARE PER IL COMUNE."},"content":{"rendered":"<p>Il Movimento Politico Paese Mio\/Spazio ai Giovani, voce del Popolo di Torremaggiore, per il tramite del suo Consigliere Comunale Marco Faienza, comunica che a pochi giorni di distanza dal Consiglio Comunale del 28.07.2017, \u00e8 intervenuta una nuova sentenza della Corte d&#8217;Appello di Bari, la n. 976\/2017 pubblicata il 03.08.2017, che introduce un&#8217;importante novit\u00e0 nelle controversie del PEEP. Il Collegio, infatti, non solo ha ribadito che il giudice naturale per questo genere di cause \u00e8 quello ordinario (cio\u00e8 il Tribunale e non il Tar) e che gli oneri di urbanizzazione sono prescritti, ma ha stabilito anche \u2013 con portata rivoluzionaria rispetto a tutte le precedenti decisioni \u2013 che GLI IMPORTI RICHIESTI DAL COMUNE DI TORREMAGGIORE A TITOLO DI COSTO SUOLO NON SONO DOVUTI.<\/p>\n<p>Conseguentemente, l&#8217;Ente ha riportato l&#8217;ennesima pesantissima condanna al rimborso delle spese legali.<br \/>\nQuesto elemento aggiunge un&#8217;ulteriore variabile al quadro complesso delle questioni che comunque, vede completamente affievolite le tesi difensive del Comune di Torremaggiore: una sorta di coperta troppo corta che copre una parte, ma ne lascia scoperta un&#8217;altra (giusto per usare una metafora).<\/p>\n<p>Per altro verso, risulta confermato che:<br \/>\n-ogni posizione rappresenta una fattispecie a s\u00e9 stante, sulla cui valutazione incide indubbiamente il contenuto dell&#8217;atto con il quale \u00e8 stato trasferito l&#8217;alloggio;<br \/>\n&#8211; i giudici attribuiscono valenza motivatamente differenziata ai dati che si ricavano dagli atti di causa, dandone una lettura sequenziale a seconda dell&#8217;orientamento giurisprudenziale al quale mostrano di voler aderire.<\/p>\n<p>Pertanto riteniamo che il Sindaco (e tutta la maggioranza) si sarebbe dovuto mostrare pi\u00f9 prudente e cauto, giacch\u00e9 i fatti hanno dimostrato ancora una volta (ove mai ve ne fosse bisogno) che, stando cos\u00ec le cose, NON C&#8217;E&#8217; NESSUNA VITTORIA DA CANTARE PER IL COMUNE DI TORREMAGGIORE.<\/p>\n<p>Questo \u00e8 ci\u00f2 che affermiamo nell&#8217;interesse di tutta la cittadinanza, perch\u00e9 le Amministrazioni con le loro scelte &#8220;passano&#8221;, ma i costi da pagare restano&#8230; a carico di tutti i cittadini!<\/p>\n<p>Movimento Politico Paese Mio\/Spazio ai Giovani<\/p>\n<p><a href=\"http:\/\/www.torremaggiore.com\/notizie\/wp-content\/uploads\/2017\/03\/paese-mio-spazio-giovani-liste.jpg\"><img loading=\"lazy\" decoding=\"async\" class=\"aligncenter size-full wp-image-8148\" src=\"http:\/\/www.torremaggiore.com\/notizie\/wp-content\/uploads\/2017\/03\/paese-mio-spazio-giovani-liste.jpg\" alt=\"\" width=\"475\" height=\"233\" \/><\/a><\/p>\n","protected":false},"excerpt":{"rendered":"<p>Il Movimento Politico Paese Mio\/Spazio ai Giovani, voce del Popolo di Torremaggiore, per il tramite<\/p>\n","protected":false},"author":2,"featured_media":8149,"comment_status":"closed","ping_status":"open","sticky":false,"template":"","format":"standard","meta":{"footnotes":""},"categories":[4],"tags":[8],"class_list":["post-8639","post","type-post","status-publish","format-standard","has-post-thumbnail","hentry","category-politica","tag-torremaggiore"],"yoast_head":"<!-- This site is optimized with the Yoast SEO plugin v27.4 - https:\/\/yoast.com\/product\/yoast-seo-wordpress\/ -->\n<title>Paese Mio\/Spazio ai giovani: PEEP TORREMAGGIORE - ZONA 167 - NON C&#039;E&#039; NESSUNA VITTORIA DA CANTARE PER IL COMUNE. - Torremaggiore On Line<\/title>\n<meta name=\"robots\" content=\"index, follow, max-snippet:-1, max-image-preview:large, max-video-preview:-1\" \/>\n<link rel=\"canonical\" href=\"https:\/\/www.torremaggiore.com\/notizie\/2017\/paese-miospazio-ai-giovani-peep-torremaggiore-zona-167-non-ce-nessuna-vittoria-cantare-comune\/\" \/>\n<meta property=\"og:locale\" content=\"it_IT\" \/>\n<meta property=\"og:type\" content=\"article\" \/>\n<meta property=\"og:title\" content=\"Paese Mio\/Spazio ai giovani: PEEP TORREMAGGIORE - ZONA 167 - NON C&#039;E&#039; NESSUNA VITTORIA DA CANTARE PER IL COMUNE. - Torremaggiore On Line\" \/>\n<meta property=\"og:description\" content=\"Il Movimento Politico Paese Mio\/Spazio ai Giovani, voce del Popolo di Torremaggiore, per il tramite\" \/>\n<meta property=\"og:url\" content=\"https:\/\/www.torremaggiore.com\/notizie\/2017\/paese-miospazio-ai-giovani-peep-torremaggiore-zona-167-non-ce-nessuna-vittoria-cantare-comune\/\" \/>\n<meta property=\"og:site_name\" content=\"Torremaggiore On Line\" \/>\n<meta property=\"article:published_time\" content=\"2017-08-05T15:51:58+00:00\" \/>\n<meta property=\"article:modified_time\" content=\"2017-08-12T19:19:51+00:00\" \/>\n<meta property=\"og:image\" content=\"https:\/\/www.torremaggiore.com\/notizie\/wp-content\/uploads\/2017\/03\/marco-faienza-liste-2017.jpg\" \/>\n\t<meta property=\"og:image:width\" content=\"606\" \/>\n\t<meta property=\"og:image:height\" content=\"262\" \/>\n\t<meta property=\"og:image:type\" content=\"image\/jpeg\" \/>\n<meta name=\"author\" content=\"Staff\" \/>\n<meta name=\"twitter:card\" content=\"summary_large_image\" \/>\n<meta name=\"twitter:label1\" content=\"Scritto da\" \/>\n\t<meta name=\"twitter:data1\" content=\"Staff\" \/>\n\t<meta name=\"twitter:label2\" content=\"Tempo di lettura stimato\" \/>\n\t<meta name=\"twitter:data2\" content=\"2 minuti\" \/>\n<script type=\"application\/ld+json\" class=\"yoast-schema-graph\">{\"@context\":\"https:\\\/\\\/schema.org\",\"@graph\":[{\"@type\":\"Article\",\"@id\":\"https:\\\/\\\/www.torremaggiore.com\\\/notizie\\\/2017\\\/paese-miospazio-ai-giovani-peep-torremaggiore-zona-167-non-ce-nessuna-vittoria-cantare-comune\\\/#article\",\"isPartOf\":{\"@id\":\"https:\\\/\\\/www.torremaggiore.com\\\/notizie\\\/2017\\\/paese-miospazio-ai-giovani-peep-torremaggiore-zona-167-non-ce-nessuna-vittoria-cantare-comune\\\/\"},\"author\":{\"name\":\"Staff\",\"@id\":\"https:\\\/\\\/www.torremaggiore.com\\\/notizie\\\/#\\\/schema\\\/person\\\/b789462c927517766c1bcfb452c8d85e\"},\"headline\":\"Paese Mio\\\/Spazio ai giovani: PEEP TORREMAGGIORE &#8211; ZONA 167 &#8211; NON C&#8217;E&#8217; NESSUNA VITTORIA DA CANTARE PER IL COMUNE.\",\"datePublished\":\"2017-08-05T15:51:58+00:00\",\"dateModified\":\"2017-08-12T19:19:51+00:00\",\"mainEntityOfPage\":{\"@id\":\"https:\\\/\\\/www.torremaggiore.com\\\/notizie\\\/2017\\\/paese-miospazio-ai-giovani-peep-torremaggiore-zona-167-non-ce-nessuna-vittoria-cantare-comune\\\/\"},\"wordCount\":342,\"publisher\":{\"@id\":\"https:\\\/\\\/www.torremaggiore.com\\\/notizie\\\/#organization\"},\"image\":{\"@id\":\"https:\\\/\\\/www.torremaggiore.com\\\/notizie\\\/2017\\\/paese-miospazio-ai-giovani-peep-torremaggiore-zona-167-non-ce-nessuna-vittoria-cantare-comune\\\/#primaryimage\"},\"thumbnailUrl\":\"https:\\\/\\\/www.torremaggiore.com\\\/notizie\\\/wp-content\\\/uploads\\\/2017\\\/03\\\/marco-faienza-liste-2017.jpg\",\"keywords\":[\"torremaggiore\"],\"articleSection\":[\"Politica\"],\"inLanguage\":\"it-IT\"},{\"@type\":\"WebPage\",\"@id\":\"https:\\\/\\\/www.torremaggiore.com\\\/notizie\\\/2017\\\/paese-miospazio-ai-giovani-peep-torremaggiore-zona-167-non-ce-nessuna-vittoria-cantare-comune\\\/\",\"url\":\"https:\\\/\\\/www.torremaggiore.com\\\/notizie\\\/2017\\\/paese-miospazio-ai-giovani-peep-torremaggiore-zona-167-non-ce-nessuna-vittoria-cantare-comune\\\/\",\"name\":\"Paese Mio\\\/Spazio ai giovani: PEEP TORREMAGGIORE - ZONA 167 - NON C'E' NESSUNA VITTORIA DA CANTARE PER IL COMUNE. - Torremaggiore On Line\",\"isPartOf\":{\"@id\":\"https:\\\/\\\/www.torremaggiore.com\\\/notizie\\\/#website\"},\"primaryImageOfPage\":{\"@id\":\"https:\\\/\\\/www.torremaggiore.com\\\/notizie\\\/2017\\\/paese-miospazio-ai-giovani-peep-torremaggiore-zona-167-non-ce-nessuna-vittoria-cantare-comune\\\/#primaryimage\"},\"image\":{\"@id\":\"https:\\\/\\\/www.torremaggiore.com\\\/notizie\\\/2017\\\/paese-miospazio-ai-giovani-peep-torremaggiore-zona-167-non-ce-nessuna-vittoria-cantare-comune\\\/#primaryimage\"},\"thumbnailUrl\":\"https:\\\/\\\/www.torremaggiore.com\\\/notizie\\\/wp-content\\\/uploads\\\/2017\\\/03\\\/marco-faienza-liste-2017.jpg\",\"datePublished\":\"2017-08-05T15:51:58+00:00\",\"dateModified\":\"2017-08-12T19:19:51+00:00\",\"breadcrumb\":{\"@id\":\"https:\\\/\\\/www.torremaggiore.com\\\/notizie\\\/2017\\\/paese-miospazio-ai-giovani-peep-torremaggiore-zona-167-non-ce-nessuna-vittoria-cantare-comune\\\/#breadcrumb\"},\"inLanguage\":\"it-IT\",\"potentialAction\":[{\"@type\":\"ReadAction\",\"target\":[\"https:\\\/\\\/www.torremaggiore.com\\\/notizie\\\/2017\\\/paese-miospazio-ai-giovani-peep-torremaggiore-zona-167-non-ce-nessuna-vittoria-cantare-comune\\\/\"]}]},{\"@type\":\"ImageObject\",\"inLanguage\":\"it-IT\",\"@id\":\"https:\\\/\\\/www.torremaggiore.com\\\/notizie\\\/2017\\\/paese-miospazio-ai-giovani-peep-torremaggiore-zona-167-non-ce-nessuna-vittoria-cantare-comune\\\/#primaryimage\",\"url\":\"https:\\\/\\\/www.torremaggiore.com\\\/notizie\\\/wp-content\\\/uploads\\\/2017\\\/03\\\/marco-faienza-liste-2017.jpg\",\"contentUrl\":\"https:\\\/\\\/www.torremaggiore.com\\\/notizie\\\/wp-content\\\/uploads\\\/2017\\\/03\\\/marco-faienza-liste-2017.jpg\",\"width\":606,\"height\":262},{\"@type\":\"BreadcrumbList\",\"@id\":\"https:\\\/\\\/www.torremaggiore.com\\\/notizie\\\/2017\\\/paese-miospazio-ai-giovani-peep-torremaggiore-zona-167-non-ce-nessuna-vittoria-cantare-comune\\\/#breadcrumb\",\"itemListElement\":[{\"@type\":\"ListItem\",\"position\":1,\"name\":\"Home\",\"item\":\"https:\\\/\\\/www.torremaggiore.com\\\/notizie\\\/\"},{\"@type\":\"ListItem\",\"position\":2,\"name\":\"Paese Mio\\\/Spazio ai giovani: PEEP TORREMAGGIORE &#8211; ZONA 167 &#8211; NON C&#8217;E&#8217; NESSUNA VITTORIA DA CANTARE PER IL COMUNE.\"}]},{\"@type\":\"WebSite\",\"@id\":\"https:\\\/\\\/www.torremaggiore.com\\\/notizie\\\/#website\",\"url\":\"https:\\\/\\\/www.torremaggiore.com\\\/notizie\\\/\",\"name\":\"Torremaggiore On Line\",\"description\":\"La Web Community di Torremaggiore\",\"publisher\":{\"@id\":\"https:\\\/\\\/www.torremaggiore.com\\\/notizie\\\/#organization\"},\"potentialAction\":[{\"@type\":\"SearchAction\",\"target\":{\"@type\":\"EntryPoint\",\"urlTemplate\":\"https:\\\/\\\/www.torremaggiore.com\\\/notizie\\\/?s={search_term_string}\"},\"query-input\":{\"@type\":\"PropertyValueSpecification\",\"valueRequired\":true,\"valueName\":\"search_term_string\"}}],\"inLanguage\":\"it-IT\"},{\"@type\":\"Organization\",\"@id\":\"https:\\\/\\\/www.torremaggiore.com\\\/notizie\\\/#organization\",\"name\":\"Torremaggiore On Line\",\"url\":\"https:\\\/\\\/www.torremaggiore.com\\\/notizie\\\/\",\"logo\":{\"@type\":\"ImageObject\",\"inLanguage\":\"it-IT\",\"@id\":\"https:\\\/\\\/www.torremaggiore.com\\\/notizie\\\/#\\\/schema\\\/logo\\\/image\\\/\",\"url\":\"https:\\\/\\\/www.torremaggiore.com\\\/notizie\\\/wp-content\\\/uploads\\\/2020\\\/03\\\/logo-tmol20.gif\",\"contentUrl\":\"https:\\\/\\\/www.torremaggiore.com\\\/notizie\\\/wp-content\\\/uploads\\\/2020\\\/03\\\/logo-tmol20.gif\",\"width\":260,\"height\":95,\"caption\":\"Torremaggiore On Line\"},\"image\":{\"@id\":\"https:\\\/\\\/www.torremaggiore.com\\\/notizie\\\/#\\\/schema\\\/logo\\\/image\\\/\"}},{\"@type\":\"Person\",\"@id\":\"https:\\\/\\\/www.torremaggiore.com\\\/notizie\\\/#\\\/schema\\\/person\\\/b789462c927517766c1bcfb452c8d85e\",\"name\":\"Staff\",\"image\":{\"@type\":\"ImageObject\",\"inLanguage\":\"it-IT\",\"@id\":\"https:\\\/\\\/secure.gravatar.com\\\/avatar\\\/fd311f248f82517b1efd21a54e666df2c5b705bb4a4fb804f3903c94be513fee?s=96&d=mm&r=g\",\"url\":\"https:\\\/\\\/secure.gravatar.com\\\/avatar\\\/fd311f248f82517b1efd21a54e666df2c5b705bb4a4fb804f3903c94be513fee?s=96&d=mm&r=g\",\"contentUrl\":\"https:\\\/\\\/secure.gravatar.com\\\/avatar\\\/fd311f248f82517b1efd21a54e666df2c5b705bb4a4fb804f3903c94be513fee?s=96&d=mm&r=g\",\"caption\":\"Staff\"},\"sameAs\":[\"https:\\\/\\\/www.micheleantonucci.it\"],\"url\":\"https:\\\/\\\/www.torremaggiore.com\\\/notizie\\\/author\\\/staff\\\/\"}]}<\/script>\n<!-- \/ Yoast SEO plugin. -->","yoast_head_json":{"title":"Paese Mio\/Spazio ai giovani: PEEP TORREMAGGIORE - ZONA 167 - NON C'E' NESSUNA VITTORIA DA CANTARE PER IL COMUNE. - Torremaggiore On Line","robots":{"index":"index","follow":"follow","max-snippet":"max-snippet:-1","max-image-preview":"max-image-preview:large","max-video-preview":"max-video-preview:-1"},"canonical":"https:\/\/www.torremaggiore.com\/notizie\/2017\/paese-miospazio-ai-giovani-peep-torremaggiore-zona-167-non-ce-nessuna-vittoria-cantare-comune\/","og_locale":"it_IT","og_type":"article","og_title":"Paese Mio\/Spazio ai giovani: PEEP TORREMAGGIORE - ZONA 167 - NON C'E' NESSUNA VITTORIA DA CANTARE PER IL COMUNE. - Torremaggiore On Line","og_description":"Il Movimento Politico Paese Mio\/Spazio ai Giovani, voce del Popolo di Torremaggiore, per il tramite","og_url":"https:\/\/www.torremaggiore.com\/notizie\/2017\/paese-miospazio-ai-giovani-peep-torremaggiore-zona-167-non-ce-nessuna-vittoria-cantare-comune\/","og_site_name":"Torremaggiore On Line","article_published_time":"2017-08-05T15:51:58+00:00","article_modified_time":"2017-08-12T19:19:51+00:00","og_image":[{"width":606,"height":262,"url":"https:\/\/www.torremaggiore.com\/notizie\/wp-content\/uploads\/2017\/03\/marco-faienza-liste-2017.jpg","type":"image\/jpeg"}],"author":"Staff","twitter_card":"summary_large_image","twitter_misc":{"Scritto da":"Staff","Tempo di lettura stimato":"2 minuti"},"schema":{"@context":"https:\/\/schema.org","@graph":[{"@type":"Article","@id":"https:\/\/www.torremaggiore.com\/notizie\/2017\/paese-miospazio-ai-giovani-peep-torremaggiore-zona-167-non-ce-nessuna-vittoria-cantare-comune\/#article","isPartOf":{"@id":"https:\/\/www.torremaggiore.com\/notizie\/2017\/paese-miospazio-ai-giovani-peep-torremaggiore-zona-167-non-ce-nessuna-vittoria-cantare-comune\/"},"author":{"name":"Staff","@id":"https:\/\/www.torremaggiore.com\/notizie\/#\/schema\/person\/b789462c927517766c1bcfb452c8d85e"},"headline":"Paese Mio\/Spazio ai giovani: PEEP TORREMAGGIORE &#8211; ZONA 167 &#8211; NON C&#8217;E&#8217; NESSUNA VITTORIA DA CANTARE PER IL COMUNE.","datePublished":"2017-08-05T15:51:58+00:00","dateModified":"2017-08-12T19:19:51+00:00","mainEntityOfPage":{"@id":"https:\/\/www.torremaggiore.com\/notizie\/2017\/paese-miospazio-ai-giovani-peep-torremaggiore-zona-167-non-ce-nessuna-vittoria-cantare-comune\/"},"wordCount":342,"publisher":{"@id":"https:\/\/www.torremaggiore.com\/notizie\/#organization"},"image":{"@id":"https:\/\/www.torremaggiore.com\/notizie\/2017\/paese-miospazio-ai-giovani-peep-torremaggiore-zona-167-non-ce-nessuna-vittoria-cantare-comune\/#primaryimage"},"thumbnailUrl":"https:\/\/www.torremaggiore.com\/notizie\/wp-content\/uploads\/2017\/03\/marco-faienza-liste-2017.jpg","keywords":["torremaggiore"],"articleSection":["Politica"],"inLanguage":"it-IT"},{"@type":"WebPage","@id":"https:\/\/www.torremaggiore.com\/notizie\/2017\/paese-miospazio-ai-giovani-peep-torremaggiore-zona-167-non-ce-nessuna-vittoria-cantare-comune\/","url":"https:\/\/www.torremaggiore.com\/notizie\/2017\/paese-miospazio-ai-giovani-peep-torremaggiore-zona-167-non-ce-nessuna-vittoria-cantare-comune\/","name":"Paese Mio\/Spazio ai giovani: PEEP TORREMAGGIORE - ZONA 167 - NON C'E' NESSUNA VITTORIA DA CANTARE PER IL COMUNE. - Torremaggiore On Line","isPartOf":{"@id":"https:\/\/www.torremaggiore.com\/notizie\/#website"},"primaryImageOfPage":{"@id":"https:\/\/www.torremaggiore.com\/notizie\/2017\/paese-miospazio-ai-giovani-peep-torremaggiore-zona-167-non-ce-nessuna-vittoria-cantare-comune\/#primaryimage"},"image":{"@id":"https:\/\/www.torremaggiore.com\/notizie\/2017\/paese-miospazio-ai-giovani-peep-torremaggiore-zona-167-non-ce-nessuna-vittoria-cantare-comune\/#primaryimage"},"thumbnailUrl":"https:\/\/www.torremaggiore.com\/notizie\/wp-content\/uploads\/2017\/03\/marco-faienza-liste-2017.jpg","datePublished":"2017-08-05T15:51:58+00:00","dateModified":"2017-08-12T19:19:51+00:00","breadcrumb":{"@id":"https:\/\/www.torremaggiore.com\/notizie\/2017\/paese-miospazio-ai-giovani-peep-torremaggiore-zona-167-non-ce-nessuna-vittoria-cantare-comune\/#breadcrumb"},"inLanguage":"it-IT","potentialAction":[{"@type":"ReadAction","target":["https:\/\/www.torremaggiore.com\/notizie\/2017\/paese-miospazio-ai-giovani-peep-torremaggiore-zona-167-non-ce-nessuna-vittoria-cantare-comune\/"]}]},{"@type":"ImageObject","inLanguage":"it-IT","@id":"https:\/\/www.torremaggiore.com\/notizie\/2017\/paese-miospazio-ai-giovani-peep-torremaggiore-zona-167-non-ce-nessuna-vittoria-cantare-comune\/#primaryimage","url":"https:\/\/www.torremaggiore.com\/notizie\/wp-content\/uploads\/2017\/03\/marco-faienza-liste-2017.jpg","contentUrl":"https:\/\/www.torremaggiore.com\/notizie\/wp-content\/uploads\/2017\/03\/marco-faienza-liste-2017.jpg","width":606,"height":262},{"@type":"BreadcrumbList","@id":"https:\/\/www.torremaggiore.com\/notizie\/2017\/paese-miospazio-ai-giovani-peep-torremaggiore-zona-167-non-ce-nessuna-vittoria-cantare-comune\/#breadcrumb","itemListElement":[{"@type":"ListItem","position":1,"name":"Home","item":"https:\/\/www.torremaggiore.com\/notizie\/"},{"@type":"ListItem","position":2,"name":"Paese Mio\/Spazio ai giovani: PEEP TORREMAGGIORE &#8211; ZONA 167 &#8211; NON C&#8217;E&#8217; NESSUNA VITTORIA DA CANTARE PER IL COMUNE."}]},{"@type":"WebSite","@id":"https:\/\/www.torremaggiore.com\/notizie\/#website","url":"https:\/\/www.torremaggiore.com\/notizie\/","name":"Torremaggiore On Line","description":"La Web Community di Torremaggiore","publisher":{"@id":"https:\/\/www.torremaggiore.com\/notizie\/#organization"},"potentialAction":[{"@type":"SearchAction","target":{"@type":"EntryPoint","urlTemplate":"https:\/\/www.torremaggiore.com\/notizie\/?s={search_term_string}"},"query-input":{"@type":"PropertyValueSpecification","valueRequired":true,"valueName":"search_term_string"}}],"inLanguage":"it-IT"},{"@type":"Organization","@id":"https:\/\/www.torremaggiore.com\/notizie\/#organization","name":"Torremaggiore On Line","url":"https:\/\/www.torremaggiore.com\/notizie\/","logo":{"@type":"ImageObject","inLanguage":"it-IT","@id":"https:\/\/www.torremaggiore.com\/notizie\/#\/schema\/logo\/image\/","url":"https:\/\/www.torremaggiore.com\/notizie\/wp-content\/uploads\/2020\/03\/logo-tmol20.gif","contentUrl":"https:\/\/www.torremaggiore.com\/notizie\/wp-content\/uploads\/2020\/03\/logo-tmol20.gif","width":260,"height":95,"caption":"Torremaggiore On Line"},"image":{"@id":"https:\/\/www.torremaggiore.com\/notizie\/#\/schema\/logo\/image\/"}},{"@type":"Person","@id":"https:\/\/www.torremaggiore.com\/notizie\/#\/schema\/person\/b789462c927517766c1bcfb452c8d85e","name":"Staff","image":{"@type":"ImageObject","inLanguage":"it-IT","@id":"https:\/\/secure.gravatar.com\/avatar\/fd311f248f82517b1efd21a54e666df2c5b705bb4a4fb804f3903c94be513fee?s=96&d=mm&r=g","url":"https:\/\/secure.gravatar.com\/avatar\/fd311f248f82517b1efd21a54e666df2c5b705bb4a4fb804f3903c94be513fee?s=96&d=mm&r=g","contentUrl":"https:\/\/secure.gravatar.com\/avatar\/fd311f248f82517b1efd21a54e666df2c5b705bb4a4fb804f3903c94be513fee?s=96&d=mm&r=g","caption":"Staff"},"sameAs":["https:\/\/www.micheleantonucci.it"],"url":"https:\/\/www.torremaggiore.com\/notizie\/author\/staff\/"}]}},"_links":{"self":[{"href":"https:\/\/www.torremaggiore.com\/notizie\/wp-json\/wp\/v2\/posts\/8639","targetHints":{"allow":["GET"]}}],"collection":[{"href":"https:\/\/www.torremaggiore.com\/notizie\/wp-json\/wp\/v2\/posts"}],"about":[{"href":"https:\/\/www.torremaggiore.com\/notizie\/wp-json\/wp\/v2\/types\/post"}],"author":[{"embeddable":true,"href":"https:\/\/www.torremaggiore.com\/notizie\/wp-json\/wp\/v2\/users\/2"}],"replies":[{"embeddable":true,"href":"https:\/\/www.torremaggiore.com\/notizie\/wp-json\/wp\/v2\/comments?post=8639"}],"version-history":[{"count":0,"href":"https:\/\/www.torremaggiore.com\/notizie\/wp-json\/wp\/v2\/posts\/8639\/revisions"}],"wp:featuredmedia":[{"embeddable":true,"href":"https:\/\/www.torremaggiore.com\/notizie\/wp-json\/wp\/v2\/media\/8149"}],"wp:attachment":[{"href":"https:\/\/www.torremaggiore.com\/notizie\/wp-json\/wp\/v2\/media?parent=8639"}],"wp:term":[{"taxonomy":"category","embeddable":true,"href":"https:\/\/www.torremaggiore.com\/notizie\/wp-json\/wp\/v2\/categories?post=8639"},{"taxonomy":"post_tag","embeddable":true,"href":"https:\/\/www.torremaggiore.com\/notizie\/wp-json\/wp\/v2\/tags?post=8639"}],"curies":[{"name":"wp","href":"https:\/\/api.w.org\/{rel}","templated":true}]}}