{"id":8633,"date":"2017-08-01T19:18:40","date_gmt":"2017-08-01T17:18:40","guid":{"rendered":"http:\/\/www.torremaggiore.com\/notizie\/?p=8633"},"modified":"2017-08-05T17:47:57","modified_gmt":"2017-08-05T15:47:57","slug":"consiglio-comunale-del-28-luglio-2017-illustrati-dal-sindaco-monteleone-risultati","status":"publish","type":"post","link":"https:\/\/www.torremaggiore.com\/notizie\/2017\/consiglio-comunale-del-28-luglio-2017-illustrati-dal-sindaco-monteleone-risultati\/","title":{"rendered":"Consiglio comunale del 28 luglio 2017: illustrati dal Sindaco Monteleone i risultati"},"content":{"rendered":"<p>Il Consiglio comunale di Torremaggiore, svoltosi venerd\u00ec scorso, ha visto l\u2019intera maggioranza che sostiene la Giunta guidata dal Sindaco Lino Monteleone approvare senza difficolt\u00e0 tutti gli accapi all\u2019ordine del giorno. Molte e significative le scelte di programmazione dell\u2019Amministrazione comunale approvate nel corso dei lavori dell\u2019assise. Tra i punti pi\u00f9 significativi vi sono: la verifica degli equilibri di bilancio e lo stato di attuazione del programma che sono stati confermati; l\u2019aggiornamento del piano delle alienazioni e delle valorizzazioni del patrimonio comunale, provvedimento con il quale si apre la strada a possibili investimenti in ambito socio sanitario per quel che concerne l\u2019ex plesso scolastico di via Gobetti, da anni in stato di degrado e che si punta a riqualificare ed adeguare con eventuali investimenti privati; la valorizzazione di un\u2019area commerciale in zona P.e.e.p. che rientra nel vecchio finanziamento dei contratti di quartiere. \u201cTale atto \u2013 spiega il Sindaco di Torremaggiore, Pasquale Monteleone &#8211; punta ad una valorizzazione del patrimonio pubblico poich\u00e9 a fronte delle previsioni iniziali e parziali di un valore di poco pi\u00f9 di 100 mila euro, la suddetta area si \u00e8 rivalutata per oltre 800 mila euro. Anche in questo caso il fine \u00e8 quello di tentare di intercettare possibili investimenti privati che facciano da corredo ai finanziamenti pubblici gi\u00e0 stanziati e spesi per i contratti di quartiere\u201d. Si \u00e8 poi provveduto alla approvazione delle variazioni di bilancio. \u201cTra gli interventi pi\u00f9 corposi incisivi &#8211; afferma ancora il Sindaco &#8211; emergono le maggiori entrate per circa 65 mila euro rinvenienti da accertamenti sulla vecchia Ici; circa 12 mila euro di avanzo di amministrazione; previsione di entrate per 70 mila euro come Comune capofila nell&#8217;ambito del costituendo Distretto Unico del Commercio, finalizzato a far approvare dalla Regione un piano sul commercio intercomunale che rilanci il settore. Inoltre ci sono circa 670 mila euro di mancati introiti ex Gema. A tal proposito va evidenziato che si tratta di una somma che la Corte dei Conti, con una recente sentenza, ha riconosciuto al nostro Comune come mancato incasso di tributi oltre interessi. L\u2019Amministrazione ne ha preso atto e ha destinato queste ipotetiche risorse al fondo crediti di dubbia esigibilit\u00e0, posto che al momento non \u00e8 noto se e quando saranno recuperate tali somme. Le maggiori risorse &#8211; prosegue Monteleone &#8211; verranno impiegate per far fronte alle continue spese per contenzioso a seguito di sentenze rinvenienti da vicende del passato; per dotare il Comune di un piano di Protezione Civile; per il sostegno economico alle famiglie affidatarie di minori e per interventi di riqualificazione del patrimonio comunale. Modificato inoltre il piano delle opere pubbliche che prevede lo stanziamento di ulteriori 120 mila euro per interventi di manutenzione delle strade cittadine e 130 mila per la realizzazione di una rotatoria all\u2019incrocio tra via Togliatti via Nenni. Approvata, inoltre, l\u2019adesione alla definizione agevolata anche delle controversie tributarie per venire incontro ai cittadini dopo il provvedimento di cosiddetta rottamazione adottato lo scorso febbraio. Infine proseguiamo con l\u2019ingrato compito di pagare debiti fuori bilancio in materia legale con ulteriori 64 mila euro circa dopo i circa 50 mila riconosciuti a giugno e molti altri all&#8217;orizzonte che gli uffici e gli assessori al ramo stanno cercando di gestire per ridimensionarne la portata\u201d, conclude il primo cittadino.<\/p>\n<p>Comunicato del Comune di Torremaggiore FG<\/p>\n<p>&nbsp;<\/p>\n<p><a href=\"http:\/\/www.torremaggiore.com\/notizie\/wp-content\/uploads\/2016\/07\/monteleone-sindaco-front.jpg\"><img loading=\"lazy\" decoding=\"async\" class=\"aligncenter size-full wp-image-6764\" src=\"http:\/\/www.torremaggiore.com\/notizie\/wp-content\/uploads\/2016\/07\/monteleone-sindaco-front.jpg\" alt=\"\" width=\"353\" height=\"469\" srcset=\"https:\/\/www.torremaggiore.com\/notizie\/wp-content\/uploads\/2016\/07\/monteleone-sindaco-front.jpg 353w, https:\/\/www.torremaggiore.com\/notizie\/wp-content\/uploads\/2016\/07\/monteleone-sindaco-front-226x300.jpg 226w\" sizes=\"auto, (max-width: 353px) 100vw, 353px\" \/><\/a><\/p>\n","protected":false},"excerpt":{"rendered":"<p>Il Consiglio comunale di Torremaggiore, svoltosi venerd\u00ec scorso, ha visto l\u2019intera maggioranza che sostiene la<\/p>\n","protected":false},"author":2,"featured_media":5145,"comment_status":"closed","ping_status":"open","sticky":false,"template":"","format":"standard","meta":{"footnotes":""},"categories":[4],"tags":[],"class_list":["post-8633","post","type-post","status-publish","format-standard","has-post-thumbnail","hentry","category-politica"],"yoast_head":"<!-- This site is optimized with the Yoast SEO plugin v27.4 - https:\/\/yoast.com\/product\/yoast-seo-wordpress\/ -->\n<title>Consiglio comunale del 28 luglio 2017: illustrati dal Sindaco Monteleone i risultati - Torremaggiore On Line<\/title>\n<meta name=\"robots\" content=\"index, follow, max-snippet:-1, max-image-preview:large, max-video-preview:-1\" \/>\n<link rel=\"canonical\" href=\"https:\/\/www.torremaggiore.com\/notizie\/2017\/consiglio-comunale-del-28-luglio-2017-illustrati-dal-sindaco-monteleone-risultati\/\" \/>\n<meta property=\"og:locale\" content=\"it_IT\" \/>\n<meta property=\"og:type\" content=\"article\" \/>\n<meta property=\"og:title\" content=\"Consiglio comunale del 28 luglio 2017: illustrati dal Sindaco Monteleone i risultati - Torremaggiore On Line\" \/>\n<meta property=\"og:description\" content=\"Il Consiglio comunale di Torremaggiore, svoltosi venerd\u00ec scorso, ha visto l\u2019intera maggioranza che sostiene la\" \/>\n<meta property=\"og:url\" content=\"https:\/\/www.torremaggiore.com\/notizie\/2017\/consiglio-comunale-del-28-luglio-2017-illustrati-dal-sindaco-monteleone-risultati\/\" \/>\n<meta property=\"og:site_name\" content=\"Torremaggiore On Line\" \/>\n<meta property=\"article:published_time\" content=\"2017-08-01T17:18:40+00:00\" \/>\n<meta property=\"article:modified_time\" content=\"2017-08-05T15:47:57+00:00\" \/>\n<meta property=\"og:image\" content=\"https:\/\/www.torremaggiore.com\/notizie\/wp-content\/uploads\/2015\/07\/castello-luce.jpg\" \/>\n\t<meta property=\"og:image:width\" content=\"570\" \/>\n\t<meta property=\"og:image:height\" content=\"299\" \/>\n\t<meta property=\"og:image:type\" content=\"image\/jpeg\" \/>\n<meta name=\"author\" content=\"Staff\" \/>\n<meta name=\"twitter:card\" content=\"summary_large_image\" \/>\n<meta name=\"twitter:label1\" content=\"Scritto da\" \/>\n\t<meta name=\"twitter:data1\" content=\"Staff\" \/>\n\t<meta name=\"twitter:label2\" content=\"Tempo di lettura stimato\" \/>\n\t<meta name=\"twitter:data2\" content=\"3 minuti\" \/>\n<script type=\"application\/ld+json\" class=\"yoast-schema-graph\">{\"@context\":\"https:\\\/\\\/schema.org\",\"@graph\":[{\"@type\":\"Article\",\"@id\":\"https:\\\/\\\/www.torremaggiore.com\\\/notizie\\\/2017\\\/consiglio-comunale-del-28-luglio-2017-illustrati-dal-sindaco-monteleone-risultati\\\/#article\",\"isPartOf\":{\"@id\":\"https:\\\/\\\/www.torremaggiore.com\\\/notizie\\\/2017\\\/consiglio-comunale-del-28-luglio-2017-illustrati-dal-sindaco-monteleone-risultati\\\/\"},\"author\":{\"name\":\"Staff\",\"@id\":\"https:\\\/\\\/www.torremaggiore.com\\\/notizie\\\/#\\\/schema\\\/person\\\/b789462c927517766c1bcfb452c8d85e\"},\"headline\":\"Consiglio comunale del 28 luglio 2017: illustrati dal Sindaco Monteleone i risultati\",\"datePublished\":\"2017-08-01T17:18:40+00:00\",\"dateModified\":\"2017-08-05T15:47:57+00:00\",\"mainEntityOfPage\":{\"@id\":\"https:\\\/\\\/www.torremaggiore.com\\\/notizie\\\/2017\\\/consiglio-comunale-del-28-luglio-2017-illustrati-dal-sindaco-monteleone-risultati\\\/\"},\"wordCount\":555,\"publisher\":{\"@id\":\"https:\\\/\\\/www.torremaggiore.com\\\/notizie\\\/#organization\"},\"image\":{\"@id\":\"https:\\\/\\\/www.torremaggiore.com\\\/notizie\\\/2017\\\/consiglio-comunale-del-28-luglio-2017-illustrati-dal-sindaco-monteleone-risultati\\\/#primaryimage\"},\"thumbnailUrl\":\"https:\\\/\\\/www.torremaggiore.com\\\/notizie\\\/wp-content\\\/uploads\\\/2015\\\/07\\\/castello-luce.jpg\",\"articleSection\":[\"Politica\"],\"inLanguage\":\"it-IT\"},{\"@type\":\"WebPage\",\"@id\":\"https:\\\/\\\/www.torremaggiore.com\\\/notizie\\\/2017\\\/consiglio-comunale-del-28-luglio-2017-illustrati-dal-sindaco-monteleone-risultati\\\/\",\"url\":\"https:\\\/\\\/www.torremaggiore.com\\\/notizie\\\/2017\\\/consiglio-comunale-del-28-luglio-2017-illustrati-dal-sindaco-monteleone-risultati\\\/\",\"name\":\"Consiglio comunale del 28 luglio 2017: illustrati dal Sindaco Monteleone i risultati - Torremaggiore On Line\",\"isPartOf\":{\"@id\":\"https:\\\/\\\/www.torremaggiore.com\\\/notizie\\\/#website\"},\"primaryImageOfPage\":{\"@id\":\"https:\\\/\\\/www.torremaggiore.com\\\/notizie\\\/2017\\\/consiglio-comunale-del-28-luglio-2017-illustrati-dal-sindaco-monteleone-risultati\\\/#primaryimage\"},\"image\":{\"@id\":\"https:\\\/\\\/www.torremaggiore.com\\\/notizie\\\/2017\\\/consiglio-comunale-del-28-luglio-2017-illustrati-dal-sindaco-monteleone-risultati\\\/#primaryimage\"},\"thumbnailUrl\":\"https:\\\/\\\/www.torremaggiore.com\\\/notizie\\\/wp-content\\\/uploads\\\/2015\\\/07\\\/castello-luce.jpg\",\"datePublished\":\"2017-08-01T17:18:40+00:00\",\"dateModified\":\"2017-08-05T15:47:57+00:00\",\"breadcrumb\":{\"@id\":\"https:\\\/\\\/www.torremaggiore.com\\\/notizie\\\/2017\\\/consiglio-comunale-del-28-luglio-2017-illustrati-dal-sindaco-monteleone-risultati\\\/#breadcrumb\"},\"inLanguage\":\"it-IT\",\"potentialAction\":[{\"@type\":\"ReadAction\",\"target\":[\"https:\\\/\\\/www.torremaggiore.com\\\/notizie\\\/2017\\\/consiglio-comunale-del-28-luglio-2017-illustrati-dal-sindaco-monteleone-risultati\\\/\"]}]},{\"@type\":\"ImageObject\",\"inLanguage\":\"it-IT\",\"@id\":\"https:\\\/\\\/www.torremaggiore.com\\\/notizie\\\/2017\\\/consiglio-comunale-del-28-luglio-2017-illustrati-dal-sindaco-monteleone-risultati\\\/#primaryimage\",\"url\":\"https:\\\/\\\/www.torremaggiore.com\\\/notizie\\\/wp-content\\\/uploads\\\/2015\\\/07\\\/castello-luce.jpg\",\"contentUrl\":\"https:\\\/\\\/www.torremaggiore.com\\\/notizie\\\/wp-content\\\/uploads\\\/2015\\\/07\\\/castello-luce.jpg\",\"width\":570,\"height\":299},{\"@type\":\"BreadcrumbList\",\"@id\":\"https:\\\/\\\/www.torremaggiore.com\\\/notizie\\\/2017\\\/consiglio-comunale-del-28-luglio-2017-illustrati-dal-sindaco-monteleone-risultati\\\/#breadcrumb\",\"itemListElement\":[{\"@type\":\"ListItem\",\"position\":1,\"name\":\"Home\",\"item\":\"https:\\\/\\\/www.torremaggiore.com\\\/notizie\\\/\"},{\"@type\":\"ListItem\",\"position\":2,\"name\":\"Consiglio comunale del 28 luglio 2017: illustrati dal Sindaco Monteleone i risultati\"}]},{\"@type\":\"WebSite\",\"@id\":\"https:\\\/\\\/www.torremaggiore.com\\\/notizie\\\/#website\",\"url\":\"https:\\\/\\\/www.torremaggiore.com\\\/notizie\\\/\",\"name\":\"Torremaggiore On Line\",\"description\":\"La Web Community di Torremaggiore\",\"publisher\":{\"@id\":\"https:\\\/\\\/www.torremaggiore.com\\\/notizie\\\/#organization\"},\"potentialAction\":[{\"@type\":\"SearchAction\",\"target\":{\"@type\":\"EntryPoint\",\"urlTemplate\":\"https:\\\/\\\/www.torremaggiore.com\\\/notizie\\\/?s={search_term_string}\"},\"query-input\":{\"@type\":\"PropertyValueSpecification\",\"valueRequired\":true,\"valueName\":\"search_term_string\"}}],\"inLanguage\":\"it-IT\"},{\"@type\":\"Organization\",\"@id\":\"https:\\\/\\\/www.torremaggiore.com\\\/notizie\\\/#organization\",\"name\":\"Torremaggiore On Line\",\"url\":\"https:\\\/\\\/www.torremaggiore.com\\\/notizie\\\/\",\"logo\":{\"@type\":\"ImageObject\",\"inLanguage\":\"it-IT\",\"@id\":\"https:\\\/\\\/www.torremaggiore.com\\\/notizie\\\/#\\\/schema\\\/logo\\\/image\\\/\",\"url\":\"https:\\\/\\\/www.torremaggiore.com\\\/notizie\\\/wp-content\\\/uploads\\\/2020\\\/03\\\/logo-tmol20.gif\",\"contentUrl\":\"https:\\\/\\\/www.torremaggiore.com\\\/notizie\\\/wp-content\\\/uploads\\\/2020\\\/03\\\/logo-tmol20.gif\",\"width\":260,\"height\":95,\"caption\":\"Torremaggiore On Line\"},\"image\":{\"@id\":\"https:\\\/\\\/www.torremaggiore.com\\\/notizie\\\/#\\\/schema\\\/logo\\\/image\\\/\"}},{\"@type\":\"Person\",\"@id\":\"https:\\\/\\\/www.torremaggiore.com\\\/notizie\\\/#\\\/schema\\\/person\\\/b789462c927517766c1bcfb452c8d85e\",\"name\":\"Staff\",\"image\":{\"@type\":\"ImageObject\",\"inLanguage\":\"it-IT\",\"@id\":\"https:\\\/\\\/secure.gravatar.com\\\/avatar\\\/fd311f248f82517b1efd21a54e666df2c5b705bb4a4fb804f3903c94be513fee?s=96&d=mm&r=g\",\"url\":\"https:\\\/\\\/secure.gravatar.com\\\/avatar\\\/fd311f248f82517b1efd21a54e666df2c5b705bb4a4fb804f3903c94be513fee?s=96&d=mm&r=g\",\"contentUrl\":\"https:\\\/\\\/secure.gravatar.com\\\/avatar\\\/fd311f248f82517b1efd21a54e666df2c5b705bb4a4fb804f3903c94be513fee?s=96&d=mm&r=g\",\"caption\":\"Staff\"},\"sameAs\":[\"https:\\\/\\\/www.micheleantonucci.it\"],\"url\":\"https:\\\/\\\/www.torremaggiore.com\\\/notizie\\\/author\\\/staff\\\/\"}]}<\/script>\n<!-- \/ Yoast SEO plugin. -->","yoast_head_json":{"title":"Consiglio comunale del 28 luglio 2017: illustrati dal Sindaco Monteleone i risultati - Torremaggiore On Line","robots":{"index":"index","follow":"follow","max-snippet":"max-snippet:-1","max-image-preview":"max-image-preview:large","max-video-preview":"max-video-preview:-1"},"canonical":"https:\/\/www.torremaggiore.com\/notizie\/2017\/consiglio-comunale-del-28-luglio-2017-illustrati-dal-sindaco-monteleone-risultati\/","og_locale":"it_IT","og_type":"article","og_title":"Consiglio comunale del 28 luglio 2017: illustrati dal Sindaco Monteleone i risultati - Torremaggiore On Line","og_description":"Il Consiglio comunale di Torremaggiore, svoltosi venerd\u00ec scorso, ha visto l\u2019intera maggioranza che sostiene la","og_url":"https:\/\/www.torremaggiore.com\/notizie\/2017\/consiglio-comunale-del-28-luglio-2017-illustrati-dal-sindaco-monteleone-risultati\/","og_site_name":"Torremaggiore On Line","article_published_time":"2017-08-01T17:18:40+00:00","article_modified_time":"2017-08-05T15:47:57+00:00","og_image":[{"width":570,"height":299,"url":"https:\/\/www.torremaggiore.com\/notizie\/wp-content\/uploads\/2015\/07\/castello-luce.jpg","type":"image\/jpeg"}],"author":"Staff","twitter_card":"summary_large_image","twitter_misc":{"Scritto da":"Staff","Tempo di lettura stimato":"3 minuti"},"schema":{"@context":"https:\/\/schema.org","@graph":[{"@type":"Article","@id":"https:\/\/www.torremaggiore.com\/notizie\/2017\/consiglio-comunale-del-28-luglio-2017-illustrati-dal-sindaco-monteleone-risultati\/#article","isPartOf":{"@id":"https:\/\/www.torremaggiore.com\/notizie\/2017\/consiglio-comunale-del-28-luglio-2017-illustrati-dal-sindaco-monteleone-risultati\/"},"author":{"name":"Staff","@id":"https:\/\/www.torremaggiore.com\/notizie\/#\/schema\/person\/b789462c927517766c1bcfb452c8d85e"},"headline":"Consiglio comunale del 28 luglio 2017: illustrati dal Sindaco Monteleone i risultati","datePublished":"2017-08-01T17:18:40+00:00","dateModified":"2017-08-05T15:47:57+00:00","mainEntityOfPage":{"@id":"https:\/\/www.torremaggiore.com\/notizie\/2017\/consiglio-comunale-del-28-luglio-2017-illustrati-dal-sindaco-monteleone-risultati\/"},"wordCount":555,"publisher":{"@id":"https:\/\/www.torremaggiore.com\/notizie\/#organization"},"image":{"@id":"https:\/\/www.torremaggiore.com\/notizie\/2017\/consiglio-comunale-del-28-luglio-2017-illustrati-dal-sindaco-monteleone-risultati\/#primaryimage"},"thumbnailUrl":"https:\/\/www.torremaggiore.com\/notizie\/wp-content\/uploads\/2015\/07\/castello-luce.jpg","articleSection":["Politica"],"inLanguage":"it-IT"},{"@type":"WebPage","@id":"https:\/\/www.torremaggiore.com\/notizie\/2017\/consiglio-comunale-del-28-luglio-2017-illustrati-dal-sindaco-monteleone-risultati\/","url":"https:\/\/www.torremaggiore.com\/notizie\/2017\/consiglio-comunale-del-28-luglio-2017-illustrati-dal-sindaco-monteleone-risultati\/","name":"Consiglio comunale del 28 luglio 2017: illustrati dal Sindaco Monteleone i risultati - Torremaggiore On Line","isPartOf":{"@id":"https:\/\/www.torremaggiore.com\/notizie\/#website"},"primaryImageOfPage":{"@id":"https:\/\/www.torremaggiore.com\/notizie\/2017\/consiglio-comunale-del-28-luglio-2017-illustrati-dal-sindaco-monteleone-risultati\/#primaryimage"},"image":{"@id":"https:\/\/www.torremaggiore.com\/notizie\/2017\/consiglio-comunale-del-28-luglio-2017-illustrati-dal-sindaco-monteleone-risultati\/#primaryimage"},"thumbnailUrl":"https:\/\/www.torremaggiore.com\/notizie\/wp-content\/uploads\/2015\/07\/castello-luce.jpg","datePublished":"2017-08-01T17:18:40+00:00","dateModified":"2017-08-05T15:47:57+00:00","breadcrumb":{"@id":"https:\/\/www.torremaggiore.com\/notizie\/2017\/consiglio-comunale-del-28-luglio-2017-illustrati-dal-sindaco-monteleone-risultati\/#breadcrumb"},"inLanguage":"it-IT","potentialAction":[{"@type":"ReadAction","target":["https:\/\/www.torremaggiore.com\/notizie\/2017\/consiglio-comunale-del-28-luglio-2017-illustrati-dal-sindaco-monteleone-risultati\/"]}]},{"@type":"ImageObject","inLanguage":"it-IT","@id":"https:\/\/www.torremaggiore.com\/notizie\/2017\/consiglio-comunale-del-28-luglio-2017-illustrati-dal-sindaco-monteleone-risultati\/#primaryimage","url":"https:\/\/www.torremaggiore.com\/notizie\/wp-content\/uploads\/2015\/07\/castello-luce.jpg","contentUrl":"https:\/\/www.torremaggiore.com\/notizie\/wp-content\/uploads\/2015\/07\/castello-luce.jpg","width":570,"height":299},{"@type":"BreadcrumbList","@id":"https:\/\/www.torremaggiore.com\/notizie\/2017\/consiglio-comunale-del-28-luglio-2017-illustrati-dal-sindaco-monteleone-risultati\/#breadcrumb","itemListElement":[{"@type":"ListItem","position":1,"name":"Home","item":"https:\/\/www.torremaggiore.com\/notizie\/"},{"@type":"ListItem","position":2,"name":"Consiglio comunale del 28 luglio 2017: illustrati dal Sindaco Monteleone i risultati"}]},{"@type":"WebSite","@id":"https:\/\/www.torremaggiore.com\/notizie\/#website","url":"https:\/\/www.torremaggiore.com\/notizie\/","name":"Torremaggiore On Line","description":"La Web Community di Torremaggiore","publisher":{"@id":"https:\/\/www.torremaggiore.com\/notizie\/#organization"},"potentialAction":[{"@type":"SearchAction","target":{"@type":"EntryPoint","urlTemplate":"https:\/\/www.torremaggiore.com\/notizie\/?s={search_term_string}"},"query-input":{"@type":"PropertyValueSpecification","valueRequired":true,"valueName":"search_term_string"}}],"inLanguage":"it-IT"},{"@type":"Organization","@id":"https:\/\/www.torremaggiore.com\/notizie\/#organization","name":"Torremaggiore On Line","url":"https:\/\/www.torremaggiore.com\/notizie\/","logo":{"@type":"ImageObject","inLanguage":"it-IT","@id":"https:\/\/www.torremaggiore.com\/notizie\/#\/schema\/logo\/image\/","url":"https:\/\/www.torremaggiore.com\/notizie\/wp-content\/uploads\/2020\/03\/logo-tmol20.gif","contentUrl":"https:\/\/www.torremaggiore.com\/notizie\/wp-content\/uploads\/2020\/03\/logo-tmol20.gif","width":260,"height":95,"caption":"Torremaggiore On Line"},"image":{"@id":"https:\/\/www.torremaggiore.com\/notizie\/#\/schema\/logo\/image\/"}},{"@type":"Person","@id":"https:\/\/www.torremaggiore.com\/notizie\/#\/schema\/person\/b789462c927517766c1bcfb452c8d85e","name":"Staff","image":{"@type":"ImageObject","inLanguage":"it-IT","@id":"https:\/\/secure.gravatar.com\/avatar\/fd311f248f82517b1efd21a54e666df2c5b705bb4a4fb804f3903c94be513fee?s=96&d=mm&r=g","url":"https:\/\/secure.gravatar.com\/avatar\/fd311f248f82517b1efd21a54e666df2c5b705bb4a4fb804f3903c94be513fee?s=96&d=mm&r=g","contentUrl":"https:\/\/secure.gravatar.com\/avatar\/fd311f248f82517b1efd21a54e666df2c5b705bb4a4fb804f3903c94be513fee?s=96&d=mm&r=g","caption":"Staff"},"sameAs":["https:\/\/www.micheleantonucci.it"],"url":"https:\/\/www.torremaggiore.com\/notizie\/author\/staff\/"}]}},"_links":{"self":[{"href":"https:\/\/www.torremaggiore.com\/notizie\/wp-json\/wp\/v2\/posts\/8633","targetHints":{"allow":["GET"]}}],"collection":[{"href":"https:\/\/www.torremaggiore.com\/notizie\/wp-json\/wp\/v2\/posts"}],"about":[{"href":"https:\/\/www.torremaggiore.com\/notizie\/wp-json\/wp\/v2\/types\/post"}],"author":[{"embeddable":true,"href":"https:\/\/www.torremaggiore.com\/notizie\/wp-json\/wp\/v2\/users\/2"}],"replies":[{"embeddable":true,"href":"https:\/\/www.torremaggiore.com\/notizie\/wp-json\/wp\/v2\/comments?post=8633"}],"version-history":[{"count":0,"href":"https:\/\/www.torremaggiore.com\/notizie\/wp-json\/wp\/v2\/posts\/8633\/revisions"}],"wp:featuredmedia":[{"embeddable":true,"href":"https:\/\/www.torremaggiore.com\/notizie\/wp-json\/wp\/v2\/media\/5145"}],"wp:attachment":[{"href":"https:\/\/www.torremaggiore.com\/notizie\/wp-json\/wp\/v2\/media?parent=8633"}],"wp:term":[{"taxonomy":"category","embeddable":true,"href":"https:\/\/www.torremaggiore.com\/notizie\/wp-json\/wp\/v2\/categories?post=8633"},{"taxonomy":"post_tag","embeddable":true,"href":"https:\/\/www.torremaggiore.com\/notizie\/wp-json\/wp\/v2\/tags?post=8633"}],"curies":[{"name":"wp","href":"https:\/\/api.w.org\/{rel}","templated":true}]}}