{"id":8616,"date":"2017-07-29T13:16:51","date_gmt":"2017-07-29T11:16:51","guid":{"rendered":"http:\/\/www.torremaggiore.com\/notizie\/?p=8616"},"modified":"2017-07-29T13:16:51","modified_gmt":"2017-07-29T11:16:51","slug":"liberiamo-libri-bookcrossing-presso-la-villa-comunale-federico-ii-torremaggiore-al-31-agosto-2017","status":"publish","type":"post","link":"https:\/\/www.torremaggiore.com\/notizie\/2017\/liberiamo-libri-bookcrossing-presso-la-villa-comunale-federico-ii-torremaggiore-al-31-agosto-2017\/","title":{"rendered":"Liberiamo i libri, bookcrossing presso la  Villa Comunale Federico II a Torremaggiore fino al 31 agosto 2017"},"content":{"rendered":"<p>\u201cLiberiamo i libri\u201d \u00e8 il titolo dell\u2019iniziativa dedicata alla lettura per bambini e al bookcrossing per adulti che si terr\u00e0 in Villa Comunale, a Torremaggiore, fino al 31 agosto. \u201cLa Biblioteca Comunale \u201cMichele De Angelis\u201d esce dalle mura del Castello per offrire ai lettori una nuova esperienza che si ispira all\u2019idea della libera circolazione dei libri. &#8211; commenta l\u2019assessore comunale alla Cultura, Maria Pina Zifaro che spiega &#8211; Per tutta l\u2019estate ci si potr\u00e0 recare al Bibliopoint e condividere le letture che ci sono piaciute con altri potenziali lettori, donare liberamente i nostri libri oppure scambiarli con altri che magari suscitano in noi maggior interesse\u201d. L\u2019iniziativa, promossa dagli assessorati alla Cultura e alle Politiche giovanili della citt\u00e0 torremaggiorese e curata dalle volontarie del Servizio Civile Nazionale, si tiene dal luned\u00ec al venerd\u00ec dalle 18:30 alle 20:30.<\/p>\n<p><a href=\"http:\/\/www.torremaggiore.com\/notizie\/wp-content\/uploads\/2017\/07\/villa-libri.jpg\"><img loading=\"lazy\" decoding=\"async\" class=\"aligncenter size-full wp-image-8618\" src=\"http:\/\/www.torremaggiore.com\/notizie\/wp-content\/uploads\/2017\/07\/villa-libri.jpg\" alt=\"\" width=\"560\" height=\"343\" \/><\/a><\/p>\n","protected":false},"excerpt":{"rendered":"<p>\u201cLiberiamo i libri\u201d \u00e8 il titolo dell\u2019iniziativa dedicata alla lettura per bambini e al bookcrossing<\/p>\n","protected":false},"author":2,"featured_media":8617,"comment_status":"closed","ping_status":"open","sticky":false,"template":"","format":"standard","meta":{"footnotes":""},"categories":[250],"tags":[],"class_list":["post-8616","post","type-post","status-publish","format-standard","has-post-thumbnail","hentry","category-prima-pagina"],"yoast_head":"<!-- This site is optimized with the Yoast SEO plugin v27.4 - https:\/\/yoast.com\/product\/yoast-seo-wordpress\/ -->\n<title>Liberiamo i libri, bookcrossing presso la Villa Comunale Federico II a Torremaggiore fino al 31 agosto 2017 - Torremaggiore On Line<\/title>\n<meta name=\"robots\" content=\"index, follow, max-snippet:-1, max-image-preview:large, max-video-preview:-1\" \/>\n<link rel=\"canonical\" href=\"https:\/\/www.torremaggiore.com\/notizie\/2017\/liberiamo-libri-bookcrossing-presso-la-villa-comunale-federico-ii-torremaggiore-al-31-agosto-2017\/\" \/>\n<meta property=\"og:locale\" content=\"it_IT\" \/>\n<meta property=\"og:type\" content=\"article\" \/>\n<meta property=\"og:title\" content=\"Liberiamo i libri, bookcrossing presso la Villa Comunale Federico II a Torremaggiore fino al 31 agosto 2017 - Torremaggiore On Line\" \/>\n<meta property=\"og:description\" content=\"\u201cLiberiamo i libri\u201d \u00e8 il titolo dell\u2019iniziativa dedicata alla lettura per bambini e al bookcrossing\" \/>\n<meta property=\"og:url\" content=\"https:\/\/www.torremaggiore.com\/notizie\/2017\/liberiamo-libri-bookcrossing-presso-la-villa-comunale-federico-ii-torremaggiore-al-31-agosto-2017\/\" \/>\n<meta property=\"og:site_name\" content=\"Torremaggiore On Line\" \/>\n<meta property=\"article:published_time\" content=\"2017-07-29T11:16:51+00:00\" \/>\n<meta property=\"og:image\" content=\"https:\/\/www.torremaggiore.com\/notizie\/wp-content\/uploads\/2017\/07\/legenda.jpg\" \/>\n\t<meta property=\"og:image:width\" content=\"650\" \/>\n\t<meta property=\"og:image:height\" content=\"410\" \/>\n\t<meta property=\"og:image:type\" content=\"image\/jpeg\" \/>\n<meta name=\"author\" content=\"Staff\" \/>\n<meta name=\"twitter:card\" content=\"summary_large_image\" \/>\n<meta name=\"twitter:label1\" content=\"Scritto da\" \/>\n\t<meta name=\"twitter:data1\" content=\"Staff\" \/>\n\t<meta name=\"twitter:label2\" content=\"Tempo di lettura stimato\" \/>\n\t<meta name=\"twitter:data2\" content=\"1 minuto\" \/>\n<script type=\"application\/ld+json\" class=\"yoast-schema-graph\">{\"@context\":\"https:\\\/\\\/schema.org\",\"@graph\":[{\"@type\":\"Article\",\"@id\":\"https:\\\/\\\/www.torremaggiore.com\\\/notizie\\\/2017\\\/liberiamo-libri-bookcrossing-presso-la-villa-comunale-federico-ii-torremaggiore-al-31-agosto-2017\\\/#article\",\"isPartOf\":{\"@id\":\"https:\\\/\\\/www.torremaggiore.com\\\/notizie\\\/2017\\\/liberiamo-libri-bookcrossing-presso-la-villa-comunale-federico-ii-torremaggiore-al-31-agosto-2017\\\/\"},\"author\":{\"name\":\"Staff\",\"@id\":\"https:\\\/\\\/www.torremaggiore.com\\\/notizie\\\/#\\\/schema\\\/person\\\/b789462c927517766c1bcfb452c8d85e\"},\"headline\":\"Liberiamo i libri, bookcrossing presso la Villa Comunale Federico II a Torremaggiore fino al 31 agosto 2017\",\"datePublished\":\"2017-07-29T11:16:51+00:00\",\"mainEntityOfPage\":{\"@id\":\"https:\\\/\\\/www.torremaggiore.com\\\/notizie\\\/2017\\\/liberiamo-libri-bookcrossing-presso-la-villa-comunale-federico-ii-torremaggiore-al-31-agosto-2017\\\/\"},\"wordCount\":152,\"publisher\":{\"@id\":\"https:\\\/\\\/www.torremaggiore.com\\\/notizie\\\/#organization\"},\"image\":{\"@id\":\"https:\\\/\\\/www.torremaggiore.com\\\/notizie\\\/2017\\\/liberiamo-libri-bookcrossing-presso-la-villa-comunale-federico-ii-torremaggiore-al-31-agosto-2017\\\/#primaryimage\"},\"thumbnailUrl\":\"https:\\\/\\\/www.torremaggiore.com\\\/notizie\\\/wp-content\\\/uploads\\\/2017\\\/07\\\/legenda.jpg\",\"articleSection\":[\"Prima Pagina\"],\"inLanguage\":\"it-IT\"},{\"@type\":\"WebPage\",\"@id\":\"https:\\\/\\\/www.torremaggiore.com\\\/notizie\\\/2017\\\/liberiamo-libri-bookcrossing-presso-la-villa-comunale-federico-ii-torremaggiore-al-31-agosto-2017\\\/\",\"url\":\"https:\\\/\\\/www.torremaggiore.com\\\/notizie\\\/2017\\\/liberiamo-libri-bookcrossing-presso-la-villa-comunale-federico-ii-torremaggiore-al-31-agosto-2017\\\/\",\"name\":\"Liberiamo i libri, bookcrossing presso la Villa Comunale Federico II a Torremaggiore fino al 31 agosto 2017 - Torremaggiore On Line\",\"isPartOf\":{\"@id\":\"https:\\\/\\\/www.torremaggiore.com\\\/notizie\\\/#website\"},\"primaryImageOfPage\":{\"@id\":\"https:\\\/\\\/www.torremaggiore.com\\\/notizie\\\/2017\\\/liberiamo-libri-bookcrossing-presso-la-villa-comunale-federico-ii-torremaggiore-al-31-agosto-2017\\\/#primaryimage\"},\"image\":{\"@id\":\"https:\\\/\\\/www.torremaggiore.com\\\/notizie\\\/2017\\\/liberiamo-libri-bookcrossing-presso-la-villa-comunale-federico-ii-torremaggiore-al-31-agosto-2017\\\/#primaryimage\"},\"thumbnailUrl\":\"https:\\\/\\\/www.torremaggiore.com\\\/notizie\\\/wp-content\\\/uploads\\\/2017\\\/07\\\/legenda.jpg\",\"datePublished\":\"2017-07-29T11:16:51+00:00\",\"breadcrumb\":{\"@id\":\"https:\\\/\\\/www.torremaggiore.com\\\/notizie\\\/2017\\\/liberiamo-libri-bookcrossing-presso-la-villa-comunale-federico-ii-torremaggiore-al-31-agosto-2017\\\/#breadcrumb\"},\"inLanguage\":\"it-IT\",\"potentialAction\":[{\"@type\":\"ReadAction\",\"target\":[\"https:\\\/\\\/www.torremaggiore.com\\\/notizie\\\/2017\\\/liberiamo-libri-bookcrossing-presso-la-villa-comunale-federico-ii-torremaggiore-al-31-agosto-2017\\\/\"]}]},{\"@type\":\"ImageObject\",\"inLanguage\":\"it-IT\",\"@id\":\"https:\\\/\\\/www.torremaggiore.com\\\/notizie\\\/2017\\\/liberiamo-libri-bookcrossing-presso-la-villa-comunale-federico-ii-torremaggiore-al-31-agosto-2017\\\/#primaryimage\",\"url\":\"https:\\\/\\\/www.torremaggiore.com\\\/notizie\\\/wp-content\\\/uploads\\\/2017\\\/07\\\/legenda.jpg\",\"contentUrl\":\"https:\\\/\\\/www.torremaggiore.com\\\/notizie\\\/wp-content\\\/uploads\\\/2017\\\/07\\\/legenda.jpg\",\"width\":650,\"height\":410},{\"@type\":\"BreadcrumbList\",\"@id\":\"https:\\\/\\\/www.torremaggiore.com\\\/notizie\\\/2017\\\/liberiamo-libri-bookcrossing-presso-la-villa-comunale-federico-ii-torremaggiore-al-31-agosto-2017\\\/#breadcrumb\",\"itemListElement\":[{\"@type\":\"ListItem\",\"position\":1,\"name\":\"Home\",\"item\":\"https:\\\/\\\/www.torremaggiore.com\\\/notizie\\\/\"},{\"@type\":\"ListItem\",\"position\":2,\"name\":\"Liberiamo i libri, bookcrossing presso la Villa Comunale Federico II a Torremaggiore fino al 31 agosto 2017\"}]},{\"@type\":\"WebSite\",\"@id\":\"https:\\\/\\\/www.torremaggiore.com\\\/notizie\\\/#website\",\"url\":\"https:\\\/\\\/www.torremaggiore.com\\\/notizie\\\/\",\"name\":\"Torremaggiore On Line\",\"description\":\"La Web Community di Torremaggiore\",\"publisher\":{\"@id\":\"https:\\\/\\\/www.torremaggiore.com\\\/notizie\\\/#organization\"},\"potentialAction\":[{\"@type\":\"SearchAction\",\"target\":{\"@type\":\"EntryPoint\",\"urlTemplate\":\"https:\\\/\\\/www.torremaggiore.com\\\/notizie\\\/?s={search_term_string}\"},\"query-input\":{\"@type\":\"PropertyValueSpecification\",\"valueRequired\":true,\"valueName\":\"search_term_string\"}}],\"inLanguage\":\"it-IT\"},{\"@type\":\"Organization\",\"@id\":\"https:\\\/\\\/www.torremaggiore.com\\\/notizie\\\/#organization\",\"name\":\"Torremaggiore On Line\",\"url\":\"https:\\\/\\\/www.torremaggiore.com\\\/notizie\\\/\",\"logo\":{\"@type\":\"ImageObject\",\"inLanguage\":\"it-IT\",\"@id\":\"https:\\\/\\\/www.torremaggiore.com\\\/notizie\\\/#\\\/schema\\\/logo\\\/image\\\/\",\"url\":\"https:\\\/\\\/www.torremaggiore.com\\\/notizie\\\/wp-content\\\/uploads\\\/2020\\\/03\\\/logo-tmol20.gif\",\"contentUrl\":\"https:\\\/\\\/www.torremaggiore.com\\\/notizie\\\/wp-content\\\/uploads\\\/2020\\\/03\\\/logo-tmol20.gif\",\"width\":260,\"height\":95,\"caption\":\"Torremaggiore On Line\"},\"image\":{\"@id\":\"https:\\\/\\\/www.torremaggiore.com\\\/notizie\\\/#\\\/schema\\\/logo\\\/image\\\/\"}},{\"@type\":\"Person\",\"@id\":\"https:\\\/\\\/www.torremaggiore.com\\\/notizie\\\/#\\\/schema\\\/person\\\/b789462c927517766c1bcfb452c8d85e\",\"name\":\"Staff\",\"image\":{\"@type\":\"ImageObject\",\"inLanguage\":\"it-IT\",\"@id\":\"https:\\\/\\\/secure.gravatar.com\\\/avatar\\\/fd311f248f82517b1efd21a54e666df2c5b705bb4a4fb804f3903c94be513fee?s=96&d=mm&r=g\",\"url\":\"https:\\\/\\\/secure.gravatar.com\\\/avatar\\\/fd311f248f82517b1efd21a54e666df2c5b705bb4a4fb804f3903c94be513fee?s=96&d=mm&r=g\",\"contentUrl\":\"https:\\\/\\\/secure.gravatar.com\\\/avatar\\\/fd311f248f82517b1efd21a54e666df2c5b705bb4a4fb804f3903c94be513fee?s=96&d=mm&r=g\",\"caption\":\"Staff\"},\"sameAs\":[\"https:\\\/\\\/www.micheleantonucci.it\"],\"url\":\"https:\\\/\\\/www.torremaggiore.com\\\/notizie\\\/author\\\/staff\\\/\"}]}<\/script>\n<!-- \/ Yoast SEO plugin. -->","yoast_head_json":{"title":"Liberiamo i libri, bookcrossing presso la Villa Comunale Federico II a Torremaggiore fino al 31 agosto 2017 - Torremaggiore On Line","robots":{"index":"index","follow":"follow","max-snippet":"max-snippet:-1","max-image-preview":"max-image-preview:large","max-video-preview":"max-video-preview:-1"},"canonical":"https:\/\/www.torremaggiore.com\/notizie\/2017\/liberiamo-libri-bookcrossing-presso-la-villa-comunale-federico-ii-torremaggiore-al-31-agosto-2017\/","og_locale":"it_IT","og_type":"article","og_title":"Liberiamo i libri, bookcrossing presso la Villa Comunale Federico II a Torremaggiore fino al 31 agosto 2017 - Torremaggiore On Line","og_description":"\u201cLiberiamo i libri\u201d \u00e8 il titolo dell\u2019iniziativa dedicata alla lettura per bambini e al bookcrossing","og_url":"https:\/\/www.torremaggiore.com\/notizie\/2017\/liberiamo-libri-bookcrossing-presso-la-villa-comunale-federico-ii-torremaggiore-al-31-agosto-2017\/","og_site_name":"Torremaggiore On Line","article_published_time":"2017-07-29T11:16:51+00:00","og_image":[{"width":650,"height":410,"url":"https:\/\/www.torremaggiore.com\/notizie\/wp-content\/uploads\/2017\/07\/legenda.jpg","type":"image\/jpeg"}],"author":"Staff","twitter_card":"summary_large_image","twitter_misc":{"Scritto da":"Staff","Tempo di lettura stimato":"1 minuto"},"schema":{"@context":"https:\/\/schema.org","@graph":[{"@type":"Article","@id":"https:\/\/www.torremaggiore.com\/notizie\/2017\/liberiamo-libri-bookcrossing-presso-la-villa-comunale-federico-ii-torremaggiore-al-31-agosto-2017\/#article","isPartOf":{"@id":"https:\/\/www.torremaggiore.com\/notizie\/2017\/liberiamo-libri-bookcrossing-presso-la-villa-comunale-federico-ii-torremaggiore-al-31-agosto-2017\/"},"author":{"name":"Staff","@id":"https:\/\/www.torremaggiore.com\/notizie\/#\/schema\/person\/b789462c927517766c1bcfb452c8d85e"},"headline":"Liberiamo i libri, bookcrossing presso la Villa Comunale Federico II a Torremaggiore fino al 31 agosto 2017","datePublished":"2017-07-29T11:16:51+00:00","mainEntityOfPage":{"@id":"https:\/\/www.torremaggiore.com\/notizie\/2017\/liberiamo-libri-bookcrossing-presso-la-villa-comunale-federico-ii-torremaggiore-al-31-agosto-2017\/"},"wordCount":152,"publisher":{"@id":"https:\/\/www.torremaggiore.com\/notizie\/#organization"},"image":{"@id":"https:\/\/www.torremaggiore.com\/notizie\/2017\/liberiamo-libri-bookcrossing-presso-la-villa-comunale-federico-ii-torremaggiore-al-31-agosto-2017\/#primaryimage"},"thumbnailUrl":"https:\/\/www.torremaggiore.com\/notizie\/wp-content\/uploads\/2017\/07\/legenda.jpg","articleSection":["Prima Pagina"],"inLanguage":"it-IT"},{"@type":"WebPage","@id":"https:\/\/www.torremaggiore.com\/notizie\/2017\/liberiamo-libri-bookcrossing-presso-la-villa-comunale-federico-ii-torremaggiore-al-31-agosto-2017\/","url":"https:\/\/www.torremaggiore.com\/notizie\/2017\/liberiamo-libri-bookcrossing-presso-la-villa-comunale-federico-ii-torremaggiore-al-31-agosto-2017\/","name":"Liberiamo i libri, bookcrossing presso la Villa Comunale Federico II a Torremaggiore fino al 31 agosto 2017 - Torremaggiore On Line","isPartOf":{"@id":"https:\/\/www.torremaggiore.com\/notizie\/#website"},"primaryImageOfPage":{"@id":"https:\/\/www.torremaggiore.com\/notizie\/2017\/liberiamo-libri-bookcrossing-presso-la-villa-comunale-federico-ii-torremaggiore-al-31-agosto-2017\/#primaryimage"},"image":{"@id":"https:\/\/www.torremaggiore.com\/notizie\/2017\/liberiamo-libri-bookcrossing-presso-la-villa-comunale-federico-ii-torremaggiore-al-31-agosto-2017\/#primaryimage"},"thumbnailUrl":"https:\/\/www.torremaggiore.com\/notizie\/wp-content\/uploads\/2017\/07\/legenda.jpg","datePublished":"2017-07-29T11:16:51+00:00","breadcrumb":{"@id":"https:\/\/www.torremaggiore.com\/notizie\/2017\/liberiamo-libri-bookcrossing-presso-la-villa-comunale-federico-ii-torremaggiore-al-31-agosto-2017\/#breadcrumb"},"inLanguage":"it-IT","potentialAction":[{"@type":"ReadAction","target":["https:\/\/www.torremaggiore.com\/notizie\/2017\/liberiamo-libri-bookcrossing-presso-la-villa-comunale-federico-ii-torremaggiore-al-31-agosto-2017\/"]}]},{"@type":"ImageObject","inLanguage":"it-IT","@id":"https:\/\/www.torremaggiore.com\/notizie\/2017\/liberiamo-libri-bookcrossing-presso-la-villa-comunale-federico-ii-torremaggiore-al-31-agosto-2017\/#primaryimage","url":"https:\/\/www.torremaggiore.com\/notizie\/wp-content\/uploads\/2017\/07\/legenda.jpg","contentUrl":"https:\/\/www.torremaggiore.com\/notizie\/wp-content\/uploads\/2017\/07\/legenda.jpg","width":650,"height":410},{"@type":"BreadcrumbList","@id":"https:\/\/www.torremaggiore.com\/notizie\/2017\/liberiamo-libri-bookcrossing-presso-la-villa-comunale-federico-ii-torremaggiore-al-31-agosto-2017\/#breadcrumb","itemListElement":[{"@type":"ListItem","position":1,"name":"Home","item":"https:\/\/www.torremaggiore.com\/notizie\/"},{"@type":"ListItem","position":2,"name":"Liberiamo i libri, bookcrossing presso la Villa Comunale Federico II a Torremaggiore fino al 31 agosto 2017"}]},{"@type":"WebSite","@id":"https:\/\/www.torremaggiore.com\/notizie\/#website","url":"https:\/\/www.torremaggiore.com\/notizie\/","name":"Torremaggiore On Line","description":"La Web Community di Torremaggiore","publisher":{"@id":"https:\/\/www.torremaggiore.com\/notizie\/#organization"},"potentialAction":[{"@type":"SearchAction","target":{"@type":"EntryPoint","urlTemplate":"https:\/\/www.torremaggiore.com\/notizie\/?s={search_term_string}"},"query-input":{"@type":"PropertyValueSpecification","valueRequired":true,"valueName":"search_term_string"}}],"inLanguage":"it-IT"},{"@type":"Organization","@id":"https:\/\/www.torremaggiore.com\/notizie\/#organization","name":"Torremaggiore On Line","url":"https:\/\/www.torremaggiore.com\/notizie\/","logo":{"@type":"ImageObject","inLanguage":"it-IT","@id":"https:\/\/www.torremaggiore.com\/notizie\/#\/schema\/logo\/image\/","url":"https:\/\/www.torremaggiore.com\/notizie\/wp-content\/uploads\/2020\/03\/logo-tmol20.gif","contentUrl":"https:\/\/www.torremaggiore.com\/notizie\/wp-content\/uploads\/2020\/03\/logo-tmol20.gif","width":260,"height":95,"caption":"Torremaggiore On Line"},"image":{"@id":"https:\/\/www.torremaggiore.com\/notizie\/#\/schema\/logo\/image\/"}},{"@type":"Person","@id":"https:\/\/www.torremaggiore.com\/notizie\/#\/schema\/person\/b789462c927517766c1bcfb452c8d85e","name":"Staff","image":{"@type":"ImageObject","inLanguage":"it-IT","@id":"https:\/\/secure.gravatar.com\/avatar\/fd311f248f82517b1efd21a54e666df2c5b705bb4a4fb804f3903c94be513fee?s=96&d=mm&r=g","url":"https:\/\/secure.gravatar.com\/avatar\/fd311f248f82517b1efd21a54e666df2c5b705bb4a4fb804f3903c94be513fee?s=96&d=mm&r=g","contentUrl":"https:\/\/secure.gravatar.com\/avatar\/fd311f248f82517b1efd21a54e666df2c5b705bb4a4fb804f3903c94be513fee?s=96&d=mm&r=g","caption":"Staff"},"sameAs":["https:\/\/www.micheleantonucci.it"],"url":"https:\/\/www.torremaggiore.com\/notizie\/author\/staff\/"}]}},"_links":{"self":[{"href":"https:\/\/www.torremaggiore.com\/notizie\/wp-json\/wp\/v2\/posts\/8616","targetHints":{"allow":["GET"]}}],"collection":[{"href":"https:\/\/www.torremaggiore.com\/notizie\/wp-json\/wp\/v2\/posts"}],"about":[{"href":"https:\/\/www.torremaggiore.com\/notizie\/wp-json\/wp\/v2\/types\/post"}],"author":[{"embeddable":true,"href":"https:\/\/www.torremaggiore.com\/notizie\/wp-json\/wp\/v2\/users\/2"}],"replies":[{"embeddable":true,"href":"https:\/\/www.torremaggiore.com\/notizie\/wp-json\/wp\/v2\/comments?post=8616"}],"version-history":[{"count":0,"href":"https:\/\/www.torremaggiore.com\/notizie\/wp-json\/wp\/v2\/posts\/8616\/revisions"}],"wp:featuredmedia":[{"embeddable":true,"href":"https:\/\/www.torremaggiore.com\/notizie\/wp-json\/wp\/v2\/media\/8617"}],"wp:attachment":[{"href":"https:\/\/www.torremaggiore.com\/notizie\/wp-json\/wp\/v2\/media?parent=8616"}],"wp:term":[{"taxonomy":"category","embeddable":true,"href":"https:\/\/www.torremaggiore.com\/notizie\/wp-json\/wp\/v2\/categories?post=8616"},{"taxonomy":"post_tag","embeddable":true,"href":"https:\/\/www.torremaggiore.com\/notizie\/wp-json\/wp\/v2\/tags?post=8616"}],"curies":[{"name":"wp","href":"https:\/\/api.w.org\/{rel}","templated":true}]}}