{"id":8613,"date":"2017-07-29T11:57:13","date_gmt":"2017-07-29T09:57:13","guid":{"rendered":"http:\/\/www.torremaggiore.com\/notizie\/?p=8613"},"modified":"2017-08-01T19:15:02","modified_gmt":"2017-08-01T17:15:02","slug":"consigliere-minoranza-marco-faienza-abbandonato-lavori-consiliari-del-28-luglio-2017-le-ragioni","status":"publish","type":"post","link":"https:\/\/www.torremaggiore.com\/notizie\/2017\/consigliere-minoranza-marco-faienza-abbandonato-lavori-consiliari-del-28-luglio-2017-le-ragioni\/","title":{"rendered":"Il consigliere di minoranza Marco Faienza ha abbandonato i lavori consiliari del 28 luglio 2017: ecco le ragioni"},"content":{"rendered":"<p class=\"western\" style=\"text-align: left;\" align=\"CENTER\"><span style=\"font-size: large;\"><b>IL CONSIGLIERE COMUNALE DEL MOVIMENTO POLITICO PAESE MIO\/SPAZIO AI GIOVANI ABBANDONA I LAVORI CONSILIARI DEL 28 LUGLIO 2017<\/b><\/span><\/p>\n<p class=\"western\" align=\"JUSTIFY\">LE IMPRESSIONI RICAVATE IN QUESTO PRIMO ANNO DI PARTECIPAZIONE ATTIVA ALL&#8217;ATTIVIT\u00c0 DELLA NUOVA AMMINISTRAZIONE SONO RISULTATE ESSERE FORTEMENTE DISSOCIATIVE DA PARTE DELLA MAGGIORANZA, SOTTO IL PROFILO DEL DIALOGO E DEL CONFRONTO DEMOCRATICO.<\/p>\n<p class=\"western\" align=\"JUSTIFY\">E&#8217; MANCATA QUALSIASI FORMA DI SINTONIA CON LE FORZE DI OPPOSIZIONE. E&#8217; COME SE LA MINORANZA NON AVESSE VOCE IN CAPITOLO; VIENE SISTEMATICAMENTE IGNORATA.<\/p>\n<p class=\"western\" align=\"JUSTIFY\">IN SPREGIO AD OGNI ELEMENTARE PRINCIPIO DI DEMOCRAZIA: NON MI RISULTA CHE LA NOSTRA COSTITUZIONE CONTEMPLI MODIFICHE SUL RISPETTO E LA SALVAGUARDIA DELLE MINORANZE. CORRISPONDE PURE AD UN PRINCIPIO DI SENSO COMUNE: UN PADRE (IL CAPOFAMIGLIA) NON PU\u00d2 ARROCCARSI DIETRO LA POSIZIONE DI COMANDO E PRENDERE LE DECISIONI CHE RITIENE NECESSARIE PER LA FAMIGLIA SENZA ASCOLTARE LE ESIGENZE DI TUTTI I FIGLI. E&#8217; SOLO DAL CONFRONTO E DAL LAVORO DI SQUADRA CHE POSSONO VENIRE LE DECISIONI MIGLIORI PER IL BENE COMUNE, QUEL BENE COMUNE CAVALLO DI BATTAGLIA DELLA MAGGIORANZA ACCLAMATO DURANTE LA CAMPAGNA ELETTORALE.<\/p>\n<p class=\"western\" align=\"JUSTIFY\">FATTO STA CHE, PER RISPONDERE AD UNA DOMANDA, CI SI TRINCERA DIETRO RIGIDI FORMALISMI CON UNA BUROCRATICIZZAZIONE SVILENTE DELLA MACCHINA AMMINISTRATIVA GI\u00c0 DI PER S\u00c8 LENTA ED ARRUGGINITA: &#8230;\u00c8 UN&#8217;INTERROGAZIONE ORALE?&#8230; \u00c8 UN&#8217;INTERROGAZIONE SCRITTA?&#8230; NO PERCH\u00c8 SE \u00c8 ORALE DEVE ESSERE FATTA COS\u00cc, SE \u00c8 SCRITTA BISOGNA FORMALIZZARLA DIVERSAMENTE&#8230; NO QUESTA NON \u00c8 UNA DOMANDA!&#8230; QUI NON SI PU\u00d2 DARE UNA RISPOSTA, NON SI POSSONO FARE OSSERVAZIONI, SE NON C&#8217;E&#8217; UN EMENDAMENTO DA PROPORRE&#8230;<\/p>\n<p class=\"western\" align=\"JUSTIFY\">LA COSA PASSA COS<span style=\"font-family: 'Times New Roman', serif;\">\u00cc<\/span>. SONO IL RIASSUNTO DELLE RIPRESE VIDEO DEI CONSIGLI COMUNALI E DEI RELATIVI VERBALI CHE DA QUALCHE GIORNO VENGONO PUBBLICATI SULL&#8217;ALBO PRETORIO DISPONIBILE ANCHE ATTRAVERSO INTERNET. A ME PARE CHE QUESTO MODO DI PROCEDERE NON POSSA PORTARE A NULLA DI BUONO: I CITTADINI HANNO BISOGNO DI FATTI, DI RISPOSTE CONCRETE, A PRESCINDERE DAI RIGIDI FORMALISMI IN CUI SI PRETENDE DI INQUADRARE LE QUESTIONI SOLO PER FARNE DISPERDERE L&#8217;IMPORTANZA.<\/p>\n<p align=\"JUSTIFY\"><a href=\"http:\/\/www.torremaggiore.com\/notizie\/wp-content\/uploads\/2014\/12\/banchi-opposizione-tm.jpg\"><img loading=\"lazy\" decoding=\"async\" class=\"aligncenter size-full wp-image-4368\" src=\"http:\/\/www.torremaggiore.com\/notizie\/wp-content\/uploads\/2014\/12\/banchi-opposizione-tm.jpg\" alt=\"\" width=\"550\" height=\"376\" srcset=\"https:\/\/www.torremaggiore.com\/notizie\/wp-content\/uploads\/2014\/12\/banchi-opposizione-tm.jpg 550w, https:\/\/www.torremaggiore.com\/notizie\/wp-content\/uploads\/2014\/12\/banchi-opposizione-tm-300x205.jpg 300w\" sizes=\"auto, (max-width: 550px) 100vw, 550px\" \/><\/a><\/p>\n<p class=\"western\" align=\"JUSTIFY\">A QUESTO PUNTO DOBBIAMO SOLO PRENDERE ATTO CHE NON VI \u00c8 DISPONIBILIT\u00c0 DELL&#8217;AMMINISTRAZIONE A CONFRONTARSI CON LE OPPOSIZIONI PER UN DIALOGO COSTRUTTIVO E PER UN CONFRONTO, ALMENO FINO A QUANDO CONSERVER\u00c0 LA MAGGIORANZA TRA I BANCHI DEL CONSIGLIO. QUESTA \u00c8 LA PURA VERIT\u00c0.<\/p>\n<p class=\"western\" align=\"JUSTIFY\">POCHE, MA DAVVERO POCHE, SONO STATE LE RISPOSTE CHE SONO ARRIVATE ALLE DOMANDE (FATTE BENE &#8230;FATTE MALE, MA COMUNQUE FATTE) E CON TEMPI LUNGHI, AL DI L\u00c0 DI OGNI PREVISIONE DI REGOLAMENTO. E QUANDO LE RISPOSTE SONO ARRIVATE AVEVANO SEMPRE UN ASPETTO AMBIGUO E NEGATIVO, CON L&#8217;UNICO OBIETTIVO DI SCREDITARE L&#8217;INTERLOCUTORE CHE LE AVEVA FORMULATE. QUESTO SIGNIFICA UNA COSA SOLA: CHE L&#8217;AMMINISTRAZIONE VA DRITTA PER LA SUA STRADA E CHE NON \u00c8 DISPOSTA A RIVEDERE LE SUE POSIZIONI ANCHE SE SONO SBAGLIATE ED ANCHE SE L&#8217;ERRORE VIENE COMMESSO DALL&#8217;APPARATO PI\u00d9 STRETTAMENTE AMMINISTRATIVO, PIUTTOSTO CHE DALL&#8217;ORGANO POLITICO. UNA PRESUNZIONE DI ESSERE NEL GIUSTO A TUTTI I COSTI PRETENDENDO DI AZZERARE ANCHE PER QUESTA VIA IL RUOLO DELLE OPPOSIZIONI. IN PRATICA, IL MESSAGGIO CHE VIENE LANCIATO \u00c8 CHE AL SINDACO E ALLA GIUNTA NON INTERESSA RISOLVERE PROBLEMI DELLA CITTADINANZA ATTRAVERSO UNA COLLABORAZIONE CON LE MINORANZA, MA DI ASSEVERARE LA PROPRIA POSIZIONE.<\/p>\n<p class=\"western\" align=\"JUSTIFY\">UN SECONDO PUNTO LAMPANTE \u2013 CHE NON SI PU\u00d2 PROPRIO NEGARE \u2013 \u00c8 QUELLO DELLA CONTINUIT\u00c0 DI AZIONE CON LA PRECEDENTE AMMINISTRAZIONE CHE LA STESSA FORZA DI MAGGIORANZA HA SFIDUCIATO CONTESTANDO L&#8217;OPERATO: STANNO FACENDO UGUALE, SE NON PEGGIO!<\/p>\n<p class=\"western\" align=\"JUSTIFY\">AL RIGUARDO SONO COSTRETTO A RIPETERMI RIPROPONENDO TEMATICHE CHE HO GI\u00c0 SVISCERATO PUBBLICAMENTE IN CAMPAGNA ELETTORALE E PER LE QUALI CONTINUO A BATTERMI ANCHE IN CONSIGLIO COMUNALE. SI TRATTA DI TEMI SEMPRE ATTUALI ANCHE PER LE EVOLUZIONI IMPRESSE IN QUESTI MESI DALLA MAGISTRATURA. NON POSSO TRASCURARE NEMMENO IN QUESTO CONTESTO DI RIMARCARE LA LOGICA CHE SOTTENDE ALLA CONDOTTA ANCHE DI QUESTA AMMINISTRAZIONE NELL&#8217;AFFRONTARE LA QUESTIONE: SALVARE LE DECISIONI DELLE PRECEDENTI AMMINISTRAZIONI IGNORANDO ADDIRITTURA LE SENTENZE DEI GIUDICI CHE VENGONO ADDIRITTURA ACCUSATI DI NON CAPIRE NIENTE: PARLIAMO DEL TERZO POTERE DELLO STATO! UN GIUDICE NON CAPISCE NIENTE E NOI QUA A TORREMAGGIORE CAPIAMO E SAPPIAMO TUTTO!<\/p>\n<p class=\"western\" align=\"JUSTIFY\">NON VOGLIO FARE RETORICA, SONO OGGETTO DI NUMEROSE ACCUSE E DI NEFANDEZZE DIRETTE ALLA MIA PERSONA, MA CI SONO COSE CHE NON POSSO PI\u00d9 TACERE. CI DICONO CHE IL COMUNE NON HA SOLDI PER\u00d2 ABBIAMO UN BILANCIO IN ATTIVO. L<span style=\"font-family: SimSun, \u5b8b\u4f53;\">\u2019<\/span>ATTIVO DI BILANCIO \u00c8&#8217; UN ARTIFICIO \u2013 ANCORA UNA VOLTA UN INGANNO \u2013 GIACCH\u00c9 VENGONO FATTE PASSARE PER ATTIVO LE SOMME OGGETTO DELLE INGIUNZIONI FISCALI OPPOSTE (COME SE FOSSERO CAMBIALI DA INCASSARE) E PER LEGITTIMARE QUESTO ESPEDIENTE \u2013 E CONSEGUENTEMENTE L&#8217;AZIONE POLITICA DELLA MAGGIORANZA \u2013 L<span style=\"font-family: SimSun, \u5b8b\u4f53;\">\u2019<\/span>AMMINISTRAZIONE \u00c8 DISPOSTA AD INVESTIRE IN ANTICIPAZIONI A TITOLO DI SPESE LEGALI CON SOLDI CHE NON CI SONO, SOTTRAENDOLI CHIARAMENTE AD ALTRI PROGETTI AD ALTRI INVESTIMENTI PI\u00d9 URGENTI PER LA NOSTRA TERRA.<\/p>\n<p class=\"western\" align=\"JUSTIFY\">INSOMMA, VIENE FATTA UNA QUESTIONE DI PRINCIPIO PIUTTOSTO CHE DI BUON SENSO SOLO PER ASSEVERARE L&#8217; OPERATO DI QUALCUNO CHE, SBAGLIANDO, HA CONSIGLIATO UNA CERTA LINEA DI AZIONE E CHE ORA NON HA L&#8217; UMILT\u00c0 DI RICONSIDERARE LA QUESTIONE DI FRONTE ALL&#8217; EVIDENZA CHE QUELLE SCELTE ERANO SBAGLIATE, QUELLO STESSO BUON SENSO CHE DA PARTE DEI CITTADINI DEL PEEP \u00c8&#8217; STATO SEMPRE ANTEPOSTO CHIEDENDO DI RIVEDERE I CONTEGGI PRIMA CHE SI SCATENASSE IL CONTENZIOSO.<\/p>\n<p class=\"western\" align=\"JUSTIFY\">PRATICAMENTE SI VUOLE FARE CASSA CON I SOLDI DEI CITTADINI DEL PEEP E QUESTO NON SI PU\u00d2 ACCETTARE, SOPRATTUTTO SE COMPORTA DUE PESI E DUE MISURE. E QUESTO NON PU\u00d2 ESSERE ACCETTATO. NON SONO I CITTADINI DEL PEEP CHE DEVONO SALVARE L&#8217;ECONOMIA DI QUESTO PAESE O FARSI CARICO DI SCELTE SBAGLIATE E DEI COSTI E DEI RITARDI DELLA POLITICA.<\/p>\n<p class=\"western\" align=\"JUSTIFY\">UN&#8217;AMMINISTRAZIONE CHE MOSTRA CONTINUIT\u00c0 CON I SUOI PREDECESSORI (E I LORO ERRORI) NON FA SICURAMENTE GLI INTERESSI DEI CITTADINI.<\/p>\n<p class=\"western\" align=\"JUSTIFY\">L&#8217;AMMINISTRAZIONE VOLEVA RISPARMIARE DEI SOLDI? PERCH\u00c8 ALLORA CERCARE UN TECNICO ESTERNO DA PAGARE CON I SOLDI DI TUTTI NOI SE IN COMUNE ABBIAMO DELLE PROFESSIONALIT\u00c0 E DEI TECNICI CHE HANNO CONOSCENZA DELLE QUESTIONI. ED ANCORA, GLI AUMENTI DI STIPENDIO ALL&#8217;ORGANO POLITICO ISTITUZIONALE, LA NOMINA DEL PORTAVOCE, L&#8217;INTRODUZIONE DEL SERVIZIO DI PORTARIATO, L&#8217;ASSUNZIONE A TEMPO DETERMINATO DEGLI AUSILIARI DEL TRAFFICO, LA NOMINA DEL COORDINATORE DELL&#8217;UFFICIO TECNICO? LA DISCREZIONALIT\u00c0 DELLA PUBBLICA AMMINISTRAZIONE NON DEVE GRAVARE SULLE SPALLE DEI CITTADINI SOPRATTUTTO QUANDO NON CI SONO SOLDI DA SPENDERE.<\/p>\n<p class=\"western\" align=\"JUSTIFY\">ECCO, VI LASCIO CON QUESTI PUNTI DI RIFLESSIONE CHE MI HANNO INDOTTO AD ABBANDONARE L&#8217;AULA CONSILIARE IN SEGNO DI PROTESTA NEI CONFRONTI DI UN&#8217;AMMINISTRAZIONE IL CUI RISULATO NEGATIVO DELLA SUA OPERATIVIT\u00c0 E&#8217; SOTTO GLI OCCHI DI TUTTI.<\/p>\n<p class=\"western\" align=\"JUSTIFY\">MARCO FAIENZA<\/p>\n<p align=\"JUSTIFY\">Nota del consigliere comunale di minoranza Marco Faienza; la responsabilit\u00e0 del contenuto \u00e8 <strong>ESCLUSIVAMENTE<\/strong> dell&#8217;autore<\/p>\n","protected":false},"excerpt":{"rendered":"<p>IL CONSIGLIERE COMUNALE DEL MOVIMENTO POLITICO PAESE MIO\/SPAZIO AI GIOVANI ABBANDONA I LAVORI CONSILIARI DEL<\/p>\n","protected":false},"author":2,"featured_media":8149,"comment_status":"closed","ping_status":"open","sticky":false,"template":"","format":"standard","meta":{"footnotes":""},"categories":[4],"tags":[8],"class_list":["post-8613","post","type-post","status-publish","format-standard","has-post-thumbnail","hentry","category-politica","tag-torremaggiore"],"yoast_head":"<!-- This site is optimized with the Yoast SEO plugin v27.4 - https:\/\/yoast.com\/product\/yoast-seo-wordpress\/ -->\n<title>Il consigliere di minoranza Marco Faienza ha abbandonato i lavori consiliari del 28 luglio 2017: ecco le ragioni - Torremaggiore On Line<\/title>\n<meta name=\"robots\" content=\"index, follow, max-snippet:-1, max-image-preview:large, max-video-preview:-1\" \/>\n<link rel=\"canonical\" href=\"https:\/\/www.torremaggiore.com\/notizie\/2017\/consigliere-minoranza-marco-faienza-abbandonato-lavori-consiliari-del-28-luglio-2017-le-ragioni\/\" \/>\n<meta property=\"og:locale\" content=\"it_IT\" \/>\n<meta property=\"og:type\" content=\"article\" \/>\n<meta property=\"og:title\" content=\"Il consigliere di minoranza Marco Faienza ha abbandonato i lavori consiliari del 28 luglio 2017: ecco le ragioni - Torremaggiore On Line\" \/>\n<meta property=\"og:description\" content=\"IL CONSIGLIERE COMUNALE DEL MOVIMENTO POLITICO PAESE MIO\/SPAZIO AI GIOVANI ABBANDONA I LAVORI CONSILIARI DEL\" \/>\n<meta property=\"og:url\" content=\"https:\/\/www.torremaggiore.com\/notizie\/2017\/consigliere-minoranza-marco-faienza-abbandonato-lavori-consiliari-del-28-luglio-2017-le-ragioni\/\" \/>\n<meta property=\"og:site_name\" content=\"Torremaggiore On Line\" \/>\n<meta property=\"article:published_time\" content=\"2017-07-29T09:57:13+00:00\" \/>\n<meta property=\"article:modified_time\" content=\"2017-08-01T17:15:02+00:00\" \/>\n<meta property=\"og:image\" content=\"https:\/\/www.torremaggiore.com\/notizie\/wp-content\/uploads\/2017\/03\/marco-faienza-liste-2017.jpg\" \/>\n\t<meta property=\"og:image:width\" content=\"606\" \/>\n\t<meta property=\"og:image:height\" content=\"262\" \/>\n\t<meta property=\"og:image:type\" content=\"image\/jpeg\" \/>\n<meta name=\"author\" content=\"Staff\" \/>\n<meta name=\"twitter:card\" content=\"summary_large_image\" \/>\n<meta name=\"twitter:label1\" content=\"Scritto da\" \/>\n\t<meta name=\"twitter:data1\" content=\"Staff\" \/>\n\t<meta name=\"twitter:label2\" content=\"Tempo di lettura stimato\" \/>\n\t<meta name=\"twitter:data2\" content=\"5 minuti\" \/>\n<script type=\"application\/ld+json\" class=\"yoast-schema-graph\">{\"@context\":\"https:\\\/\\\/schema.org\",\"@graph\":[{\"@type\":\"Article\",\"@id\":\"https:\\\/\\\/www.torremaggiore.com\\\/notizie\\\/2017\\\/consigliere-minoranza-marco-faienza-abbandonato-lavori-consiliari-del-28-luglio-2017-le-ragioni\\\/#article\",\"isPartOf\":{\"@id\":\"https:\\\/\\\/www.torremaggiore.com\\\/notizie\\\/2017\\\/consigliere-minoranza-marco-faienza-abbandonato-lavori-consiliari-del-28-luglio-2017-le-ragioni\\\/\"},\"author\":{\"name\":\"Staff\",\"@id\":\"https:\\\/\\\/www.torremaggiore.com\\\/notizie\\\/#\\\/schema\\\/person\\\/b789462c927517766c1bcfb452c8d85e\"},\"headline\":\"Il consigliere di minoranza Marco Faienza ha abbandonato i lavori consiliari del 28 luglio 2017: ecco le ragioni\",\"datePublished\":\"2017-07-29T09:57:13+00:00\",\"dateModified\":\"2017-08-01T17:15:02+00:00\",\"mainEntityOfPage\":{\"@id\":\"https:\\\/\\\/www.torremaggiore.com\\\/notizie\\\/2017\\\/consigliere-minoranza-marco-faienza-abbandonato-lavori-consiliari-del-28-luglio-2017-le-ragioni\\\/\"},\"wordCount\":1078,\"publisher\":{\"@id\":\"https:\\\/\\\/www.torremaggiore.com\\\/notizie\\\/#organization\"},\"image\":{\"@id\":\"https:\\\/\\\/www.torremaggiore.com\\\/notizie\\\/2017\\\/consigliere-minoranza-marco-faienza-abbandonato-lavori-consiliari-del-28-luglio-2017-le-ragioni\\\/#primaryimage\"},\"thumbnailUrl\":\"https:\\\/\\\/www.torremaggiore.com\\\/notizie\\\/wp-content\\\/uploads\\\/2017\\\/03\\\/marco-faienza-liste-2017.jpg\",\"keywords\":[\"torremaggiore\"],\"articleSection\":[\"Politica\"],\"inLanguage\":\"it-IT\"},{\"@type\":\"WebPage\",\"@id\":\"https:\\\/\\\/www.torremaggiore.com\\\/notizie\\\/2017\\\/consigliere-minoranza-marco-faienza-abbandonato-lavori-consiliari-del-28-luglio-2017-le-ragioni\\\/\",\"url\":\"https:\\\/\\\/www.torremaggiore.com\\\/notizie\\\/2017\\\/consigliere-minoranza-marco-faienza-abbandonato-lavori-consiliari-del-28-luglio-2017-le-ragioni\\\/\",\"name\":\"Il consigliere di minoranza Marco Faienza ha abbandonato i lavori consiliari del 28 luglio 2017: ecco le ragioni - Torremaggiore On Line\",\"isPartOf\":{\"@id\":\"https:\\\/\\\/www.torremaggiore.com\\\/notizie\\\/#website\"},\"primaryImageOfPage\":{\"@id\":\"https:\\\/\\\/www.torremaggiore.com\\\/notizie\\\/2017\\\/consigliere-minoranza-marco-faienza-abbandonato-lavori-consiliari-del-28-luglio-2017-le-ragioni\\\/#primaryimage\"},\"image\":{\"@id\":\"https:\\\/\\\/www.torremaggiore.com\\\/notizie\\\/2017\\\/consigliere-minoranza-marco-faienza-abbandonato-lavori-consiliari-del-28-luglio-2017-le-ragioni\\\/#primaryimage\"},\"thumbnailUrl\":\"https:\\\/\\\/www.torremaggiore.com\\\/notizie\\\/wp-content\\\/uploads\\\/2017\\\/03\\\/marco-faienza-liste-2017.jpg\",\"datePublished\":\"2017-07-29T09:57:13+00:00\",\"dateModified\":\"2017-08-01T17:15:02+00:00\",\"breadcrumb\":{\"@id\":\"https:\\\/\\\/www.torremaggiore.com\\\/notizie\\\/2017\\\/consigliere-minoranza-marco-faienza-abbandonato-lavori-consiliari-del-28-luglio-2017-le-ragioni\\\/#breadcrumb\"},\"inLanguage\":\"it-IT\",\"potentialAction\":[{\"@type\":\"ReadAction\",\"target\":[\"https:\\\/\\\/www.torremaggiore.com\\\/notizie\\\/2017\\\/consigliere-minoranza-marco-faienza-abbandonato-lavori-consiliari-del-28-luglio-2017-le-ragioni\\\/\"]}]},{\"@type\":\"ImageObject\",\"inLanguage\":\"it-IT\",\"@id\":\"https:\\\/\\\/www.torremaggiore.com\\\/notizie\\\/2017\\\/consigliere-minoranza-marco-faienza-abbandonato-lavori-consiliari-del-28-luglio-2017-le-ragioni\\\/#primaryimage\",\"url\":\"https:\\\/\\\/www.torremaggiore.com\\\/notizie\\\/wp-content\\\/uploads\\\/2017\\\/03\\\/marco-faienza-liste-2017.jpg\",\"contentUrl\":\"https:\\\/\\\/www.torremaggiore.com\\\/notizie\\\/wp-content\\\/uploads\\\/2017\\\/03\\\/marco-faienza-liste-2017.jpg\",\"width\":606,\"height\":262},{\"@type\":\"BreadcrumbList\",\"@id\":\"https:\\\/\\\/www.torremaggiore.com\\\/notizie\\\/2017\\\/consigliere-minoranza-marco-faienza-abbandonato-lavori-consiliari-del-28-luglio-2017-le-ragioni\\\/#breadcrumb\",\"itemListElement\":[{\"@type\":\"ListItem\",\"position\":1,\"name\":\"Home\",\"item\":\"https:\\\/\\\/www.torremaggiore.com\\\/notizie\\\/\"},{\"@type\":\"ListItem\",\"position\":2,\"name\":\"Il consigliere di minoranza Marco Faienza ha abbandonato i lavori consiliari del 28 luglio 2017: ecco le ragioni\"}]},{\"@type\":\"WebSite\",\"@id\":\"https:\\\/\\\/www.torremaggiore.com\\\/notizie\\\/#website\",\"url\":\"https:\\\/\\\/www.torremaggiore.com\\\/notizie\\\/\",\"name\":\"Torremaggiore On Line\",\"description\":\"La Web Community di Torremaggiore\",\"publisher\":{\"@id\":\"https:\\\/\\\/www.torremaggiore.com\\\/notizie\\\/#organization\"},\"potentialAction\":[{\"@type\":\"SearchAction\",\"target\":{\"@type\":\"EntryPoint\",\"urlTemplate\":\"https:\\\/\\\/www.torremaggiore.com\\\/notizie\\\/?s={search_term_string}\"},\"query-input\":{\"@type\":\"PropertyValueSpecification\",\"valueRequired\":true,\"valueName\":\"search_term_string\"}}],\"inLanguage\":\"it-IT\"},{\"@type\":\"Organization\",\"@id\":\"https:\\\/\\\/www.torremaggiore.com\\\/notizie\\\/#organization\",\"name\":\"Torremaggiore On Line\",\"url\":\"https:\\\/\\\/www.torremaggiore.com\\\/notizie\\\/\",\"logo\":{\"@type\":\"ImageObject\",\"inLanguage\":\"it-IT\",\"@id\":\"https:\\\/\\\/www.torremaggiore.com\\\/notizie\\\/#\\\/schema\\\/logo\\\/image\\\/\",\"url\":\"https:\\\/\\\/www.torremaggiore.com\\\/notizie\\\/wp-content\\\/uploads\\\/2020\\\/03\\\/logo-tmol20.gif\",\"contentUrl\":\"https:\\\/\\\/www.torremaggiore.com\\\/notizie\\\/wp-content\\\/uploads\\\/2020\\\/03\\\/logo-tmol20.gif\",\"width\":260,\"height\":95,\"caption\":\"Torremaggiore On Line\"},\"image\":{\"@id\":\"https:\\\/\\\/www.torremaggiore.com\\\/notizie\\\/#\\\/schema\\\/logo\\\/image\\\/\"}},{\"@type\":\"Person\",\"@id\":\"https:\\\/\\\/www.torremaggiore.com\\\/notizie\\\/#\\\/schema\\\/person\\\/b789462c927517766c1bcfb452c8d85e\",\"name\":\"Staff\",\"image\":{\"@type\":\"ImageObject\",\"inLanguage\":\"it-IT\",\"@id\":\"https:\\\/\\\/secure.gravatar.com\\\/avatar\\\/fd311f248f82517b1efd21a54e666df2c5b705bb4a4fb804f3903c94be513fee?s=96&d=mm&r=g\",\"url\":\"https:\\\/\\\/secure.gravatar.com\\\/avatar\\\/fd311f248f82517b1efd21a54e666df2c5b705bb4a4fb804f3903c94be513fee?s=96&d=mm&r=g\",\"contentUrl\":\"https:\\\/\\\/secure.gravatar.com\\\/avatar\\\/fd311f248f82517b1efd21a54e666df2c5b705bb4a4fb804f3903c94be513fee?s=96&d=mm&r=g\",\"caption\":\"Staff\"},\"sameAs\":[\"https:\\\/\\\/www.micheleantonucci.it\"],\"url\":\"https:\\\/\\\/www.torremaggiore.com\\\/notizie\\\/author\\\/staff\\\/\"}]}<\/script>\n<!-- \/ Yoast SEO plugin. -->","yoast_head_json":{"title":"Il consigliere di minoranza Marco Faienza ha abbandonato i lavori consiliari del 28 luglio 2017: ecco le ragioni - Torremaggiore On Line","robots":{"index":"index","follow":"follow","max-snippet":"max-snippet:-1","max-image-preview":"max-image-preview:large","max-video-preview":"max-video-preview:-1"},"canonical":"https:\/\/www.torremaggiore.com\/notizie\/2017\/consigliere-minoranza-marco-faienza-abbandonato-lavori-consiliari-del-28-luglio-2017-le-ragioni\/","og_locale":"it_IT","og_type":"article","og_title":"Il consigliere di minoranza Marco Faienza ha abbandonato i lavori consiliari del 28 luglio 2017: ecco le ragioni - Torremaggiore On Line","og_description":"IL CONSIGLIERE COMUNALE DEL MOVIMENTO POLITICO PAESE MIO\/SPAZIO AI GIOVANI ABBANDONA I LAVORI CONSILIARI DEL","og_url":"https:\/\/www.torremaggiore.com\/notizie\/2017\/consigliere-minoranza-marco-faienza-abbandonato-lavori-consiliari-del-28-luglio-2017-le-ragioni\/","og_site_name":"Torremaggiore On Line","article_published_time":"2017-07-29T09:57:13+00:00","article_modified_time":"2017-08-01T17:15:02+00:00","og_image":[{"width":606,"height":262,"url":"https:\/\/www.torremaggiore.com\/notizie\/wp-content\/uploads\/2017\/03\/marco-faienza-liste-2017.jpg","type":"image\/jpeg"}],"author":"Staff","twitter_card":"summary_large_image","twitter_misc":{"Scritto da":"Staff","Tempo di lettura stimato":"5 minuti"},"schema":{"@context":"https:\/\/schema.org","@graph":[{"@type":"Article","@id":"https:\/\/www.torremaggiore.com\/notizie\/2017\/consigliere-minoranza-marco-faienza-abbandonato-lavori-consiliari-del-28-luglio-2017-le-ragioni\/#article","isPartOf":{"@id":"https:\/\/www.torremaggiore.com\/notizie\/2017\/consigliere-minoranza-marco-faienza-abbandonato-lavori-consiliari-del-28-luglio-2017-le-ragioni\/"},"author":{"name":"Staff","@id":"https:\/\/www.torremaggiore.com\/notizie\/#\/schema\/person\/b789462c927517766c1bcfb452c8d85e"},"headline":"Il consigliere di minoranza Marco Faienza ha abbandonato i lavori consiliari del 28 luglio 2017: ecco le ragioni","datePublished":"2017-07-29T09:57:13+00:00","dateModified":"2017-08-01T17:15:02+00:00","mainEntityOfPage":{"@id":"https:\/\/www.torremaggiore.com\/notizie\/2017\/consigliere-minoranza-marco-faienza-abbandonato-lavori-consiliari-del-28-luglio-2017-le-ragioni\/"},"wordCount":1078,"publisher":{"@id":"https:\/\/www.torremaggiore.com\/notizie\/#organization"},"image":{"@id":"https:\/\/www.torremaggiore.com\/notizie\/2017\/consigliere-minoranza-marco-faienza-abbandonato-lavori-consiliari-del-28-luglio-2017-le-ragioni\/#primaryimage"},"thumbnailUrl":"https:\/\/www.torremaggiore.com\/notizie\/wp-content\/uploads\/2017\/03\/marco-faienza-liste-2017.jpg","keywords":["torremaggiore"],"articleSection":["Politica"],"inLanguage":"it-IT"},{"@type":"WebPage","@id":"https:\/\/www.torremaggiore.com\/notizie\/2017\/consigliere-minoranza-marco-faienza-abbandonato-lavori-consiliari-del-28-luglio-2017-le-ragioni\/","url":"https:\/\/www.torremaggiore.com\/notizie\/2017\/consigliere-minoranza-marco-faienza-abbandonato-lavori-consiliari-del-28-luglio-2017-le-ragioni\/","name":"Il consigliere di minoranza Marco Faienza ha abbandonato i lavori consiliari del 28 luglio 2017: ecco le ragioni - Torremaggiore On Line","isPartOf":{"@id":"https:\/\/www.torremaggiore.com\/notizie\/#website"},"primaryImageOfPage":{"@id":"https:\/\/www.torremaggiore.com\/notizie\/2017\/consigliere-minoranza-marco-faienza-abbandonato-lavori-consiliari-del-28-luglio-2017-le-ragioni\/#primaryimage"},"image":{"@id":"https:\/\/www.torremaggiore.com\/notizie\/2017\/consigliere-minoranza-marco-faienza-abbandonato-lavori-consiliari-del-28-luglio-2017-le-ragioni\/#primaryimage"},"thumbnailUrl":"https:\/\/www.torremaggiore.com\/notizie\/wp-content\/uploads\/2017\/03\/marco-faienza-liste-2017.jpg","datePublished":"2017-07-29T09:57:13+00:00","dateModified":"2017-08-01T17:15:02+00:00","breadcrumb":{"@id":"https:\/\/www.torremaggiore.com\/notizie\/2017\/consigliere-minoranza-marco-faienza-abbandonato-lavori-consiliari-del-28-luglio-2017-le-ragioni\/#breadcrumb"},"inLanguage":"it-IT","potentialAction":[{"@type":"ReadAction","target":["https:\/\/www.torremaggiore.com\/notizie\/2017\/consigliere-minoranza-marco-faienza-abbandonato-lavori-consiliari-del-28-luglio-2017-le-ragioni\/"]}]},{"@type":"ImageObject","inLanguage":"it-IT","@id":"https:\/\/www.torremaggiore.com\/notizie\/2017\/consigliere-minoranza-marco-faienza-abbandonato-lavori-consiliari-del-28-luglio-2017-le-ragioni\/#primaryimage","url":"https:\/\/www.torremaggiore.com\/notizie\/wp-content\/uploads\/2017\/03\/marco-faienza-liste-2017.jpg","contentUrl":"https:\/\/www.torremaggiore.com\/notizie\/wp-content\/uploads\/2017\/03\/marco-faienza-liste-2017.jpg","width":606,"height":262},{"@type":"BreadcrumbList","@id":"https:\/\/www.torremaggiore.com\/notizie\/2017\/consigliere-minoranza-marco-faienza-abbandonato-lavori-consiliari-del-28-luglio-2017-le-ragioni\/#breadcrumb","itemListElement":[{"@type":"ListItem","position":1,"name":"Home","item":"https:\/\/www.torremaggiore.com\/notizie\/"},{"@type":"ListItem","position":2,"name":"Il consigliere di minoranza Marco Faienza ha abbandonato i lavori consiliari del 28 luglio 2017: ecco le ragioni"}]},{"@type":"WebSite","@id":"https:\/\/www.torremaggiore.com\/notizie\/#website","url":"https:\/\/www.torremaggiore.com\/notizie\/","name":"Torremaggiore On Line","description":"La Web Community di Torremaggiore","publisher":{"@id":"https:\/\/www.torremaggiore.com\/notizie\/#organization"},"potentialAction":[{"@type":"SearchAction","target":{"@type":"EntryPoint","urlTemplate":"https:\/\/www.torremaggiore.com\/notizie\/?s={search_term_string}"},"query-input":{"@type":"PropertyValueSpecification","valueRequired":true,"valueName":"search_term_string"}}],"inLanguage":"it-IT"},{"@type":"Organization","@id":"https:\/\/www.torremaggiore.com\/notizie\/#organization","name":"Torremaggiore On Line","url":"https:\/\/www.torremaggiore.com\/notizie\/","logo":{"@type":"ImageObject","inLanguage":"it-IT","@id":"https:\/\/www.torremaggiore.com\/notizie\/#\/schema\/logo\/image\/","url":"https:\/\/www.torremaggiore.com\/notizie\/wp-content\/uploads\/2020\/03\/logo-tmol20.gif","contentUrl":"https:\/\/www.torremaggiore.com\/notizie\/wp-content\/uploads\/2020\/03\/logo-tmol20.gif","width":260,"height":95,"caption":"Torremaggiore On Line"},"image":{"@id":"https:\/\/www.torremaggiore.com\/notizie\/#\/schema\/logo\/image\/"}},{"@type":"Person","@id":"https:\/\/www.torremaggiore.com\/notizie\/#\/schema\/person\/b789462c927517766c1bcfb452c8d85e","name":"Staff","image":{"@type":"ImageObject","inLanguage":"it-IT","@id":"https:\/\/secure.gravatar.com\/avatar\/fd311f248f82517b1efd21a54e666df2c5b705bb4a4fb804f3903c94be513fee?s=96&d=mm&r=g","url":"https:\/\/secure.gravatar.com\/avatar\/fd311f248f82517b1efd21a54e666df2c5b705bb4a4fb804f3903c94be513fee?s=96&d=mm&r=g","contentUrl":"https:\/\/secure.gravatar.com\/avatar\/fd311f248f82517b1efd21a54e666df2c5b705bb4a4fb804f3903c94be513fee?s=96&d=mm&r=g","caption":"Staff"},"sameAs":["https:\/\/www.micheleantonucci.it"],"url":"https:\/\/www.torremaggiore.com\/notizie\/author\/staff\/"}]}},"_links":{"self":[{"href":"https:\/\/www.torremaggiore.com\/notizie\/wp-json\/wp\/v2\/posts\/8613","targetHints":{"allow":["GET"]}}],"collection":[{"href":"https:\/\/www.torremaggiore.com\/notizie\/wp-json\/wp\/v2\/posts"}],"about":[{"href":"https:\/\/www.torremaggiore.com\/notizie\/wp-json\/wp\/v2\/types\/post"}],"author":[{"embeddable":true,"href":"https:\/\/www.torremaggiore.com\/notizie\/wp-json\/wp\/v2\/users\/2"}],"replies":[{"embeddable":true,"href":"https:\/\/www.torremaggiore.com\/notizie\/wp-json\/wp\/v2\/comments?post=8613"}],"version-history":[{"count":0,"href":"https:\/\/www.torremaggiore.com\/notizie\/wp-json\/wp\/v2\/posts\/8613\/revisions"}],"wp:featuredmedia":[{"embeddable":true,"href":"https:\/\/www.torremaggiore.com\/notizie\/wp-json\/wp\/v2\/media\/8149"}],"wp:attachment":[{"href":"https:\/\/www.torremaggiore.com\/notizie\/wp-json\/wp\/v2\/media?parent=8613"}],"wp:term":[{"taxonomy":"category","embeddable":true,"href":"https:\/\/www.torremaggiore.com\/notizie\/wp-json\/wp\/v2\/categories?post=8613"},{"taxonomy":"post_tag","embeddable":true,"href":"https:\/\/www.torremaggiore.com\/notizie\/wp-json\/wp\/v2\/tags?post=8613"}],"curies":[{"name":"wp","href":"https:\/\/api.w.org\/{rel}","templated":true}]}}