{"id":8516,"date":"2017-06-30T18:16:55","date_gmt":"2017-06-30T16:16:55","guid":{"rendered":"http:\/\/www.torremaggiore.com\/notizie\/?p=8516"},"modified":"2017-06-30T18:16:55","modified_gmt":"2017-06-30T16:16:55","slug":"7-luglio-2017-torremaggiore-duemila-giorni-riapre-la-villa-comunale-federico-ii-svevia","status":"publish","type":"post","link":"https:\/\/www.torremaggiore.com\/notizie\/2017\/7-luglio-2017-torremaggiore-duemila-giorni-riapre-la-villa-comunale-federico-ii-svevia\/","title":{"rendered":"il 7 luglio 2017 a Torremaggiore  dopo duemila giorni, riapre la Villa Comunale Federico II di Svevia"},"content":{"rendered":"<p>\u201cDopo duemila giorni di chiusura, finalmente, verranno riaperti al pubblico i giardini della Villa Comunale. Sar\u00e0 una festa di popolo. Sar\u00e0 una festa aperta a tutti\u201d. Lo annuncia il Sindaco di Torremaggiore, Pasquale Monteleone, in vista della inaugurazione prevista per <strong>venerd\u00ec 7 luglio alle 20<\/strong> e che riaprir\u00e0 le porte di un importante luogo di aggregazione per i torremaggioresi dopo cinque anni di chiusura. \u201cTerminati i lavori di ristrutturazione del muretto di cinta, delle inferriate, della pavimentazione, cos\u00ec come sono stati conclusi altri interventi urgenti. Fin dal nostro insediamento, un anno fa, ci siamo impegnati alacremente per mantenere fede all\u2019impegno preso con la citt\u00e0: quello di restituire la Villa alla fruibilit\u00e0 di tutti. E ci siamo riusciti grazie all\u2019impegno di tutta l\u2019Amministrazione comunale che mi onoro di guidare\u201d, spiega il primo cittadino.<\/p>\n<p>La Villa, costruita agli inizi del Novecento nell\u2019area a ridosso del Castello Ducale, ha sempre costituito il principale polo di attrazione per i torremaggioresi assieme alla \u201cPineta\u201d. \u201cOra, dopo la riqualificazione, ci apprestiamo a riempirla immediatamente di contenuti, complice la stagione estiva, andando a restituire alla Citt\u00e0 una parte rilevante del patrimonio storico ed architettonico, utile al progresso culturale e civico della nostra Comunit\u00e0. Uno spazio di cui dovranno essere custodi, oltre che fruitori, innanzitutto le giovani generazioni affinch\u00e9 sappiano preservare un importante luogo di aggregazione sociale oltre che uno spazio utile per le attivit\u00e0 ricreative\u201d, conclude Pasquale Monteleone.<\/p>\n","protected":false},"excerpt":{"rendered":"<p>\u201cDopo duemila giorni di chiusura, finalmente, verranno riaperti al pubblico i giardini della Villa Comunale.<\/p>\n","protected":false},"author":2,"featured_media":8517,"comment_status":"closed","ping_status":"open","sticky":false,"template":"","format":"standard","meta":{"footnotes":""},"categories":[1,250],"tags":[],"class_list":["post-8516","post","type-post","status-publish","format-standard","has-post-thumbnail","hentry","category-appuntamenti","category-prima-pagina"],"yoast_head":"<!-- This site is optimized with the Yoast SEO plugin v27.4 - https:\/\/yoast.com\/product\/yoast-seo-wordpress\/ -->\n<title>il 7 luglio 2017 a Torremaggiore dopo duemila giorni, riapre la Villa Comunale Federico II di Svevia - Torremaggiore On Line<\/title>\n<meta name=\"robots\" content=\"index, follow, max-snippet:-1, max-image-preview:large, max-video-preview:-1\" \/>\n<link rel=\"canonical\" href=\"https:\/\/www.torremaggiore.com\/notizie\/2017\/7-luglio-2017-torremaggiore-duemila-giorni-riapre-la-villa-comunale-federico-ii-svevia\/\" \/>\n<meta property=\"og:locale\" content=\"it_IT\" \/>\n<meta property=\"og:type\" content=\"article\" \/>\n<meta property=\"og:title\" content=\"il 7 luglio 2017 a Torremaggiore dopo duemila giorni, riapre la Villa Comunale Federico II di Svevia - Torremaggiore On Line\" \/>\n<meta property=\"og:description\" content=\"\u201cDopo duemila giorni di chiusura, finalmente, verranno riaperti al pubblico i giardini della Villa Comunale.\" \/>\n<meta property=\"og:url\" content=\"https:\/\/www.torremaggiore.com\/notizie\/2017\/7-luglio-2017-torremaggiore-duemila-giorni-riapre-la-villa-comunale-federico-ii-svevia\/\" \/>\n<meta property=\"og:site_name\" content=\"Torremaggiore On Line\" \/>\n<meta property=\"article:published_time\" content=\"2017-06-30T16:16:55+00:00\" \/>\n<meta property=\"og:image\" content=\"https:\/\/www.torremaggiore.com\/notizie\/wp-content\/uploads\/2017\/06\/villa-torremaggiore-2017.jpg\" \/>\n\t<meta property=\"og:image:width\" content=\"448\" \/>\n\t<meta property=\"og:image:height\" content=\"336\" \/>\n\t<meta property=\"og:image:type\" content=\"image\/jpeg\" \/>\n<meta name=\"author\" content=\"Staff\" \/>\n<meta name=\"twitter:card\" content=\"summary_large_image\" \/>\n<meta name=\"twitter:label1\" content=\"Scritto da\" \/>\n\t<meta name=\"twitter:data1\" content=\"Staff\" \/>\n\t<meta name=\"twitter:label2\" content=\"Tempo di lettura stimato\" \/>\n\t<meta name=\"twitter:data2\" content=\"1 minuto\" \/>\n<script type=\"application\/ld+json\" class=\"yoast-schema-graph\">{\"@context\":\"https:\\\/\\\/schema.org\",\"@graph\":[{\"@type\":\"Article\",\"@id\":\"https:\\\/\\\/www.torremaggiore.com\\\/notizie\\\/2017\\\/7-luglio-2017-torremaggiore-duemila-giorni-riapre-la-villa-comunale-federico-ii-svevia\\\/#article\",\"isPartOf\":{\"@id\":\"https:\\\/\\\/www.torremaggiore.com\\\/notizie\\\/2017\\\/7-luglio-2017-torremaggiore-duemila-giorni-riapre-la-villa-comunale-federico-ii-svevia\\\/\"},\"author\":{\"name\":\"Staff\",\"@id\":\"https:\\\/\\\/www.torremaggiore.com\\\/notizie\\\/#\\\/schema\\\/person\\\/b789462c927517766c1bcfb452c8d85e\"},\"headline\":\"il 7 luglio 2017 a Torremaggiore dopo duemila giorni, riapre la Villa Comunale Federico II di Svevia\",\"datePublished\":\"2017-06-30T16:16:55+00:00\",\"mainEntityOfPage\":{\"@id\":\"https:\\\/\\\/www.torremaggiore.com\\\/notizie\\\/2017\\\/7-luglio-2017-torremaggiore-duemila-giorni-riapre-la-villa-comunale-federico-ii-svevia\\\/\"},\"wordCount\":248,\"publisher\":{\"@id\":\"https:\\\/\\\/www.torremaggiore.com\\\/notizie\\\/#organization\"},\"image\":{\"@id\":\"https:\\\/\\\/www.torremaggiore.com\\\/notizie\\\/2017\\\/7-luglio-2017-torremaggiore-duemila-giorni-riapre-la-villa-comunale-federico-ii-svevia\\\/#primaryimage\"},\"thumbnailUrl\":\"https:\\\/\\\/www.torremaggiore.com\\\/notizie\\\/wp-content\\\/uploads\\\/2017\\\/06\\\/villa-torremaggiore-2017.jpg\",\"articleSection\":[\"Appuntamenti\",\"Prima Pagina\"],\"inLanguage\":\"it-IT\"},{\"@type\":\"WebPage\",\"@id\":\"https:\\\/\\\/www.torremaggiore.com\\\/notizie\\\/2017\\\/7-luglio-2017-torremaggiore-duemila-giorni-riapre-la-villa-comunale-federico-ii-svevia\\\/\",\"url\":\"https:\\\/\\\/www.torremaggiore.com\\\/notizie\\\/2017\\\/7-luglio-2017-torremaggiore-duemila-giorni-riapre-la-villa-comunale-federico-ii-svevia\\\/\",\"name\":\"il 7 luglio 2017 a Torremaggiore dopo duemila giorni, riapre la Villa Comunale Federico II di Svevia - Torremaggiore On Line\",\"isPartOf\":{\"@id\":\"https:\\\/\\\/www.torremaggiore.com\\\/notizie\\\/#website\"},\"primaryImageOfPage\":{\"@id\":\"https:\\\/\\\/www.torremaggiore.com\\\/notizie\\\/2017\\\/7-luglio-2017-torremaggiore-duemila-giorni-riapre-la-villa-comunale-federico-ii-svevia\\\/#primaryimage\"},\"image\":{\"@id\":\"https:\\\/\\\/www.torremaggiore.com\\\/notizie\\\/2017\\\/7-luglio-2017-torremaggiore-duemila-giorni-riapre-la-villa-comunale-federico-ii-svevia\\\/#primaryimage\"},\"thumbnailUrl\":\"https:\\\/\\\/www.torremaggiore.com\\\/notizie\\\/wp-content\\\/uploads\\\/2017\\\/06\\\/villa-torremaggiore-2017.jpg\",\"datePublished\":\"2017-06-30T16:16:55+00:00\",\"breadcrumb\":{\"@id\":\"https:\\\/\\\/www.torremaggiore.com\\\/notizie\\\/2017\\\/7-luglio-2017-torremaggiore-duemila-giorni-riapre-la-villa-comunale-federico-ii-svevia\\\/#breadcrumb\"},\"inLanguage\":\"it-IT\",\"potentialAction\":[{\"@type\":\"ReadAction\",\"target\":[\"https:\\\/\\\/www.torremaggiore.com\\\/notizie\\\/2017\\\/7-luglio-2017-torremaggiore-duemila-giorni-riapre-la-villa-comunale-federico-ii-svevia\\\/\"]}]},{\"@type\":\"ImageObject\",\"inLanguage\":\"it-IT\",\"@id\":\"https:\\\/\\\/www.torremaggiore.com\\\/notizie\\\/2017\\\/7-luglio-2017-torremaggiore-duemila-giorni-riapre-la-villa-comunale-federico-ii-svevia\\\/#primaryimage\",\"url\":\"https:\\\/\\\/www.torremaggiore.com\\\/notizie\\\/wp-content\\\/uploads\\\/2017\\\/06\\\/villa-torremaggiore-2017.jpg\",\"contentUrl\":\"https:\\\/\\\/www.torremaggiore.com\\\/notizie\\\/wp-content\\\/uploads\\\/2017\\\/06\\\/villa-torremaggiore-2017.jpg\",\"width\":448,\"height\":336},{\"@type\":\"BreadcrumbList\",\"@id\":\"https:\\\/\\\/www.torremaggiore.com\\\/notizie\\\/2017\\\/7-luglio-2017-torremaggiore-duemila-giorni-riapre-la-villa-comunale-federico-ii-svevia\\\/#breadcrumb\",\"itemListElement\":[{\"@type\":\"ListItem\",\"position\":1,\"name\":\"Home\",\"item\":\"https:\\\/\\\/www.torremaggiore.com\\\/notizie\\\/\"},{\"@type\":\"ListItem\",\"position\":2,\"name\":\"il 7 luglio 2017 a Torremaggiore dopo duemila giorni, riapre la Villa Comunale Federico II di Svevia\"}]},{\"@type\":\"WebSite\",\"@id\":\"https:\\\/\\\/www.torremaggiore.com\\\/notizie\\\/#website\",\"url\":\"https:\\\/\\\/www.torremaggiore.com\\\/notizie\\\/\",\"name\":\"Torremaggiore On Line\",\"description\":\"La Web Community di Torremaggiore\",\"publisher\":{\"@id\":\"https:\\\/\\\/www.torremaggiore.com\\\/notizie\\\/#organization\"},\"potentialAction\":[{\"@type\":\"SearchAction\",\"target\":{\"@type\":\"EntryPoint\",\"urlTemplate\":\"https:\\\/\\\/www.torremaggiore.com\\\/notizie\\\/?s={search_term_string}\"},\"query-input\":{\"@type\":\"PropertyValueSpecification\",\"valueRequired\":true,\"valueName\":\"search_term_string\"}}],\"inLanguage\":\"it-IT\"},{\"@type\":\"Organization\",\"@id\":\"https:\\\/\\\/www.torremaggiore.com\\\/notizie\\\/#organization\",\"name\":\"Torremaggiore On Line\",\"url\":\"https:\\\/\\\/www.torremaggiore.com\\\/notizie\\\/\",\"logo\":{\"@type\":\"ImageObject\",\"inLanguage\":\"it-IT\",\"@id\":\"https:\\\/\\\/www.torremaggiore.com\\\/notizie\\\/#\\\/schema\\\/logo\\\/image\\\/\",\"url\":\"https:\\\/\\\/www.torremaggiore.com\\\/notizie\\\/wp-content\\\/uploads\\\/2020\\\/03\\\/logo-tmol20.gif\",\"contentUrl\":\"https:\\\/\\\/www.torremaggiore.com\\\/notizie\\\/wp-content\\\/uploads\\\/2020\\\/03\\\/logo-tmol20.gif\",\"width\":260,\"height\":95,\"caption\":\"Torremaggiore On Line\"},\"image\":{\"@id\":\"https:\\\/\\\/www.torremaggiore.com\\\/notizie\\\/#\\\/schema\\\/logo\\\/image\\\/\"}},{\"@type\":\"Person\",\"@id\":\"https:\\\/\\\/www.torremaggiore.com\\\/notizie\\\/#\\\/schema\\\/person\\\/b789462c927517766c1bcfb452c8d85e\",\"name\":\"Staff\",\"image\":{\"@type\":\"ImageObject\",\"inLanguage\":\"it-IT\",\"@id\":\"https:\\\/\\\/secure.gravatar.com\\\/avatar\\\/fd311f248f82517b1efd21a54e666df2c5b705bb4a4fb804f3903c94be513fee?s=96&d=mm&r=g\",\"url\":\"https:\\\/\\\/secure.gravatar.com\\\/avatar\\\/fd311f248f82517b1efd21a54e666df2c5b705bb4a4fb804f3903c94be513fee?s=96&d=mm&r=g\",\"contentUrl\":\"https:\\\/\\\/secure.gravatar.com\\\/avatar\\\/fd311f248f82517b1efd21a54e666df2c5b705bb4a4fb804f3903c94be513fee?s=96&d=mm&r=g\",\"caption\":\"Staff\"},\"sameAs\":[\"https:\\\/\\\/www.micheleantonucci.it\"],\"url\":\"https:\\\/\\\/www.torremaggiore.com\\\/notizie\\\/author\\\/staff\\\/\"}]}<\/script>\n<!-- \/ Yoast SEO plugin. -->","yoast_head_json":{"title":"il 7 luglio 2017 a Torremaggiore dopo duemila giorni, riapre la Villa Comunale Federico II di Svevia - Torremaggiore On Line","robots":{"index":"index","follow":"follow","max-snippet":"max-snippet:-1","max-image-preview":"max-image-preview:large","max-video-preview":"max-video-preview:-1"},"canonical":"https:\/\/www.torremaggiore.com\/notizie\/2017\/7-luglio-2017-torremaggiore-duemila-giorni-riapre-la-villa-comunale-federico-ii-svevia\/","og_locale":"it_IT","og_type":"article","og_title":"il 7 luglio 2017 a Torremaggiore dopo duemila giorni, riapre la Villa Comunale Federico II di Svevia - Torremaggiore On Line","og_description":"\u201cDopo duemila giorni di chiusura, finalmente, verranno riaperti al pubblico i giardini della Villa Comunale.","og_url":"https:\/\/www.torremaggiore.com\/notizie\/2017\/7-luglio-2017-torremaggiore-duemila-giorni-riapre-la-villa-comunale-federico-ii-svevia\/","og_site_name":"Torremaggiore On Line","article_published_time":"2017-06-30T16:16:55+00:00","og_image":[{"width":448,"height":336,"url":"https:\/\/www.torremaggiore.com\/notizie\/wp-content\/uploads\/2017\/06\/villa-torremaggiore-2017.jpg","type":"image\/jpeg"}],"author":"Staff","twitter_card":"summary_large_image","twitter_misc":{"Scritto da":"Staff","Tempo di lettura stimato":"1 minuto"},"schema":{"@context":"https:\/\/schema.org","@graph":[{"@type":"Article","@id":"https:\/\/www.torremaggiore.com\/notizie\/2017\/7-luglio-2017-torremaggiore-duemila-giorni-riapre-la-villa-comunale-federico-ii-svevia\/#article","isPartOf":{"@id":"https:\/\/www.torremaggiore.com\/notizie\/2017\/7-luglio-2017-torremaggiore-duemila-giorni-riapre-la-villa-comunale-federico-ii-svevia\/"},"author":{"name":"Staff","@id":"https:\/\/www.torremaggiore.com\/notizie\/#\/schema\/person\/b789462c927517766c1bcfb452c8d85e"},"headline":"il 7 luglio 2017 a Torremaggiore dopo duemila giorni, riapre la Villa Comunale Federico II di Svevia","datePublished":"2017-06-30T16:16:55+00:00","mainEntityOfPage":{"@id":"https:\/\/www.torremaggiore.com\/notizie\/2017\/7-luglio-2017-torremaggiore-duemila-giorni-riapre-la-villa-comunale-federico-ii-svevia\/"},"wordCount":248,"publisher":{"@id":"https:\/\/www.torremaggiore.com\/notizie\/#organization"},"image":{"@id":"https:\/\/www.torremaggiore.com\/notizie\/2017\/7-luglio-2017-torremaggiore-duemila-giorni-riapre-la-villa-comunale-federico-ii-svevia\/#primaryimage"},"thumbnailUrl":"https:\/\/www.torremaggiore.com\/notizie\/wp-content\/uploads\/2017\/06\/villa-torremaggiore-2017.jpg","articleSection":["Appuntamenti","Prima Pagina"],"inLanguage":"it-IT"},{"@type":"WebPage","@id":"https:\/\/www.torremaggiore.com\/notizie\/2017\/7-luglio-2017-torremaggiore-duemila-giorni-riapre-la-villa-comunale-federico-ii-svevia\/","url":"https:\/\/www.torremaggiore.com\/notizie\/2017\/7-luglio-2017-torremaggiore-duemila-giorni-riapre-la-villa-comunale-federico-ii-svevia\/","name":"il 7 luglio 2017 a Torremaggiore dopo duemila giorni, riapre la Villa Comunale Federico II di Svevia - Torremaggiore On Line","isPartOf":{"@id":"https:\/\/www.torremaggiore.com\/notizie\/#website"},"primaryImageOfPage":{"@id":"https:\/\/www.torremaggiore.com\/notizie\/2017\/7-luglio-2017-torremaggiore-duemila-giorni-riapre-la-villa-comunale-federico-ii-svevia\/#primaryimage"},"image":{"@id":"https:\/\/www.torremaggiore.com\/notizie\/2017\/7-luglio-2017-torremaggiore-duemila-giorni-riapre-la-villa-comunale-federico-ii-svevia\/#primaryimage"},"thumbnailUrl":"https:\/\/www.torremaggiore.com\/notizie\/wp-content\/uploads\/2017\/06\/villa-torremaggiore-2017.jpg","datePublished":"2017-06-30T16:16:55+00:00","breadcrumb":{"@id":"https:\/\/www.torremaggiore.com\/notizie\/2017\/7-luglio-2017-torremaggiore-duemila-giorni-riapre-la-villa-comunale-federico-ii-svevia\/#breadcrumb"},"inLanguage":"it-IT","potentialAction":[{"@type":"ReadAction","target":["https:\/\/www.torremaggiore.com\/notizie\/2017\/7-luglio-2017-torremaggiore-duemila-giorni-riapre-la-villa-comunale-federico-ii-svevia\/"]}]},{"@type":"ImageObject","inLanguage":"it-IT","@id":"https:\/\/www.torremaggiore.com\/notizie\/2017\/7-luglio-2017-torremaggiore-duemila-giorni-riapre-la-villa-comunale-federico-ii-svevia\/#primaryimage","url":"https:\/\/www.torremaggiore.com\/notizie\/wp-content\/uploads\/2017\/06\/villa-torremaggiore-2017.jpg","contentUrl":"https:\/\/www.torremaggiore.com\/notizie\/wp-content\/uploads\/2017\/06\/villa-torremaggiore-2017.jpg","width":448,"height":336},{"@type":"BreadcrumbList","@id":"https:\/\/www.torremaggiore.com\/notizie\/2017\/7-luglio-2017-torremaggiore-duemila-giorni-riapre-la-villa-comunale-federico-ii-svevia\/#breadcrumb","itemListElement":[{"@type":"ListItem","position":1,"name":"Home","item":"https:\/\/www.torremaggiore.com\/notizie\/"},{"@type":"ListItem","position":2,"name":"il 7 luglio 2017 a Torremaggiore dopo duemila giorni, riapre la Villa Comunale Federico II di Svevia"}]},{"@type":"WebSite","@id":"https:\/\/www.torremaggiore.com\/notizie\/#website","url":"https:\/\/www.torremaggiore.com\/notizie\/","name":"Torremaggiore On Line","description":"La Web Community di Torremaggiore","publisher":{"@id":"https:\/\/www.torremaggiore.com\/notizie\/#organization"},"potentialAction":[{"@type":"SearchAction","target":{"@type":"EntryPoint","urlTemplate":"https:\/\/www.torremaggiore.com\/notizie\/?s={search_term_string}"},"query-input":{"@type":"PropertyValueSpecification","valueRequired":true,"valueName":"search_term_string"}}],"inLanguage":"it-IT"},{"@type":"Organization","@id":"https:\/\/www.torremaggiore.com\/notizie\/#organization","name":"Torremaggiore On Line","url":"https:\/\/www.torremaggiore.com\/notizie\/","logo":{"@type":"ImageObject","inLanguage":"it-IT","@id":"https:\/\/www.torremaggiore.com\/notizie\/#\/schema\/logo\/image\/","url":"https:\/\/www.torremaggiore.com\/notizie\/wp-content\/uploads\/2020\/03\/logo-tmol20.gif","contentUrl":"https:\/\/www.torremaggiore.com\/notizie\/wp-content\/uploads\/2020\/03\/logo-tmol20.gif","width":260,"height":95,"caption":"Torremaggiore On Line"},"image":{"@id":"https:\/\/www.torremaggiore.com\/notizie\/#\/schema\/logo\/image\/"}},{"@type":"Person","@id":"https:\/\/www.torremaggiore.com\/notizie\/#\/schema\/person\/b789462c927517766c1bcfb452c8d85e","name":"Staff","image":{"@type":"ImageObject","inLanguage":"it-IT","@id":"https:\/\/secure.gravatar.com\/avatar\/fd311f248f82517b1efd21a54e666df2c5b705bb4a4fb804f3903c94be513fee?s=96&d=mm&r=g","url":"https:\/\/secure.gravatar.com\/avatar\/fd311f248f82517b1efd21a54e666df2c5b705bb4a4fb804f3903c94be513fee?s=96&d=mm&r=g","contentUrl":"https:\/\/secure.gravatar.com\/avatar\/fd311f248f82517b1efd21a54e666df2c5b705bb4a4fb804f3903c94be513fee?s=96&d=mm&r=g","caption":"Staff"},"sameAs":["https:\/\/www.micheleantonucci.it"],"url":"https:\/\/www.torremaggiore.com\/notizie\/author\/staff\/"}]}},"_links":{"self":[{"href":"https:\/\/www.torremaggiore.com\/notizie\/wp-json\/wp\/v2\/posts\/8516","targetHints":{"allow":["GET"]}}],"collection":[{"href":"https:\/\/www.torremaggiore.com\/notizie\/wp-json\/wp\/v2\/posts"}],"about":[{"href":"https:\/\/www.torremaggiore.com\/notizie\/wp-json\/wp\/v2\/types\/post"}],"author":[{"embeddable":true,"href":"https:\/\/www.torremaggiore.com\/notizie\/wp-json\/wp\/v2\/users\/2"}],"replies":[{"embeddable":true,"href":"https:\/\/www.torremaggiore.com\/notizie\/wp-json\/wp\/v2\/comments?post=8516"}],"version-history":[{"count":0,"href":"https:\/\/www.torremaggiore.com\/notizie\/wp-json\/wp\/v2\/posts\/8516\/revisions"}],"wp:featuredmedia":[{"embeddable":true,"href":"https:\/\/www.torremaggiore.com\/notizie\/wp-json\/wp\/v2\/media\/8517"}],"wp:attachment":[{"href":"https:\/\/www.torremaggiore.com\/notizie\/wp-json\/wp\/v2\/media?parent=8516"}],"wp:term":[{"taxonomy":"category","embeddable":true,"href":"https:\/\/www.torremaggiore.com\/notizie\/wp-json\/wp\/v2\/categories?post=8516"},{"taxonomy":"post_tag","embeddable":true,"href":"https:\/\/www.torremaggiore.com\/notizie\/wp-json\/wp\/v2\/tags?post=8516"}],"curies":[{"name":"wp","href":"https:\/\/api.w.org\/{rel}","templated":true}]}}