{"id":8513,"date":"2017-06-29T20:05:18","date_gmt":"2017-06-29T18:05:18","guid":{"rendered":"http:\/\/www.torremaggiore.com\/notizie\/?p=8513"},"modified":"2017-06-29T20:05:18","modified_gmt":"2017-06-29T18:05:18","slug":"furto-al-cimitero-torremaggiore-refurtiva-recuperata-dai-carabinieri","status":"publish","type":"post","link":"https:\/\/www.torremaggiore.com\/notizie\/2017\/furto-al-cimitero-torremaggiore-refurtiva-recuperata-dai-carabinieri\/","title":{"rendered":"Furto al Cimitero di Torremaggiore: refurtiva recuperata dai Carabinieri"},"content":{"rendered":"<p><strong>Furto al cimitero comunale. La refurtiva recuperata dai Carabinieri. Il Comune gi\u00e0 attivato per la restituzione degli oggetti agli ignari proprietari<\/strong><\/p>\n<p>&nbsp;<\/p>\n<p>\u201cUn gesto ignobile, uno sfregio alla memoria e che auspichiamo non resti impunito\u201d. Non usa mezzi termini il Sindaco di Torremaggiore, Pasquale Monteleone, in merito al tentato furto di oggetti sacri ed ornamenti vari in materiale ferroso verificatosi nella giornata di ieri nel cimitero del centro torremaggiorese. Fortunatamente la refurtiva \u00e8 stata recuperata dai Carabinieri ed il Comune la metter\u00e0 a disposizione degli ignari proprietari per restituirla. \u201cAvevamo gi\u00e0 ricevuto segnalazioni in merito alla questione furti al cimitero \u2013 spiega il primo cittadino \u2013 e non abbiamo esitato ad avvertire le Forze dell\u2019Ordine che hanno poi predisposto dei servizi di pattugliamento mirati alla prevenzione e al contrasto di questa tipologia di reato. Un fenomeno odioso poich\u00e9 perpetrato in danno di chi non pu\u00f2 difendersi. Siamo tuttavia fiduciosi perch\u00e9 le indagini in corso e l\u2019analisi dei filmati delle telecamere presenti in zona, dovrebbero consentire di avere maggiori possibilit\u00e0 di assicurare alla giustizia gli autori di questo oltraggio. Ringrazio l\u2019Arma dei Carabinieri per il costante lavoro che svolge a garanzia della sicurezza della nostra Comunit\u00e0 ed esorto, al contempo, i cittadini a segnalare sempre quelli che possono essere comportamenti sospetti\u201d, conclude Monteleone.<\/p>\n<p>&nbsp;<\/p>\n<p><a href=\"http:\/\/www.torremaggiore.com\/notizie\/wp-content\/uploads\/2014\/10\/cimitero-tm.jpg\"><img loading=\"lazy\" decoding=\"async\" class=\"aligncenter size-full wp-image-4189\" src=\"http:\/\/www.torremaggiore.com\/notizie\/wp-content\/uploads\/2014\/10\/cimitero-tm.jpg\" alt=\"\" width=\"400\" height=\"275\" srcset=\"https:\/\/www.torremaggiore.com\/notizie\/wp-content\/uploads\/2014\/10\/cimitero-tm.jpg 400w, https:\/\/www.torremaggiore.com\/notizie\/wp-content\/uploads\/2014\/10\/cimitero-tm-300x206.jpg 300w\" sizes=\"auto, (max-width: 400px) 100vw, 400px\" \/><\/a><\/p>\n","protected":false},"excerpt":{"rendered":"<p>Furto al cimitero comunale. La refurtiva recuperata dai Carabinieri. Il Comune gi\u00e0 attivato per la<\/p>\n","protected":false},"author":2,"featured_media":8514,"comment_status":"closed","ping_status":"open","sticky":false,"template":"","format":"standard","meta":{"footnotes":""},"categories":[5,250],"tags":[8],"class_list":["post-8513","post","type-post","status-publish","format-standard","has-post-thumbnail","hentry","category-cronaca","category-prima-pagina","tag-torremaggiore"],"yoast_head":"<!-- This site is optimized with the Yoast SEO plugin v27.4 - https:\/\/yoast.com\/product\/yoast-seo-wordpress\/ -->\n<title>Furto al Cimitero di Torremaggiore: refurtiva recuperata dai Carabinieri - Torremaggiore On Line<\/title>\n<meta name=\"robots\" content=\"index, follow, max-snippet:-1, max-image-preview:large, max-video-preview:-1\" \/>\n<link rel=\"canonical\" href=\"https:\/\/www.torremaggiore.com\/notizie\/2017\/furto-al-cimitero-torremaggiore-refurtiva-recuperata-dai-carabinieri\/\" \/>\n<meta property=\"og:locale\" content=\"it_IT\" \/>\n<meta property=\"og:type\" content=\"article\" \/>\n<meta property=\"og:title\" content=\"Furto al Cimitero di Torremaggiore: refurtiva recuperata dai Carabinieri - Torremaggiore On Line\" \/>\n<meta property=\"og:description\" content=\"Furto al cimitero comunale. La refurtiva recuperata dai Carabinieri. Il Comune gi\u00e0 attivato per la\" \/>\n<meta property=\"og:url\" content=\"https:\/\/www.torremaggiore.com\/notizie\/2017\/furto-al-cimitero-torremaggiore-refurtiva-recuperata-dai-carabinieri\/\" \/>\n<meta property=\"og:site_name\" content=\"Torremaggiore On Line\" \/>\n<meta property=\"article:published_time\" content=\"2017-06-29T18:05:18+00:00\" \/>\n<meta property=\"og:image\" content=\"https:\/\/www.torremaggiore.com\/notizie\/wp-content\/uploads\/2017\/06\/cimitero-00.jpg\" \/>\n\t<meta property=\"og:image:width\" content=\"500\" \/>\n\t<meta property=\"og:image:height\" content=\"306\" \/>\n\t<meta property=\"og:image:type\" content=\"image\/jpeg\" \/>\n<meta name=\"author\" content=\"Staff\" \/>\n<meta name=\"twitter:card\" content=\"summary_large_image\" \/>\n<meta name=\"twitter:label1\" content=\"Scritto da\" \/>\n\t<meta name=\"twitter:data1\" content=\"Staff\" \/>\n\t<meta name=\"twitter:label2\" content=\"Tempo di lettura stimato\" \/>\n\t<meta name=\"twitter:data2\" content=\"1 minuto\" \/>\n<script type=\"application\/ld+json\" class=\"yoast-schema-graph\">{\"@context\":\"https:\\\/\\\/schema.org\",\"@graph\":[{\"@type\":\"Article\",\"@id\":\"https:\\\/\\\/www.torremaggiore.com\\\/notizie\\\/2017\\\/furto-al-cimitero-torremaggiore-refurtiva-recuperata-dai-carabinieri\\\/#article\",\"isPartOf\":{\"@id\":\"https:\\\/\\\/www.torremaggiore.com\\\/notizie\\\/2017\\\/furto-al-cimitero-torremaggiore-refurtiva-recuperata-dai-carabinieri\\\/\"},\"author\":{\"name\":\"Staff\",\"@id\":\"https:\\\/\\\/www.torremaggiore.com\\\/notizie\\\/#\\\/schema\\\/person\\\/b789462c927517766c1bcfb452c8d85e\"},\"headline\":\"Furto al Cimitero di Torremaggiore: refurtiva recuperata dai Carabinieri\",\"datePublished\":\"2017-06-29T18:05:18+00:00\",\"mainEntityOfPage\":{\"@id\":\"https:\\\/\\\/www.torremaggiore.com\\\/notizie\\\/2017\\\/furto-al-cimitero-torremaggiore-refurtiva-recuperata-dai-carabinieri\\\/\"},\"wordCount\":222,\"publisher\":{\"@id\":\"https:\\\/\\\/www.torremaggiore.com\\\/notizie\\\/#organization\"},\"image\":{\"@id\":\"https:\\\/\\\/www.torremaggiore.com\\\/notizie\\\/2017\\\/furto-al-cimitero-torremaggiore-refurtiva-recuperata-dai-carabinieri\\\/#primaryimage\"},\"thumbnailUrl\":\"https:\\\/\\\/www.torremaggiore.com\\\/notizie\\\/wp-content\\\/uploads\\\/2017\\\/06\\\/cimitero-00.jpg\",\"keywords\":[\"torremaggiore\"],\"articleSection\":[\"Cronaca\",\"Prima Pagina\"],\"inLanguage\":\"it-IT\"},{\"@type\":\"WebPage\",\"@id\":\"https:\\\/\\\/www.torremaggiore.com\\\/notizie\\\/2017\\\/furto-al-cimitero-torremaggiore-refurtiva-recuperata-dai-carabinieri\\\/\",\"url\":\"https:\\\/\\\/www.torremaggiore.com\\\/notizie\\\/2017\\\/furto-al-cimitero-torremaggiore-refurtiva-recuperata-dai-carabinieri\\\/\",\"name\":\"Furto al Cimitero di Torremaggiore: refurtiva recuperata dai Carabinieri - Torremaggiore On Line\",\"isPartOf\":{\"@id\":\"https:\\\/\\\/www.torremaggiore.com\\\/notizie\\\/#website\"},\"primaryImageOfPage\":{\"@id\":\"https:\\\/\\\/www.torremaggiore.com\\\/notizie\\\/2017\\\/furto-al-cimitero-torremaggiore-refurtiva-recuperata-dai-carabinieri\\\/#primaryimage\"},\"image\":{\"@id\":\"https:\\\/\\\/www.torremaggiore.com\\\/notizie\\\/2017\\\/furto-al-cimitero-torremaggiore-refurtiva-recuperata-dai-carabinieri\\\/#primaryimage\"},\"thumbnailUrl\":\"https:\\\/\\\/www.torremaggiore.com\\\/notizie\\\/wp-content\\\/uploads\\\/2017\\\/06\\\/cimitero-00.jpg\",\"datePublished\":\"2017-06-29T18:05:18+00:00\",\"breadcrumb\":{\"@id\":\"https:\\\/\\\/www.torremaggiore.com\\\/notizie\\\/2017\\\/furto-al-cimitero-torremaggiore-refurtiva-recuperata-dai-carabinieri\\\/#breadcrumb\"},\"inLanguage\":\"it-IT\",\"potentialAction\":[{\"@type\":\"ReadAction\",\"target\":[\"https:\\\/\\\/www.torremaggiore.com\\\/notizie\\\/2017\\\/furto-al-cimitero-torremaggiore-refurtiva-recuperata-dai-carabinieri\\\/\"]}]},{\"@type\":\"ImageObject\",\"inLanguage\":\"it-IT\",\"@id\":\"https:\\\/\\\/www.torremaggiore.com\\\/notizie\\\/2017\\\/furto-al-cimitero-torremaggiore-refurtiva-recuperata-dai-carabinieri\\\/#primaryimage\",\"url\":\"https:\\\/\\\/www.torremaggiore.com\\\/notizie\\\/wp-content\\\/uploads\\\/2017\\\/06\\\/cimitero-00.jpg\",\"contentUrl\":\"https:\\\/\\\/www.torremaggiore.com\\\/notizie\\\/wp-content\\\/uploads\\\/2017\\\/06\\\/cimitero-00.jpg\",\"width\":500,\"height\":306},{\"@type\":\"BreadcrumbList\",\"@id\":\"https:\\\/\\\/www.torremaggiore.com\\\/notizie\\\/2017\\\/furto-al-cimitero-torremaggiore-refurtiva-recuperata-dai-carabinieri\\\/#breadcrumb\",\"itemListElement\":[{\"@type\":\"ListItem\",\"position\":1,\"name\":\"Home\",\"item\":\"https:\\\/\\\/www.torremaggiore.com\\\/notizie\\\/\"},{\"@type\":\"ListItem\",\"position\":2,\"name\":\"Furto al Cimitero di Torremaggiore: refurtiva recuperata dai Carabinieri\"}]},{\"@type\":\"WebSite\",\"@id\":\"https:\\\/\\\/www.torremaggiore.com\\\/notizie\\\/#website\",\"url\":\"https:\\\/\\\/www.torremaggiore.com\\\/notizie\\\/\",\"name\":\"Torremaggiore On Line\",\"description\":\"La Web Community di Torremaggiore\",\"publisher\":{\"@id\":\"https:\\\/\\\/www.torremaggiore.com\\\/notizie\\\/#organization\"},\"potentialAction\":[{\"@type\":\"SearchAction\",\"target\":{\"@type\":\"EntryPoint\",\"urlTemplate\":\"https:\\\/\\\/www.torremaggiore.com\\\/notizie\\\/?s={search_term_string}\"},\"query-input\":{\"@type\":\"PropertyValueSpecification\",\"valueRequired\":true,\"valueName\":\"search_term_string\"}}],\"inLanguage\":\"it-IT\"},{\"@type\":\"Organization\",\"@id\":\"https:\\\/\\\/www.torremaggiore.com\\\/notizie\\\/#organization\",\"name\":\"Torremaggiore On Line\",\"url\":\"https:\\\/\\\/www.torremaggiore.com\\\/notizie\\\/\",\"logo\":{\"@type\":\"ImageObject\",\"inLanguage\":\"it-IT\",\"@id\":\"https:\\\/\\\/www.torremaggiore.com\\\/notizie\\\/#\\\/schema\\\/logo\\\/image\\\/\",\"url\":\"https:\\\/\\\/www.torremaggiore.com\\\/notizie\\\/wp-content\\\/uploads\\\/2020\\\/03\\\/logo-tmol20.gif\",\"contentUrl\":\"https:\\\/\\\/www.torremaggiore.com\\\/notizie\\\/wp-content\\\/uploads\\\/2020\\\/03\\\/logo-tmol20.gif\",\"width\":260,\"height\":95,\"caption\":\"Torremaggiore On Line\"},\"image\":{\"@id\":\"https:\\\/\\\/www.torremaggiore.com\\\/notizie\\\/#\\\/schema\\\/logo\\\/image\\\/\"}},{\"@type\":\"Person\",\"@id\":\"https:\\\/\\\/www.torremaggiore.com\\\/notizie\\\/#\\\/schema\\\/person\\\/b789462c927517766c1bcfb452c8d85e\",\"name\":\"Staff\",\"image\":{\"@type\":\"ImageObject\",\"inLanguage\":\"it-IT\",\"@id\":\"https:\\\/\\\/secure.gravatar.com\\\/avatar\\\/fd311f248f82517b1efd21a54e666df2c5b705bb4a4fb804f3903c94be513fee?s=96&d=mm&r=g\",\"url\":\"https:\\\/\\\/secure.gravatar.com\\\/avatar\\\/fd311f248f82517b1efd21a54e666df2c5b705bb4a4fb804f3903c94be513fee?s=96&d=mm&r=g\",\"contentUrl\":\"https:\\\/\\\/secure.gravatar.com\\\/avatar\\\/fd311f248f82517b1efd21a54e666df2c5b705bb4a4fb804f3903c94be513fee?s=96&d=mm&r=g\",\"caption\":\"Staff\"},\"sameAs\":[\"https:\\\/\\\/www.micheleantonucci.it\"],\"url\":\"https:\\\/\\\/www.torremaggiore.com\\\/notizie\\\/author\\\/staff\\\/\"}]}<\/script>\n<!-- \/ Yoast SEO plugin. -->","yoast_head_json":{"title":"Furto al Cimitero di Torremaggiore: refurtiva recuperata dai Carabinieri - Torremaggiore On Line","robots":{"index":"index","follow":"follow","max-snippet":"max-snippet:-1","max-image-preview":"max-image-preview:large","max-video-preview":"max-video-preview:-1"},"canonical":"https:\/\/www.torremaggiore.com\/notizie\/2017\/furto-al-cimitero-torremaggiore-refurtiva-recuperata-dai-carabinieri\/","og_locale":"it_IT","og_type":"article","og_title":"Furto al Cimitero di Torremaggiore: refurtiva recuperata dai Carabinieri - Torremaggiore On Line","og_description":"Furto al cimitero comunale. La refurtiva recuperata dai Carabinieri. Il Comune gi\u00e0 attivato per la","og_url":"https:\/\/www.torremaggiore.com\/notizie\/2017\/furto-al-cimitero-torremaggiore-refurtiva-recuperata-dai-carabinieri\/","og_site_name":"Torremaggiore On Line","article_published_time":"2017-06-29T18:05:18+00:00","og_image":[{"width":500,"height":306,"url":"https:\/\/www.torremaggiore.com\/notizie\/wp-content\/uploads\/2017\/06\/cimitero-00.jpg","type":"image\/jpeg"}],"author":"Staff","twitter_card":"summary_large_image","twitter_misc":{"Scritto da":"Staff","Tempo di lettura stimato":"1 minuto"},"schema":{"@context":"https:\/\/schema.org","@graph":[{"@type":"Article","@id":"https:\/\/www.torremaggiore.com\/notizie\/2017\/furto-al-cimitero-torremaggiore-refurtiva-recuperata-dai-carabinieri\/#article","isPartOf":{"@id":"https:\/\/www.torremaggiore.com\/notizie\/2017\/furto-al-cimitero-torremaggiore-refurtiva-recuperata-dai-carabinieri\/"},"author":{"name":"Staff","@id":"https:\/\/www.torremaggiore.com\/notizie\/#\/schema\/person\/b789462c927517766c1bcfb452c8d85e"},"headline":"Furto al Cimitero di Torremaggiore: refurtiva recuperata dai Carabinieri","datePublished":"2017-06-29T18:05:18+00:00","mainEntityOfPage":{"@id":"https:\/\/www.torremaggiore.com\/notizie\/2017\/furto-al-cimitero-torremaggiore-refurtiva-recuperata-dai-carabinieri\/"},"wordCount":222,"publisher":{"@id":"https:\/\/www.torremaggiore.com\/notizie\/#organization"},"image":{"@id":"https:\/\/www.torremaggiore.com\/notizie\/2017\/furto-al-cimitero-torremaggiore-refurtiva-recuperata-dai-carabinieri\/#primaryimage"},"thumbnailUrl":"https:\/\/www.torremaggiore.com\/notizie\/wp-content\/uploads\/2017\/06\/cimitero-00.jpg","keywords":["torremaggiore"],"articleSection":["Cronaca","Prima Pagina"],"inLanguage":"it-IT"},{"@type":"WebPage","@id":"https:\/\/www.torremaggiore.com\/notizie\/2017\/furto-al-cimitero-torremaggiore-refurtiva-recuperata-dai-carabinieri\/","url":"https:\/\/www.torremaggiore.com\/notizie\/2017\/furto-al-cimitero-torremaggiore-refurtiva-recuperata-dai-carabinieri\/","name":"Furto al Cimitero di Torremaggiore: refurtiva recuperata dai Carabinieri - Torremaggiore On Line","isPartOf":{"@id":"https:\/\/www.torremaggiore.com\/notizie\/#website"},"primaryImageOfPage":{"@id":"https:\/\/www.torremaggiore.com\/notizie\/2017\/furto-al-cimitero-torremaggiore-refurtiva-recuperata-dai-carabinieri\/#primaryimage"},"image":{"@id":"https:\/\/www.torremaggiore.com\/notizie\/2017\/furto-al-cimitero-torremaggiore-refurtiva-recuperata-dai-carabinieri\/#primaryimage"},"thumbnailUrl":"https:\/\/www.torremaggiore.com\/notizie\/wp-content\/uploads\/2017\/06\/cimitero-00.jpg","datePublished":"2017-06-29T18:05:18+00:00","breadcrumb":{"@id":"https:\/\/www.torremaggiore.com\/notizie\/2017\/furto-al-cimitero-torremaggiore-refurtiva-recuperata-dai-carabinieri\/#breadcrumb"},"inLanguage":"it-IT","potentialAction":[{"@type":"ReadAction","target":["https:\/\/www.torremaggiore.com\/notizie\/2017\/furto-al-cimitero-torremaggiore-refurtiva-recuperata-dai-carabinieri\/"]}]},{"@type":"ImageObject","inLanguage":"it-IT","@id":"https:\/\/www.torremaggiore.com\/notizie\/2017\/furto-al-cimitero-torremaggiore-refurtiva-recuperata-dai-carabinieri\/#primaryimage","url":"https:\/\/www.torremaggiore.com\/notizie\/wp-content\/uploads\/2017\/06\/cimitero-00.jpg","contentUrl":"https:\/\/www.torremaggiore.com\/notizie\/wp-content\/uploads\/2017\/06\/cimitero-00.jpg","width":500,"height":306},{"@type":"BreadcrumbList","@id":"https:\/\/www.torremaggiore.com\/notizie\/2017\/furto-al-cimitero-torremaggiore-refurtiva-recuperata-dai-carabinieri\/#breadcrumb","itemListElement":[{"@type":"ListItem","position":1,"name":"Home","item":"https:\/\/www.torremaggiore.com\/notizie\/"},{"@type":"ListItem","position":2,"name":"Furto al Cimitero di Torremaggiore: refurtiva recuperata dai Carabinieri"}]},{"@type":"WebSite","@id":"https:\/\/www.torremaggiore.com\/notizie\/#website","url":"https:\/\/www.torremaggiore.com\/notizie\/","name":"Torremaggiore On Line","description":"La Web Community di Torremaggiore","publisher":{"@id":"https:\/\/www.torremaggiore.com\/notizie\/#organization"},"potentialAction":[{"@type":"SearchAction","target":{"@type":"EntryPoint","urlTemplate":"https:\/\/www.torremaggiore.com\/notizie\/?s={search_term_string}"},"query-input":{"@type":"PropertyValueSpecification","valueRequired":true,"valueName":"search_term_string"}}],"inLanguage":"it-IT"},{"@type":"Organization","@id":"https:\/\/www.torremaggiore.com\/notizie\/#organization","name":"Torremaggiore On Line","url":"https:\/\/www.torremaggiore.com\/notizie\/","logo":{"@type":"ImageObject","inLanguage":"it-IT","@id":"https:\/\/www.torremaggiore.com\/notizie\/#\/schema\/logo\/image\/","url":"https:\/\/www.torremaggiore.com\/notizie\/wp-content\/uploads\/2020\/03\/logo-tmol20.gif","contentUrl":"https:\/\/www.torremaggiore.com\/notizie\/wp-content\/uploads\/2020\/03\/logo-tmol20.gif","width":260,"height":95,"caption":"Torremaggiore On Line"},"image":{"@id":"https:\/\/www.torremaggiore.com\/notizie\/#\/schema\/logo\/image\/"}},{"@type":"Person","@id":"https:\/\/www.torremaggiore.com\/notizie\/#\/schema\/person\/b789462c927517766c1bcfb452c8d85e","name":"Staff","image":{"@type":"ImageObject","inLanguage":"it-IT","@id":"https:\/\/secure.gravatar.com\/avatar\/fd311f248f82517b1efd21a54e666df2c5b705bb4a4fb804f3903c94be513fee?s=96&d=mm&r=g","url":"https:\/\/secure.gravatar.com\/avatar\/fd311f248f82517b1efd21a54e666df2c5b705bb4a4fb804f3903c94be513fee?s=96&d=mm&r=g","contentUrl":"https:\/\/secure.gravatar.com\/avatar\/fd311f248f82517b1efd21a54e666df2c5b705bb4a4fb804f3903c94be513fee?s=96&d=mm&r=g","caption":"Staff"},"sameAs":["https:\/\/www.micheleantonucci.it"],"url":"https:\/\/www.torremaggiore.com\/notizie\/author\/staff\/"}]}},"_links":{"self":[{"href":"https:\/\/www.torremaggiore.com\/notizie\/wp-json\/wp\/v2\/posts\/8513","targetHints":{"allow":["GET"]}}],"collection":[{"href":"https:\/\/www.torremaggiore.com\/notizie\/wp-json\/wp\/v2\/posts"}],"about":[{"href":"https:\/\/www.torremaggiore.com\/notizie\/wp-json\/wp\/v2\/types\/post"}],"author":[{"embeddable":true,"href":"https:\/\/www.torremaggiore.com\/notizie\/wp-json\/wp\/v2\/users\/2"}],"replies":[{"embeddable":true,"href":"https:\/\/www.torremaggiore.com\/notizie\/wp-json\/wp\/v2\/comments?post=8513"}],"version-history":[{"count":0,"href":"https:\/\/www.torremaggiore.com\/notizie\/wp-json\/wp\/v2\/posts\/8513\/revisions"}],"wp:featuredmedia":[{"embeddable":true,"href":"https:\/\/www.torremaggiore.com\/notizie\/wp-json\/wp\/v2\/media\/8514"}],"wp:attachment":[{"href":"https:\/\/www.torremaggiore.com\/notizie\/wp-json\/wp\/v2\/media?parent=8513"}],"wp:term":[{"taxonomy":"category","embeddable":true,"href":"https:\/\/www.torremaggiore.com\/notizie\/wp-json\/wp\/v2\/categories?post=8513"},{"taxonomy":"post_tag","embeddable":true,"href":"https:\/\/www.torremaggiore.com\/notizie\/wp-json\/wp\/v2\/tags?post=8513"}],"curies":[{"name":"wp","href":"https:\/\/api.w.org\/{rel}","templated":true}]}}