{"id":8509,"date":"2017-06-28T14:12:22","date_gmt":"2017-06-28T12:12:22","guid":{"rendered":"http:\/\/www.torremaggiore.com\/notizie\/?p=8509"},"modified":"2017-06-28T15:21:43","modified_gmt":"2017-06-28T13:21:43","slug":"effettuato-trasferimento-degli-uffici-anagrafe-civile-dellarchivio-presso-ledificio-comunale-via-della-costituente-torremaggiore","status":"publish","type":"post","link":"https:\/\/www.torremaggiore.com\/notizie\/2017\/effettuato-trasferimento-degli-uffici-anagrafe-civile-dellarchivio-presso-ledificio-comunale-via-della-costituente-torremaggiore\/","title":{"rendered":"Programmato trasferimento degli uffici anagrafe, stato civile e dell\u2019archivio presso l\u2019edificio comunale di via della Costituente a Torremaggiore"},"content":{"rendered":"<p>Con delibera di Giunta n.104 del 22 giugno 2017, il Comune di Torremaggiore ha stabilito di trasferire gli uffici comunali dell\u2019anagrafe e stato civile (al primo piano) nonch\u00e9 quelli dell\u2019archivio dalla scuola comunale San Giovanni Bosco all\u2019edificio comunale sito in via della Costituente.<br \/>\n\u201cUna iniziativa utile dato che i locali della scuola, dove al piano terra \u00e8 situato il Comando della Polizia locale, saranno oggetto di lavori grazie ad un finanziamento per l\u2019adeguamento sismico di parte della struttura che ci permetter\u00e0 di renderla pi\u00f9 funzionale, oltre che sicura \u2013 spiega il Sindaco di Torremaggiore, Pasquale Monteleone che prosegue \u2013 Andremo quindi a collocare servizi ad altra frequenza di utenti in spazi pi\u00f9 congeniali dove, peraltro, gi\u00e0 insistono altri uffici comunali. In quest\u2019ottica, prende sempre pi\u00f9 corpo l\u2019attivit\u00e0 di programmazione di questa Amministrazione comunale che, gi\u00e0 a dicembre scorso, aveva sanato una situazione incresciosa quale quella degli uffici dell\u2019ex giudice di pace che erano stati occupati abusivamente e per i quali mi sono battuto affinch\u00e9 fossero sgomberati \u2013 afferma il primo cittadino torremaggiorese che conclude &#8211; La delibera approvata in Giunta \u00e8 immediatamente eseguibile. Nostro obiettivo \u00e8 quello di rendere efficienti i servizi comunali affinch\u00e9 possano essere funzionali alle esigenze dei cittadini, gestendo oculatamente le risorse a nostra disposizione\u201d.<br \/>\n<a href=\"http:\/\/www.torremaggiore.com\/notizie\/wp-content\/uploads\/2016\/07\/monteleone-sindaco-front.jpg\"><img loading=\"lazy\" decoding=\"async\" class=\"aligncenter size-full wp-image-6764\" src=\"http:\/\/www.torremaggiore.com\/notizie\/wp-content\/uploads\/2016\/07\/monteleone-sindaco-front.jpg\" alt=\"\" width=\"353\" height=\"469\" srcset=\"https:\/\/www.torremaggiore.com\/notizie\/wp-content\/uploads\/2016\/07\/monteleone-sindaco-front.jpg 353w, https:\/\/www.torremaggiore.com\/notizie\/wp-content\/uploads\/2016\/07\/monteleone-sindaco-front-226x300.jpg 226w\" sizes=\"auto, (max-width: 353px) 100vw, 353px\" \/><\/a><\/p>\n","protected":false},"excerpt":{"rendered":"<p>Con delibera di Giunta n.104 del 22 giugno 2017, il Comune di Torremaggiore ha stabilito<\/p>\n","protected":false},"author":2,"featured_media":232,"comment_status":"closed","ping_status":"open","sticky":false,"template":"","format":"standard","meta":{"footnotes":""},"categories":[4,250],"tags":[],"class_list":["post-8509","post","type-post","status-publish","format-standard","has-post-thumbnail","hentry","category-politica","category-prima-pagina"],"yoast_head":"<!-- This site is optimized with the Yoast SEO plugin v27.4 - https:\/\/yoast.com\/product\/yoast-seo-wordpress\/ -->\n<title>Programmato trasferimento degli uffici anagrafe, stato civile e dell\u2019archivio presso l\u2019edificio comunale di via della Costituente a Torremaggiore - Torremaggiore On Line<\/title>\n<meta name=\"robots\" content=\"index, follow, max-snippet:-1, max-image-preview:large, max-video-preview:-1\" \/>\n<link rel=\"canonical\" href=\"https:\/\/www.torremaggiore.com\/notizie\/2017\/effettuato-trasferimento-degli-uffici-anagrafe-civile-dellarchivio-presso-ledificio-comunale-via-della-costituente-torremaggiore\/\" \/>\n<meta property=\"og:locale\" content=\"it_IT\" \/>\n<meta property=\"og:type\" content=\"article\" \/>\n<meta property=\"og:title\" content=\"Programmato trasferimento degli uffici anagrafe, stato civile e dell\u2019archivio presso l\u2019edificio comunale di via della Costituente a Torremaggiore - Torremaggiore On Line\" \/>\n<meta property=\"og:description\" content=\"Con delibera di Giunta n.104 del 22 giugno 2017, il Comune di Torremaggiore ha stabilito\" \/>\n<meta property=\"og:url\" content=\"https:\/\/www.torremaggiore.com\/notizie\/2017\/effettuato-trasferimento-degli-uffici-anagrafe-civile-dellarchivio-presso-ledificio-comunale-via-della-costituente-torremaggiore\/\" \/>\n<meta property=\"og:site_name\" content=\"Torremaggiore On Line\" \/>\n<meta property=\"article:published_time\" content=\"2017-06-28T12:12:22+00:00\" \/>\n<meta property=\"article:modified_time\" content=\"2017-06-28T13:21:43+00:00\" \/>\n<meta property=\"og:image\" content=\"https:\/\/www.torremaggiore.com\/notizie\/wp-content\/uploads\/2011\/10\/concorso-comune.jpg\" \/>\n\t<meta property=\"og:image:width\" content=\"305\" \/>\n\t<meta property=\"og:image:height\" content=\"165\" \/>\n\t<meta property=\"og:image:type\" content=\"image\/jpeg\" \/>\n<meta name=\"author\" content=\"Staff\" \/>\n<meta name=\"twitter:card\" content=\"summary_large_image\" \/>\n<meta name=\"twitter:label1\" content=\"Scritto da\" \/>\n\t<meta name=\"twitter:data1\" content=\"Staff\" \/>\n\t<meta name=\"twitter:label2\" content=\"Tempo di lettura stimato\" \/>\n\t<meta name=\"twitter:data2\" content=\"1 minuto\" \/>\n<script type=\"application\/ld+json\" class=\"yoast-schema-graph\">{\"@context\":\"https:\\\/\\\/schema.org\",\"@graph\":[{\"@type\":\"Article\",\"@id\":\"https:\\\/\\\/www.torremaggiore.com\\\/notizie\\\/2017\\\/effettuato-trasferimento-degli-uffici-anagrafe-civile-dellarchivio-presso-ledificio-comunale-via-della-costituente-torremaggiore\\\/#article\",\"isPartOf\":{\"@id\":\"https:\\\/\\\/www.torremaggiore.com\\\/notizie\\\/2017\\\/effettuato-trasferimento-degli-uffici-anagrafe-civile-dellarchivio-presso-ledificio-comunale-via-della-costituente-torremaggiore\\\/\"},\"author\":{\"name\":\"Staff\",\"@id\":\"https:\\\/\\\/www.torremaggiore.com\\\/notizie\\\/#\\\/schema\\\/person\\\/b789462c927517766c1bcfb452c8d85e\"},\"headline\":\"Programmato trasferimento degli uffici anagrafe, stato civile e dell\u2019archivio presso l\u2019edificio comunale di via della Costituente a Torremaggiore\",\"datePublished\":\"2017-06-28T12:12:22+00:00\",\"dateModified\":\"2017-06-28T13:21:43+00:00\",\"mainEntityOfPage\":{\"@id\":\"https:\\\/\\\/www.torremaggiore.com\\\/notizie\\\/2017\\\/effettuato-trasferimento-degli-uffici-anagrafe-civile-dellarchivio-presso-ledificio-comunale-via-della-costituente-torremaggiore\\\/\"},\"wordCount\":227,\"publisher\":{\"@id\":\"https:\\\/\\\/www.torremaggiore.com\\\/notizie\\\/#organization\"},\"image\":{\"@id\":\"https:\\\/\\\/www.torremaggiore.com\\\/notizie\\\/2017\\\/effettuato-trasferimento-degli-uffici-anagrafe-civile-dellarchivio-presso-ledificio-comunale-via-della-costituente-torremaggiore\\\/#primaryimage\"},\"thumbnailUrl\":\"https:\\\/\\\/www.torremaggiore.com\\\/notizie\\\/wp-content\\\/uploads\\\/2011\\\/10\\\/concorso-comune.jpg\",\"articleSection\":[\"Politica\",\"Prima Pagina\"],\"inLanguage\":\"it-IT\"},{\"@type\":\"WebPage\",\"@id\":\"https:\\\/\\\/www.torremaggiore.com\\\/notizie\\\/2017\\\/effettuato-trasferimento-degli-uffici-anagrafe-civile-dellarchivio-presso-ledificio-comunale-via-della-costituente-torremaggiore\\\/\",\"url\":\"https:\\\/\\\/www.torremaggiore.com\\\/notizie\\\/2017\\\/effettuato-trasferimento-degli-uffici-anagrafe-civile-dellarchivio-presso-ledificio-comunale-via-della-costituente-torremaggiore\\\/\",\"name\":\"Programmato trasferimento degli uffici anagrafe, stato civile e dell\u2019archivio presso l\u2019edificio comunale di via della Costituente a Torremaggiore - Torremaggiore On Line\",\"isPartOf\":{\"@id\":\"https:\\\/\\\/www.torremaggiore.com\\\/notizie\\\/#website\"},\"primaryImageOfPage\":{\"@id\":\"https:\\\/\\\/www.torremaggiore.com\\\/notizie\\\/2017\\\/effettuato-trasferimento-degli-uffici-anagrafe-civile-dellarchivio-presso-ledificio-comunale-via-della-costituente-torremaggiore\\\/#primaryimage\"},\"image\":{\"@id\":\"https:\\\/\\\/www.torremaggiore.com\\\/notizie\\\/2017\\\/effettuato-trasferimento-degli-uffici-anagrafe-civile-dellarchivio-presso-ledificio-comunale-via-della-costituente-torremaggiore\\\/#primaryimage\"},\"thumbnailUrl\":\"https:\\\/\\\/www.torremaggiore.com\\\/notizie\\\/wp-content\\\/uploads\\\/2011\\\/10\\\/concorso-comune.jpg\",\"datePublished\":\"2017-06-28T12:12:22+00:00\",\"dateModified\":\"2017-06-28T13:21:43+00:00\",\"breadcrumb\":{\"@id\":\"https:\\\/\\\/www.torremaggiore.com\\\/notizie\\\/2017\\\/effettuato-trasferimento-degli-uffici-anagrafe-civile-dellarchivio-presso-ledificio-comunale-via-della-costituente-torremaggiore\\\/#breadcrumb\"},\"inLanguage\":\"it-IT\",\"potentialAction\":[{\"@type\":\"ReadAction\",\"target\":[\"https:\\\/\\\/www.torremaggiore.com\\\/notizie\\\/2017\\\/effettuato-trasferimento-degli-uffici-anagrafe-civile-dellarchivio-presso-ledificio-comunale-via-della-costituente-torremaggiore\\\/\"]}]},{\"@type\":\"ImageObject\",\"inLanguage\":\"it-IT\",\"@id\":\"https:\\\/\\\/www.torremaggiore.com\\\/notizie\\\/2017\\\/effettuato-trasferimento-degli-uffici-anagrafe-civile-dellarchivio-presso-ledificio-comunale-via-della-costituente-torremaggiore\\\/#primaryimage\",\"url\":\"https:\\\/\\\/www.torremaggiore.com\\\/notizie\\\/wp-content\\\/uploads\\\/2011\\\/10\\\/concorso-comune.jpg\",\"contentUrl\":\"https:\\\/\\\/www.torremaggiore.com\\\/notizie\\\/wp-content\\\/uploads\\\/2011\\\/10\\\/concorso-comune.jpg\",\"width\":\"305\",\"height\":\"165\"},{\"@type\":\"BreadcrumbList\",\"@id\":\"https:\\\/\\\/www.torremaggiore.com\\\/notizie\\\/2017\\\/effettuato-trasferimento-degli-uffici-anagrafe-civile-dellarchivio-presso-ledificio-comunale-via-della-costituente-torremaggiore\\\/#breadcrumb\",\"itemListElement\":[{\"@type\":\"ListItem\",\"position\":1,\"name\":\"Home\",\"item\":\"https:\\\/\\\/www.torremaggiore.com\\\/notizie\\\/\"},{\"@type\":\"ListItem\",\"position\":2,\"name\":\"Programmato trasferimento degli uffici anagrafe, stato civile e dell\u2019archivio presso l\u2019edificio comunale di via della Costituente a Torremaggiore\"}]},{\"@type\":\"WebSite\",\"@id\":\"https:\\\/\\\/www.torremaggiore.com\\\/notizie\\\/#website\",\"url\":\"https:\\\/\\\/www.torremaggiore.com\\\/notizie\\\/\",\"name\":\"Torremaggiore On Line\",\"description\":\"La Web Community di Torremaggiore\",\"publisher\":{\"@id\":\"https:\\\/\\\/www.torremaggiore.com\\\/notizie\\\/#organization\"},\"potentialAction\":[{\"@type\":\"SearchAction\",\"target\":{\"@type\":\"EntryPoint\",\"urlTemplate\":\"https:\\\/\\\/www.torremaggiore.com\\\/notizie\\\/?s={search_term_string}\"},\"query-input\":{\"@type\":\"PropertyValueSpecification\",\"valueRequired\":true,\"valueName\":\"search_term_string\"}}],\"inLanguage\":\"it-IT\"},{\"@type\":\"Organization\",\"@id\":\"https:\\\/\\\/www.torremaggiore.com\\\/notizie\\\/#organization\",\"name\":\"Torremaggiore On Line\",\"url\":\"https:\\\/\\\/www.torremaggiore.com\\\/notizie\\\/\",\"logo\":{\"@type\":\"ImageObject\",\"inLanguage\":\"it-IT\",\"@id\":\"https:\\\/\\\/www.torremaggiore.com\\\/notizie\\\/#\\\/schema\\\/logo\\\/image\\\/\",\"url\":\"https:\\\/\\\/www.torremaggiore.com\\\/notizie\\\/wp-content\\\/uploads\\\/2020\\\/03\\\/logo-tmol20.gif\",\"contentUrl\":\"https:\\\/\\\/www.torremaggiore.com\\\/notizie\\\/wp-content\\\/uploads\\\/2020\\\/03\\\/logo-tmol20.gif\",\"width\":260,\"height\":95,\"caption\":\"Torremaggiore On Line\"},\"image\":{\"@id\":\"https:\\\/\\\/www.torremaggiore.com\\\/notizie\\\/#\\\/schema\\\/logo\\\/image\\\/\"}},{\"@type\":\"Person\",\"@id\":\"https:\\\/\\\/www.torremaggiore.com\\\/notizie\\\/#\\\/schema\\\/person\\\/b789462c927517766c1bcfb452c8d85e\",\"name\":\"Staff\",\"image\":{\"@type\":\"ImageObject\",\"inLanguage\":\"it-IT\",\"@id\":\"https:\\\/\\\/secure.gravatar.com\\\/avatar\\\/fd311f248f82517b1efd21a54e666df2c5b705bb4a4fb804f3903c94be513fee?s=96&d=mm&r=g\",\"url\":\"https:\\\/\\\/secure.gravatar.com\\\/avatar\\\/fd311f248f82517b1efd21a54e666df2c5b705bb4a4fb804f3903c94be513fee?s=96&d=mm&r=g\",\"contentUrl\":\"https:\\\/\\\/secure.gravatar.com\\\/avatar\\\/fd311f248f82517b1efd21a54e666df2c5b705bb4a4fb804f3903c94be513fee?s=96&d=mm&r=g\",\"caption\":\"Staff\"},\"sameAs\":[\"https:\\\/\\\/www.micheleantonucci.it\"],\"url\":\"https:\\\/\\\/www.torremaggiore.com\\\/notizie\\\/author\\\/staff\\\/\"}]}<\/script>\n<!-- \/ Yoast SEO plugin. -->","yoast_head_json":{"title":"Programmato trasferimento degli uffici anagrafe, stato civile e dell\u2019archivio presso l\u2019edificio comunale di via della Costituente a Torremaggiore - Torremaggiore On Line","robots":{"index":"index","follow":"follow","max-snippet":"max-snippet:-1","max-image-preview":"max-image-preview:large","max-video-preview":"max-video-preview:-1"},"canonical":"https:\/\/www.torremaggiore.com\/notizie\/2017\/effettuato-trasferimento-degli-uffici-anagrafe-civile-dellarchivio-presso-ledificio-comunale-via-della-costituente-torremaggiore\/","og_locale":"it_IT","og_type":"article","og_title":"Programmato trasferimento degli uffici anagrafe, stato civile e dell\u2019archivio presso l\u2019edificio comunale di via della Costituente a Torremaggiore - Torremaggiore On Line","og_description":"Con delibera di Giunta n.104 del 22 giugno 2017, il Comune di Torremaggiore ha stabilito","og_url":"https:\/\/www.torremaggiore.com\/notizie\/2017\/effettuato-trasferimento-degli-uffici-anagrafe-civile-dellarchivio-presso-ledificio-comunale-via-della-costituente-torremaggiore\/","og_site_name":"Torremaggiore On Line","article_published_time":"2017-06-28T12:12:22+00:00","article_modified_time":"2017-06-28T13:21:43+00:00","og_image":[{"width":305,"height":165,"url":"https:\/\/www.torremaggiore.com\/notizie\/wp-content\/uploads\/2011\/10\/concorso-comune.jpg","type":"image\/jpeg"}],"author":"Staff","twitter_card":"summary_large_image","twitter_misc":{"Scritto da":"Staff","Tempo di lettura stimato":"1 minuto"},"schema":{"@context":"https:\/\/schema.org","@graph":[{"@type":"Article","@id":"https:\/\/www.torremaggiore.com\/notizie\/2017\/effettuato-trasferimento-degli-uffici-anagrafe-civile-dellarchivio-presso-ledificio-comunale-via-della-costituente-torremaggiore\/#article","isPartOf":{"@id":"https:\/\/www.torremaggiore.com\/notizie\/2017\/effettuato-trasferimento-degli-uffici-anagrafe-civile-dellarchivio-presso-ledificio-comunale-via-della-costituente-torremaggiore\/"},"author":{"name":"Staff","@id":"https:\/\/www.torremaggiore.com\/notizie\/#\/schema\/person\/b789462c927517766c1bcfb452c8d85e"},"headline":"Programmato trasferimento degli uffici anagrafe, stato civile e dell\u2019archivio presso l\u2019edificio comunale di via della Costituente a Torremaggiore","datePublished":"2017-06-28T12:12:22+00:00","dateModified":"2017-06-28T13:21:43+00:00","mainEntityOfPage":{"@id":"https:\/\/www.torremaggiore.com\/notizie\/2017\/effettuato-trasferimento-degli-uffici-anagrafe-civile-dellarchivio-presso-ledificio-comunale-via-della-costituente-torremaggiore\/"},"wordCount":227,"publisher":{"@id":"https:\/\/www.torremaggiore.com\/notizie\/#organization"},"image":{"@id":"https:\/\/www.torremaggiore.com\/notizie\/2017\/effettuato-trasferimento-degli-uffici-anagrafe-civile-dellarchivio-presso-ledificio-comunale-via-della-costituente-torremaggiore\/#primaryimage"},"thumbnailUrl":"https:\/\/www.torremaggiore.com\/notizie\/wp-content\/uploads\/2011\/10\/concorso-comune.jpg","articleSection":["Politica","Prima Pagina"],"inLanguage":"it-IT"},{"@type":"WebPage","@id":"https:\/\/www.torremaggiore.com\/notizie\/2017\/effettuato-trasferimento-degli-uffici-anagrafe-civile-dellarchivio-presso-ledificio-comunale-via-della-costituente-torremaggiore\/","url":"https:\/\/www.torremaggiore.com\/notizie\/2017\/effettuato-trasferimento-degli-uffici-anagrafe-civile-dellarchivio-presso-ledificio-comunale-via-della-costituente-torremaggiore\/","name":"Programmato trasferimento degli uffici anagrafe, stato civile e dell\u2019archivio presso l\u2019edificio comunale di via della Costituente a Torremaggiore - Torremaggiore On Line","isPartOf":{"@id":"https:\/\/www.torremaggiore.com\/notizie\/#website"},"primaryImageOfPage":{"@id":"https:\/\/www.torremaggiore.com\/notizie\/2017\/effettuato-trasferimento-degli-uffici-anagrafe-civile-dellarchivio-presso-ledificio-comunale-via-della-costituente-torremaggiore\/#primaryimage"},"image":{"@id":"https:\/\/www.torremaggiore.com\/notizie\/2017\/effettuato-trasferimento-degli-uffici-anagrafe-civile-dellarchivio-presso-ledificio-comunale-via-della-costituente-torremaggiore\/#primaryimage"},"thumbnailUrl":"https:\/\/www.torremaggiore.com\/notizie\/wp-content\/uploads\/2011\/10\/concorso-comune.jpg","datePublished":"2017-06-28T12:12:22+00:00","dateModified":"2017-06-28T13:21:43+00:00","breadcrumb":{"@id":"https:\/\/www.torremaggiore.com\/notizie\/2017\/effettuato-trasferimento-degli-uffici-anagrafe-civile-dellarchivio-presso-ledificio-comunale-via-della-costituente-torremaggiore\/#breadcrumb"},"inLanguage":"it-IT","potentialAction":[{"@type":"ReadAction","target":["https:\/\/www.torremaggiore.com\/notizie\/2017\/effettuato-trasferimento-degli-uffici-anagrafe-civile-dellarchivio-presso-ledificio-comunale-via-della-costituente-torremaggiore\/"]}]},{"@type":"ImageObject","inLanguage":"it-IT","@id":"https:\/\/www.torremaggiore.com\/notizie\/2017\/effettuato-trasferimento-degli-uffici-anagrafe-civile-dellarchivio-presso-ledificio-comunale-via-della-costituente-torremaggiore\/#primaryimage","url":"https:\/\/www.torremaggiore.com\/notizie\/wp-content\/uploads\/2011\/10\/concorso-comune.jpg","contentUrl":"https:\/\/www.torremaggiore.com\/notizie\/wp-content\/uploads\/2011\/10\/concorso-comune.jpg","width":"305","height":"165"},{"@type":"BreadcrumbList","@id":"https:\/\/www.torremaggiore.com\/notizie\/2017\/effettuato-trasferimento-degli-uffici-anagrafe-civile-dellarchivio-presso-ledificio-comunale-via-della-costituente-torremaggiore\/#breadcrumb","itemListElement":[{"@type":"ListItem","position":1,"name":"Home","item":"https:\/\/www.torremaggiore.com\/notizie\/"},{"@type":"ListItem","position":2,"name":"Programmato trasferimento degli uffici anagrafe, stato civile e dell\u2019archivio presso l\u2019edificio comunale di via della Costituente a Torremaggiore"}]},{"@type":"WebSite","@id":"https:\/\/www.torremaggiore.com\/notizie\/#website","url":"https:\/\/www.torremaggiore.com\/notizie\/","name":"Torremaggiore On Line","description":"La Web Community di Torremaggiore","publisher":{"@id":"https:\/\/www.torremaggiore.com\/notizie\/#organization"},"potentialAction":[{"@type":"SearchAction","target":{"@type":"EntryPoint","urlTemplate":"https:\/\/www.torremaggiore.com\/notizie\/?s={search_term_string}"},"query-input":{"@type":"PropertyValueSpecification","valueRequired":true,"valueName":"search_term_string"}}],"inLanguage":"it-IT"},{"@type":"Organization","@id":"https:\/\/www.torremaggiore.com\/notizie\/#organization","name":"Torremaggiore On Line","url":"https:\/\/www.torremaggiore.com\/notizie\/","logo":{"@type":"ImageObject","inLanguage":"it-IT","@id":"https:\/\/www.torremaggiore.com\/notizie\/#\/schema\/logo\/image\/","url":"https:\/\/www.torremaggiore.com\/notizie\/wp-content\/uploads\/2020\/03\/logo-tmol20.gif","contentUrl":"https:\/\/www.torremaggiore.com\/notizie\/wp-content\/uploads\/2020\/03\/logo-tmol20.gif","width":260,"height":95,"caption":"Torremaggiore On Line"},"image":{"@id":"https:\/\/www.torremaggiore.com\/notizie\/#\/schema\/logo\/image\/"}},{"@type":"Person","@id":"https:\/\/www.torremaggiore.com\/notizie\/#\/schema\/person\/b789462c927517766c1bcfb452c8d85e","name":"Staff","image":{"@type":"ImageObject","inLanguage":"it-IT","@id":"https:\/\/secure.gravatar.com\/avatar\/fd311f248f82517b1efd21a54e666df2c5b705bb4a4fb804f3903c94be513fee?s=96&d=mm&r=g","url":"https:\/\/secure.gravatar.com\/avatar\/fd311f248f82517b1efd21a54e666df2c5b705bb4a4fb804f3903c94be513fee?s=96&d=mm&r=g","contentUrl":"https:\/\/secure.gravatar.com\/avatar\/fd311f248f82517b1efd21a54e666df2c5b705bb4a4fb804f3903c94be513fee?s=96&d=mm&r=g","caption":"Staff"},"sameAs":["https:\/\/www.micheleantonucci.it"],"url":"https:\/\/www.torremaggiore.com\/notizie\/author\/staff\/"}]}},"_links":{"self":[{"href":"https:\/\/www.torremaggiore.com\/notizie\/wp-json\/wp\/v2\/posts\/8509","targetHints":{"allow":["GET"]}}],"collection":[{"href":"https:\/\/www.torremaggiore.com\/notizie\/wp-json\/wp\/v2\/posts"}],"about":[{"href":"https:\/\/www.torremaggiore.com\/notizie\/wp-json\/wp\/v2\/types\/post"}],"author":[{"embeddable":true,"href":"https:\/\/www.torremaggiore.com\/notizie\/wp-json\/wp\/v2\/users\/2"}],"replies":[{"embeddable":true,"href":"https:\/\/www.torremaggiore.com\/notizie\/wp-json\/wp\/v2\/comments?post=8509"}],"version-history":[{"count":0,"href":"https:\/\/www.torremaggiore.com\/notizie\/wp-json\/wp\/v2\/posts\/8509\/revisions"}],"wp:featuredmedia":[{"embeddable":true,"href":"https:\/\/www.torremaggiore.com\/notizie\/wp-json\/wp\/v2\/media\/232"}],"wp:attachment":[{"href":"https:\/\/www.torremaggiore.com\/notizie\/wp-json\/wp\/v2\/media?parent=8509"}],"wp:term":[{"taxonomy":"category","embeddable":true,"href":"https:\/\/www.torremaggiore.com\/notizie\/wp-json\/wp\/v2\/categories?post=8509"},{"taxonomy":"post_tag","embeddable":true,"href":"https:\/\/www.torremaggiore.com\/notizie\/wp-json\/wp\/v2\/tags?post=8509"}],"curies":[{"name":"wp","href":"https:\/\/api.w.org\/{rel}","templated":true}]}}