{"id":8503,"date":"2017-06-27T20:32:09","date_gmt":"2017-06-27T18:32:09","guid":{"rendered":"http:\/\/www.torremaggiore.com\/notizie\/?p=8503"},"modified":"2017-06-27T20:32:09","modified_gmt":"2017-06-27T18:32:09","slug":"torremaggiore-30-giugno-2017-scuola-media-padre-pio-aperta-ragazzi-nonni-nellambito-dellevento-summer-school","status":"publish","type":"post","link":"https:\/\/www.torremaggiore.com\/notizie\/2017\/torremaggiore-30-giugno-2017-scuola-media-padre-pio-aperta-ragazzi-nonni-nellambito-dellevento-summer-school\/","title":{"rendered":"A Torremaggiore il 30 giugno 2017 Scuola Media Padre Pio aperta a ragazzi e nonni nell&#8217;ambito dell&#8217;evento Summer School"},"content":{"rendered":"<p>Venerd\u00ec 30 giugno scuola aperta ai nonni! Venerd\u00ec 30 giugno la Summer School della Scuola media Statale Padre Pio ospiter\u00e0 insieme ai ragazzi anche i nonni per una mattina all&#8217;insegna dell&#8217;allegria e di&#8230;pane e pomodoro! Per concludere la terza settimana di attivit\u00e0 la Summer School della Scuola media Padre Pio organizza un evento \u201csocial\u201d speciale, aprendo le porte della scuola ai genitori e soprattutto ai nonni dei ragazzi e della comunit\u00e0 di Torremaggiore che vorranno trascorrere una mattinata insieme ai ragazzi per conoscere le diverse attivit\u00e0 che si svolgono nella Summer School e soprattutto per degustare insieme il \u201cpane e pomodoro\u201d e \u201cl&#8217;acqua sale\u201d. Sar\u00e0 l&#8217;occasione per favorire quel dialogo intergenerazionale tra ragazzi i nonni , uno degli obiettivi che la scuola insieme alla cooperativa sociale Fortore Habitat si \u00e8 posta per questo primo anno di della Summer School.<\/p>\n<p>&nbsp;<\/p>\n<p>La Summer School Padre Pio \u00e8 un&#8217;importante iniziativa all&#8217;interno del quadro \u201cscuole aperte\u201d, che si realizzer\u00e0 fino al 28 luglio, con il contributo di alcuni docenti ed alla collaborazione di altre associazioni del territorio, tra cui la Cooperativa Sociale Fortore Habitat. La Summer School ospita gratuitamente per un periodo di quasi due mesi circa 50 ragazzi iscritti alla scuola media che svolgeranno attivit\u00e0 motorie e sportive , ma anche laboratori per la cittadinanza attiva e laboratori manual Ci sar\u00e0 anche modo durante la mattinata di visitare l&#8217;orto didattico della scuola il laboratorio il riciclo creativo costruito intorno all&#8217;albero del sapere \u00e8 quello di falegnameria. Il prossimo appuntamento sar\u00e0 sicuramente quello del laboratorio di orecchiette in cui i nonni ed i genitori potranno dare una grande mano al laboratorio di cucina presente all&#8217;interno della Summer School. L\u2019appuntamento \u00e8 per venerd\u00ec 30, dalle ore 10, genitori e nonni sono invitati!<\/p>\n<p><img decoding=\"async\" src=\"http:\/\/scuolamediapadrepio.gov.it\/wp-content\/uploads\/2015\/01\/10888639_885358591495043_7417163505501591121_n.jpg\" alt=\"\" \/><\/p>\n","protected":false},"excerpt":{"rendered":"<p>Venerd\u00ec 30 giugno scuola aperta ai nonni! Venerd\u00ec 30 giugno la Summer School della Scuola<\/p>\n","protected":false},"author":2,"featured_media":8504,"comment_status":"closed","ping_status":"open","sticky":false,"template":"","format":"standard","meta":{"footnotes":""},"categories":[1,250],"tags":[],"class_list":["post-8503","post","type-post","status-publish","format-standard","has-post-thumbnail","hentry","category-appuntamenti","category-prima-pagina"],"yoast_head":"<!-- This site is optimized with the Yoast SEO plugin v27.4 - https:\/\/yoast.com\/product\/yoast-seo-wordpress\/ -->\n<title>A Torremaggiore il 30 giugno 2017 Scuola Media Padre Pio aperta a ragazzi e nonni nell&#039;ambito dell&#039;evento Summer School - Torremaggiore On Line<\/title>\n<meta name=\"robots\" content=\"index, follow, max-snippet:-1, max-image-preview:large, max-video-preview:-1\" \/>\n<link rel=\"canonical\" href=\"https:\/\/www.torremaggiore.com\/notizie\/2017\/torremaggiore-30-giugno-2017-scuola-media-padre-pio-aperta-ragazzi-nonni-nellambito-dellevento-summer-school\/\" \/>\n<meta property=\"og:locale\" content=\"it_IT\" \/>\n<meta property=\"og:type\" content=\"article\" \/>\n<meta property=\"og:title\" content=\"A Torremaggiore il 30 giugno 2017 Scuola Media Padre Pio aperta a ragazzi e nonni nell&#039;ambito dell&#039;evento Summer School - Torremaggiore On Line\" \/>\n<meta property=\"og:description\" content=\"Venerd\u00ec 30 giugno scuola aperta ai nonni! Venerd\u00ec 30 giugno la Summer School della Scuola\" \/>\n<meta property=\"og:url\" content=\"https:\/\/www.torremaggiore.com\/notizie\/2017\/torremaggiore-30-giugno-2017-scuola-media-padre-pio-aperta-ragazzi-nonni-nellambito-dellevento-summer-school\/\" \/>\n<meta property=\"og:site_name\" content=\"Torremaggiore On Line\" \/>\n<meta property=\"article:published_time\" content=\"2017-06-27T18:32:09+00:00\" \/>\n<meta property=\"og:image\" content=\"https:\/\/www.torremaggiore.com\/notizie\/wp-content\/uploads\/2017\/06\/summer-school-2017.jpg\" \/>\n\t<meta property=\"og:image:width\" content=\"650\" \/>\n\t<meta property=\"og:image:height\" content=\"322\" \/>\n\t<meta property=\"og:image:type\" content=\"image\/jpeg\" \/>\n<meta name=\"author\" content=\"Staff\" \/>\n<meta name=\"twitter:card\" content=\"summary_large_image\" \/>\n<meta name=\"twitter:label1\" content=\"Scritto da\" \/>\n\t<meta name=\"twitter:data1\" content=\"Staff\" \/>\n\t<meta name=\"twitter:label2\" content=\"Tempo di lettura stimato\" \/>\n\t<meta name=\"twitter:data2\" content=\"1 minuto\" \/>\n<script type=\"application\/ld+json\" class=\"yoast-schema-graph\">{\"@context\":\"https:\\\/\\\/schema.org\",\"@graph\":[{\"@type\":\"Article\",\"@id\":\"https:\\\/\\\/www.torremaggiore.com\\\/notizie\\\/2017\\\/torremaggiore-30-giugno-2017-scuola-media-padre-pio-aperta-ragazzi-nonni-nellambito-dellevento-summer-school\\\/#article\",\"isPartOf\":{\"@id\":\"https:\\\/\\\/www.torremaggiore.com\\\/notizie\\\/2017\\\/torremaggiore-30-giugno-2017-scuola-media-padre-pio-aperta-ragazzi-nonni-nellambito-dellevento-summer-school\\\/\"},\"author\":{\"name\":\"Staff\",\"@id\":\"https:\\\/\\\/www.torremaggiore.com\\\/notizie\\\/#\\\/schema\\\/person\\\/b789462c927517766c1bcfb452c8d85e\"},\"headline\":\"A Torremaggiore il 30 giugno 2017 Scuola Media Padre Pio aperta a ragazzi e nonni nell&#8217;ambito dell&#8217;evento Summer School\",\"datePublished\":\"2017-06-27T18:32:09+00:00\",\"mainEntityOfPage\":{\"@id\":\"https:\\\/\\\/www.torremaggiore.com\\\/notizie\\\/2017\\\/torremaggiore-30-giugno-2017-scuola-media-padre-pio-aperta-ragazzi-nonni-nellambito-dellevento-summer-school\\\/\"},\"wordCount\":306,\"publisher\":{\"@id\":\"https:\\\/\\\/www.torremaggiore.com\\\/notizie\\\/#organization\"},\"image\":{\"@id\":\"https:\\\/\\\/www.torremaggiore.com\\\/notizie\\\/2017\\\/torremaggiore-30-giugno-2017-scuola-media-padre-pio-aperta-ragazzi-nonni-nellambito-dellevento-summer-school\\\/#primaryimage\"},\"thumbnailUrl\":\"https:\\\/\\\/www.torremaggiore.com\\\/notizie\\\/wp-content\\\/uploads\\\/2017\\\/06\\\/summer-school-2017.jpg\",\"articleSection\":[\"Appuntamenti\",\"Prima Pagina\"],\"inLanguage\":\"it-IT\"},{\"@type\":\"WebPage\",\"@id\":\"https:\\\/\\\/www.torremaggiore.com\\\/notizie\\\/2017\\\/torremaggiore-30-giugno-2017-scuola-media-padre-pio-aperta-ragazzi-nonni-nellambito-dellevento-summer-school\\\/\",\"url\":\"https:\\\/\\\/www.torremaggiore.com\\\/notizie\\\/2017\\\/torremaggiore-30-giugno-2017-scuola-media-padre-pio-aperta-ragazzi-nonni-nellambito-dellevento-summer-school\\\/\",\"name\":\"A Torremaggiore il 30 giugno 2017 Scuola Media Padre Pio aperta a ragazzi e nonni nell'ambito dell'evento Summer School - Torremaggiore On Line\",\"isPartOf\":{\"@id\":\"https:\\\/\\\/www.torremaggiore.com\\\/notizie\\\/#website\"},\"primaryImageOfPage\":{\"@id\":\"https:\\\/\\\/www.torremaggiore.com\\\/notizie\\\/2017\\\/torremaggiore-30-giugno-2017-scuola-media-padre-pio-aperta-ragazzi-nonni-nellambito-dellevento-summer-school\\\/#primaryimage\"},\"image\":{\"@id\":\"https:\\\/\\\/www.torremaggiore.com\\\/notizie\\\/2017\\\/torremaggiore-30-giugno-2017-scuola-media-padre-pio-aperta-ragazzi-nonni-nellambito-dellevento-summer-school\\\/#primaryimage\"},\"thumbnailUrl\":\"https:\\\/\\\/www.torremaggiore.com\\\/notizie\\\/wp-content\\\/uploads\\\/2017\\\/06\\\/summer-school-2017.jpg\",\"datePublished\":\"2017-06-27T18:32:09+00:00\",\"breadcrumb\":{\"@id\":\"https:\\\/\\\/www.torremaggiore.com\\\/notizie\\\/2017\\\/torremaggiore-30-giugno-2017-scuola-media-padre-pio-aperta-ragazzi-nonni-nellambito-dellevento-summer-school\\\/#breadcrumb\"},\"inLanguage\":\"it-IT\",\"potentialAction\":[{\"@type\":\"ReadAction\",\"target\":[\"https:\\\/\\\/www.torremaggiore.com\\\/notizie\\\/2017\\\/torremaggiore-30-giugno-2017-scuola-media-padre-pio-aperta-ragazzi-nonni-nellambito-dellevento-summer-school\\\/\"]}]},{\"@type\":\"ImageObject\",\"inLanguage\":\"it-IT\",\"@id\":\"https:\\\/\\\/www.torremaggiore.com\\\/notizie\\\/2017\\\/torremaggiore-30-giugno-2017-scuola-media-padre-pio-aperta-ragazzi-nonni-nellambito-dellevento-summer-school\\\/#primaryimage\",\"url\":\"https:\\\/\\\/www.torremaggiore.com\\\/notizie\\\/wp-content\\\/uploads\\\/2017\\\/06\\\/summer-school-2017.jpg\",\"contentUrl\":\"https:\\\/\\\/www.torremaggiore.com\\\/notizie\\\/wp-content\\\/uploads\\\/2017\\\/06\\\/summer-school-2017.jpg\",\"width\":650,\"height\":322},{\"@type\":\"BreadcrumbList\",\"@id\":\"https:\\\/\\\/www.torremaggiore.com\\\/notizie\\\/2017\\\/torremaggiore-30-giugno-2017-scuola-media-padre-pio-aperta-ragazzi-nonni-nellambito-dellevento-summer-school\\\/#breadcrumb\",\"itemListElement\":[{\"@type\":\"ListItem\",\"position\":1,\"name\":\"Home\",\"item\":\"https:\\\/\\\/www.torremaggiore.com\\\/notizie\\\/\"},{\"@type\":\"ListItem\",\"position\":2,\"name\":\"A Torremaggiore il 30 giugno 2017 Scuola Media Padre Pio aperta a ragazzi e nonni nell&#8217;ambito dell&#8217;evento Summer School\"}]},{\"@type\":\"WebSite\",\"@id\":\"https:\\\/\\\/www.torremaggiore.com\\\/notizie\\\/#website\",\"url\":\"https:\\\/\\\/www.torremaggiore.com\\\/notizie\\\/\",\"name\":\"Torremaggiore On Line\",\"description\":\"La Web Community di Torremaggiore\",\"publisher\":{\"@id\":\"https:\\\/\\\/www.torremaggiore.com\\\/notizie\\\/#organization\"},\"potentialAction\":[{\"@type\":\"SearchAction\",\"target\":{\"@type\":\"EntryPoint\",\"urlTemplate\":\"https:\\\/\\\/www.torremaggiore.com\\\/notizie\\\/?s={search_term_string}\"},\"query-input\":{\"@type\":\"PropertyValueSpecification\",\"valueRequired\":true,\"valueName\":\"search_term_string\"}}],\"inLanguage\":\"it-IT\"},{\"@type\":\"Organization\",\"@id\":\"https:\\\/\\\/www.torremaggiore.com\\\/notizie\\\/#organization\",\"name\":\"Torremaggiore On Line\",\"url\":\"https:\\\/\\\/www.torremaggiore.com\\\/notizie\\\/\",\"logo\":{\"@type\":\"ImageObject\",\"inLanguage\":\"it-IT\",\"@id\":\"https:\\\/\\\/www.torremaggiore.com\\\/notizie\\\/#\\\/schema\\\/logo\\\/image\\\/\",\"url\":\"https:\\\/\\\/www.torremaggiore.com\\\/notizie\\\/wp-content\\\/uploads\\\/2020\\\/03\\\/logo-tmol20.gif\",\"contentUrl\":\"https:\\\/\\\/www.torremaggiore.com\\\/notizie\\\/wp-content\\\/uploads\\\/2020\\\/03\\\/logo-tmol20.gif\",\"width\":260,\"height\":95,\"caption\":\"Torremaggiore On Line\"},\"image\":{\"@id\":\"https:\\\/\\\/www.torremaggiore.com\\\/notizie\\\/#\\\/schema\\\/logo\\\/image\\\/\"}},{\"@type\":\"Person\",\"@id\":\"https:\\\/\\\/www.torremaggiore.com\\\/notizie\\\/#\\\/schema\\\/person\\\/b789462c927517766c1bcfb452c8d85e\",\"name\":\"Staff\",\"image\":{\"@type\":\"ImageObject\",\"inLanguage\":\"it-IT\",\"@id\":\"https:\\\/\\\/secure.gravatar.com\\\/avatar\\\/fd311f248f82517b1efd21a54e666df2c5b705bb4a4fb804f3903c94be513fee?s=96&d=mm&r=g\",\"url\":\"https:\\\/\\\/secure.gravatar.com\\\/avatar\\\/fd311f248f82517b1efd21a54e666df2c5b705bb4a4fb804f3903c94be513fee?s=96&d=mm&r=g\",\"contentUrl\":\"https:\\\/\\\/secure.gravatar.com\\\/avatar\\\/fd311f248f82517b1efd21a54e666df2c5b705bb4a4fb804f3903c94be513fee?s=96&d=mm&r=g\",\"caption\":\"Staff\"},\"sameAs\":[\"https:\\\/\\\/www.micheleantonucci.it\"],\"url\":\"https:\\\/\\\/www.torremaggiore.com\\\/notizie\\\/author\\\/staff\\\/\"}]}<\/script>\n<!-- \/ Yoast SEO plugin. -->","yoast_head_json":{"title":"A Torremaggiore il 30 giugno 2017 Scuola Media Padre Pio aperta a ragazzi e nonni nell'ambito dell'evento Summer School - Torremaggiore On Line","robots":{"index":"index","follow":"follow","max-snippet":"max-snippet:-1","max-image-preview":"max-image-preview:large","max-video-preview":"max-video-preview:-1"},"canonical":"https:\/\/www.torremaggiore.com\/notizie\/2017\/torremaggiore-30-giugno-2017-scuola-media-padre-pio-aperta-ragazzi-nonni-nellambito-dellevento-summer-school\/","og_locale":"it_IT","og_type":"article","og_title":"A Torremaggiore il 30 giugno 2017 Scuola Media Padre Pio aperta a ragazzi e nonni nell'ambito dell'evento Summer School - Torremaggiore On Line","og_description":"Venerd\u00ec 30 giugno scuola aperta ai nonni! Venerd\u00ec 30 giugno la Summer School della Scuola","og_url":"https:\/\/www.torremaggiore.com\/notizie\/2017\/torremaggiore-30-giugno-2017-scuola-media-padre-pio-aperta-ragazzi-nonni-nellambito-dellevento-summer-school\/","og_site_name":"Torremaggiore On Line","article_published_time":"2017-06-27T18:32:09+00:00","og_image":[{"width":650,"height":322,"url":"https:\/\/www.torremaggiore.com\/notizie\/wp-content\/uploads\/2017\/06\/summer-school-2017.jpg","type":"image\/jpeg"}],"author":"Staff","twitter_card":"summary_large_image","twitter_misc":{"Scritto da":"Staff","Tempo di lettura stimato":"1 minuto"},"schema":{"@context":"https:\/\/schema.org","@graph":[{"@type":"Article","@id":"https:\/\/www.torremaggiore.com\/notizie\/2017\/torremaggiore-30-giugno-2017-scuola-media-padre-pio-aperta-ragazzi-nonni-nellambito-dellevento-summer-school\/#article","isPartOf":{"@id":"https:\/\/www.torremaggiore.com\/notizie\/2017\/torremaggiore-30-giugno-2017-scuola-media-padre-pio-aperta-ragazzi-nonni-nellambito-dellevento-summer-school\/"},"author":{"name":"Staff","@id":"https:\/\/www.torremaggiore.com\/notizie\/#\/schema\/person\/b789462c927517766c1bcfb452c8d85e"},"headline":"A Torremaggiore il 30 giugno 2017 Scuola Media Padre Pio aperta a ragazzi e nonni nell&#8217;ambito dell&#8217;evento Summer School","datePublished":"2017-06-27T18:32:09+00:00","mainEntityOfPage":{"@id":"https:\/\/www.torremaggiore.com\/notizie\/2017\/torremaggiore-30-giugno-2017-scuola-media-padre-pio-aperta-ragazzi-nonni-nellambito-dellevento-summer-school\/"},"wordCount":306,"publisher":{"@id":"https:\/\/www.torremaggiore.com\/notizie\/#organization"},"image":{"@id":"https:\/\/www.torremaggiore.com\/notizie\/2017\/torremaggiore-30-giugno-2017-scuola-media-padre-pio-aperta-ragazzi-nonni-nellambito-dellevento-summer-school\/#primaryimage"},"thumbnailUrl":"https:\/\/www.torremaggiore.com\/notizie\/wp-content\/uploads\/2017\/06\/summer-school-2017.jpg","articleSection":["Appuntamenti","Prima Pagina"],"inLanguage":"it-IT"},{"@type":"WebPage","@id":"https:\/\/www.torremaggiore.com\/notizie\/2017\/torremaggiore-30-giugno-2017-scuola-media-padre-pio-aperta-ragazzi-nonni-nellambito-dellevento-summer-school\/","url":"https:\/\/www.torremaggiore.com\/notizie\/2017\/torremaggiore-30-giugno-2017-scuola-media-padre-pio-aperta-ragazzi-nonni-nellambito-dellevento-summer-school\/","name":"A Torremaggiore il 30 giugno 2017 Scuola Media Padre Pio aperta a ragazzi e nonni nell'ambito dell'evento Summer School - Torremaggiore On Line","isPartOf":{"@id":"https:\/\/www.torremaggiore.com\/notizie\/#website"},"primaryImageOfPage":{"@id":"https:\/\/www.torremaggiore.com\/notizie\/2017\/torremaggiore-30-giugno-2017-scuola-media-padre-pio-aperta-ragazzi-nonni-nellambito-dellevento-summer-school\/#primaryimage"},"image":{"@id":"https:\/\/www.torremaggiore.com\/notizie\/2017\/torremaggiore-30-giugno-2017-scuola-media-padre-pio-aperta-ragazzi-nonni-nellambito-dellevento-summer-school\/#primaryimage"},"thumbnailUrl":"https:\/\/www.torremaggiore.com\/notizie\/wp-content\/uploads\/2017\/06\/summer-school-2017.jpg","datePublished":"2017-06-27T18:32:09+00:00","breadcrumb":{"@id":"https:\/\/www.torremaggiore.com\/notizie\/2017\/torremaggiore-30-giugno-2017-scuola-media-padre-pio-aperta-ragazzi-nonni-nellambito-dellevento-summer-school\/#breadcrumb"},"inLanguage":"it-IT","potentialAction":[{"@type":"ReadAction","target":["https:\/\/www.torremaggiore.com\/notizie\/2017\/torremaggiore-30-giugno-2017-scuola-media-padre-pio-aperta-ragazzi-nonni-nellambito-dellevento-summer-school\/"]}]},{"@type":"ImageObject","inLanguage":"it-IT","@id":"https:\/\/www.torremaggiore.com\/notizie\/2017\/torremaggiore-30-giugno-2017-scuola-media-padre-pio-aperta-ragazzi-nonni-nellambito-dellevento-summer-school\/#primaryimage","url":"https:\/\/www.torremaggiore.com\/notizie\/wp-content\/uploads\/2017\/06\/summer-school-2017.jpg","contentUrl":"https:\/\/www.torremaggiore.com\/notizie\/wp-content\/uploads\/2017\/06\/summer-school-2017.jpg","width":650,"height":322},{"@type":"BreadcrumbList","@id":"https:\/\/www.torremaggiore.com\/notizie\/2017\/torremaggiore-30-giugno-2017-scuola-media-padre-pio-aperta-ragazzi-nonni-nellambito-dellevento-summer-school\/#breadcrumb","itemListElement":[{"@type":"ListItem","position":1,"name":"Home","item":"https:\/\/www.torremaggiore.com\/notizie\/"},{"@type":"ListItem","position":2,"name":"A Torremaggiore il 30 giugno 2017 Scuola Media Padre Pio aperta a ragazzi e nonni nell&#8217;ambito dell&#8217;evento Summer School"}]},{"@type":"WebSite","@id":"https:\/\/www.torremaggiore.com\/notizie\/#website","url":"https:\/\/www.torremaggiore.com\/notizie\/","name":"Torremaggiore On Line","description":"La Web Community di Torremaggiore","publisher":{"@id":"https:\/\/www.torremaggiore.com\/notizie\/#organization"},"potentialAction":[{"@type":"SearchAction","target":{"@type":"EntryPoint","urlTemplate":"https:\/\/www.torremaggiore.com\/notizie\/?s={search_term_string}"},"query-input":{"@type":"PropertyValueSpecification","valueRequired":true,"valueName":"search_term_string"}}],"inLanguage":"it-IT"},{"@type":"Organization","@id":"https:\/\/www.torremaggiore.com\/notizie\/#organization","name":"Torremaggiore On Line","url":"https:\/\/www.torremaggiore.com\/notizie\/","logo":{"@type":"ImageObject","inLanguage":"it-IT","@id":"https:\/\/www.torremaggiore.com\/notizie\/#\/schema\/logo\/image\/","url":"https:\/\/www.torremaggiore.com\/notizie\/wp-content\/uploads\/2020\/03\/logo-tmol20.gif","contentUrl":"https:\/\/www.torremaggiore.com\/notizie\/wp-content\/uploads\/2020\/03\/logo-tmol20.gif","width":260,"height":95,"caption":"Torremaggiore On Line"},"image":{"@id":"https:\/\/www.torremaggiore.com\/notizie\/#\/schema\/logo\/image\/"}},{"@type":"Person","@id":"https:\/\/www.torremaggiore.com\/notizie\/#\/schema\/person\/b789462c927517766c1bcfb452c8d85e","name":"Staff","image":{"@type":"ImageObject","inLanguage":"it-IT","@id":"https:\/\/secure.gravatar.com\/avatar\/fd311f248f82517b1efd21a54e666df2c5b705bb4a4fb804f3903c94be513fee?s=96&d=mm&r=g","url":"https:\/\/secure.gravatar.com\/avatar\/fd311f248f82517b1efd21a54e666df2c5b705bb4a4fb804f3903c94be513fee?s=96&d=mm&r=g","contentUrl":"https:\/\/secure.gravatar.com\/avatar\/fd311f248f82517b1efd21a54e666df2c5b705bb4a4fb804f3903c94be513fee?s=96&d=mm&r=g","caption":"Staff"},"sameAs":["https:\/\/www.micheleantonucci.it"],"url":"https:\/\/www.torremaggiore.com\/notizie\/author\/staff\/"}]}},"_links":{"self":[{"href":"https:\/\/www.torremaggiore.com\/notizie\/wp-json\/wp\/v2\/posts\/8503","targetHints":{"allow":["GET"]}}],"collection":[{"href":"https:\/\/www.torremaggiore.com\/notizie\/wp-json\/wp\/v2\/posts"}],"about":[{"href":"https:\/\/www.torremaggiore.com\/notizie\/wp-json\/wp\/v2\/types\/post"}],"author":[{"embeddable":true,"href":"https:\/\/www.torremaggiore.com\/notizie\/wp-json\/wp\/v2\/users\/2"}],"replies":[{"embeddable":true,"href":"https:\/\/www.torremaggiore.com\/notizie\/wp-json\/wp\/v2\/comments?post=8503"}],"version-history":[{"count":0,"href":"https:\/\/www.torremaggiore.com\/notizie\/wp-json\/wp\/v2\/posts\/8503\/revisions"}],"wp:featuredmedia":[{"embeddable":true,"href":"https:\/\/www.torremaggiore.com\/notizie\/wp-json\/wp\/v2\/media\/8504"}],"wp:attachment":[{"href":"https:\/\/www.torremaggiore.com\/notizie\/wp-json\/wp\/v2\/media?parent=8503"}],"wp:term":[{"taxonomy":"category","embeddable":true,"href":"https:\/\/www.torremaggiore.com\/notizie\/wp-json\/wp\/v2\/categories?post=8503"},{"taxonomy":"post_tag","embeddable":true,"href":"https:\/\/www.torremaggiore.com\/notizie\/wp-json\/wp\/v2\/tags?post=8503"}],"curies":[{"name":"wp","href":"https:\/\/api.w.org\/{rel}","templated":true}]}}