{"id":8458,"date":"2017-06-17T13:23:47","date_gmt":"2017-06-17T11:23:47","guid":{"rendered":"http:\/\/www.torremaggiore.com\/notizie\/?p=8458"},"modified":"2017-06-17T13:23:47","modified_gmt":"2017-06-17T11:23:47","slug":"costituita-torremaggiore-lunita-della-sinistra","status":"publish","type":"post","link":"https:\/\/www.torremaggiore.com\/notizie\/2017\/costituita-torremaggiore-lunita-della-sinistra\/","title":{"rendered":"Costituita a Torremaggiore l&#8217;Unit\u00e0 della Sinistra"},"content":{"rendered":"<p>A Torremaggiore (FG) nelle ultime elezioni amministrative del 2016 si \u00e8 presentata una Lista Civica unitaria denominata &#8220;Rinascita Cittadina&#8221;, composta, in quella fase, da tre partiti: Rifondazione Comunista, Italia dei Valori, Partito del Sud, pi\u00f9 altre soggettivit\u00e0 della societ\u00e0 civile. Dopo le elezioni ha continuato ad operare impegnandosi ed aderendo ai &#8220;Comitati per il NO&#8221; nazionali al Referendum svoltosi il 4 dicembre 2016. La caratterizzazione unitaria di quella Lista \u00e8 sempre stata una costante. Dopo la vittoria del Referendum a livello nazionale, tutti coloro che si sono battuti per il NO hanno intrapreso un progetto politico per cambiare la classe politica italiana che non ha mai applicato e attuato tutti gli articoli della Costituzione Italiana del 1948. Nei prossimi giorni ci saranno, a livello nazionale, diverse manifestazioni politiche per dare concretezza ai vari appelli delle forze democratiche e di sinistra all&#8217;UNITA&#8217; di tutti coloro che vogliono cambiare la societ\u00e0 politica oggi predominante. Per far s\u00ec che nel prossimo Parlamento sia rappresentata la parte pi\u00f9 fragile di questo Paese e quanti, giovani e meno giovani, in seguito alla crisi, sono scivolati nella fascia del bisogno, della precariet\u00e0, della mancanza di futuro e di prospettive. Un progetto che parta dai programmi, non dalle leadership e metta al centro il diritto al lavoro, il diritto a una remunerazione equa o a un reddito di dignit\u00e0, il diritto alla salute, alla casa, all&#8217;istruzione. Un progetto che costruisca il futuro sull&#8217;economia della conoscenza e su un modello di economia sostenibile, non sul profitto, non sull&#8217;egemonia dei mercati sui diritti e sulla vita delle persone. Un progetto che dia priorit\u00e0 all&#8217;ambiente, al patrimonio culturale, a scuola, universit\u00e0 e ricerca: non alla finanza; che affronti i problemi di bilancio contrastando evasione ed elusione fiscale, e promuovendo equit\u00e0 e progressivit\u00e0 fiscale: non austerit\u00e0 e politiche recessive. &#8220;Rinascita Cittadina&#8221; ha aderito a questo progetto ed ha deciso di continuare il suo percorso politico cittadino, e non solo, trasformandosi in un nucleo costitutivo dell&#8217; &#8220;UNITA&#8217; DELLA SINISTRA&#8221;.<\/p>\n<p>La sua sede di Torremaggiore, in via Nicola Fiani 132, diventa la sede dell&#8217;UNITA&#8217; DELLA SINISTRA aperta a tutte le forze politiche, alle Associazioni, ai Democratici e Progressisti della nostra Citt\u00e0 che si vogliono impegnare, insieme a noi, per trasformarla e migliorarla.<\/p>\n<p>Firmatari pro tempore<\/p>\n<p>De Cesare Michelangelo Fulvio<br \/>\nMichele Dell&#8217;Edera<br \/>\nMatteo Marolla<\/p>\n<p>&nbsp;<\/p>\n<p>Segui UNITA&#8217; DELLA SINISTRA SU FACEBOOK<br \/>\n<a href=\"https:\/\/www.facebook.com\/unitadellasinistra\" target=\"_blank\" rel=\"noopener\">https:\/\/www.facebook.com\/unitadellasinistra<\/a><\/p>\n","protected":false},"excerpt":{"rendered":"<p>A Torremaggiore (FG) nelle ultime elezioni amministrative del 2016 si \u00e8 presentata una Lista Civica<\/p>\n","protected":false},"author":2,"featured_media":8459,"comment_status":"closed","ping_status":"open","sticky":false,"template":"","format":"standard","meta":{"footnotes":""},"categories":[4,250],"tags":[8],"class_list":["post-8458","post","type-post","status-publish","format-standard","has-post-thumbnail","hentry","category-politica","category-prima-pagina","tag-torremaggiore"],"yoast_head":"<!-- This site is optimized with the Yoast SEO plugin v27.4 - https:\/\/yoast.com\/product\/yoast-seo-wordpress\/ -->\n<title>Costituita a Torremaggiore l&#039;Unit\u00e0 della Sinistra - Torremaggiore On Line<\/title>\n<meta name=\"robots\" content=\"index, follow, max-snippet:-1, max-image-preview:large, max-video-preview:-1\" \/>\n<link rel=\"canonical\" href=\"https:\/\/www.torremaggiore.com\/notizie\/2017\/costituita-torremaggiore-lunita-della-sinistra\/\" \/>\n<meta property=\"og:locale\" content=\"it_IT\" \/>\n<meta property=\"og:type\" content=\"article\" \/>\n<meta property=\"og:title\" content=\"Costituita a Torremaggiore l&#039;Unit\u00e0 della Sinistra - Torremaggiore On Line\" \/>\n<meta property=\"og:description\" content=\"A Torremaggiore (FG) nelle ultime elezioni amministrative del 2016 si \u00e8 presentata una Lista Civica\" \/>\n<meta property=\"og:url\" content=\"https:\/\/www.torremaggiore.com\/notizie\/2017\/costituita-torremaggiore-lunita-della-sinistra\/\" \/>\n<meta property=\"og:site_name\" content=\"Torremaggiore On Line\" \/>\n<meta property=\"article:published_time\" content=\"2017-06-17T11:23:47+00:00\" \/>\n<meta property=\"og:image\" content=\"https:\/\/www.torremaggiore.com\/notizie\/wp-content\/uploads\/2017\/06\/unita-sinistra.jpg\" \/>\n\t<meta property=\"og:image:width\" content=\"354\" \/>\n\t<meta property=\"og:image:height\" content=\"354\" \/>\n\t<meta property=\"og:image:type\" content=\"image\/jpeg\" \/>\n<meta name=\"author\" content=\"Staff\" \/>\n<meta name=\"twitter:card\" content=\"summary_large_image\" \/>\n<meta name=\"twitter:label1\" content=\"Scritto da\" \/>\n\t<meta name=\"twitter:data1\" content=\"Staff\" \/>\n\t<meta name=\"twitter:label2\" content=\"Tempo di lettura stimato\" \/>\n\t<meta name=\"twitter:data2\" content=\"2 minuti\" \/>\n<script type=\"application\/ld+json\" class=\"yoast-schema-graph\">{\"@context\":\"https:\\\/\\\/schema.org\",\"@graph\":[{\"@type\":\"Article\",\"@id\":\"https:\\\/\\\/www.torremaggiore.com\\\/notizie\\\/2017\\\/costituita-torremaggiore-lunita-della-sinistra\\\/#article\",\"isPartOf\":{\"@id\":\"https:\\\/\\\/www.torremaggiore.com\\\/notizie\\\/2017\\\/costituita-torremaggiore-lunita-della-sinistra\\\/\"},\"author\":{\"name\":\"Staff\",\"@id\":\"https:\\\/\\\/www.torremaggiore.com\\\/notizie\\\/#\\\/schema\\\/person\\\/b789462c927517766c1bcfb452c8d85e\"},\"headline\":\"Costituita a Torremaggiore l&#8217;Unit\u00e0 della Sinistra\",\"datePublished\":\"2017-06-17T11:23:47+00:00\",\"mainEntityOfPage\":{\"@id\":\"https:\\\/\\\/www.torremaggiore.com\\\/notizie\\\/2017\\\/costituita-torremaggiore-lunita-della-sinistra\\\/\"},\"wordCount\":399,\"publisher\":{\"@id\":\"https:\\\/\\\/www.torremaggiore.com\\\/notizie\\\/#organization\"},\"image\":{\"@id\":\"https:\\\/\\\/www.torremaggiore.com\\\/notizie\\\/2017\\\/costituita-torremaggiore-lunita-della-sinistra\\\/#primaryimage\"},\"thumbnailUrl\":\"https:\\\/\\\/www.torremaggiore.com\\\/notizie\\\/wp-content\\\/uploads\\\/2017\\\/06\\\/unita-sinistra.jpg\",\"keywords\":[\"torremaggiore\"],\"articleSection\":[\"Politica\",\"Prima Pagina\"],\"inLanguage\":\"it-IT\"},{\"@type\":\"WebPage\",\"@id\":\"https:\\\/\\\/www.torremaggiore.com\\\/notizie\\\/2017\\\/costituita-torremaggiore-lunita-della-sinistra\\\/\",\"url\":\"https:\\\/\\\/www.torremaggiore.com\\\/notizie\\\/2017\\\/costituita-torremaggiore-lunita-della-sinistra\\\/\",\"name\":\"Costituita a Torremaggiore l'Unit\u00e0 della Sinistra - Torremaggiore On Line\",\"isPartOf\":{\"@id\":\"https:\\\/\\\/www.torremaggiore.com\\\/notizie\\\/#website\"},\"primaryImageOfPage\":{\"@id\":\"https:\\\/\\\/www.torremaggiore.com\\\/notizie\\\/2017\\\/costituita-torremaggiore-lunita-della-sinistra\\\/#primaryimage\"},\"image\":{\"@id\":\"https:\\\/\\\/www.torremaggiore.com\\\/notizie\\\/2017\\\/costituita-torremaggiore-lunita-della-sinistra\\\/#primaryimage\"},\"thumbnailUrl\":\"https:\\\/\\\/www.torremaggiore.com\\\/notizie\\\/wp-content\\\/uploads\\\/2017\\\/06\\\/unita-sinistra.jpg\",\"datePublished\":\"2017-06-17T11:23:47+00:00\",\"breadcrumb\":{\"@id\":\"https:\\\/\\\/www.torremaggiore.com\\\/notizie\\\/2017\\\/costituita-torremaggiore-lunita-della-sinistra\\\/#breadcrumb\"},\"inLanguage\":\"it-IT\",\"potentialAction\":[{\"@type\":\"ReadAction\",\"target\":[\"https:\\\/\\\/www.torremaggiore.com\\\/notizie\\\/2017\\\/costituita-torremaggiore-lunita-della-sinistra\\\/\"]}]},{\"@type\":\"ImageObject\",\"inLanguage\":\"it-IT\",\"@id\":\"https:\\\/\\\/www.torremaggiore.com\\\/notizie\\\/2017\\\/costituita-torremaggiore-lunita-della-sinistra\\\/#primaryimage\",\"url\":\"https:\\\/\\\/www.torremaggiore.com\\\/notizie\\\/wp-content\\\/uploads\\\/2017\\\/06\\\/unita-sinistra.jpg\",\"contentUrl\":\"https:\\\/\\\/www.torremaggiore.com\\\/notizie\\\/wp-content\\\/uploads\\\/2017\\\/06\\\/unita-sinistra.jpg\",\"width\":354,\"height\":354},{\"@type\":\"BreadcrumbList\",\"@id\":\"https:\\\/\\\/www.torremaggiore.com\\\/notizie\\\/2017\\\/costituita-torremaggiore-lunita-della-sinistra\\\/#breadcrumb\",\"itemListElement\":[{\"@type\":\"ListItem\",\"position\":1,\"name\":\"Home\",\"item\":\"https:\\\/\\\/www.torremaggiore.com\\\/notizie\\\/\"},{\"@type\":\"ListItem\",\"position\":2,\"name\":\"Costituita a Torremaggiore l&#8217;Unit\u00e0 della Sinistra\"}]},{\"@type\":\"WebSite\",\"@id\":\"https:\\\/\\\/www.torremaggiore.com\\\/notizie\\\/#website\",\"url\":\"https:\\\/\\\/www.torremaggiore.com\\\/notizie\\\/\",\"name\":\"Torremaggiore On Line\",\"description\":\"La Web Community di Torremaggiore\",\"publisher\":{\"@id\":\"https:\\\/\\\/www.torremaggiore.com\\\/notizie\\\/#organization\"},\"potentialAction\":[{\"@type\":\"SearchAction\",\"target\":{\"@type\":\"EntryPoint\",\"urlTemplate\":\"https:\\\/\\\/www.torremaggiore.com\\\/notizie\\\/?s={search_term_string}\"},\"query-input\":{\"@type\":\"PropertyValueSpecification\",\"valueRequired\":true,\"valueName\":\"search_term_string\"}}],\"inLanguage\":\"it-IT\"},{\"@type\":\"Organization\",\"@id\":\"https:\\\/\\\/www.torremaggiore.com\\\/notizie\\\/#organization\",\"name\":\"Torremaggiore On Line\",\"url\":\"https:\\\/\\\/www.torremaggiore.com\\\/notizie\\\/\",\"logo\":{\"@type\":\"ImageObject\",\"inLanguage\":\"it-IT\",\"@id\":\"https:\\\/\\\/www.torremaggiore.com\\\/notizie\\\/#\\\/schema\\\/logo\\\/image\\\/\",\"url\":\"https:\\\/\\\/www.torremaggiore.com\\\/notizie\\\/wp-content\\\/uploads\\\/2020\\\/03\\\/logo-tmol20.gif\",\"contentUrl\":\"https:\\\/\\\/www.torremaggiore.com\\\/notizie\\\/wp-content\\\/uploads\\\/2020\\\/03\\\/logo-tmol20.gif\",\"width\":260,\"height\":95,\"caption\":\"Torremaggiore On Line\"},\"image\":{\"@id\":\"https:\\\/\\\/www.torremaggiore.com\\\/notizie\\\/#\\\/schema\\\/logo\\\/image\\\/\"}},{\"@type\":\"Person\",\"@id\":\"https:\\\/\\\/www.torremaggiore.com\\\/notizie\\\/#\\\/schema\\\/person\\\/b789462c927517766c1bcfb452c8d85e\",\"name\":\"Staff\",\"image\":{\"@type\":\"ImageObject\",\"inLanguage\":\"it-IT\",\"@id\":\"https:\\\/\\\/secure.gravatar.com\\\/avatar\\\/fd311f248f82517b1efd21a54e666df2c5b705bb4a4fb804f3903c94be513fee?s=96&d=mm&r=g\",\"url\":\"https:\\\/\\\/secure.gravatar.com\\\/avatar\\\/fd311f248f82517b1efd21a54e666df2c5b705bb4a4fb804f3903c94be513fee?s=96&d=mm&r=g\",\"contentUrl\":\"https:\\\/\\\/secure.gravatar.com\\\/avatar\\\/fd311f248f82517b1efd21a54e666df2c5b705bb4a4fb804f3903c94be513fee?s=96&d=mm&r=g\",\"caption\":\"Staff\"},\"sameAs\":[\"https:\\\/\\\/www.micheleantonucci.it\"],\"url\":\"https:\\\/\\\/www.torremaggiore.com\\\/notizie\\\/author\\\/staff\\\/\"}]}<\/script>\n<!-- \/ Yoast SEO plugin. -->","yoast_head_json":{"title":"Costituita a Torremaggiore l'Unit\u00e0 della Sinistra - Torremaggiore On Line","robots":{"index":"index","follow":"follow","max-snippet":"max-snippet:-1","max-image-preview":"max-image-preview:large","max-video-preview":"max-video-preview:-1"},"canonical":"https:\/\/www.torremaggiore.com\/notizie\/2017\/costituita-torremaggiore-lunita-della-sinistra\/","og_locale":"it_IT","og_type":"article","og_title":"Costituita a Torremaggiore l'Unit\u00e0 della Sinistra - Torremaggiore On Line","og_description":"A Torremaggiore (FG) nelle ultime elezioni amministrative del 2016 si \u00e8 presentata una Lista Civica","og_url":"https:\/\/www.torremaggiore.com\/notizie\/2017\/costituita-torremaggiore-lunita-della-sinistra\/","og_site_name":"Torremaggiore On Line","article_published_time":"2017-06-17T11:23:47+00:00","og_image":[{"width":354,"height":354,"url":"https:\/\/www.torremaggiore.com\/notizie\/wp-content\/uploads\/2017\/06\/unita-sinistra.jpg","type":"image\/jpeg"}],"author":"Staff","twitter_card":"summary_large_image","twitter_misc":{"Scritto da":"Staff","Tempo di lettura stimato":"2 minuti"},"schema":{"@context":"https:\/\/schema.org","@graph":[{"@type":"Article","@id":"https:\/\/www.torremaggiore.com\/notizie\/2017\/costituita-torremaggiore-lunita-della-sinistra\/#article","isPartOf":{"@id":"https:\/\/www.torremaggiore.com\/notizie\/2017\/costituita-torremaggiore-lunita-della-sinistra\/"},"author":{"name":"Staff","@id":"https:\/\/www.torremaggiore.com\/notizie\/#\/schema\/person\/b789462c927517766c1bcfb452c8d85e"},"headline":"Costituita a Torremaggiore l&#8217;Unit\u00e0 della Sinistra","datePublished":"2017-06-17T11:23:47+00:00","mainEntityOfPage":{"@id":"https:\/\/www.torremaggiore.com\/notizie\/2017\/costituita-torremaggiore-lunita-della-sinistra\/"},"wordCount":399,"publisher":{"@id":"https:\/\/www.torremaggiore.com\/notizie\/#organization"},"image":{"@id":"https:\/\/www.torremaggiore.com\/notizie\/2017\/costituita-torremaggiore-lunita-della-sinistra\/#primaryimage"},"thumbnailUrl":"https:\/\/www.torremaggiore.com\/notizie\/wp-content\/uploads\/2017\/06\/unita-sinistra.jpg","keywords":["torremaggiore"],"articleSection":["Politica","Prima Pagina"],"inLanguage":"it-IT"},{"@type":"WebPage","@id":"https:\/\/www.torremaggiore.com\/notizie\/2017\/costituita-torremaggiore-lunita-della-sinistra\/","url":"https:\/\/www.torremaggiore.com\/notizie\/2017\/costituita-torremaggiore-lunita-della-sinistra\/","name":"Costituita a Torremaggiore l'Unit\u00e0 della Sinistra - Torremaggiore On Line","isPartOf":{"@id":"https:\/\/www.torremaggiore.com\/notizie\/#website"},"primaryImageOfPage":{"@id":"https:\/\/www.torremaggiore.com\/notizie\/2017\/costituita-torremaggiore-lunita-della-sinistra\/#primaryimage"},"image":{"@id":"https:\/\/www.torremaggiore.com\/notizie\/2017\/costituita-torremaggiore-lunita-della-sinistra\/#primaryimage"},"thumbnailUrl":"https:\/\/www.torremaggiore.com\/notizie\/wp-content\/uploads\/2017\/06\/unita-sinistra.jpg","datePublished":"2017-06-17T11:23:47+00:00","breadcrumb":{"@id":"https:\/\/www.torremaggiore.com\/notizie\/2017\/costituita-torremaggiore-lunita-della-sinistra\/#breadcrumb"},"inLanguage":"it-IT","potentialAction":[{"@type":"ReadAction","target":["https:\/\/www.torremaggiore.com\/notizie\/2017\/costituita-torremaggiore-lunita-della-sinistra\/"]}]},{"@type":"ImageObject","inLanguage":"it-IT","@id":"https:\/\/www.torremaggiore.com\/notizie\/2017\/costituita-torremaggiore-lunita-della-sinistra\/#primaryimage","url":"https:\/\/www.torremaggiore.com\/notizie\/wp-content\/uploads\/2017\/06\/unita-sinistra.jpg","contentUrl":"https:\/\/www.torremaggiore.com\/notizie\/wp-content\/uploads\/2017\/06\/unita-sinistra.jpg","width":354,"height":354},{"@type":"BreadcrumbList","@id":"https:\/\/www.torremaggiore.com\/notizie\/2017\/costituita-torremaggiore-lunita-della-sinistra\/#breadcrumb","itemListElement":[{"@type":"ListItem","position":1,"name":"Home","item":"https:\/\/www.torremaggiore.com\/notizie\/"},{"@type":"ListItem","position":2,"name":"Costituita a Torremaggiore l&#8217;Unit\u00e0 della Sinistra"}]},{"@type":"WebSite","@id":"https:\/\/www.torremaggiore.com\/notizie\/#website","url":"https:\/\/www.torremaggiore.com\/notizie\/","name":"Torremaggiore On Line","description":"La Web Community di Torremaggiore","publisher":{"@id":"https:\/\/www.torremaggiore.com\/notizie\/#organization"},"potentialAction":[{"@type":"SearchAction","target":{"@type":"EntryPoint","urlTemplate":"https:\/\/www.torremaggiore.com\/notizie\/?s={search_term_string}"},"query-input":{"@type":"PropertyValueSpecification","valueRequired":true,"valueName":"search_term_string"}}],"inLanguage":"it-IT"},{"@type":"Organization","@id":"https:\/\/www.torremaggiore.com\/notizie\/#organization","name":"Torremaggiore On Line","url":"https:\/\/www.torremaggiore.com\/notizie\/","logo":{"@type":"ImageObject","inLanguage":"it-IT","@id":"https:\/\/www.torremaggiore.com\/notizie\/#\/schema\/logo\/image\/","url":"https:\/\/www.torremaggiore.com\/notizie\/wp-content\/uploads\/2020\/03\/logo-tmol20.gif","contentUrl":"https:\/\/www.torremaggiore.com\/notizie\/wp-content\/uploads\/2020\/03\/logo-tmol20.gif","width":260,"height":95,"caption":"Torremaggiore On Line"},"image":{"@id":"https:\/\/www.torremaggiore.com\/notizie\/#\/schema\/logo\/image\/"}},{"@type":"Person","@id":"https:\/\/www.torremaggiore.com\/notizie\/#\/schema\/person\/b789462c927517766c1bcfb452c8d85e","name":"Staff","image":{"@type":"ImageObject","inLanguage":"it-IT","@id":"https:\/\/secure.gravatar.com\/avatar\/fd311f248f82517b1efd21a54e666df2c5b705bb4a4fb804f3903c94be513fee?s=96&d=mm&r=g","url":"https:\/\/secure.gravatar.com\/avatar\/fd311f248f82517b1efd21a54e666df2c5b705bb4a4fb804f3903c94be513fee?s=96&d=mm&r=g","contentUrl":"https:\/\/secure.gravatar.com\/avatar\/fd311f248f82517b1efd21a54e666df2c5b705bb4a4fb804f3903c94be513fee?s=96&d=mm&r=g","caption":"Staff"},"sameAs":["https:\/\/www.micheleantonucci.it"],"url":"https:\/\/www.torremaggiore.com\/notizie\/author\/staff\/"}]}},"_links":{"self":[{"href":"https:\/\/www.torremaggiore.com\/notizie\/wp-json\/wp\/v2\/posts\/8458","targetHints":{"allow":["GET"]}}],"collection":[{"href":"https:\/\/www.torremaggiore.com\/notizie\/wp-json\/wp\/v2\/posts"}],"about":[{"href":"https:\/\/www.torremaggiore.com\/notizie\/wp-json\/wp\/v2\/types\/post"}],"author":[{"embeddable":true,"href":"https:\/\/www.torremaggiore.com\/notizie\/wp-json\/wp\/v2\/users\/2"}],"replies":[{"embeddable":true,"href":"https:\/\/www.torremaggiore.com\/notizie\/wp-json\/wp\/v2\/comments?post=8458"}],"version-history":[{"count":0,"href":"https:\/\/www.torremaggiore.com\/notizie\/wp-json\/wp\/v2\/posts\/8458\/revisions"}],"wp:featuredmedia":[{"embeddable":true,"href":"https:\/\/www.torremaggiore.com\/notizie\/wp-json\/wp\/v2\/media\/8459"}],"wp:attachment":[{"href":"https:\/\/www.torremaggiore.com\/notizie\/wp-json\/wp\/v2\/media?parent=8458"}],"wp:term":[{"taxonomy":"category","embeddable":true,"href":"https:\/\/www.torremaggiore.com\/notizie\/wp-json\/wp\/v2\/categories?post=8458"},{"taxonomy":"post_tag","embeddable":true,"href":"https:\/\/www.torremaggiore.com\/notizie\/wp-json\/wp\/v2\/tags?post=8458"}],"curies":[{"name":"wp","href":"https:\/\/api.w.org\/{rel}","templated":true}]}}