{"id":8430,"date":"2017-06-09T21:18:31","date_gmt":"2017-06-09T19:18:31","guid":{"rendered":"http:\/\/www.torremaggiore.com\/notizie\/?p=8430"},"modified":"2017-06-09T21:19:30","modified_gmt":"2017-06-09T19:19:30","slug":"nota-pubblica-delle-forze-opposizione-caro-sindaco-la-verita-ti-male-lo-sappiamo","status":"publish","type":"post","link":"https:\/\/www.torremaggiore.com\/notizie\/2017\/nota-pubblica-delle-forze-opposizione-caro-sindaco-la-verita-ti-male-lo-sappiamo\/","title":{"rendered":"Nota pubblica delle forze di opposizione: Caro Sindaco la verit\u00e0 ti fa male lo sappiamo"},"content":{"rendered":"<p>In risposta all\u2019\u201daffondo\u201d dalle forze di maggioranza inferto con un comunicato che trapela livore da ogni lettera\u2026.con l\u2019auspicio che i toni politici non riecheggino pi\u00f9 periodi bellicosi di cui la nostra societ\u00e0 non ha ulteriormente bisogno. Premesso che partecipare ad una competizione elettorale ed arrivare secondi provoca amarezza senz&#8217;altro, ma questo non significa deludere tutte quelle persone che ci hanno accordato la loro preferenza. Svolgere un ruolo di opposizione \u00e8 altrettanto importante che svolgere il ruolo di maggioranza.<br \/>\nLe forze di minoranza hanno il compito di vigilare sull\u2019operato di chi amministra, di dare suggerimenti se necessario (nell\u2019esclusivo interesse della cittadinanza), hanno il dovere morale di ascoltare e favorire la partecipazione di chi rappresenta comunque una consistente fetta della popolazione.<br \/>\nNoi, forza di minoranza, dobbiamo, giocoforza, adeguarci al ruolo di comprimari, di attori non protagonisti e mettere a punto metodi e strategie istituzionali per essere ascoltati.<\/p>\n<p>Ma nell&#8217;ultimo Consiglio Comunale, abbiamo assistito da parte di consiglieri della maggioranza, a commenti a dir poco villani, se non addirittura offensivi nei confronti di alcuni consiglieri della minoranza solo perch\u00e9 questi ultimi si sono permessi, in precedenza, di utilizzare strumenti istituzionali per esercitare il proprio diritto di rappresentanza.<br \/>\nSe poi, a tutto questo si aggiunge che, anche il Signor Sindaco, ha affermato che, purtroppo, a causa del Suo ruolo non ha la possibilit\u00e0, anche lui, di poter offendere i colleghi della minoranza, rimpiangendo &#8220;i bei tempi di quando era consigliere&#8221; in cui ci\u00f2 gli sarebbe stato concesso, della serie &#8221; &#8230; quando c&#8217;era lui&#8230;&#8230;.vi avrebbe fatto vedere&#8230;&#8221;<br \/>\nLo scontro a tutto campo non giova a nessuno, soprattutto a chi gioca il ruolo di \u201cmaggioranza\u201d. Spesso, per\u00f2, queste semplici regole del buon senso sono dimenticate: si indugia allora in un forsennato \u201cprotagonismo politico\u201d che ha il solo scopo di dileggiare la minoranza.<br \/>\nNon ci si rende conto che un atteggiamento di chiusura, aprioristico e velenoso diventa, con il passare del tempo, stucchevole e autoreferenziale anche agli occhi degli stessi elettori di questa maggioranza, per i quali si dovrebbe lavorare, proporre e raccogliere istanze, ma questa maggioranza ormai non dialoga con nessuno, non ascolta le osservazioni e le doglianze della popolazione, proseguendo invece, la politica dei piccoli passi (piccoli perch\u00e9 cos\u00ec non si corre il rischio di cadere in qualche buca o inciampare su qualche sporgenza stradale).<\/p>\n<p>Non si deve vergognare chi svolge diligentemente il proprio dovere ma chi invece non lo svolge soprattutto se a pagare \u00e8 la comunit\u00e0.<\/p>\n<p>E a tal proposito, tema cruciale dell\u2019ultimo consiglio \u00e8 stato il rendiconto 2016 in punto al quale, a seguito di una lunga \u00a0relazione del Consigliere Faienza, l&#8217;Amministrazione, tirando fuori l&#8217;asso dalla manica, a sorpresa, ha dichiarato pubblicamente che si avvarr\u00e0 della proroga di legge per correggere gli errori e riparare alle mancanze!<br \/>\nAllora, se si sono avvalsi della facolt\u00e0 di proroga al 31.07.2017, i dati indicati nel bilancio non sono davvero veritieri &#8230;.<br \/>\nStando cos\u00ec le cose, sorge spontaneo un interrogativo: come si pu\u00f2 chiedere alle forze politiche di approvare un consuntivo se dopo deve intervenire un&#8217;integrazione? Questa \u00e8 la linearit\u00e0 e la trasparenza che la maggioranza propone (impone), con la logica del &#8220;tanto poi si recupera&#8221;?<\/p>\n<p>Ancora:<br \/>\n&#8211; e&#8217; stata presa posizione in Consiglio sul disavanzo di gestione finanziaria mentre non \u00e8 stata spesa una sola parola sulle altre poste negative;<br \/>\n&#8211; per le partecipate si sono giustificati dicendo che hanno fatto lettera alle societ\u00e0, regolarmente protocollata, per chiedere il prospetto crediti\/debiti ed i revisori hanno accettato la &#8220;mancata risposta&#8221;.<br \/>\nInsomma, per ogni rilievo c&#8217;\u00e8 una spiegazione plausibile che rende solo la misura dell&#8217;egocentrismo (e dell&#8217;autoritarismo) che connota l&#8217;azione politica del governo dell&#8217;Ente, convinto di trovarsi di fronte ad una minoranza becera ed ignorante, ma soprattutto, incapace di accorgersi di gravi irregolarit\u00e0 come quelle rilevate nel consuntivo, nella presupponenza di essere gli unici a poter lavorare per il bene della nostra cittadina.<\/p>\n<p>Ci preme, difatti, sottolineare che il gruppo consiliare di minoranza si avvale di professionisti stimati e rispettati, con \u00a0esperienza , competenza, senso civico e senso \u00a0del dovere &#8230;.e soprattutto coscienza!<br \/>\nProfessionisti che, in un periodo di austerit\u00e0 \u00a0e ristrettezze economiche in cui versa la nostra amata Torremaggiore, MAI avrebbero pensato di provvedere all&#8217;aumento dell&#8217;indennit\u00e0 attraverso una delibera di giunta&#8230; MAI avrebbero pensato di &#8220;&#8216;sperperare &#8221; (ben 9.000 euro) di denaro pubblico , nominando, pur avendone facolt\u00e0, un \u00a0portavoce\u2026. MAI avrebbero\u00a0denigrato l&#8217;intero personale dipendente dell&#8217;ufficio tecnico, dichiarando in un consiglio comunale, \u00a0che la nomina di un nuovo dirigente (apprezzato e valido architetto Papalillo) avrebbe rilanciato l&#8217;ufficio stesso. Decisione quest&#8217;ultima, che vuole significare che, coloro che da anni lavorano, \u00a0peccano di incapacit\u00e0 e incompetenze tali da spingere l&#8217;amministrazione a non destinare ulteriori risorse a vantaggio della comunit\u00e0!<\/p>\n<p>LE FORZE DI OPPOSIZIONE<\/p>\n<p>Nota delle forze politiche di opposizione, la responsabilit\u00e0 del contenuto \u00e8 <strong>esclusivamente<\/strong> degli autori<\/p>\n<p><a href=\"http:\/\/www.torremaggiore.com\/notizie\/wp-content\/uploads\/2017\/06\/opposizione-2017.jpg\"><img loading=\"lazy\" decoding=\"async\" class=\"aligncenter size-full wp-image-8431\" src=\"http:\/\/www.torremaggiore.com\/notizie\/wp-content\/uploads\/2017\/06\/opposizione-2017.jpg\" alt=\"\" width=\"600\" height=\"401\" \/><\/a><\/p>\n","protected":false},"excerpt":{"rendered":"<p>In risposta all\u2019\u201daffondo\u201d dalle forze di maggioranza inferto con un comunicato che trapela livore da<\/p>\n","protected":false},"author":2,"featured_media":7449,"comment_status":"closed","ping_status":"open","sticky":false,"template":"","format":"standard","meta":{"footnotes":""},"categories":[4,250],"tags":[],"class_list":["post-8430","post","type-post","status-publish","format-standard","has-post-thumbnail","hentry","category-politica","category-prima-pagina"],"yoast_head":"<!-- This site is optimized with the Yoast SEO plugin v27.4 - https:\/\/yoast.com\/product\/yoast-seo-wordpress\/ -->\n<title>Nota pubblica delle forze di opposizione: Caro Sindaco la verit\u00e0 ti fa male lo sappiamo - Torremaggiore On Line<\/title>\n<meta name=\"robots\" content=\"index, follow, max-snippet:-1, max-image-preview:large, max-video-preview:-1\" \/>\n<link rel=\"canonical\" href=\"https:\/\/www.torremaggiore.com\/notizie\/2017\/nota-pubblica-delle-forze-opposizione-caro-sindaco-la-verita-ti-male-lo-sappiamo\/\" \/>\n<meta property=\"og:locale\" content=\"it_IT\" \/>\n<meta property=\"og:type\" content=\"article\" \/>\n<meta property=\"og:title\" content=\"Nota pubblica delle forze di opposizione: Caro Sindaco la verit\u00e0 ti fa male lo sappiamo - Torremaggiore On Line\" \/>\n<meta property=\"og:description\" content=\"In risposta all\u2019\u201daffondo\u201d dalle forze di maggioranza inferto con un comunicato che trapela livore da\" \/>\n<meta property=\"og:url\" content=\"https:\/\/www.torremaggiore.com\/notizie\/2017\/nota-pubblica-delle-forze-opposizione-caro-sindaco-la-verita-ti-male-lo-sappiamo\/\" \/>\n<meta property=\"og:site_name\" content=\"Torremaggiore On Line\" \/>\n<meta property=\"article:published_time\" content=\"2017-06-09T19:18:31+00:00\" \/>\n<meta property=\"article:modified_time\" content=\"2017-06-09T19:19:30+00:00\" \/>\n<meta property=\"og:image\" content=\"https:\/\/www.torremaggiore.com\/notizie\/wp-content\/uploads\/2016\/11\/torremaggiore-comune-front.jpg\" \/>\n\t<meta property=\"og:image:width\" content=\"650\" \/>\n\t<meta property=\"og:image:height\" content=\"480\" \/>\n\t<meta property=\"og:image:type\" content=\"image\/jpeg\" \/>\n<meta name=\"author\" content=\"Staff\" \/>\n<meta name=\"twitter:card\" content=\"summary_large_image\" \/>\n<meta name=\"twitter:label1\" content=\"Scritto da\" \/>\n\t<meta name=\"twitter:data1\" content=\"Staff\" \/>\n\t<meta name=\"twitter:label2\" content=\"Tempo di lettura stimato\" \/>\n\t<meta name=\"twitter:data2\" content=\"4 minuti\" \/>\n<script type=\"application\/ld+json\" class=\"yoast-schema-graph\">{\"@context\":\"https:\\\/\\\/schema.org\",\"@graph\":[{\"@type\":\"Article\",\"@id\":\"https:\\\/\\\/www.torremaggiore.com\\\/notizie\\\/2017\\\/nota-pubblica-delle-forze-opposizione-caro-sindaco-la-verita-ti-male-lo-sappiamo\\\/#article\",\"isPartOf\":{\"@id\":\"https:\\\/\\\/www.torremaggiore.com\\\/notizie\\\/2017\\\/nota-pubblica-delle-forze-opposizione-caro-sindaco-la-verita-ti-male-lo-sappiamo\\\/\"},\"author\":{\"name\":\"Staff\",\"@id\":\"https:\\\/\\\/www.torremaggiore.com\\\/notizie\\\/#\\\/schema\\\/person\\\/b789462c927517766c1bcfb452c8d85e\"},\"headline\":\"Nota pubblica delle forze di opposizione: Caro Sindaco la verit\u00e0 ti fa male lo sappiamo\",\"datePublished\":\"2017-06-09T19:18:31+00:00\",\"dateModified\":\"2017-06-09T19:19:30+00:00\",\"mainEntityOfPage\":{\"@id\":\"https:\\\/\\\/www.torremaggiore.com\\\/notizie\\\/2017\\\/nota-pubblica-delle-forze-opposizione-caro-sindaco-la-verita-ti-male-lo-sappiamo\\\/\"},\"wordCount\":816,\"publisher\":{\"@id\":\"https:\\\/\\\/www.torremaggiore.com\\\/notizie\\\/#organization\"},\"image\":{\"@id\":\"https:\\\/\\\/www.torremaggiore.com\\\/notizie\\\/2017\\\/nota-pubblica-delle-forze-opposizione-caro-sindaco-la-verita-ti-male-lo-sappiamo\\\/#primaryimage\"},\"thumbnailUrl\":\"https:\\\/\\\/www.torremaggiore.com\\\/notizie\\\/wp-content\\\/uploads\\\/2016\\\/11\\\/torremaggiore-comune-front.jpg\",\"articleSection\":[\"Politica\",\"Prima Pagina\"],\"inLanguage\":\"it-IT\"},{\"@type\":\"WebPage\",\"@id\":\"https:\\\/\\\/www.torremaggiore.com\\\/notizie\\\/2017\\\/nota-pubblica-delle-forze-opposizione-caro-sindaco-la-verita-ti-male-lo-sappiamo\\\/\",\"url\":\"https:\\\/\\\/www.torremaggiore.com\\\/notizie\\\/2017\\\/nota-pubblica-delle-forze-opposizione-caro-sindaco-la-verita-ti-male-lo-sappiamo\\\/\",\"name\":\"Nota pubblica delle forze di opposizione: Caro Sindaco la verit\u00e0 ti fa male lo sappiamo - Torremaggiore On Line\",\"isPartOf\":{\"@id\":\"https:\\\/\\\/www.torremaggiore.com\\\/notizie\\\/#website\"},\"primaryImageOfPage\":{\"@id\":\"https:\\\/\\\/www.torremaggiore.com\\\/notizie\\\/2017\\\/nota-pubblica-delle-forze-opposizione-caro-sindaco-la-verita-ti-male-lo-sappiamo\\\/#primaryimage\"},\"image\":{\"@id\":\"https:\\\/\\\/www.torremaggiore.com\\\/notizie\\\/2017\\\/nota-pubblica-delle-forze-opposizione-caro-sindaco-la-verita-ti-male-lo-sappiamo\\\/#primaryimage\"},\"thumbnailUrl\":\"https:\\\/\\\/www.torremaggiore.com\\\/notizie\\\/wp-content\\\/uploads\\\/2016\\\/11\\\/torremaggiore-comune-front.jpg\",\"datePublished\":\"2017-06-09T19:18:31+00:00\",\"dateModified\":\"2017-06-09T19:19:30+00:00\",\"breadcrumb\":{\"@id\":\"https:\\\/\\\/www.torremaggiore.com\\\/notizie\\\/2017\\\/nota-pubblica-delle-forze-opposizione-caro-sindaco-la-verita-ti-male-lo-sappiamo\\\/#breadcrumb\"},\"inLanguage\":\"it-IT\",\"potentialAction\":[{\"@type\":\"ReadAction\",\"target\":[\"https:\\\/\\\/www.torremaggiore.com\\\/notizie\\\/2017\\\/nota-pubblica-delle-forze-opposizione-caro-sindaco-la-verita-ti-male-lo-sappiamo\\\/\"]}]},{\"@type\":\"ImageObject\",\"inLanguage\":\"it-IT\",\"@id\":\"https:\\\/\\\/www.torremaggiore.com\\\/notizie\\\/2017\\\/nota-pubblica-delle-forze-opposizione-caro-sindaco-la-verita-ti-male-lo-sappiamo\\\/#primaryimage\",\"url\":\"https:\\\/\\\/www.torremaggiore.com\\\/notizie\\\/wp-content\\\/uploads\\\/2016\\\/11\\\/torremaggiore-comune-front.jpg\",\"contentUrl\":\"https:\\\/\\\/www.torremaggiore.com\\\/notizie\\\/wp-content\\\/uploads\\\/2016\\\/11\\\/torremaggiore-comune-front.jpg\",\"width\":650,\"height\":480},{\"@type\":\"BreadcrumbList\",\"@id\":\"https:\\\/\\\/www.torremaggiore.com\\\/notizie\\\/2017\\\/nota-pubblica-delle-forze-opposizione-caro-sindaco-la-verita-ti-male-lo-sappiamo\\\/#breadcrumb\",\"itemListElement\":[{\"@type\":\"ListItem\",\"position\":1,\"name\":\"Home\",\"item\":\"https:\\\/\\\/www.torremaggiore.com\\\/notizie\\\/\"},{\"@type\":\"ListItem\",\"position\":2,\"name\":\"Nota pubblica delle forze di opposizione: Caro Sindaco la verit\u00e0 ti fa male lo sappiamo\"}]},{\"@type\":\"WebSite\",\"@id\":\"https:\\\/\\\/www.torremaggiore.com\\\/notizie\\\/#website\",\"url\":\"https:\\\/\\\/www.torremaggiore.com\\\/notizie\\\/\",\"name\":\"Torremaggiore On Line\",\"description\":\"La Web Community di Torremaggiore\",\"publisher\":{\"@id\":\"https:\\\/\\\/www.torremaggiore.com\\\/notizie\\\/#organization\"},\"potentialAction\":[{\"@type\":\"SearchAction\",\"target\":{\"@type\":\"EntryPoint\",\"urlTemplate\":\"https:\\\/\\\/www.torremaggiore.com\\\/notizie\\\/?s={search_term_string}\"},\"query-input\":{\"@type\":\"PropertyValueSpecification\",\"valueRequired\":true,\"valueName\":\"search_term_string\"}}],\"inLanguage\":\"it-IT\"},{\"@type\":\"Organization\",\"@id\":\"https:\\\/\\\/www.torremaggiore.com\\\/notizie\\\/#organization\",\"name\":\"Torremaggiore On Line\",\"url\":\"https:\\\/\\\/www.torremaggiore.com\\\/notizie\\\/\",\"logo\":{\"@type\":\"ImageObject\",\"inLanguage\":\"it-IT\",\"@id\":\"https:\\\/\\\/www.torremaggiore.com\\\/notizie\\\/#\\\/schema\\\/logo\\\/image\\\/\",\"url\":\"https:\\\/\\\/www.torremaggiore.com\\\/notizie\\\/wp-content\\\/uploads\\\/2020\\\/03\\\/logo-tmol20.gif\",\"contentUrl\":\"https:\\\/\\\/www.torremaggiore.com\\\/notizie\\\/wp-content\\\/uploads\\\/2020\\\/03\\\/logo-tmol20.gif\",\"width\":260,\"height\":95,\"caption\":\"Torremaggiore On Line\"},\"image\":{\"@id\":\"https:\\\/\\\/www.torremaggiore.com\\\/notizie\\\/#\\\/schema\\\/logo\\\/image\\\/\"}},{\"@type\":\"Person\",\"@id\":\"https:\\\/\\\/www.torremaggiore.com\\\/notizie\\\/#\\\/schema\\\/person\\\/b789462c927517766c1bcfb452c8d85e\",\"name\":\"Staff\",\"image\":{\"@type\":\"ImageObject\",\"inLanguage\":\"it-IT\",\"@id\":\"https:\\\/\\\/secure.gravatar.com\\\/avatar\\\/fd311f248f82517b1efd21a54e666df2c5b705bb4a4fb804f3903c94be513fee?s=96&d=mm&r=g\",\"url\":\"https:\\\/\\\/secure.gravatar.com\\\/avatar\\\/fd311f248f82517b1efd21a54e666df2c5b705bb4a4fb804f3903c94be513fee?s=96&d=mm&r=g\",\"contentUrl\":\"https:\\\/\\\/secure.gravatar.com\\\/avatar\\\/fd311f248f82517b1efd21a54e666df2c5b705bb4a4fb804f3903c94be513fee?s=96&d=mm&r=g\",\"caption\":\"Staff\"},\"sameAs\":[\"https:\\\/\\\/www.micheleantonucci.it\"],\"url\":\"https:\\\/\\\/www.torremaggiore.com\\\/notizie\\\/author\\\/staff\\\/\"}]}<\/script>\n<!-- \/ Yoast SEO plugin. -->","yoast_head_json":{"title":"Nota pubblica delle forze di opposizione: Caro Sindaco la verit\u00e0 ti fa male lo sappiamo - Torremaggiore On Line","robots":{"index":"index","follow":"follow","max-snippet":"max-snippet:-1","max-image-preview":"max-image-preview:large","max-video-preview":"max-video-preview:-1"},"canonical":"https:\/\/www.torremaggiore.com\/notizie\/2017\/nota-pubblica-delle-forze-opposizione-caro-sindaco-la-verita-ti-male-lo-sappiamo\/","og_locale":"it_IT","og_type":"article","og_title":"Nota pubblica delle forze di opposizione: Caro Sindaco la verit\u00e0 ti fa male lo sappiamo - Torremaggiore On Line","og_description":"In risposta all\u2019\u201daffondo\u201d dalle forze di maggioranza inferto con un comunicato che trapela livore da","og_url":"https:\/\/www.torremaggiore.com\/notizie\/2017\/nota-pubblica-delle-forze-opposizione-caro-sindaco-la-verita-ti-male-lo-sappiamo\/","og_site_name":"Torremaggiore On Line","article_published_time":"2017-06-09T19:18:31+00:00","article_modified_time":"2017-06-09T19:19:30+00:00","og_image":[{"width":650,"height":480,"url":"https:\/\/www.torremaggiore.com\/notizie\/wp-content\/uploads\/2016\/11\/torremaggiore-comune-front.jpg","type":"image\/jpeg"}],"author":"Staff","twitter_card":"summary_large_image","twitter_misc":{"Scritto da":"Staff","Tempo di lettura stimato":"4 minuti"},"schema":{"@context":"https:\/\/schema.org","@graph":[{"@type":"Article","@id":"https:\/\/www.torremaggiore.com\/notizie\/2017\/nota-pubblica-delle-forze-opposizione-caro-sindaco-la-verita-ti-male-lo-sappiamo\/#article","isPartOf":{"@id":"https:\/\/www.torremaggiore.com\/notizie\/2017\/nota-pubblica-delle-forze-opposizione-caro-sindaco-la-verita-ti-male-lo-sappiamo\/"},"author":{"name":"Staff","@id":"https:\/\/www.torremaggiore.com\/notizie\/#\/schema\/person\/b789462c927517766c1bcfb452c8d85e"},"headline":"Nota pubblica delle forze di opposizione: Caro Sindaco la verit\u00e0 ti fa male lo sappiamo","datePublished":"2017-06-09T19:18:31+00:00","dateModified":"2017-06-09T19:19:30+00:00","mainEntityOfPage":{"@id":"https:\/\/www.torremaggiore.com\/notizie\/2017\/nota-pubblica-delle-forze-opposizione-caro-sindaco-la-verita-ti-male-lo-sappiamo\/"},"wordCount":816,"publisher":{"@id":"https:\/\/www.torremaggiore.com\/notizie\/#organization"},"image":{"@id":"https:\/\/www.torremaggiore.com\/notizie\/2017\/nota-pubblica-delle-forze-opposizione-caro-sindaco-la-verita-ti-male-lo-sappiamo\/#primaryimage"},"thumbnailUrl":"https:\/\/www.torremaggiore.com\/notizie\/wp-content\/uploads\/2016\/11\/torremaggiore-comune-front.jpg","articleSection":["Politica","Prima Pagina"],"inLanguage":"it-IT"},{"@type":"WebPage","@id":"https:\/\/www.torremaggiore.com\/notizie\/2017\/nota-pubblica-delle-forze-opposizione-caro-sindaco-la-verita-ti-male-lo-sappiamo\/","url":"https:\/\/www.torremaggiore.com\/notizie\/2017\/nota-pubblica-delle-forze-opposizione-caro-sindaco-la-verita-ti-male-lo-sappiamo\/","name":"Nota pubblica delle forze di opposizione: Caro Sindaco la verit\u00e0 ti fa male lo sappiamo - Torremaggiore On Line","isPartOf":{"@id":"https:\/\/www.torremaggiore.com\/notizie\/#website"},"primaryImageOfPage":{"@id":"https:\/\/www.torremaggiore.com\/notizie\/2017\/nota-pubblica-delle-forze-opposizione-caro-sindaco-la-verita-ti-male-lo-sappiamo\/#primaryimage"},"image":{"@id":"https:\/\/www.torremaggiore.com\/notizie\/2017\/nota-pubblica-delle-forze-opposizione-caro-sindaco-la-verita-ti-male-lo-sappiamo\/#primaryimage"},"thumbnailUrl":"https:\/\/www.torremaggiore.com\/notizie\/wp-content\/uploads\/2016\/11\/torremaggiore-comune-front.jpg","datePublished":"2017-06-09T19:18:31+00:00","dateModified":"2017-06-09T19:19:30+00:00","breadcrumb":{"@id":"https:\/\/www.torremaggiore.com\/notizie\/2017\/nota-pubblica-delle-forze-opposizione-caro-sindaco-la-verita-ti-male-lo-sappiamo\/#breadcrumb"},"inLanguage":"it-IT","potentialAction":[{"@type":"ReadAction","target":["https:\/\/www.torremaggiore.com\/notizie\/2017\/nota-pubblica-delle-forze-opposizione-caro-sindaco-la-verita-ti-male-lo-sappiamo\/"]}]},{"@type":"ImageObject","inLanguage":"it-IT","@id":"https:\/\/www.torremaggiore.com\/notizie\/2017\/nota-pubblica-delle-forze-opposizione-caro-sindaco-la-verita-ti-male-lo-sappiamo\/#primaryimage","url":"https:\/\/www.torremaggiore.com\/notizie\/wp-content\/uploads\/2016\/11\/torremaggiore-comune-front.jpg","contentUrl":"https:\/\/www.torremaggiore.com\/notizie\/wp-content\/uploads\/2016\/11\/torremaggiore-comune-front.jpg","width":650,"height":480},{"@type":"BreadcrumbList","@id":"https:\/\/www.torremaggiore.com\/notizie\/2017\/nota-pubblica-delle-forze-opposizione-caro-sindaco-la-verita-ti-male-lo-sappiamo\/#breadcrumb","itemListElement":[{"@type":"ListItem","position":1,"name":"Home","item":"https:\/\/www.torremaggiore.com\/notizie\/"},{"@type":"ListItem","position":2,"name":"Nota pubblica delle forze di opposizione: Caro Sindaco la verit\u00e0 ti fa male lo sappiamo"}]},{"@type":"WebSite","@id":"https:\/\/www.torremaggiore.com\/notizie\/#website","url":"https:\/\/www.torremaggiore.com\/notizie\/","name":"Torremaggiore On Line","description":"La Web Community di Torremaggiore","publisher":{"@id":"https:\/\/www.torremaggiore.com\/notizie\/#organization"},"potentialAction":[{"@type":"SearchAction","target":{"@type":"EntryPoint","urlTemplate":"https:\/\/www.torremaggiore.com\/notizie\/?s={search_term_string}"},"query-input":{"@type":"PropertyValueSpecification","valueRequired":true,"valueName":"search_term_string"}}],"inLanguage":"it-IT"},{"@type":"Organization","@id":"https:\/\/www.torremaggiore.com\/notizie\/#organization","name":"Torremaggiore On Line","url":"https:\/\/www.torremaggiore.com\/notizie\/","logo":{"@type":"ImageObject","inLanguage":"it-IT","@id":"https:\/\/www.torremaggiore.com\/notizie\/#\/schema\/logo\/image\/","url":"https:\/\/www.torremaggiore.com\/notizie\/wp-content\/uploads\/2020\/03\/logo-tmol20.gif","contentUrl":"https:\/\/www.torremaggiore.com\/notizie\/wp-content\/uploads\/2020\/03\/logo-tmol20.gif","width":260,"height":95,"caption":"Torremaggiore On Line"},"image":{"@id":"https:\/\/www.torremaggiore.com\/notizie\/#\/schema\/logo\/image\/"}},{"@type":"Person","@id":"https:\/\/www.torremaggiore.com\/notizie\/#\/schema\/person\/b789462c927517766c1bcfb452c8d85e","name":"Staff","image":{"@type":"ImageObject","inLanguage":"it-IT","@id":"https:\/\/secure.gravatar.com\/avatar\/fd311f248f82517b1efd21a54e666df2c5b705bb4a4fb804f3903c94be513fee?s=96&d=mm&r=g","url":"https:\/\/secure.gravatar.com\/avatar\/fd311f248f82517b1efd21a54e666df2c5b705bb4a4fb804f3903c94be513fee?s=96&d=mm&r=g","contentUrl":"https:\/\/secure.gravatar.com\/avatar\/fd311f248f82517b1efd21a54e666df2c5b705bb4a4fb804f3903c94be513fee?s=96&d=mm&r=g","caption":"Staff"},"sameAs":["https:\/\/www.micheleantonucci.it"],"url":"https:\/\/www.torremaggiore.com\/notizie\/author\/staff\/"}]}},"_links":{"self":[{"href":"https:\/\/www.torremaggiore.com\/notizie\/wp-json\/wp\/v2\/posts\/8430","targetHints":{"allow":["GET"]}}],"collection":[{"href":"https:\/\/www.torremaggiore.com\/notizie\/wp-json\/wp\/v2\/posts"}],"about":[{"href":"https:\/\/www.torremaggiore.com\/notizie\/wp-json\/wp\/v2\/types\/post"}],"author":[{"embeddable":true,"href":"https:\/\/www.torremaggiore.com\/notizie\/wp-json\/wp\/v2\/users\/2"}],"replies":[{"embeddable":true,"href":"https:\/\/www.torremaggiore.com\/notizie\/wp-json\/wp\/v2\/comments?post=8430"}],"version-history":[{"count":0,"href":"https:\/\/www.torremaggiore.com\/notizie\/wp-json\/wp\/v2\/posts\/8430\/revisions"}],"wp:featuredmedia":[{"embeddable":true,"href":"https:\/\/www.torremaggiore.com\/notizie\/wp-json\/wp\/v2\/media\/7449"}],"wp:attachment":[{"href":"https:\/\/www.torremaggiore.com\/notizie\/wp-json\/wp\/v2\/media?parent=8430"}],"wp:term":[{"taxonomy":"category","embeddable":true,"href":"https:\/\/www.torremaggiore.com\/notizie\/wp-json\/wp\/v2\/categories?post=8430"},{"taxonomy":"post_tag","embeddable":true,"href":"https:\/\/www.torremaggiore.com\/notizie\/wp-json\/wp\/v2\/tags?post=8430"}],"curies":[{"name":"wp","href":"https:\/\/api.w.org\/{rel}","templated":true}]}}