{"id":8378,"date":"2017-05-23T18:54:34","date_gmt":"2017-05-23T16:54:34","guid":{"rendered":"http:\/\/www.torremaggiore.com\/notizie\/?p=8378"},"modified":"2017-06-01T10:03:40","modified_gmt":"2017-06-01T08:03:40","slug":"evento-culturale-25-maggio-alunni-scuole-elementari","status":"publish","type":"post","link":"https:\/\/www.torremaggiore.com\/notizie\/2017\/evento-culturale-25-maggio-alunni-scuole-elementari\/","title":{"rendered":"Evento culturale il 26 maggio 2017 per gli alunni delle scuole elementari"},"content":{"rendered":"<p><strong>L&#8217;Ufficio Cultura del Comune di Torremaggiore ha reso noto che l&#8217;evento in oggetto, viste le previsioni meteo per domani, la manifestazione Week-hand \u00e8 stata rinviata a Venerd\u00ec 26 maggio 2017, nel medesimo luogo allo stesso orario.<\/strong><\/p>\n<p>Nota Ufficiale del Comune di Torremaggiore del 24 maggio 2017 ore 13.15<\/p>\n<p>&nbsp;<\/p>\n<p><strong>A MAGGIO GIRANO LIBRI!!! &#8211; Leggere \u00e8 un piacere, ma anche un&#8217;avventura!<\/strong><br \/>\nGioved\u00ec 25 Maggio la Biblioteca Comunale De Angelis ancora una volta porter\u00e0 la lettura in strada e lo far\u00e0 con Rete Teatro Insieme, una rete di Associazioni, Scuole e Uomini di Buona Volont\u00e0, nata nel 2013 allo scopo di promuovere la cultura dell\u2019inclusione.<br \/>\nQuest\u2019anno il Comune di Torremaggiore, firmatario del protocollo di intesa che sugella la cooperazione nella Rete, si \u00e8 fatto promotore della manifestazione conclusiva dell\u2019anno sociale (4\u00b0 edizione), attraverso le Volontarie del Servizio Civile Nazionale con il supporto dell\u2019Assessorato alla Cultura e Pubblica Istruzione, e Assessorato alle Politiche Sociali.<\/p>\n<p>La fiaba di L. Frank Baum esce dalle pagine del libro e prende vita nella pineta comunale con un grande gioco a squadre al quale parteciperanno circa 150 alunni delle scuole elementari. I bambini ripercorreranno il sentiero di mattoni gialli e arriveranno, insieme ai personaggi dello Spaventapasseri, Uomo di Latta e Leone, alla Citt\u00e0 di Oz. Diverse sono le prove da affrontare lungo il sentiero: un cruciverba per aiutare lo Spaventapasseri, un elenco delle buone azioni da compilare per aiutare l&#8217;Uomo di Latta e una prova di coraggio per aiutare il Leone. Vincer\u00e0 il gioco la squadra che per prima arriver\u00e0 al traguardo.E infine&#8230; grande festa nella Citt\u00e0 di Smeraldo! Il Mago di Oz in persona legger\u00e0 la fiaba per tutti, a seguire &#8220;merenda verde&#8221; animazione con giochi di strada, stand espositivi di arte.<\/p>\n<p>Ogni elemento della Rete \u00e8 necessario all\u2019altro\u2026.non per dipendere ma per arricchirsi.<\/p>\n<p>Nota Ufficio Cultura Comune Torremaggiore<\/p>\n<p>&nbsp;<\/p>\n<p>&nbsp;<\/p>\n<p><a href=\"http:\/\/www.torremaggiore.com\/notizie\/wp-content\/uploads\/2017\/05\/week-hand-torremaggiore.jpg\"><img loading=\"lazy\" decoding=\"async\" class=\"aligncenter size-full wp-image-8374\" src=\"http:\/\/www.torremaggiore.com\/notizie\/wp-content\/uploads\/2017\/05\/week-hand-torremaggiore.jpg\" alt=\"\" width=\"689\" height=\"974\" \/><\/a><\/p>\n","protected":false},"excerpt":{"rendered":"<p>L&#8217;Ufficio Cultura del Comune di Torremaggiore ha reso noto che l&#8217;evento in oggetto, viste le<\/p>\n","protected":false},"author":2,"featured_media":5659,"comment_status":"closed","ping_status":"open","sticky":false,"template":"","format":"standard","meta":{"footnotes":""},"categories":[1],"tags":[],"class_list":["post-8378","post","type-post","status-publish","format-standard","has-post-thumbnail","hentry","category-appuntamenti"],"yoast_head":"<!-- This site is optimized with the Yoast SEO plugin v27.4 - https:\/\/yoast.com\/product\/yoast-seo-wordpress\/ -->\n<title>Evento culturale il 26 maggio 2017 per gli alunni delle scuole elementari - Torremaggiore On Line<\/title>\n<meta name=\"robots\" content=\"index, follow, max-snippet:-1, max-image-preview:large, max-video-preview:-1\" \/>\n<link rel=\"canonical\" href=\"https:\/\/www.torremaggiore.com\/notizie\/2017\/evento-culturale-25-maggio-alunni-scuole-elementari\/\" \/>\n<meta property=\"og:locale\" content=\"it_IT\" \/>\n<meta property=\"og:type\" content=\"article\" \/>\n<meta property=\"og:title\" content=\"Evento culturale il 26 maggio 2017 per gli alunni delle scuole elementari - Torremaggiore On Line\" \/>\n<meta property=\"og:description\" content=\"L&#8217;Ufficio Cultura del Comune di Torremaggiore ha reso noto che l&#8217;evento in oggetto, viste le\" \/>\n<meta property=\"og:url\" content=\"https:\/\/www.torremaggiore.com\/notizie\/2017\/evento-culturale-25-maggio-alunni-scuole-elementari\/\" \/>\n<meta property=\"og:site_name\" content=\"Torremaggiore On Line\" \/>\n<meta property=\"article:published_time\" content=\"2017-05-23T16:54:34+00:00\" \/>\n<meta property=\"article:modified_time\" content=\"2017-06-01T08:03:40+00:00\" \/>\n<meta property=\"og:image\" content=\"https:\/\/www.torremaggiore.com\/notizie\/wp-content\/uploads\/2016\/01\/libri.jpg\" \/>\n\t<meta property=\"og:image:width\" content=\"550\" \/>\n\t<meta property=\"og:image:height\" content=\"367\" \/>\n\t<meta property=\"og:image:type\" content=\"image\/jpeg\" \/>\n<meta name=\"author\" content=\"Staff\" \/>\n<meta name=\"twitter:card\" content=\"summary_large_image\" \/>\n<meta name=\"twitter:label1\" content=\"Scritto da\" \/>\n\t<meta name=\"twitter:data1\" content=\"Staff\" \/>\n\t<meta name=\"twitter:label2\" content=\"Tempo di lettura stimato\" \/>\n\t<meta name=\"twitter:data2\" content=\"1 minuto\" \/>\n<script type=\"application\/ld+json\" class=\"yoast-schema-graph\">{\"@context\":\"https:\\\/\\\/schema.org\",\"@graph\":[{\"@type\":\"Article\",\"@id\":\"https:\\\/\\\/www.torremaggiore.com\\\/notizie\\\/2017\\\/evento-culturale-25-maggio-alunni-scuole-elementari\\\/#article\",\"isPartOf\":{\"@id\":\"https:\\\/\\\/www.torremaggiore.com\\\/notizie\\\/2017\\\/evento-culturale-25-maggio-alunni-scuole-elementari\\\/\"},\"author\":{\"name\":\"Staff\",\"@id\":\"https:\\\/\\\/www.torremaggiore.com\\\/notizie\\\/#\\\/schema\\\/person\\\/b789462c927517766c1bcfb452c8d85e\"},\"headline\":\"Evento culturale il 26 maggio 2017 per gli alunni delle scuole elementari\",\"datePublished\":\"2017-05-23T16:54:34+00:00\",\"dateModified\":\"2017-06-01T08:03:40+00:00\",\"mainEntityOfPage\":{\"@id\":\"https:\\\/\\\/www.torremaggiore.com\\\/notizie\\\/2017\\\/evento-culturale-25-maggio-alunni-scuole-elementari\\\/\"},\"wordCount\":313,\"publisher\":{\"@id\":\"https:\\\/\\\/www.torremaggiore.com\\\/notizie\\\/#organization\"},\"image\":{\"@id\":\"https:\\\/\\\/www.torremaggiore.com\\\/notizie\\\/2017\\\/evento-culturale-25-maggio-alunni-scuole-elementari\\\/#primaryimage\"},\"thumbnailUrl\":\"https:\\\/\\\/www.torremaggiore.com\\\/notizie\\\/wp-content\\\/uploads\\\/2016\\\/01\\\/libri.jpg\",\"articleSection\":[\"Appuntamenti\"],\"inLanguage\":\"it-IT\"},{\"@type\":\"WebPage\",\"@id\":\"https:\\\/\\\/www.torremaggiore.com\\\/notizie\\\/2017\\\/evento-culturale-25-maggio-alunni-scuole-elementari\\\/\",\"url\":\"https:\\\/\\\/www.torremaggiore.com\\\/notizie\\\/2017\\\/evento-culturale-25-maggio-alunni-scuole-elementari\\\/\",\"name\":\"Evento culturale il 26 maggio 2017 per gli alunni delle scuole elementari - Torremaggiore On Line\",\"isPartOf\":{\"@id\":\"https:\\\/\\\/www.torremaggiore.com\\\/notizie\\\/#website\"},\"primaryImageOfPage\":{\"@id\":\"https:\\\/\\\/www.torremaggiore.com\\\/notizie\\\/2017\\\/evento-culturale-25-maggio-alunni-scuole-elementari\\\/#primaryimage\"},\"image\":{\"@id\":\"https:\\\/\\\/www.torremaggiore.com\\\/notizie\\\/2017\\\/evento-culturale-25-maggio-alunni-scuole-elementari\\\/#primaryimage\"},\"thumbnailUrl\":\"https:\\\/\\\/www.torremaggiore.com\\\/notizie\\\/wp-content\\\/uploads\\\/2016\\\/01\\\/libri.jpg\",\"datePublished\":\"2017-05-23T16:54:34+00:00\",\"dateModified\":\"2017-06-01T08:03:40+00:00\",\"breadcrumb\":{\"@id\":\"https:\\\/\\\/www.torremaggiore.com\\\/notizie\\\/2017\\\/evento-culturale-25-maggio-alunni-scuole-elementari\\\/#breadcrumb\"},\"inLanguage\":\"it-IT\",\"potentialAction\":[{\"@type\":\"ReadAction\",\"target\":[\"https:\\\/\\\/www.torremaggiore.com\\\/notizie\\\/2017\\\/evento-culturale-25-maggio-alunni-scuole-elementari\\\/\"]}]},{\"@type\":\"ImageObject\",\"inLanguage\":\"it-IT\",\"@id\":\"https:\\\/\\\/www.torremaggiore.com\\\/notizie\\\/2017\\\/evento-culturale-25-maggio-alunni-scuole-elementari\\\/#primaryimage\",\"url\":\"https:\\\/\\\/www.torremaggiore.com\\\/notizie\\\/wp-content\\\/uploads\\\/2016\\\/01\\\/libri.jpg\",\"contentUrl\":\"https:\\\/\\\/www.torremaggiore.com\\\/notizie\\\/wp-content\\\/uploads\\\/2016\\\/01\\\/libri.jpg\",\"width\":550,\"height\":367},{\"@type\":\"BreadcrumbList\",\"@id\":\"https:\\\/\\\/www.torremaggiore.com\\\/notizie\\\/2017\\\/evento-culturale-25-maggio-alunni-scuole-elementari\\\/#breadcrumb\",\"itemListElement\":[{\"@type\":\"ListItem\",\"position\":1,\"name\":\"Home\",\"item\":\"https:\\\/\\\/www.torremaggiore.com\\\/notizie\\\/\"},{\"@type\":\"ListItem\",\"position\":2,\"name\":\"Evento culturale il 26 maggio 2017 per gli alunni delle scuole elementari\"}]},{\"@type\":\"WebSite\",\"@id\":\"https:\\\/\\\/www.torremaggiore.com\\\/notizie\\\/#website\",\"url\":\"https:\\\/\\\/www.torremaggiore.com\\\/notizie\\\/\",\"name\":\"Torremaggiore On Line\",\"description\":\"La Web Community di Torremaggiore\",\"publisher\":{\"@id\":\"https:\\\/\\\/www.torremaggiore.com\\\/notizie\\\/#organization\"},\"potentialAction\":[{\"@type\":\"SearchAction\",\"target\":{\"@type\":\"EntryPoint\",\"urlTemplate\":\"https:\\\/\\\/www.torremaggiore.com\\\/notizie\\\/?s={search_term_string}\"},\"query-input\":{\"@type\":\"PropertyValueSpecification\",\"valueRequired\":true,\"valueName\":\"search_term_string\"}}],\"inLanguage\":\"it-IT\"},{\"@type\":\"Organization\",\"@id\":\"https:\\\/\\\/www.torremaggiore.com\\\/notizie\\\/#organization\",\"name\":\"Torremaggiore On Line\",\"url\":\"https:\\\/\\\/www.torremaggiore.com\\\/notizie\\\/\",\"logo\":{\"@type\":\"ImageObject\",\"inLanguage\":\"it-IT\",\"@id\":\"https:\\\/\\\/www.torremaggiore.com\\\/notizie\\\/#\\\/schema\\\/logo\\\/image\\\/\",\"url\":\"https:\\\/\\\/www.torremaggiore.com\\\/notizie\\\/wp-content\\\/uploads\\\/2020\\\/03\\\/logo-tmol20.gif\",\"contentUrl\":\"https:\\\/\\\/www.torremaggiore.com\\\/notizie\\\/wp-content\\\/uploads\\\/2020\\\/03\\\/logo-tmol20.gif\",\"width\":260,\"height\":95,\"caption\":\"Torremaggiore On Line\"},\"image\":{\"@id\":\"https:\\\/\\\/www.torremaggiore.com\\\/notizie\\\/#\\\/schema\\\/logo\\\/image\\\/\"}},{\"@type\":\"Person\",\"@id\":\"https:\\\/\\\/www.torremaggiore.com\\\/notizie\\\/#\\\/schema\\\/person\\\/b789462c927517766c1bcfb452c8d85e\",\"name\":\"Staff\",\"image\":{\"@type\":\"ImageObject\",\"inLanguage\":\"it-IT\",\"@id\":\"https:\\\/\\\/secure.gravatar.com\\\/avatar\\\/fd311f248f82517b1efd21a54e666df2c5b705bb4a4fb804f3903c94be513fee?s=96&d=mm&r=g\",\"url\":\"https:\\\/\\\/secure.gravatar.com\\\/avatar\\\/fd311f248f82517b1efd21a54e666df2c5b705bb4a4fb804f3903c94be513fee?s=96&d=mm&r=g\",\"contentUrl\":\"https:\\\/\\\/secure.gravatar.com\\\/avatar\\\/fd311f248f82517b1efd21a54e666df2c5b705bb4a4fb804f3903c94be513fee?s=96&d=mm&r=g\",\"caption\":\"Staff\"},\"sameAs\":[\"https:\\\/\\\/www.micheleantonucci.it\"],\"url\":\"https:\\\/\\\/www.torremaggiore.com\\\/notizie\\\/author\\\/staff\\\/\"}]}<\/script>\n<!-- \/ Yoast SEO plugin. -->","yoast_head_json":{"title":"Evento culturale il 26 maggio 2017 per gli alunni delle scuole elementari - Torremaggiore On Line","robots":{"index":"index","follow":"follow","max-snippet":"max-snippet:-1","max-image-preview":"max-image-preview:large","max-video-preview":"max-video-preview:-1"},"canonical":"https:\/\/www.torremaggiore.com\/notizie\/2017\/evento-culturale-25-maggio-alunni-scuole-elementari\/","og_locale":"it_IT","og_type":"article","og_title":"Evento culturale il 26 maggio 2017 per gli alunni delle scuole elementari - Torremaggiore On Line","og_description":"L&#8217;Ufficio Cultura del Comune di Torremaggiore ha reso noto che l&#8217;evento in oggetto, viste le","og_url":"https:\/\/www.torremaggiore.com\/notizie\/2017\/evento-culturale-25-maggio-alunni-scuole-elementari\/","og_site_name":"Torremaggiore On Line","article_published_time":"2017-05-23T16:54:34+00:00","article_modified_time":"2017-06-01T08:03:40+00:00","og_image":[{"width":550,"height":367,"url":"https:\/\/www.torremaggiore.com\/notizie\/wp-content\/uploads\/2016\/01\/libri.jpg","type":"image\/jpeg"}],"author":"Staff","twitter_card":"summary_large_image","twitter_misc":{"Scritto da":"Staff","Tempo di lettura stimato":"1 minuto"},"schema":{"@context":"https:\/\/schema.org","@graph":[{"@type":"Article","@id":"https:\/\/www.torremaggiore.com\/notizie\/2017\/evento-culturale-25-maggio-alunni-scuole-elementari\/#article","isPartOf":{"@id":"https:\/\/www.torremaggiore.com\/notizie\/2017\/evento-culturale-25-maggio-alunni-scuole-elementari\/"},"author":{"name":"Staff","@id":"https:\/\/www.torremaggiore.com\/notizie\/#\/schema\/person\/b789462c927517766c1bcfb452c8d85e"},"headline":"Evento culturale il 26 maggio 2017 per gli alunni delle scuole elementari","datePublished":"2017-05-23T16:54:34+00:00","dateModified":"2017-06-01T08:03:40+00:00","mainEntityOfPage":{"@id":"https:\/\/www.torremaggiore.com\/notizie\/2017\/evento-culturale-25-maggio-alunni-scuole-elementari\/"},"wordCount":313,"publisher":{"@id":"https:\/\/www.torremaggiore.com\/notizie\/#organization"},"image":{"@id":"https:\/\/www.torremaggiore.com\/notizie\/2017\/evento-culturale-25-maggio-alunni-scuole-elementari\/#primaryimage"},"thumbnailUrl":"https:\/\/www.torremaggiore.com\/notizie\/wp-content\/uploads\/2016\/01\/libri.jpg","articleSection":["Appuntamenti"],"inLanguage":"it-IT"},{"@type":"WebPage","@id":"https:\/\/www.torremaggiore.com\/notizie\/2017\/evento-culturale-25-maggio-alunni-scuole-elementari\/","url":"https:\/\/www.torremaggiore.com\/notizie\/2017\/evento-culturale-25-maggio-alunni-scuole-elementari\/","name":"Evento culturale il 26 maggio 2017 per gli alunni delle scuole elementari - Torremaggiore On Line","isPartOf":{"@id":"https:\/\/www.torremaggiore.com\/notizie\/#website"},"primaryImageOfPage":{"@id":"https:\/\/www.torremaggiore.com\/notizie\/2017\/evento-culturale-25-maggio-alunni-scuole-elementari\/#primaryimage"},"image":{"@id":"https:\/\/www.torremaggiore.com\/notizie\/2017\/evento-culturale-25-maggio-alunni-scuole-elementari\/#primaryimage"},"thumbnailUrl":"https:\/\/www.torremaggiore.com\/notizie\/wp-content\/uploads\/2016\/01\/libri.jpg","datePublished":"2017-05-23T16:54:34+00:00","dateModified":"2017-06-01T08:03:40+00:00","breadcrumb":{"@id":"https:\/\/www.torremaggiore.com\/notizie\/2017\/evento-culturale-25-maggio-alunni-scuole-elementari\/#breadcrumb"},"inLanguage":"it-IT","potentialAction":[{"@type":"ReadAction","target":["https:\/\/www.torremaggiore.com\/notizie\/2017\/evento-culturale-25-maggio-alunni-scuole-elementari\/"]}]},{"@type":"ImageObject","inLanguage":"it-IT","@id":"https:\/\/www.torremaggiore.com\/notizie\/2017\/evento-culturale-25-maggio-alunni-scuole-elementari\/#primaryimage","url":"https:\/\/www.torremaggiore.com\/notizie\/wp-content\/uploads\/2016\/01\/libri.jpg","contentUrl":"https:\/\/www.torremaggiore.com\/notizie\/wp-content\/uploads\/2016\/01\/libri.jpg","width":550,"height":367},{"@type":"BreadcrumbList","@id":"https:\/\/www.torremaggiore.com\/notizie\/2017\/evento-culturale-25-maggio-alunni-scuole-elementari\/#breadcrumb","itemListElement":[{"@type":"ListItem","position":1,"name":"Home","item":"https:\/\/www.torremaggiore.com\/notizie\/"},{"@type":"ListItem","position":2,"name":"Evento culturale il 26 maggio 2017 per gli alunni delle scuole elementari"}]},{"@type":"WebSite","@id":"https:\/\/www.torremaggiore.com\/notizie\/#website","url":"https:\/\/www.torremaggiore.com\/notizie\/","name":"Torremaggiore On Line","description":"La Web Community di Torremaggiore","publisher":{"@id":"https:\/\/www.torremaggiore.com\/notizie\/#organization"},"potentialAction":[{"@type":"SearchAction","target":{"@type":"EntryPoint","urlTemplate":"https:\/\/www.torremaggiore.com\/notizie\/?s={search_term_string}"},"query-input":{"@type":"PropertyValueSpecification","valueRequired":true,"valueName":"search_term_string"}}],"inLanguage":"it-IT"},{"@type":"Organization","@id":"https:\/\/www.torremaggiore.com\/notizie\/#organization","name":"Torremaggiore On Line","url":"https:\/\/www.torremaggiore.com\/notizie\/","logo":{"@type":"ImageObject","inLanguage":"it-IT","@id":"https:\/\/www.torremaggiore.com\/notizie\/#\/schema\/logo\/image\/","url":"https:\/\/www.torremaggiore.com\/notizie\/wp-content\/uploads\/2020\/03\/logo-tmol20.gif","contentUrl":"https:\/\/www.torremaggiore.com\/notizie\/wp-content\/uploads\/2020\/03\/logo-tmol20.gif","width":260,"height":95,"caption":"Torremaggiore On Line"},"image":{"@id":"https:\/\/www.torremaggiore.com\/notizie\/#\/schema\/logo\/image\/"}},{"@type":"Person","@id":"https:\/\/www.torremaggiore.com\/notizie\/#\/schema\/person\/b789462c927517766c1bcfb452c8d85e","name":"Staff","image":{"@type":"ImageObject","inLanguage":"it-IT","@id":"https:\/\/secure.gravatar.com\/avatar\/fd311f248f82517b1efd21a54e666df2c5b705bb4a4fb804f3903c94be513fee?s=96&d=mm&r=g","url":"https:\/\/secure.gravatar.com\/avatar\/fd311f248f82517b1efd21a54e666df2c5b705bb4a4fb804f3903c94be513fee?s=96&d=mm&r=g","contentUrl":"https:\/\/secure.gravatar.com\/avatar\/fd311f248f82517b1efd21a54e666df2c5b705bb4a4fb804f3903c94be513fee?s=96&d=mm&r=g","caption":"Staff"},"sameAs":["https:\/\/www.micheleantonucci.it"],"url":"https:\/\/www.torremaggiore.com\/notizie\/author\/staff\/"}]}},"_links":{"self":[{"href":"https:\/\/www.torremaggiore.com\/notizie\/wp-json\/wp\/v2\/posts\/8378","targetHints":{"allow":["GET"]}}],"collection":[{"href":"https:\/\/www.torremaggiore.com\/notizie\/wp-json\/wp\/v2\/posts"}],"about":[{"href":"https:\/\/www.torremaggiore.com\/notizie\/wp-json\/wp\/v2\/types\/post"}],"author":[{"embeddable":true,"href":"https:\/\/www.torremaggiore.com\/notizie\/wp-json\/wp\/v2\/users\/2"}],"replies":[{"embeddable":true,"href":"https:\/\/www.torremaggiore.com\/notizie\/wp-json\/wp\/v2\/comments?post=8378"}],"version-history":[{"count":0,"href":"https:\/\/www.torremaggiore.com\/notizie\/wp-json\/wp\/v2\/posts\/8378\/revisions"}],"wp:featuredmedia":[{"embeddable":true,"href":"https:\/\/www.torremaggiore.com\/notizie\/wp-json\/wp\/v2\/media\/5659"}],"wp:attachment":[{"href":"https:\/\/www.torremaggiore.com\/notizie\/wp-json\/wp\/v2\/media?parent=8378"}],"wp:term":[{"taxonomy":"category","embeddable":true,"href":"https:\/\/www.torremaggiore.com\/notizie\/wp-json\/wp\/v2\/categories?post=8378"},{"taxonomy":"post_tag","embeddable":true,"href":"https:\/\/www.torremaggiore.com\/notizie\/wp-json\/wp\/v2\/tags?post=8378"}],"curies":[{"name":"wp","href":"https:\/\/api.w.org\/{rel}","templated":true}]}}