{"id":8291,"date":"2017-05-07T11:23:07","date_gmt":"2017-05-07T09:23:07","guid":{"rendered":"http:\/\/www.torremaggiore.com\/notizie\/?p=8291"},"modified":"2017-05-09T20:19:11","modified_gmt":"2017-05-09T18:19:11","slug":"pd-torremaggiore-replica-capitanata-civica-poche-idee-ben-confuse","status":"publish","type":"post","link":"https:\/\/www.torremaggiore.com\/notizie\/2017\/pd-torremaggiore-replica-capitanata-civica-poche-idee-ben-confuse\/","title":{"rendered":"Il Pd di Torremaggiore replica a Capitanata Civica: poche idee e ben confuse"},"content":{"rendered":"<p>Nel comunicato stampa che abbiamo fatto all\u2019indomani delle primarie del PD abbiamo sottolineato che il partito sta costruendo percorsi politici di apertura con gruppi e movimenti di ispirazione socialista, moderata e di sinistra, come \u00e8 avvenuto gi\u00e0 con Democrazia \u00e8 Partecipazione e come sta avvenendo con altri gruppi di opposizione. Abbiamo voluto sottolineare che domenica 30 aprile vi \u00e8 stata una novit\u00e0 nella partecipazione compatta di Capitanata Civica alle primarie del PD. Si, una novit\u00e0 perch\u00e9 mentre con le altre forze politiche e movimenti politici il direttivo del PD ha costruito incontri e relazioni per definire un comune percorso politico, la partecipazione di Capitanata Civica alle primarie del PD \u00e8 stato un atto unilaterale di quest\u2019ultima formazione politica, senza che vi sia stato mai nessun incontro formale o informale tra i dirigenti locali del PD e i rappresentanti di questa neonata formazione politica.<\/p>\n<p>Sottolineiamo che \u00e8 una neonata formazione politica perch\u00e9 i due consiglieri comunali di questo movimento politico sono stati entrambi eletti solo un anno fa nelle fila dell\u2019UDC, dove hanno militato attivamente sino alle provinciali che si sono tenute solo pochi mesi fa, dove entrambi erano candidati nella lista alla provincia dell\u2019UDC. Dopodich\u00e9 hanno abbandonato questo partito in massa per fondare Capitanata Civica solo da un paio di mesi. Senza alcun colloquio con il PD hanno aperto un comitato a sostegno di Michele Emiliano alle primarie del PD, hanno partecipato alle votazioni alle primarie del PD e sostengono ora di essere fedeli all\u2019amministrazione di destra di Lino Monteleone.<\/p>\n<p>La loro giustificazione sta nel fatto che hanno votato Emiliano perch\u00e9 uomo del sud! Poche idee, ma ben confuse! Erano a conoscenza i rappresentanti e gli elettori di Capitanata Civica che si votava per eleggere il segretario nazionale del Partito Democratico? Erano a conoscenza i rappresentanti ed esponenti di Capitanata Civica che partecipando alle primarie del Partito Democratico hanno formalmente sottoscritto un atto di adesione al PD e che le loro adesioni fanno parte degli atti del congresso del partito? Se la loro non era una convinta adesione al centrosinistra e al PD, per quale ragione hanno voluto partecipare?<\/p>\n<p>Certo \u00e8 che se si amministra la citt\u00e0 nello stesso modo in cui si intende l\u2019impegno politico \u00e8 evidente che i risultati sono quelli sotto gli occhi dei cittadini. Ad ogni buon conto ci fa specie che il sindaco Monteleone consenta che membri della propria maggioranza possano interferire nelle scelte interne di partiti che stanno all\u2019opposizione, senza prendere posizione. Vogliamo ricordare al sindaco, che spesso si fregia di parlare di rispetto delle istituzioni, che i partiti politici (ad esclusione del partito fascista) sono in Italia tutelati dalla Costituzione e che ogni forma di indebita ingerenza \u00e8 da considerarsi un atto politico gravissimo.<\/p>\n<p>E\u2019 chiaro che chi non ha pi\u00f9 nessun partito di riferimento non pu\u00f2 che tentare di interferire nelle case altrui, ma resta evidente che questo denota la pochezza politica di chi lo fa o di chi si rende complice. Vista la confusione che aleggia tra alcuni rappresentanti dell\u2019amministrazione Monteleone, ci rendiamo disponibili a regalare due lacci di colore diverso da applicare ai polsi, cos\u00ec da ora in poi avranno ben chiaro, almeno formalmente, la differenza tra destra e sinistra. Restiamo convinti che questa amministrazione sia arrivata al capolinea e ne \u00e8 riprova la confusione che regna da parte di alcuni amministratori che pensano di poter stare a sinistra e a destra contemporaneamente.<\/p>\n<p><strong><br \/>\nIL DIRETTIVO DEL PARTITO DEMOCRATICO di Torremaggiore<br \/>\nSezione Lavacca e Lamedica<\/strong><\/p>\n<p><a href=\"http:\/\/www.torremaggiore.com\/notizie\/wp-content\/uploads\/2013\/10\/pd-flag.jpg\"><img loading=\"lazy\" decoding=\"async\" class=\"size-full wp-image-3204 alignleft\" src=\"http:\/\/www.torremaggiore.com\/notizie\/wp-content\/uploads\/2013\/10\/pd-flag.jpg\" alt=\"\" width=\"160\" height=\"137\" \/><\/a><\/p>\n","protected":false},"excerpt":{"rendered":"<p>Nel comunicato stampa che abbiamo fatto all\u2019indomani delle primarie del PD abbiamo sottolineato che il<\/p>\n","protected":false},"author":2,"featured_media":1266,"comment_status":"closed","ping_status":"open","sticky":false,"template":"","format":"standard","meta":{"footnotes":""},"categories":[4],"tags":[8],"class_list":["post-8291","post","type-post","status-publish","format-standard","has-post-thumbnail","hentry","category-politica","tag-torremaggiore"],"yoast_head":"<!-- This site is optimized with the Yoast SEO plugin v27.4 - https:\/\/yoast.com\/product\/yoast-seo-wordpress\/ -->\n<title>Il Pd di Torremaggiore replica a Capitanata Civica: poche idee e ben confuse - Torremaggiore On Line<\/title>\n<meta name=\"robots\" content=\"index, follow, max-snippet:-1, max-image-preview:large, max-video-preview:-1\" \/>\n<link rel=\"canonical\" href=\"https:\/\/www.torremaggiore.com\/notizie\/2017\/pd-torremaggiore-replica-capitanata-civica-poche-idee-ben-confuse\/\" \/>\n<meta property=\"og:locale\" content=\"it_IT\" \/>\n<meta property=\"og:type\" content=\"article\" \/>\n<meta property=\"og:title\" content=\"Il Pd di Torremaggiore replica a Capitanata Civica: poche idee e ben confuse - Torremaggiore On Line\" \/>\n<meta property=\"og:description\" content=\"Nel comunicato stampa che abbiamo fatto all\u2019indomani delle primarie del PD abbiamo sottolineato che il\" \/>\n<meta property=\"og:url\" content=\"https:\/\/www.torremaggiore.com\/notizie\/2017\/pd-torremaggiore-replica-capitanata-civica-poche-idee-ben-confuse\/\" \/>\n<meta property=\"og:site_name\" content=\"Torremaggiore On Line\" \/>\n<meta property=\"article:published_time\" content=\"2017-05-07T09:23:07+00:00\" \/>\n<meta property=\"article:modified_time\" content=\"2017-05-09T18:19:11+00:00\" \/>\n<meta property=\"og:image\" content=\"https:\/\/www.torremaggiore.com\/notizie\/wp-content\/uploads\/2012\/04\/pd-torremaggiore.jpg\" \/>\n\t<meta property=\"og:image:width\" content=\"396\" \/>\n\t<meta property=\"og:image:height\" content=\"309\" \/>\n\t<meta property=\"og:image:type\" content=\"image\/jpeg\" \/>\n<meta name=\"author\" content=\"Staff\" \/>\n<meta name=\"twitter:card\" content=\"summary_large_image\" \/>\n<meta name=\"twitter:label1\" content=\"Scritto da\" \/>\n\t<meta name=\"twitter:data1\" content=\"Staff\" \/>\n\t<meta name=\"twitter:label2\" content=\"Tempo di lettura stimato\" \/>\n\t<meta name=\"twitter:data2\" content=\"3 minuti\" \/>\n<script type=\"application\/ld+json\" class=\"yoast-schema-graph\">{\"@context\":\"https:\\\/\\\/schema.org\",\"@graph\":[{\"@type\":\"Article\",\"@id\":\"https:\\\/\\\/www.torremaggiore.com\\\/notizie\\\/2017\\\/pd-torremaggiore-replica-capitanata-civica-poche-idee-ben-confuse\\\/#article\",\"isPartOf\":{\"@id\":\"https:\\\/\\\/www.torremaggiore.com\\\/notizie\\\/2017\\\/pd-torremaggiore-replica-capitanata-civica-poche-idee-ben-confuse\\\/\"},\"author\":{\"name\":\"Staff\",\"@id\":\"https:\\\/\\\/www.torremaggiore.com\\\/notizie\\\/#\\\/schema\\\/person\\\/b789462c927517766c1bcfb452c8d85e\"},\"headline\":\"Il Pd di Torremaggiore replica a Capitanata Civica: poche idee e ben confuse\",\"datePublished\":\"2017-05-07T09:23:07+00:00\",\"dateModified\":\"2017-05-09T18:19:11+00:00\",\"mainEntityOfPage\":{\"@id\":\"https:\\\/\\\/www.torremaggiore.com\\\/notizie\\\/2017\\\/pd-torremaggiore-replica-capitanata-civica-poche-idee-ben-confuse\\\/\"},\"wordCount\":585,\"publisher\":{\"@id\":\"https:\\\/\\\/www.torremaggiore.com\\\/notizie\\\/#organization\"},\"image\":{\"@id\":\"https:\\\/\\\/www.torremaggiore.com\\\/notizie\\\/2017\\\/pd-torremaggiore-replica-capitanata-civica-poche-idee-ben-confuse\\\/#primaryimage\"},\"thumbnailUrl\":\"https:\\\/\\\/www.torremaggiore.com\\\/notizie\\\/wp-content\\\/uploads\\\/2012\\\/04\\\/pd-torremaggiore.jpg\",\"keywords\":[\"torremaggiore\"],\"articleSection\":[\"Politica\"],\"inLanguage\":\"it-IT\"},{\"@type\":\"WebPage\",\"@id\":\"https:\\\/\\\/www.torremaggiore.com\\\/notizie\\\/2017\\\/pd-torremaggiore-replica-capitanata-civica-poche-idee-ben-confuse\\\/\",\"url\":\"https:\\\/\\\/www.torremaggiore.com\\\/notizie\\\/2017\\\/pd-torremaggiore-replica-capitanata-civica-poche-idee-ben-confuse\\\/\",\"name\":\"Il Pd di Torremaggiore replica a Capitanata Civica: poche idee e ben confuse - Torremaggiore On Line\",\"isPartOf\":{\"@id\":\"https:\\\/\\\/www.torremaggiore.com\\\/notizie\\\/#website\"},\"primaryImageOfPage\":{\"@id\":\"https:\\\/\\\/www.torremaggiore.com\\\/notizie\\\/2017\\\/pd-torremaggiore-replica-capitanata-civica-poche-idee-ben-confuse\\\/#primaryimage\"},\"image\":{\"@id\":\"https:\\\/\\\/www.torremaggiore.com\\\/notizie\\\/2017\\\/pd-torremaggiore-replica-capitanata-civica-poche-idee-ben-confuse\\\/#primaryimage\"},\"thumbnailUrl\":\"https:\\\/\\\/www.torremaggiore.com\\\/notizie\\\/wp-content\\\/uploads\\\/2012\\\/04\\\/pd-torremaggiore.jpg\",\"datePublished\":\"2017-05-07T09:23:07+00:00\",\"dateModified\":\"2017-05-09T18:19:11+00:00\",\"breadcrumb\":{\"@id\":\"https:\\\/\\\/www.torremaggiore.com\\\/notizie\\\/2017\\\/pd-torremaggiore-replica-capitanata-civica-poche-idee-ben-confuse\\\/#breadcrumb\"},\"inLanguage\":\"it-IT\",\"potentialAction\":[{\"@type\":\"ReadAction\",\"target\":[\"https:\\\/\\\/www.torremaggiore.com\\\/notizie\\\/2017\\\/pd-torremaggiore-replica-capitanata-civica-poche-idee-ben-confuse\\\/\"]}]},{\"@type\":\"ImageObject\",\"inLanguage\":\"it-IT\",\"@id\":\"https:\\\/\\\/www.torremaggiore.com\\\/notizie\\\/2017\\\/pd-torremaggiore-replica-capitanata-civica-poche-idee-ben-confuse\\\/#primaryimage\",\"url\":\"https:\\\/\\\/www.torremaggiore.com\\\/notizie\\\/wp-content\\\/uploads\\\/2012\\\/04\\\/pd-torremaggiore.jpg\",\"contentUrl\":\"https:\\\/\\\/www.torremaggiore.com\\\/notizie\\\/wp-content\\\/uploads\\\/2012\\\/04\\\/pd-torremaggiore.jpg\",\"width\":\"396\",\"height\":\"309\"},{\"@type\":\"BreadcrumbList\",\"@id\":\"https:\\\/\\\/www.torremaggiore.com\\\/notizie\\\/2017\\\/pd-torremaggiore-replica-capitanata-civica-poche-idee-ben-confuse\\\/#breadcrumb\",\"itemListElement\":[{\"@type\":\"ListItem\",\"position\":1,\"name\":\"Home\",\"item\":\"https:\\\/\\\/www.torremaggiore.com\\\/notizie\\\/\"},{\"@type\":\"ListItem\",\"position\":2,\"name\":\"Il Pd di Torremaggiore replica a Capitanata Civica: poche idee e ben confuse\"}]},{\"@type\":\"WebSite\",\"@id\":\"https:\\\/\\\/www.torremaggiore.com\\\/notizie\\\/#website\",\"url\":\"https:\\\/\\\/www.torremaggiore.com\\\/notizie\\\/\",\"name\":\"Torremaggiore On Line\",\"description\":\"La Web Community di Torremaggiore\",\"publisher\":{\"@id\":\"https:\\\/\\\/www.torremaggiore.com\\\/notizie\\\/#organization\"},\"potentialAction\":[{\"@type\":\"SearchAction\",\"target\":{\"@type\":\"EntryPoint\",\"urlTemplate\":\"https:\\\/\\\/www.torremaggiore.com\\\/notizie\\\/?s={search_term_string}\"},\"query-input\":{\"@type\":\"PropertyValueSpecification\",\"valueRequired\":true,\"valueName\":\"search_term_string\"}}],\"inLanguage\":\"it-IT\"},{\"@type\":\"Organization\",\"@id\":\"https:\\\/\\\/www.torremaggiore.com\\\/notizie\\\/#organization\",\"name\":\"Torremaggiore On Line\",\"url\":\"https:\\\/\\\/www.torremaggiore.com\\\/notizie\\\/\",\"logo\":{\"@type\":\"ImageObject\",\"inLanguage\":\"it-IT\",\"@id\":\"https:\\\/\\\/www.torremaggiore.com\\\/notizie\\\/#\\\/schema\\\/logo\\\/image\\\/\",\"url\":\"https:\\\/\\\/www.torremaggiore.com\\\/notizie\\\/wp-content\\\/uploads\\\/2020\\\/03\\\/logo-tmol20.gif\",\"contentUrl\":\"https:\\\/\\\/www.torremaggiore.com\\\/notizie\\\/wp-content\\\/uploads\\\/2020\\\/03\\\/logo-tmol20.gif\",\"width\":260,\"height\":95,\"caption\":\"Torremaggiore On Line\"},\"image\":{\"@id\":\"https:\\\/\\\/www.torremaggiore.com\\\/notizie\\\/#\\\/schema\\\/logo\\\/image\\\/\"}},{\"@type\":\"Person\",\"@id\":\"https:\\\/\\\/www.torremaggiore.com\\\/notizie\\\/#\\\/schema\\\/person\\\/b789462c927517766c1bcfb452c8d85e\",\"name\":\"Staff\",\"image\":{\"@type\":\"ImageObject\",\"inLanguage\":\"it-IT\",\"@id\":\"https:\\\/\\\/secure.gravatar.com\\\/avatar\\\/fd311f248f82517b1efd21a54e666df2c5b705bb4a4fb804f3903c94be513fee?s=96&d=mm&r=g\",\"url\":\"https:\\\/\\\/secure.gravatar.com\\\/avatar\\\/fd311f248f82517b1efd21a54e666df2c5b705bb4a4fb804f3903c94be513fee?s=96&d=mm&r=g\",\"contentUrl\":\"https:\\\/\\\/secure.gravatar.com\\\/avatar\\\/fd311f248f82517b1efd21a54e666df2c5b705bb4a4fb804f3903c94be513fee?s=96&d=mm&r=g\",\"caption\":\"Staff\"},\"sameAs\":[\"https:\\\/\\\/www.micheleantonucci.it\"],\"url\":\"https:\\\/\\\/www.torremaggiore.com\\\/notizie\\\/author\\\/staff\\\/\"}]}<\/script>\n<!-- \/ Yoast SEO plugin. -->","yoast_head_json":{"title":"Il Pd di Torremaggiore replica a Capitanata Civica: poche idee e ben confuse - Torremaggiore On Line","robots":{"index":"index","follow":"follow","max-snippet":"max-snippet:-1","max-image-preview":"max-image-preview:large","max-video-preview":"max-video-preview:-1"},"canonical":"https:\/\/www.torremaggiore.com\/notizie\/2017\/pd-torremaggiore-replica-capitanata-civica-poche-idee-ben-confuse\/","og_locale":"it_IT","og_type":"article","og_title":"Il Pd di Torremaggiore replica a Capitanata Civica: poche idee e ben confuse - Torremaggiore On Line","og_description":"Nel comunicato stampa che abbiamo fatto all\u2019indomani delle primarie del PD abbiamo sottolineato che il","og_url":"https:\/\/www.torremaggiore.com\/notizie\/2017\/pd-torremaggiore-replica-capitanata-civica-poche-idee-ben-confuse\/","og_site_name":"Torremaggiore On Line","article_published_time":"2017-05-07T09:23:07+00:00","article_modified_time":"2017-05-09T18:19:11+00:00","og_image":[{"width":396,"height":309,"url":"https:\/\/www.torremaggiore.com\/notizie\/wp-content\/uploads\/2012\/04\/pd-torremaggiore.jpg","type":"image\/jpeg"}],"author":"Staff","twitter_card":"summary_large_image","twitter_misc":{"Scritto da":"Staff","Tempo di lettura stimato":"3 minuti"},"schema":{"@context":"https:\/\/schema.org","@graph":[{"@type":"Article","@id":"https:\/\/www.torremaggiore.com\/notizie\/2017\/pd-torremaggiore-replica-capitanata-civica-poche-idee-ben-confuse\/#article","isPartOf":{"@id":"https:\/\/www.torremaggiore.com\/notizie\/2017\/pd-torremaggiore-replica-capitanata-civica-poche-idee-ben-confuse\/"},"author":{"name":"Staff","@id":"https:\/\/www.torremaggiore.com\/notizie\/#\/schema\/person\/b789462c927517766c1bcfb452c8d85e"},"headline":"Il Pd di Torremaggiore replica a Capitanata Civica: poche idee e ben confuse","datePublished":"2017-05-07T09:23:07+00:00","dateModified":"2017-05-09T18:19:11+00:00","mainEntityOfPage":{"@id":"https:\/\/www.torremaggiore.com\/notizie\/2017\/pd-torremaggiore-replica-capitanata-civica-poche-idee-ben-confuse\/"},"wordCount":585,"publisher":{"@id":"https:\/\/www.torremaggiore.com\/notizie\/#organization"},"image":{"@id":"https:\/\/www.torremaggiore.com\/notizie\/2017\/pd-torremaggiore-replica-capitanata-civica-poche-idee-ben-confuse\/#primaryimage"},"thumbnailUrl":"https:\/\/www.torremaggiore.com\/notizie\/wp-content\/uploads\/2012\/04\/pd-torremaggiore.jpg","keywords":["torremaggiore"],"articleSection":["Politica"],"inLanguage":"it-IT"},{"@type":"WebPage","@id":"https:\/\/www.torremaggiore.com\/notizie\/2017\/pd-torremaggiore-replica-capitanata-civica-poche-idee-ben-confuse\/","url":"https:\/\/www.torremaggiore.com\/notizie\/2017\/pd-torremaggiore-replica-capitanata-civica-poche-idee-ben-confuse\/","name":"Il Pd di Torremaggiore replica a Capitanata Civica: poche idee e ben confuse - Torremaggiore On Line","isPartOf":{"@id":"https:\/\/www.torremaggiore.com\/notizie\/#website"},"primaryImageOfPage":{"@id":"https:\/\/www.torremaggiore.com\/notizie\/2017\/pd-torremaggiore-replica-capitanata-civica-poche-idee-ben-confuse\/#primaryimage"},"image":{"@id":"https:\/\/www.torremaggiore.com\/notizie\/2017\/pd-torremaggiore-replica-capitanata-civica-poche-idee-ben-confuse\/#primaryimage"},"thumbnailUrl":"https:\/\/www.torremaggiore.com\/notizie\/wp-content\/uploads\/2012\/04\/pd-torremaggiore.jpg","datePublished":"2017-05-07T09:23:07+00:00","dateModified":"2017-05-09T18:19:11+00:00","breadcrumb":{"@id":"https:\/\/www.torremaggiore.com\/notizie\/2017\/pd-torremaggiore-replica-capitanata-civica-poche-idee-ben-confuse\/#breadcrumb"},"inLanguage":"it-IT","potentialAction":[{"@type":"ReadAction","target":["https:\/\/www.torremaggiore.com\/notizie\/2017\/pd-torremaggiore-replica-capitanata-civica-poche-idee-ben-confuse\/"]}]},{"@type":"ImageObject","inLanguage":"it-IT","@id":"https:\/\/www.torremaggiore.com\/notizie\/2017\/pd-torremaggiore-replica-capitanata-civica-poche-idee-ben-confuse\/#primaryimage","url":"https:\/\/www.torremaggiore.com\/notizie\/wp-content\/uploads\/2012\/04\/pd-torremaggiore.jpg","contentUrl":"https:\/\/www.torremaggiore.com\/notizie\/wp-content\/uploads\/2012\/04\/pd-torremaggiore.jpg","width":"396","height":"309"},{"@type":"BreadcrumbList","@id":"https:\/\/www.torremaggiore.com\/notizie\/2017\/pd-torremaggiore-replica-capitanata-civica-poche-idee-ben-confuse\/#breadcrumb","itemListElement":[{"@type":"ListItem","position":1,"name":"Home","item":"https:\/\/www.torremaggiore.com\/notizie\/"},{"@type":"ListItem","position":2,"name":"Il Pd di Torremaggiore replica a Capitanata Civica: poche idee e ben confuse"}]},{"@type":"WebSite","@id":"https:\/\/www.torremaggiore.com\/notizie\/#website","url":"https:\/\/www.torremaggiore.com\/notizie\/","name":"Torremaggiore On Line","description":"La Web Community di Torremaggiore","publisher":{"@id":"https:\/\/www.torremaggiore.com\/notizie\/#organization"},"potentialAction":[{"@type":"SearchAction","target":{"@type":"EntryPoint","urlTemplate":"https:\/\/www.torremaggiore.com\/notizie\/?s={search_term_string}"},"query-input":{"@type":"PropertyValueSpecification","valueRequired":true,"valueName":"search_term_string"}}],"inLanguage":"it-IT"},{"@type":"Organization","@id":"https:\/\/www.torremaggiore.com\/notizie\/#organization","name":"Torremaggiore On Line","url":"https:\/\/www.torremaggiore.com\/notizie\/","logo":{"@type":"ImageObject","inLanguage":"it-IT","@id":"https:\/\/www.torremaggiore.com\/notizie\/#\/schema\/logo\/image\/","url":"https:\/\/www.torremaggiore.com\/notizie\/wp-content\/uploads\/2020\/03\/logo-tmol20.gif","contentUrl":"https:\/\/www.torremaggiore.com\/notizie\/wp-content\/uploads\/2020\/03\/logo-tmol20.gif","width":260,"height":95,"caption":"Torremaggiore On Line"},"image":{"@id":"https:\/\/www.torremaggiore.com\/notizie\/#\/schema\/logo\/image\/"}},{"@type":"Person","@id":"https:\/\/www.torremaggiore.com\/notizie\/#\/schema\/person\/b789462c927517766c1bcfb452c8d85e","name":"Staff","image":{"@type":"ImageObject","inLanguage":"it-IT","@id":"https:\/\/secure.gravatar.com\/avatar\/fd311f248f82517b1efd21a54e666df2c5b705bb4a4fb804f3903c94be513fee?s=96&d=mm&r=g","url":"https:\/\/secure.gravatar.com\/avatar\/fd311f248f82517b1efd21a54e666df2c5b705bb4a4fb804f3903c94be513fee?s=96&d=mm&r=g","contentUrl":"https:\/\/secure.gravatar.com\/avatar\/fd311f248f82517b1efd21a54e666df2c5b705bb4a4fb804f3903c94be513fee?s=96&d=mm&r=g","caption":"Staff"},"sameAs":["https:\/\/www.micheleantonucci.it"],"url":"https:\/\/www.torremaggiore.com\/notizie\/author\/staff\/"}]}},"_links":{"self":[{"href":"https:\/\/www.torremaggiore.com\/notizie\/wp-json\/wp\/v2\/posts\/8291","targetHints":{"allow":["GET"]}}],"collection":[{"href":"https:\/\/www.torremaggiore.com\/notizie\/wp-json\/wp\/v2\/posts"}],"about":[{"href":"https:\/\/www.torremaggiore.com\/notizie\/wp-json\/wp\/v2\/types\/post"}],"author":[{"embeddable":true,"href":"https:\/\/www.torremaggiore.com\/notizie\/wp-json\/wp\/v2\/users\/2"}],"replies":[{"embeddable":true,"href":"https:\/\/www.torremaggiore.com\/notizie\/wp-json\/wp\/v2\/comments?post=8291"}],"version-history":[{"count":0,"href":"https:\/\/www.torremaggiore.com\/notizie\/wp-json\/wp\/v2\/posts\/8291\/revisions"}],"wp:featuredmedia":[{"embeddable":true,"href":"https:\/\/www.torremaggiore.com\/notizie\/wp-json\/wp\/v2\/media\/1266"}],"wp:attachment":[{"href":"https:\/\/www.torremaggiore.com\/notizie\/wp-json\/wp\/v2\/media?parent=8291"}],"wp:term":[{"taxonomy":"category","embeddable":true,"href":"https:\/\/www.torremaggiore.com\/notizie\/wp-json\/wp\/v2\/categories?post=8291"},{"taxonomy":"post_tag","embeddable":true,"href":"https:\/\/www.torremaggiore.com\/notizie\/wp-json\/wp\/v2\/tags?post=8291"}],"curies":[{"name":"wp","href":"https:\/\/api.w.org\/{rel}","templated":true}]}}