{"id":8287,"date":"2017-05-06T18:08:56","date_gmt":"2017-05-06T16:08:56","guid":{"rendered":"http:\/\/www.torremaggiore.com\/notizie\/?p=8287"},"modified":"2017-05-06T18:10:50","modified_gmt":"2017-05-06T16:10:50","slug":"gemellaggio-villafalletto-memoria-sacco-vanzetti-evento-torremaggiore-dall11-al-13-maggio-2017","status":"publish","type":"post","link":"https:\/\/www.torremaggiore.com\/notizie\/2017\/gemellaggio-villafalletto-memoria-sacco-vanzetti-evento-torremaggiore-dall11-al-13-maggio-2017\/","title":{"rendered":"Gemellaggio con Villafalletto in memoria di Sacco e Vanzetti, evento a Torremaggiore dall&#8217;11 al 13 maggio 2017"},"content":{"rendered":"<p>Da gioved\u00ec 11 a sabato 13 maggio avverr\u00e0 la fase torremaggiorese del progetto di Gemellaggio tra le comunit\u00e0 scolastiche della Scuola Media Statale \u201cPadre Pio\u201d e l\u2019Istituto Comprensivo di Villafalletto, per la memoria di Nicola Sacco e Bartolomeo Vanzetti, nel 90\u00b0 anniversario della loro esecuzione.<br \/>\nIl gemellaggio, in questa edizione, \u00e8 stato voluto fortemente dal Dirigente Scolastico della Scuola Media \u201cPadre Pio\u201d, Prof. Matteo Scarlato, con il coinvolgimento del territorio, nella visione di farlo diventare protagonista a livello nazionale nel coltivare la memoria della vicenda di Sacco e Vanzetti.<\/p>\n<p>Il gemellaggio \u00e8 stato realizzato pertanto con la collaborazione di Amministrazione Comunale di Torremaggiore, Associazione Sacco e Vanzetti, Associazione Culturale Musicale Mozart, Pro Loco \u201cP. Barbieri\u201d, Associazione Culturale Borgo Antico, Centro Attivit\u00e0 Culturali \u201cDon T. Leccisotti\u201d ed ha ricevuto il patrocinio ed il contributo del Consiglio Regionale della Puglia<br \/>\nLe tre giornate di accoglienza della nutrita rappresentanza di alunni e docenti di Villafalletto. saranno articolate in visite guidate al nostro territorio (Parco Nazionale del Gargano, Castel del Monte, Sito Archeologico di Castel Fiorentino, Borgo Antico) e in eventi culturali.<\/p>\n<p>In particolare nella giornata di Venerd\u00ec 12 maggio, presso il Castello Ducale ci sar\u00e0 alle ore 19,00 la proiezione di un cartone animato su Sacco e Vanzetti, prodotto dal Laboratorio di Editing Multimediale della Scuola \u201cPadre Pio\u201d, e alle ore 20,00 nella Chiesa Santa Maria della Strada, l\u2019atteso CONCERTO \u201c\u2026.PER RICORDARE\u201d, con il CORO &amp; ORCHESTRA TERRE FEDERICIANE, nati dalla collaborazione tra Scuola Media Statale \u201cPadre Pio\u201d di Torremaggiore, Istituto Scolastico Comprensivo \u201cGrimaldi\u201d di San Paolo di Civitate e Associazione Culturale Musicale Mozart di Torremaggiore.<\/p>\n<p>Il Coro &amp; Orchestra Terre federiciane si avvale, per la Scuola Media Padre Pio, dei docenti Elio Spagnoli (percussioni), Marco Taurisani (flauto), Giulia D\u2019Aloia (oboe), dello studente Riccardo Di Rocco (violino) e del coro stabile ideato dai docenti Enza Garofalo (pianoforte) e Franco Zannotti (direttore); per l\u2019Istituto Scolastico Comprensivo Grimaldi di San Paolo di Civitate dell\u2019Orchestra Sinfonica Giovanile guidati dai docenti Michele Trematore (violini primi e secondi), Michela Celozzi (violoncelli), Vincenzo Berardi (ottoni); infine delle collaborazioni esterne di: Anna Maria Perna (clarinetto), Alessia Matera (violino), Antonio Tete (tromba), Salvatore Continenza (basso tuba), Vittorio La Tessa e Andrea Presutto (percussioni).<br \/>\nIn programma musiche di Beethoven. Verdi, Mascagni, Bizet, con la guida all\u2019ascolto della dott.ssa Tiziana Lariccia.<\/p>\n<p>Sono convinto \u2013 spiega Matteo Scarlato, dirigente scolastico della Padre Pio \u2013 dell\u2019impellente necessit\u00e0 di un rafforzamento dell\u2019azione educativa per contrastare la deriva disumana della nostra societ\u00e0. Purtroppo la Persona non \u00e8 data biologicamente ma pedagogicamente: occorre pazientemente educare ogni singolo individuo affinch\u00e8 diventi Persona e la vicenda di Sacco e Vanzetti \u00e8 utile allo scopo, poich\u00e9 intrisa di chiari valori umani.<\/p>\n<p><a href=\"http:\/\/www.torremaggiore.com\/notizie\/wp-content\/uploads\/2017\/05\/00sacc.jpg\"><img loading=\"lazy\" decoding=\"async\" class=\"aligncenter size-full wp-image-8288\" src=\"http:\/\/www.torremaggiore.com\/notizie\/wp-content\/uploads\/2017\/05\/00sacc.jpg\" alt=\"\" width=\"747\" height=\"500\" \/><\/a><\/p>\n<p>&nbsp;<\/p>\n<p>&nbsp;<\/p>\n<p><a href=\"http:\/\/www.torremaggiore.com\/notizie\/wp-content\/uploads\/2017\/05\/01sacc.jpg\"><img loading=\"lazy\" decoding=\"async\" class=\"aligncenter size-full wp-image-8289\" src=\"http:\/\/www.torremaggiore.com\/notizie\/wp-content\/uploads\/2017\/05\/01sacc.jpg\" alt=\"\" width=\"724\" height=\"500\" \/><\/a><\/p>\n","protected":false},"excerpt":{"rendered":"<p>Da gioved\u00ec 11 a sabato 13 maggio avverr\u00e0 la fase torremaggiorese del progetto di Gemellaggio<\/p>\n","protected":false},"author":2,"featured_media":8289,"comment_status":"closed","ping_status":"open","sticky":false,"template":"","format":"standard","meta":{"footnotes":""},"categories":[1,250],"tags":[],"class_list":["post-8287","post","type-post","status-publish","format-standard","has-post-thumbnail","hentry","category-appuntamenti","category-prima-pagina"],"yoast_head":"<!-- This site is optimized with the Yoast SEO plugin v27.4 - https:\/\/yoast.com\/product\/yoast-seo-wordpress\/ -->\n<title>Gemellaggio con Villafalletto in memoria di Sacco e Vanzetti, evento a Torremaggiore dall&#039;11 al 13 maggio 2017 - Torremaggiore On Line<\/title>\n<meta name=\"robots\" content=\"index, follow, max-snippet:-1, max-image-preview:large, max-video-preview:-1\" \/>\n<link rel=\"canonical\" href=\"https:\/\/www.torremaggiore.com\/notizie\/2017\/gemellaggio-villafalletto-memoria-sacco-vanzetti-evento-torremaggiore-dall11-al-13-maggio-2017\/\" \/>\n<meta property=\"og:locale\" content=\"it_IT\" \/>\n<meta property=\"og:type\" content=\"article\" \/>\n<meta property=\"og:title\" content=\"Gemellaggio con Villafalletto in memoria di Sacco e Vanzetti, evento a Torremaggiore dall&#039;11 al 13 maggio 2017 - Torremaggiore On Line\" \/>\n<meta property=\"og:description\" content=\"Da gioved\u00ec 11 a sabato 13 maggio avverr\u00e0 la fase torremaggiorese del progetto di Gemellaggio\" \/>\n<meta property=\"og:url\" content=\"https:\/\/www.torremaggiore.com\/notizie\/2017\/gemellaggio-villafalletto-memoria-sacco-vanzetti-evento-torremaggiore-dall11-al-13-maggio-2017\/\" \/>\n<meta property=\"og:site_name\" content=\"Torremaggiore On Line\" \/>\n<meta property=\"article:published_time\" content=\"2017-05-06T16:08:56+00:00\" \/>\n<meta property=\"article:modified_time\" content=\"2017-05-06T16:10:50+00:00\" \/>\n<meta property=\"og:image\" content=\"https:\/\/www.torremaggiore.com\/notizie\/wp-content\/uploads\/2017\/05\/01sacc.jpg\" \/>\n\t<meta property=\"og:image:width\" content=\"724\" \/>\n\t<meta property=\"og:image:height\" content=\"500\" \/>\n\t<meta property=\"og:image:type\" content=\"image\/jpeg\" \/>\n<meta name=\"author\" content=\"Staff\" \/>\n<meta name=\"twitter:card\" content=\"summary_large_image\" \/>\n<meta name=\"twitter:label1\" content=\"Scritto da\" \/>\n\t<meta name=\"twitter:data1\" content=\"Staff\" \/>\n\t<meta name=\"twitter:label2\" content=\"Tempo di lettura stimato\" \/>\n\t<meta name=\"twitter:data2\" content=\"2 minuti\" \/>\n<script type=\"application\/ld+json\" class=\"yoast-schema-graph\">{\"@context\":\"https:\\\/\\\/schema.org\",\"@graph\":[{\"@type\":\"Article\",\"@id\":\"https:\\\/\\\/www.torremaggiore.com\\\/notizie\\\/2017\\\/gemellaggio-villafalletto-memoria-sacco-vanzetti-evento-torremaggiore-dall11-al-13-maggio-2017\\\/#article\",\"isPartOf\":{\"@id\":\"https:\\\/\\\/www.torremaggiore.com\\\/notizie\\\/2017\\\/gemellaggio-villafalletto-memoria-sacco-vanzetti-evento-torremaggiore-dall11-al-13-maggio-2017\\\/\"},\"author\":{\"name\":\"Staff\",\"@id\":\"https:\\\/\\\/www.torremaggiore.com\\\/notizie\\\/#\\\/schema\\\/person\\\/b789462c927517766c1bcfb452c8d85e\"},\"headline\":\"Gemellaggio con Villafalletto in memoria di Sacco e Vanzetti, evento a Torremaggiore dall&#8217;11 al 13 maggio 2017\",\"datePublished\":\"2017-05-06T16:08:56+00:00\",\"dateModified\":\"2017-05-06T16:10:50+00:00\",\"mainEntityOfPage\":{\"@id\":\"https:\\\/\\\/www.torremaggiore.com\\\/notizie\\\/2017\\\/gemellaggio-villafalletto-memoria-sacco-vanzetti-evento-torremaggiore-dall11-al-13-maggio-2017\\\/\"},\"wordCount\":454,\"publisher\":{\"@id\":\"https:\\\/\\\/www.torremaggiore.com\\\/notizie\\\/#organization\"},\"image\":{\"@id\":\"https:\\\/\\\/www.torremaggiore.com\\\/notizie\\\/2017\\\/gemellaggio-villafalletto-memoria-sacco-vanzetti-evento-torremaggiore-dall11-al-13-maggio-2017\\\/#primaryimage\"},\"thumbnailUrl\":\"https:\\\/\\\/www.torremaggiore.com\\\/notizie\\\/wp-content\\\/uploads\\\/2017\\\/05\\\/01sacc.jpg\",\"articleSection\":[\"Appuntamenti\",\"Prima Pagina\"],\"inLanguage\":\"it-IT\"},{\"@type\":\"WebPage\",\"@id\":\"https:\\\/\\\/www.torremaggiore.com\\\/notizie\\\/2017\\\/gemellaggio-villafalletto-memoria-sacco-vanzetti-evento-torremaggiore-dall11-al-13-maggio-2017\\\/\",\"url\":\"https:\\\/\\\/www.torremaggiore.com\\\/notizie\\\/2017\\\/gemellaggio-villafalletto-memoria-sacco-vanzetti-evento-torremaggiore-dall11-al-13-maggio-2017\\\/\",\"name\":\"Gemellaggio con Villafalletto in memoria di Sacco e Vanzetti, evento a Torremaggiore dall'11 al 13 maggio 2017 - Torremaggiore On Line\",\"isPartOf\":{\"@id\":\"https:\\\/\\\/www.torremaggiore.com\\\/notizie\\\/#website\"},\"primaryImageOfPage\":{\"@id\":\"https:\\\/\\\/www.torremaggiore.com\\\/notizie\\\/2017\\\/gemellaggio-villafalletto-memoria-sacco-vanzetti-evento-torremaggiore-dall11-al-13-maggio-2017\\\/#primaryimage\"},\"image\":{\"@id\":\"https:\\\/\\\/www.torremaggiore.com\\\/notizie\\\/2017\\\/gemellaggio-villafalletto-memoria-sacco-vanzetti-evento-torremaggiore-dall11-al-13-maggio-2017\\\/#primaryimage\"},\"thumbnailUrl\":\"https:\\\/\\\/www.torremaggiore.com\\\/notizie\\\/wp-content\\\/uploads\\\/2017\\\/05\\\/01sacc.jpg\",\"datePublished\":\"2017-05-06T16:08:56+00:00\",\"dateModified\":\"2017-05-06T16:10:50+00:00\",\"breadcrumb\":{\"@id\":\"https:\\\/\\\/www.torremaggiore.com\\\/notizie\\\/2017\\\/gemellaggio-villafalletto-memoria-sacco-vanzetti-evento-torremaggiore-dall11-al-13-maggio-2017\\\/#breadcrumb\"},\"inLanguage\":\"it-IT\",\"potentialAction\":[{\"@type\":\"ReadAction\",\"target\":[\"https:\\\/\\\/www.torremaggiore.com\\\/notizie\\\/2017\\\/gemellaggio-villafalletto-memoria-sacco-vanzetti-evento-torremaggiore-dall11-al-13-maggio-2017\\\/\"]}]},{\"@type\":\"ImageObject\",\"inLanguage\":\"it-IT\",\"@id\":\"https:\\\/\\\/www.torremaggiore.com\\\/notizie\\\/2017\\\/gemellaggio-villafalletto-memoria-sacco-vanzetti-evento-torremaggiore-dall11-al-13-maggio-2017\\\/#primaryimage\",\"url\":\"https:\\\/\\\/www.torremaggiore.com\\\/notizie\\\/wp-content\\\/uploads\\\/2017\\\/05\\\/01sacc.jpg\",\"contentUrl\":\"https:\\\/\\\/www.torremaggiore.com\\\/notizie\\\/wp-content\\\/uploads\\\/2017\\\/05\\\/01sacc.jpg\",\"width\":724,\"height\":500},{\"@type\":\"BreadcrumbList\",\"@id\":\"https:\\\/\\\/www.torremaggiore.com\\\/notizie\\\/2017\\\/gemellaggio-villafalletto-memoria-sacco-vanzetti-evento-torremaggiore-dall11-al-13-maggio-2017\\\/#breadcrumb\",\"itemListElement\":[{\"@type\":\"ListItem\",\"position\":1,\"name\":\"Home\",\"item\":\"https:\\\/\\\/www.torremaggiore.com\\\/notizie\\\/\"},{\"@type\":\"ListItem\",\"position\":2,\"name\":\"Gemellaggio con Villafalletto in memoria di Sacco e Vanzetti, evento a Torremaggiore dall&#8217;11 al 13 maggio 2017\"}]},{\"@type\":\"WebSite\",\"@id\":\"https:\\\/\\\/www.torremaggiore.com\\\/notizie\\\/#website\",\"url\":\"https:\\\/\\\/www.torremaggiore.com\\\/notizie\\\/\",\"name\":\"Torremaggiore On Line\",\"description\":\"La Web Community di Torremaggiore\",\"publisher\":{\"@id\":\"https:\\\/\\\/www.torremaggiore.com\\\/notizie\\\/#organization\"},\"potentialAction\":[{\"@type\":\"SearchAction\",\"target\":{\"@type\":\"EntryPoint\",\"urlTemplate\":\"https:\\\/\\\/www.torremaggiore.com\\\/notizie\\\/?s={search_term_string}\"},\"query-input\":{\"@type\":\"PropertyValueSpecification\",\"valueRequired\":true,\"valueName\":\"search_term_string\"}}],\"inLanguage\":\"it-IT\"},{\"@type\":\"Organization\",\"@id\":\"https:\\\/\\\/www.torremaggiore.com\\\/notizie\\\/#organization\",\"name\":\"Torremaggiore On Line\",\"url\":\"https:\\\/\\\/www.torremaggiore.com\\\/notizie\\\/\",\"logo\":{\"@type\":\"ImageObject\",\"inLanguage\":\"it-IT\",\"@id\":\"https:\\\/\\\/www.torremaggiore.com\\\/notizie\\\/#\\\/schema\\\/logo\\\/image\\\/\",\"url\":\"https:\\\/\\\/www.torremaggiore.com\\\/notizie\\\/wp-content\\\/uploads\\\/2020\\\/03\\\/logo-tmol20.gif\",\"contentUrl\":\"https:\\\/\\\/www.torremaggiore.com\\\/notizie\\\/wp-content\\\/uploads\\\/2020\\\/03\\\/logo-tmol20.gif\",\"width\":260,\"height\":95,\"caption\":\"Torremaggiore On Line\"},\"image\":{\"@id\":\"https:\\\/\\\/www.torremaggiore.com\\\/notizie\\\/#\\\/schema\\\/logo\\\/image\\\/\"}},{\"@type\":\"Person\",\"@id\":\"https:\\\/\\\/www.torremaggiore.com\\\/notizie\\\/#\\\/schema\\\/person\\\/b789462c927517766c1bcfb452c8d85e\",\"name\":\"Staff\",\"image\":{\"@type\":\"ImageObject\",\"inLanguage\":\"it-IT\",\"@id\":\"https:\\\/\\\/secure.gravatar.com\\\/avatar\\\/fd311f248f82517b1efd21a54e666df2c5b705bb4a4fb804f3903c94be513fee?s=96&d=mm&r=g\",\"url\":\"https:\\\/\\\/secure.gravatar.com\\\/avatar\\\/fd311f248f82517b1efd21a54e666df2c5b705bb4a4fb804f3903c94be513fee?s=96&d=mm&r=g\",\"contentUrl\":\"https:\\\/\\\/secure.gravatar.com\\\/avatar\\\/fd311f248f82517b1efd21a54e666df2c5b705bb4a4fb804f3903c94be513fee?s=96&d=mm&r=g\",\"caption\":\"Staff\"},\"sameAs\":[\"https:\\\/\\\/www.micheleantonucci.it\"],\"url\":\"https:\\\/\\\/www.torremaggiore.com\\\/notizie\\\/author\\\/staff\\\/\"}]}<\/script>\n<!-- \/ Yoast SEO plugin. -->","yoast_head_json":{"title":"Gemellaggio con Villafalletto in memoria di Sacco e Vanzetti, evento a Torremaggiore dall'11 al 13 maggio 2017 - Torremaggiore On Line","robots":{"index":"index","follow":"follow","max-snippet":"max-snippet:-1","max-image-preview":"max-image-preview:large","max-video-preview":"max-video-preview:-1"},"canonical":"https:\/\/www.torremaggiore.com\/notizie\/2017\/gemellaggio-villafalletto-memoria-sacco-vanzetti-evento-torremaggiore-dall11-al-13-maggio-2017\/","og_locale":"it_IT","og_type":"article","og_title":"Gemellaggio con Villafalletto in memoria di Sacco e Vanzetti, evento a Torremaggiore dall'11 al 13 maggio 2017 - Torremaggiore On Line","og_description":"Da gioved\u00ec 11 a sabato 13 maggio avverr\u00e0 la fase torremaggiorese del progetto di Gemellaggio","og_url":"https:\/\/www.torremaggiore.com\/notizie\/2017\/gemellaggio-villafalletto-memoria-sacco-vanzetti-evento-torremaggiore-dall11-al-13-maggio-2017\/","og_site_name":"Torremaggiore On Line","article_published_time":"2017-05-06T16:08:56+00:00","article_modified_time":"2017-05-06T16:10:50+00:00","og_image":[{"width":724,"height":500,"url":"https:\/\/www.torremaggiore.com\/notizie\/wp-content\/uploads\/2017\/05\/01sacc.jpg","type":"image\/jpeg"}],"author":"Staff","twitter_card":"summary_large_image","twitter_misc":{"Scritto da":"Staff","Tempo di lettura stimato":"2 minuti"},"schema":{"@context":"https:\/\/schema.org","@graph":[{"@type":"Article","@id":"https:\/\/www.torremaggiore.com\/notizie\/2017\/gemellaggio-villafalletto-memoria-sacco-vanzetti-evento-torremaggiore-dall11-al-13-maggio-2017\/#article","isPartOf":{"@id":"https:\/\/www.torremaggiore.com\/notizie\/2017\/gemellaggio-villafalletto-memoria-sacco-vanzetti-evento-torremaggiore-dall11-al-13-maggio-2017\/"},"author":{"name":"Staff","@id":"https:\/\/www.torremaggiore.com\/notizie\/#\/schema\/person\/b789462c927517766c1bcfb452c8d85e"},"headline":"Gemellaggio con Villafalletto in memoria di Sacco e Vanzetti, evento a Torremaggiore dall&#8217;11 al 13 maggio 2017","datePublished":"2017-05-06T16:08:56+00:00","dateModified":"2017-05-06T16:10:50+00:00","mainEntityOfPage":{"@id":"https:\/\/www.torremaggiore.com\/notizie\/2017\/gemellaggio-villafalletto-memoria-sacco-vanzetti-evento-torremaggiore-dall11-al-13-maggio-2017\/"},"wordCount":454,"publisher":{"@id":"https:\/\/www.torremaggiore.com\/notizie\/#organization"},"image":{"@id":"https:\/\/www.torremaggiore.com\/notizie\/2017\/gemellaggio-villafalletto-memoria-sacco-vanzetti-evento-torremaggiore-dall11-al-13-maggio-2017\/#primaryimage"},"thumbnailUrl":"https:\/\/www.torremaggiore.com\/notizie\/wp-content\/uploads\/2017\/05\/01sacc.jpg","articleSection":["Appuntamenti","Prima Pagina"],"inLanguage":"it-IT"},{"@type":"WebPage","@id":"https:\/\/www.torremaggiore.com\/notizie\/2017\/gemellaggio-villafalletto-memoria-sacco-vanzetti-evento-torremaggiore-dall11-al-13-maggio-2017\/","url":"https:\/\/www.torremaggiore.com\/notizie\/2017\/gemellaggio-villafalletto-memoria-sacco-vanzetti-evento-torremaggiore-dall11-al-13-maggio-2017\/","name":"Gemellaggio con Villafalletto in memoria di Sacco e Vanzetti, evento a Torremaggiore dall'11 al 13 maggio 2017 - Torremaggiore On Line","isPartOf":{"@id":"https:\/\/www.torremaggiore.com\/notizie\/#website"},"primaryImageOfPage":{"@id":"https:\/\/www.torremaggiore.com\/notizie\/2017\/gemellaggio-villafalletto-memoria-sacco-vanzetti-evento-torremaggiore-dall11-al-13-maggio-2017\/#primaryimage"},"image":{"@id":"https:\/\/www.torremaggiore.com\/notizie\/2017\/gemellaggio-villafalletto-memoria-sacco-vanzetti-evento-torremaggiore-dall11-al-13-maggio-2017\/#primaryimage"},"thumbnailUrl":"https:\/\/www.torremaggiore.com\/notizie\/wp-content\/uploads\/2017\/05\/01sacc.jpg","datePublished":"2017-05-06T16:08:56+00:00","dateModified":"2017-05-06T16:10:50+00:00","breadcrumb":{"@id":"https:\/\/www.torremaggiore.com\/notizie\/2017\/gemellaggio-villafalletto-memoria-sacco-vanzetti-evento-torremaggiore-dall11-al-13-maggio-2017\/#breadcrumb"},"inLanguage":"it-IT","potentialAction":[{"@type":"ReadAction","target":["https:\/\/www.torremaggiore.com\/notizie\/2017\/gemellaggio-villafalletto-memoria-sacco-vanzetti-evento-torremaggiore-dall11-al-13-maggio-2017\/"]}]},{"@type":"ImageObject","inLanguage":"it-IT","@id":"https:\/\/www.torremaggiore.com\/notizie\/2017\/gemellaggio-villafalletto-memoria-sacco-vanzetti-evento-torremaggiore-dall11-al-13-maggio-2017\/#primaryimage","url":"https:\/\/www.torremaggiore.com\/notizie\/wp-content\/uploads\/2017\/05\/01sacc.jpg","contentUrl":"https:\/\/www.torremaggiore.com\/notizie\/wp-content\/uploads\/2017\/05\/01sacc.jpg","width":724,"height":500},{"@type":"BreadcrumbList","@id":"https:\/\/www.torremaggiore.com\/notizie\/2017\/gemellaggio-villafalletto-memoria-sacco-vanzetti-evento-torremaggiore-dall11-al-13-maggio-2017\/#breadcrumb","itemListElement":[{"@type":"ListItem","position":1,"name":"Home","item":"https:\/\/www.torremaggiore.com\/notizie\/"},{"@type":"ListItem","position":2,"name":"Gemellaggio con Villafalletto in memoria di Sacco e Vanzetti, evento a Torremaggiore dall&#8217;11 al 13 maggio 2017"}]},{"@type":"WebSite","@id":"https:\/\/www.torremaggiore.com\/notizie\/#website","url":"https:\/\/www.torremaggiore.com\/notizie\/","name":"Torremaggiore On Line","description":"La Web Community di Torremaggiore","publisher":{"@id":"https:\/\/www.torremaggiore.com\/notizie\/#organization"},"potentialAction":[{"@type":"SearchAction","target":{"@type":"EntryPoint","urlTemplate":"https:\/\/www.torremaggiore.com\/notizie\/?s={search_term_string}"},"query-input":{"@type":"PropertyValueSpecification","valueRequired":true,"valueName":"search_term_string"}}],"inLanguage":"it-IT"},{"@type":"Organization","@id":"https:\/\/www.torremaggiore.com\/notizie\/#organization","name":"Torremaggiore On Line","url":"https:\/\/www.torremaggiore.com\/notizie\/","logo":{"@type":"ImageObject","inLanguage":"it-IT","@id":"https:\/\/www.torremaggiore.com\/notizie\/#\/schema\/logo\/image\/","url":"https:\/\/www.torremaggiore.com\/notizie\/wp-content\/uploads\/2020\/03\/logo-tmol20.gif","contentUrl":"https:\/\/www.torremaggiore.com\/notizie\/wp-content\/uploads\/2020\/03\/logo-tmol20.gif","width":260,"height":95,"caption":"Torremaggiore On Line"},"image":{"@id":"https:\/\/www.torremaggiore.com\/notizie\/#\/schema\/logo\/image\/"}},{"@type":"Person","@id":"https:\/\/www.torremaggiore.com\/notizie\/#\/schema\/person\/b789462c927517766c1bcfb452c8d85e","name":"Staff","image":{"@type":"ImageObject","inLanguage":"it-IT","@id":"https:\/\/secure.gravatar.com\/avatar\/fd311f248f82517b1efd21a54e666df2c5b705bb4a4fb804f3903c94be513fee?s=96&d=mm&r=g","url":"https:\/\/secure.gravatar.com\/avatar\/fd311f248f82517b1efd21a54e666df2c5b705bb4a4fb804f3903c94be513fee?s=96&d=mm&r=g","contentUrl":"https:\/\/secure.gravatar.com\/avatar\/fd311f248f82517b1efd21a54e666df2c5b705bb4a4fb804f3903c94be513fee?s=96&d=mm&r=g","caption":"Staff"},"sameAs":["https:\/\/www.micheleantonucci.it"],"url":"https:\/\/www.torremaggiore.com\/notizie\/author\/staff\/"}]}},"_links":{"self":[{"href":"https:\/\/www.torremaggiore.com\/notizie\/wp-json\/wp\/v2\/posts\/8287","targetHints":{"allow":["GET"]}}],"collection":[{"href":"https:\/\/www.torremaggiore.com\/notizie\/wp-json\/wp\/v2\/posts"}],"about":[{"href":"https:\/\/www.torremaggiore.com\/notizie\/wp-json\/wp\/v2\/types\/post"}],"author":[{"embeddable":true,"href":"https:\/\/www.torremaggiore.com\/notizie\/wp-json\/wp\/v2\/users\/2"}],"replies":[{"embeddable":true,"href":"https:\/\/www.torremaggiore.com\/notizie\/wp-json\/wp\/v2\/comments?post=8287"}],"version-history":[{"count":0,"href":"https:\/\/www.torremaggiore.com\/notizie\/wp-json\/wp\/v2\/posts\/8287\/revisions"}],"wp:featuredmedia":[{"embeddable":true,"href":"https:\/\/www.torremaggiore.com\/notizie\/wp-json\/wp\/v2\/media\/8289"}],"wp:attachment":[{"href":"https:\/\/www.torremaggiore.com\/notizie\/wp-json\/wp\/v2\/media?parent=8287"}],"wp:term":[{"taxonomy":"category","embeddable":true,"href":"https:\/\/www.torremaggiore.com\/notizie\/wp-json\/wp\/v2\/categories?post=8287"},{"taxonomy":"post_tag","embeddable":true,"href":"https:\/\/www.torremaggiore.com\/notizie\/wp-json\/wp\/v2\/tags?post=8287"}],"curies":[{"name":"wp","href":"https:\/\/api.w.org\/{rel}","templated":true}]}}