{"id":7670,"date":"2016-12-28T16:45:39","date_gmt":"2016-12-28T14:45:39","guid":{"rendered":"http:\/\/www.torremaggiore.com\/notizie\/?p=7670"},"modified":"2017-01-03T10:33:02","modified_gmt":"2017-01-03T08:33:02","slug":"torremaggiore-olio-visconti-tv","status":"publish","type":"post","link":"https:\/\/www.torremaggiore.com\/notizie\/2016\/torremaggiore-olio-visconti-tv\/","title":{"rendered":"Torremaggiore: olio Visconti in TV"},"content":{"rendered":"<p>&nbsp;<\/p>\n<p><a href=\"http:\/\/www.torremaggiore.com\/notizie\/wp-content\/uploads\/2016\/12\/uliveto-visconti.jpg\"><img loading=\"lazy\" decoding=\"async\" class=\"aligncenter size-full wp-image-7672\" src=\"http:\/\/www.torremaggiore.com\/notizie\/wp-content\/uploads\/2016\/12\/uliveto-visconti.jpg\" alt=\"\" width=\"750\" height=\"300\" srcset=\"https:\/\/www.torremaggiore.com\/notizie\/wp-content\/uploads\/2016\/12\/uliveto-visconti.jpg 750w, https:\/\/www.torremaggiore.com\/notizie\/wp-content\/uploads\/2016\/12\/uliveto-visconti-300x120.jpg 300w\" sizes=\"auto, (max-width: 750px) 100vw, 750px\" \/><\/a><\/p>\n<p>&nbsp;<\/p>\n<p>Nelle scorse settimane abbiamo avuto il piacere, e l\u2019onore, di poter registrare due puntate per altrettanti programmi televisivi che andranno in onda rispettivamente su Alice TV e su Marcopolo TV.<\/p>\n<p>Entrambi i programmi sono ideati e condotti dall\u2019esperto assaggiatore Fausto Borella, gi\u00e0 redattore di una sua personale guida sul mondo dell\u2019Extravergine italiano.<\/p>\n<p>\u201cProfumo d\u2019Olio\u201d in onda su Alice TV mercoled\u00ec 14 dicembre 2016 alle 20:00 sar\u00e0 un viaggio negli aspetti culinari dell\u2019olio di oliva.<br \/>\nLo Chef Attilio Santobuono alle prese con i fornelli, fra tradizione ed innovazione.<br \/>\nAd accompagnarlo come sempre ci sar\u00e0 il nostro Extravergine.<br \/>\nA seguire Michele Visconti ci spiegher\u00e0 come assaggiare e riconoscere un Olio di qualit\u00e0.<\/p>\n<p>\u201cTerre d\u2019Olio\u201d in onda su Marcopolo TV mercoled\u00ec 4 gennaio 2017 alle 19:05, ed in replica gioved\u00ec 5 gennaio 2017 alle 12:15, ci porter\u00e0 alla scoperta della nostra azienda, dei nostri oliveti e dello splendido territorio di Capitanata che ci circonda e fa da cornice alla immensa distesa di olivi che solo la Puglia pu\u00f2 offrire.<br \/>\nRachele Rendina, dell\u2019Associazione Borgo Antico, ci accompagner\u00e0 nella coperta del Centro Storico di Torremaggiore; Luigi Visconti ci racconter\u00e0 la passione che ha portato alla creazione del marchio di famiglia e lo spirito che contraddistingue l\u2019azienda.<\/p>\n<p>Un ringraziamento sentito e dovuto va al Comune di Torremaggiore, nelle persone del Sindaco, Vicesindaco, Assessore Agricoltura ed Assessore Cultura per averci concesso la possibilit\u00e0 di effettuare riprese nella splendida cornice del Castello Ducale e del Museo Civico.<\/p>\n<p>Entrambe rappresentano per noi emozionanti esperienze che abbiamo il piacere di condividere con Voi!<\/p>\n<p>&nbsp;<\/p>\n<p>Nota della Societ\u00e0 Agricola Semplice L&#8217;Aurora, Via Foggia km 0.100, 71017 Torremaggiore (FG) &#8211; P.I\/C.F. 03879450710<\/p>\n<p><a href=\"http:\/\/www.torremaggiore.com\/notizie\/wp-content\/uploads\/2016\/12\/olio-visconti.jpg\"><img loading=\"lazy\" decoding=\"async\" class=\"aligncenter size-full wp-image-7671\" src=\"http:\/\/www.torremaggiore.com\/notizie\/wp-content\/uploads\/2016\/12\/olio-visconti.jpg\" alt=\"\" width=\"303\" height=\"131\" srcset=\"https:\/\/www.torremaggiore.com\/notizie\/wp-content\/uploads\/2016\/12\/olio-visconti.jpg 303w, https:\/\/www.torremaggiore.com\/notizie\/wp-content\/uploads\/2016\/12\/olio-visconti-300x131.jpg 300w\" sizes=\"auto, (max-width: 303px) 100vw, 303px\" \/><\/a><\/p>\n<p>&nbsp;<\/p>\n","protected":false},"excerpt":{"rendered":"<p>&nbsp; &nbsp; Nelle scorse settimane abbiamo avuto il piacere, e l\u2019onore, di poter registrare due<\/p>\n","protected":false},"author":2,"featured_media":7672,"comment_status":"closed","ping_status":"open","sticky":false,"template":"","format":"standard","meta":{"footnotes":""},"categories":[3],"tags":[8],"class_list":["post-7670","post","type-post","status-publish","format-standard","has-post-thumbnail","hentry","category-comunicati","tag-torremaggiore"],"yoast_head":"<!-- This site is optimized with the Yoast SEO plugin v27.4 - https:\/\/yoast.com\/product\/yoast-seo-wordpress\/ -->\n<title>Torremaggiore: olio Visconti in TV - Torremaggiore On Line<\/title>\n<meta name=\"robots\" content=\"index, follow, max-snippet:-1, max-image-preview:large, max-video-preview:-1\" \/>\n<link rel=\"canonical\" href=\"https:\/\/www.torremaggiore.com\/notizie\/2016\/torremaggiore-olio-visconti-tv\/\" \/>\n<meta property=\"og:locale\" content=\"it_IT\" \/>\n<meta property=\"og:type\" content=\"article\" \/>\n<meta property=\"og:title\" content=\"Torremaggiore: olio Visconti in TV - Torremaggiore On Line\" \/>\n<meta property=\"og:description\" content=\"&nbsp; &nbsp; Nelle scorse settimane abbiamo avuto il piacere, e l\u2019onore, di poter registrare due\" \/>\n<meta property=\"og:url\" content=\"https:\/\/www.torremaggiore.com\/notizie\/2016\/torremaggiore-olio-visconti-tv\/\" \/>\n<meta property=\"og:site_name\" content=\"Torremaggiore On Line\" \/>\n<meta property=\"article:published_time\" content=\"2016-12-28T14:45:39+00:00\" \/>\n<meta property=\"article:modified_time\" content=\"2017-01-03T08:33:02+00:00\" \/>\n<meta property=\"og:image\" content=\"https:\/\/www.torremaggiore.com\/notizie\/wp-content\/uploads\/2016\/12\/uliveto-visconti.jpg\" \/>\n\t<meta property=\"og:image:width\" content=\"750\" \/>\n\t<meta property=\"og:image:height\" content=\"300\" \/>\n\t<meta property=\"og:image:type\" content=\"image\/jpeg\" \/>\n<meta name=\"author\" content=\"Staff\" \/>\n<meta name=\"twitter:card\" content=\"summary_large_image\" \/>\n<meta name=\"twitter:label1\" content=\"Scritto da\" \/>\n\t<meta name=\"twitter:data1\" content=\"Staff\" \/>\n\t<meta name=\"twitter:label2\" content=\"Tempo di lettura stimato\" \/>\n\t<meta name=\"twitter:data2\" content=\"1 minuto\" \/>\n<script type=\"application\/ld+json\" class=\"yoast-schema-graph\">{\"@context\":\"https:\\\/\\\/schema.org\",\"@graph\":[{\"@type\":\"Article\",\"@id\":\"https:\\\/\\\/www.torremaggiore.com\\\/notizie\\\/2016\\\/torremaggiore-olio-visconti-tv\\\/#article\",\"isPartOf\":{\"@id\":\"https:\\\/\\\/www.torremaggiore.com\\\/notizie\\\/2016\\\/torremaggiore-olio-visconti-tv\\\/\"},\"author\":{\"name\":\"Staff\",\"@id\":\"https:\\\/\\\/www.torremaggiore.com\\\/notizie\\\/#\\\/schema\\\/person\\\/b789462c927517766c1bcfb452c8d85e\"},\"headline\":\"Torremaggiore: olio Visconti in TV\",\"datePublished\":\"2016-12-28T14:45:39+00:00\",\"dateModified\":\"2017-01-03T08:33:02+00:00\",\"mainEntityOfPage\":{\"@id\":\"https:\\\/\\\/www.torremaggiore.com\\\/notizie\\\/2016\\\/torremaggiore-olio-visconti-tv\\\/\"},\"wordCount\":278,\"publisher\":{\"@id\":\"https:\\\/\\\/www.torremaggiore.com\\\/notizie\\\/#organization\"},\"image\":{\"@id\":\"https:\\\/\\\/www.torremaggiore.com\\\/notizie\\\/2016\\\/torremaggiore-olio-visconti-tv\\\/#primaryimage\"},\"thumbnailUrl\":\"https:\\\/\\\/www.torremaggiore.com\\\/notizie\\\/wp-content\\\/uploads\\\/2016\\\/12\\\/uliveto-visconti.jpg\",\"keywords\":[\"torremaggiore\"],\"articleSection\":[\"Comunicati\"],\"inLanguage\":\"it-IT\"},{\"@type\":\"WebPage\",\"@id\":\"https:\\\/\\\/www.torremaggiore.com\\\/notizie\\\/2016\\\/torremaggiore-olio-visconti-tv\\\/\",\"url\":\"https:\\\/\\\/www.torremaggiore.com\\\/notizie\\\/2016\\\/torremaggiore-olio-visconti-tv\\\/\",\"name\":\"Torremaggiore: olio Visconti in TV - Torremaggiore On Line\",\"isPartOf\":{\"@id\":\"https:\\\/\\\/www.torremaggiore.com\\\/notizie\\\/#website\"},\"primaryImageOfPage\":{\"@id\":\"https:\\\/\\\/www.torremaggiore.com\\\/notizie\\\/2016\\\/torremaggiore-olio-visconti-tv\\\/#primaryimage\"},\"image\":{\"@id\":\"https:\\\/\\\/www.torremaggiore.com\\\/notizie\\\/2016\\\/torremaggiore-olio-visconti-tv\\\/#primaryimage\"},\"thumbnailUrl\":\"https:\\\/\\\/www.torremaggiore.com\\\/notizie\\\/wp-content\\\/uploads\\\/2016\\\/12\\\/uliveto-visconti.jpg\",\"datePublished\":\"2016-12-28T14:45:39+00:00\",\"dateModified\":\"2017-01-03T08:33:02+00:00\",\"breadcrumb\":{\"@id\":\"https:\\\/\\\/www.torremaggiore.com\\\/notizie\\\/2016\\\/torremaggiore-olio-visconti-tv\\\/#breadcrumb\"},\"inLanguage\":\"it-IT\",\"potentialAction\":[{\"@type\":\"ReadAction\",\"target\":[\"https:\\\/\\\/www.torremaggiore.com\\\/notizie\\\/2016\\\/torremaggiore-olio-visconti-tv\\\/\"]}]},{\"@type\":\"ImageObject\",\"inLanguage\":\"it-IT\",\"@id\":\"https:\\\/\\\/www.torremaggiore.com\\\/notizie\\\/2016\\\/torremaggiore-olio-visconti-tv\\\/#primaryimage\",\"url\":\"https:\\\/\\\/www.torremaggiore.com\\\/notizie\\\/wp-content\\\/uploads\\\/2016\\\/12\\\/uliveto-visconti.jpg\",\"contentUrl\":\"https:\\\/\\\/www.torremaggiore.com\\\/notizie\\\/wp-content\\\/uploads\\\/2016\\\/12\\\/uliveto-visconti.jpg\",\"width\":750,\"height\":300},{\"@type\":\"BreadcrumbList\",\"@id\":\"https:\\\/\\\/www.torremaggiore.com\\\/notizie\\\/2016\\\/torremaggiore-olio-visconti-tv\\\/#breadcrumb\",\"itemListElement\":[{\"@type\":\"ListItem\",\"position\":1,\"name\":\"Home\",\"item\":\"https:\\\/\\\/www.torremaggiore.com\\\/notizie\\\/\"},{\"@type\":\"ListItem\",\"position\":2,\"name\":\"Torremaggiore: olio Visconti in TV\"}]},{\"@type\":\"WebSite\",\"@id\":\"https:\\\/\\\/www.torremaggiore.com\\\/notizie\\\/#website\",\"url\":\"https:\\\/\\\/www.torremaggiore.com\\\/notizie\\\/\",\"name\":\"Torremaggiore On Line\",\"description\":\"La Web Community di Torremaggiore\",\"publisher\":{\"@id\":\"https:\\\/\\\/www.torremaggiore.com\\\/notizie\\\/#organization\"},\"potentialAction\":[{\"@type\":\"SearchAction\",\"target\":{\"@type\":\"EntryPoint\",\"urlTemplate\":\"https:\\\/\\\/www.torremaggiore.com\\\/notizie\\\/?s={search_term_string}\"},\"query-input\":{\"@type\":\"PropertyValueSpecification\",\"valueRequired\":true,\"valueName\":\"search_term_string\"}}],\"inLanguage\":\"it-IT\"},{\"@type\":\"Organization\",\"@id\":\"https:\\\/\\\/www.torremaggiore.com\\\/notizie\\\/#organization\",\"name\":\"Torremaggiore On Line\",\"url\":\"https:\\\/\\\/www.torremaggiore.com\\\/notizie\\\/\",\"logo\":{\"@type\":\"ImageObject\",\"inLanguage\":\"it-IT\",\"@id\":\"https:\\\/\\\/www.torremaggiore.com\\\/notizie\\\/#\\\/schema\\\/logo\\\/image\\\/\",\"url\":\"https:\\\/\\\/www.torremaggiore.com\\\/notizie\\\/wp-content\\\/uploads\\\/2020\\\/03\\\/logo-tmol20.gif\",\"contentUrl\":\"https:\\\/\\\/www.torremaggiore.com\\\/notizie\\\/wp-content\\\/uploads\\\/2020\\\/03\\\/logo-tmol20.gif\",\"width\":260,\"height\":95,\"caption\":\"Torremaggiore On Line\"},\"image\":{\"@id\":\"https:\\\/\\\/www.torremaggiore.com\\\/notizie\\\/#\\\/schema\\\/logo\\\/image\\\/\"}},{\"@type\":\"Person\",\"@id\":\"https:\\\/\\\/www.torremaggiore.com\\\/notizie\\\/#\\\/schema\\\/person\\\/b789462c927517766c1bcfb452c8d85e\",\"name\":\"Staff\",\"image\":{\"@type\":\"ImageObject\",\"inLanguage\":\"it-IT\",\"@id\":\"https:\\\/\\\/secure.gravatar.com\\\/avatar\\\/fd311f248f82517b1efd21a54e666df2c5b705bb4a4fb804f3903c94be513fee?s=96&d=mm&r=g\",\"url\":\"https:\\\/\\\/secure.gravatar.com\\\/avatar\\\/fd311f248f82517b1efd21a54e666df2c5b705bb4a4fb804f3903c94be513fee?s=96&d=mm&r=g\",\"contentUrl\":\"https:\\\/\\\/secure.gravatar.com\\\/avatar\\\/fd311f248f82517b1efd21a54e666df2c5b705bb4a4fb804f3903c94be513fee?s=96&d=mm&r=g\",\"caption\":\"Staff\"},\"sameAs\":[\"https:\\\/\\\/www.micheleantonucci.it\"],\"url\":\"https:\\\/\\\/www.torremaggiore.com\\\/notizie\\\/author\\\/staff\\\/\"}]}<\/script>\n<!-- \/ Yoast SEO plugin. -->","yoast_head_json":{"title":"Torremaggiore: olio Visconti in TV - Torremaggiore On Line","robots":{"index":"index","follow":"follow","max-snippet":"max-snippet:-1","max-image-preview":"max-image-preview:large","max-video-preview":"max-video-preview:-1"},"canonical":"https:\/\/www.torremaggiore.com\/notizie\/2016\/torremaggiore-olio-visconti-tv\/","og_locale":"it_IT","og_type":"article","og_title":"Torremaggiore: olio Visconti in TV - Torremaggiore On Line","og_description":"&nbsp; &nbsp; Nelle scorse settimane abbiamo avuto il piacere, e l\u2019onore, di poter registrare due","og_url":"https:\/\/www.torremaggiore.com\/notizie\/2016\/torremaggiore-olio-visconti-tv\/","og_site_name":"Torremaggiore On Line","article_published_time":"2016-12-28T14:45:39+00:00","article_modified_time":"2017-01-03T08:33:02+00:00","og_image":[{"width":750,"height":300,"url":"https:\/\/www.torremaggiore.com\/notizie\/wp-content\/uploads\/2016\/12\/uliveto-visconti.jpg","type":"image\/jpeg"}],"author":"Staff","twitter_card":"summary_large_image","twitter_misc":{"Scritto da":"Staff","Tempo di lettura stimato":"1 minuto"},"schema":{"@context":"https:\/\/schema.org","@graph":[{"@type":"Article","@id":"https:\/\/www.torremaggiore.com\/notizie\/2016\/torremaggiore-olio-visconti-tv\/#article","isPartOf":{"@id":"https:\/\/www.torremaggiore.com\/notizie\/2016\/torremaggiore-olio-visconti-tv\/"},"author":{"name":"Staff","@id":"https:\/\/www.torremaggiore.com\/notizie\/#\/schema\/person\/b789462c927517766c1bcfb452c8d85e"},"headline":"Torremaggiore: olio Visconti in TV","datePublished":"2016-12-28T14:45:39+00:00","dateModified":"2017-01-03T08:33:02+00:00","mainEntityOfPage":{"@id":"https:\/\/www.torremaggiore.com\/notizie\/2016\/torremaggiore-olio-visconti-tv\/"},"wordCount":278,"publisher":{"@id":"https:\/\/www.torremaggiore.com\/notizie\/#organization"},"image":{"@id":"https:\/\/www.torremaggiore.com\/notizie\/2016\/torremaggiore-olio-visconti-tv\/#primaryimage"},"thumbnailUrl":"https:\/\/www.torremaggiore.com\/notizie\/wp-content\/uploads\/2016\/12\/uliveto-visconti.jpg","keywords":["torremaggiore"],"articleSection":["Comunicati"],"inLanguage":"it-IT"},{"@type":"WebPage","@id":"https:\/\/www.torremaggiore.com\/notizie\/2016\/torremaggiore-olio-visconti-tv\/","url":"https:\/\/www.torremaggiore.com\/notizie\/2016\/torremaggiore-olio-visconti-tv\/","name":"Torremaggiore: olio Visconti in TV - Torremaggiore On Line","isPartOf":{"@id":"https:\/\/www.torremaggiore.com\/notizie\/#website"},"primaryImageOfPage":{"@id":"https:\/\/www.torremaggiore.com\/notizie\/2016\/torremaggiore-olio-visconti-tv\/#primaryimage"},"image":{"@id":"https:\/\/www.torremaggiore.com\/notizie\/2016\/torremaggiore-olio-visconti-tv\/#primaryimage"},"thumbnailUrl":"https:\/\/www.torremaggiore.com\/notizie\/wp-content\/uploads\/2016\/12\/uliveto-visconti.jpg","datePublished":"2016-12-28T14:45:39+00:00","dateModified":"2017-01-03T08:33:02+00:00","breadcrumb":{"@id":"https:\/\/www.torremaggiore.com\/notizie\/2016\/torremaggiore-olio-visconti-tv\/#breadcrumb"},"inLanguage":"it-IT","potentialAction":[{"@type":"ReadAction","target":["https:\/\/www.torremaggiore.com\/notizie\/2016\/torremaggiore-olio-visconti-tv\/"]}]},{"@type":"ImageObject","inLanguage":"it-IT","@id":"https:\/\/www.torremaggiore.com\/notizie\/2016\/torremaggiore-olio-visconti-tv\/#primaryimage","url":"https:\/\/www.torremaggiore.com\/notizie\/wp-content\/uploads\/2016\/12\/uliveto-visconti.jpg","contentUrl":"https:\/\/www.torremaggiore.com\/notizie\/wp-content\/uploads\/2016\/12\/uliveto-visconti.jpg","width":750,"height":300},{"@type":"BreadcrumbList","@id":"https:\/\/www.torremaggiore.com\/notizie\/2016\/torremaggiore-olio-visconti-tv\/#breadcrumb","itemListElement":[{"@type":"ListItem","position":1,"name":"Home","item":"https:\/\/www.torremaggiore.com\/notizie\/"},{"@type":"ListItem","position":2,"name":"Torremaggiore: olio Visconti in TV"}]},{"@type":"WebSite","@id":"https:\/\/www.torremaggiore.com\/notizie\/#website","url":"https:\/\/www.torremaggiore.com\/notizie\/","name":"Torremaggiore On Line","description":"La Web Community di Torremaggiore","publisher":{"@id":"https:\/\/www.torremaggiore.com\/notizie\/#organization"},"potentialAction":[{"@type":"SearchAction","target":{"@type":"EntryPoint","urlTemplate":"https:\/\/www.torremaggiore.com\/notizie\/?s={search_term_string}"},"query-input":{"@type":"PropertyValueSpecification","valueRequired":true,"valueName":"search_term_string"}}],"inLanguage":"it-IT"},{"@type":"Organization","@id":"https:\/\/www.torremaggiore.com\/notizie\/#organization","name":"Torremaggiore On Line","url":"https:\/\/www.torremaggiore.com\/notizie\/","logo":{"@type":"ImageObject","inLanguage":"it-IT","@id":"https:\/\/www.torremaggiore.com\/notizie\/#\/schema\/logo\/image\/","url":"https:\/\/www.torremaggiore.com\/notizie\/wp-content\/uploads\/2020\/03\/logo-tmol20.gif","contentUrl":"https:\/\/www.torremaggiore.com\/notizie\/wp-content\/uploads\/2020\/03\/logo-tmol20.gif","width":260,"height":95,"caption":"Torremaggiore On Line"},"image":{"@id":"https:\/\/www.torremaggiore.com\/notizie\/#\/schema\/logo\/image\/"}},{"@type":"Person","@id":"https:\/\/www.torremaggiore.com\/notizie\/#\/schema\/person\/b789462c927517766c1bcfb452c8d85e","name":"Staff","image":{"@type":"ImageObject","inLanguage":"it-IT","@id":"https:\/\/secure.gravatar.com\/avatar\/fd311f248f82517b1efd21a54e666df2c5b705bb4a4fb804f3903c94be513fee?s=96&d=mm&r=g","url":"https:\/\/secure.gravatar.com\/avatar\/fd311f248f82517b1efd21a54e666df2c5b705bb4a4fb804f3903c94be513fee?s=96&d=mm&r=g","contentUrl":"https:\/\/secure.gravatar.com\/avatar\/fd311f248f82517b1efd21a54e666df2c5b705bb4a4fb804f3903c94be513fee?s=96&d=mm&r=g","caption":"Staff"},"sameAs":["https:\/\/www.micheleantonucci.it"],"url":"https:\/\/www.torremaggiore.com\/notizie\/author\/staff\/"}]}},"_links":{"self":[{"href":"https:\/\/www.torremaggiore.com\/notizie\/wp-json\/wp\/v2\/posts\/7670","targetHints":{"allow":["GET"]}}],"collection":[{"href":"https:\/\/www.torremaggiore.com\/notizie\/wp-json\/wp\/v2\/posts"}],"about":[{"href":"https:\/\/www.torremaggiore.com\/notizie\/wp-json\/wp\/v2\/types\/post"}],"author":[{"embeddable":true,"href":"https:\/\/www.torremaggiore.com\/notizie\/wp-json\/wp\/v2\/users\/2"}],"replies":[{"embeddable":true,"href":"https:\/\/www.torremaggiore.com\/notizie\/wp-json\/wp\/v2\/comments?post=7670"}],"version-history":[{"count":0,"href":"https:\/\/www.torremaggiore.com\/notizie\/wp-json\/wp\/v2\/posts\/7670\/revisions"}],"wp:featuredmedia":[{"embeddable":true,"href":"https:\/\/www.torremaggiore.com\/notizie\/wp-json\/wp\/v2\/media\/7672"}],"wp:attachment":[{"href":"https:\/\/www.torremaggiore.com\/notizie\/wp-json\/wp\/v2\/media?parent=7670"}],"wp:term":[{"taxonomy":"category","embeddable":true,"href":"https:\/\/www.torremaggiore.com\/notizie\/wp-json\/wp\/v2\/categories?post=7670"},{"taxonomy":"post_tag","embeddable":true,"href":"https:\/\/www.torremaggiore.com\/notizie\/wp-json\/wp\/v2\/tags?post=7670"}],"curies":[{"name":"wp","href":"https:\/\/api.w.org\/{rel}","templated":true}]}}