{"id":5772,"date":"2016-02-06T13:07:53","date_gmt":"2016-02-06T11:07:53","guid":{"rendered":"http:\/\/www.torremaggiore.com\/notizie\/?p=5772"},"modified":"2016-02-06T13:07:53","modified_gmt":"2016-02-06T11:07:53","slug":"idv-pds-prc-torremaggiore-necessita-di-una-forte-azione-di-rinascita-economica-sociale-e-culturale","status":"publish","type":"post","link":"https:\/\/www.torremaggiore.com\/notizie\/2016\/idv-pds-prc-torremaggiore-necessita-di-una-forte-azione-di-rinascita-economica-sociale-e-culturale\/","title":{"rendered":"IdV-PdS-PRC: Torremaggiore necessita di una forte azione di rinascita economica, sociale e culturale."},"content":{"rendered":"<p><strong>RINASCITA CITTADINA<\/p>\n<p>Torremaggiore necessita di una forte azione di rinascita economica, sociale e culturale.<\/strong><\/p>\n<p>Le delegazioni di Italia dei Valori, Partito del Sud e Rifondazione Comunista e altre componenti della societ\u00e0 civile hanno deciso di cooperare affinch\u00e9 si superino gli anni di \u201cordinaria amministrazione\u201d che hanno portato all&#8217;attuale degrado e di dare vita a una lista civica dal nome \u201cRinascita Cittadina\u201d.<br \/>\nQuesta Rinascita necessita dell\u2019impegno di cittadini che non vedano l&#8217;Istituzione come una PROPRIETA&#8217; di qualcuno ma, viceversa, come il luogo del bene comune e del rilancio della Citt\u00e0 e del suo tessuto sociale.<br \/>\nLa trasparenza amministrativa deve essere alla base dell&#8217;azione politica e Palazzo di Citt\u00e0 dovr\u00e0 essere la \u201ccasa di vetro\u201d per tutti i cittadini.<br \/>\nVogliamo che Torremaggiore sia una citt\u00e0 efficiente, in grado di migliorare la macchina amministrativa e di fornire ai cittadini servizi adeguati.<br \/>\nA Torremaggiore ci sono i presupposti perch\u00e9 ci sia un cambio di rotta rispetto all&#8217;amministrare senza etica e senza progetti per il futuro.<\/p>\n<p>E\u2019 per questo che \u201cRinascita Cittadina\u201d sta lavorando, confrontandosi, con altri movimenti, partiti politici e gruppi per costruire una coalizione in grado di garantire questo importante cambio di passo.<br \/>\nNelle prossime settimane promuoveremo, insieme a chi ci vorr\u00e0 stare, incontri, gazebo, dibattiti, gruppi di lavoro, per costruire un programma realizzabile per la citt\u00e0 e per individuare quella che potr\u00e0 essere la classe politica a servizio della comunit\u00e0 per i prossimi 5 anni. <\/p>\n<p>IDV<br \/>\nVincenzo Padalino<\/p>\n<p>Partito del Sud<br \/>\nMichele Dell&#8217;Edera<\/p>\n<p>Partito Rifondazione Comunista<br \/>\nMichelangelo Fulvio De Cesare<\/p>\n<p><a href=\"http:\/\/www.torremaggiore.com\/notizie\/wp-content\/uploads\/2016\/02\/idv-pds-prc.jpg\" rel=\"attachment wp-att-5775\"><img loading=\"lazy\" decoding=\"async\" src=\"http:\/\/www.torremaggiore.com\/notizie\/wp-content\/uploads\/2016\/02\/idv-pds-prc.jpg\" alt=\"idv-pds-prc\" width=\"803\" height=\"270\" class=\"aligncenter size-full wp-image-5775\" srcset=\"https:\/\/www.torremaggiore.com\/notizie\/wp-content\/uploads\/2016\/02\/idv-pds-prc.jpg 803w, https:\/\/www.torremaggiore.com\/notizie\/wp-content\/uploads\/2016\/02\/idv-pds-prc-300x101.jpg 300w, https:\/\/www.torremaggiore.com\/notizie\/wp-content\/uploads\/2016\/02\/idv-pds-prc-768x258.jpg 768w\" sizes=\"auto, (max-width: 803px) 100vw, 803px\" \/><\/a><\/p>\n","protected":false},"excerpt":{"rendered":"<p>RINASCITA CITTADINA Torremaggiore necessita di una forte azione di rinascita economica, sociale e culturale. Le<\/p>\n","protected":false},"author":2,"featured_media":5775,"comment_status":"closed","ping_status":"open","sticky":false,"template":"","format":"standard","meta":{"footnotes":""},"categories":[4,250],"tags":[8],"class_list":["post-5772","post","type-post","status-publish","format-standard","has-post-thumbnail","hentry","category-politica","category-prima-pagina","tag-torremaggiore"],"yoast_head":"<!-- This site is optimized with the Yoast SEO plugin v27.4 - https:\/\/yoast.com\/product\/yoast-seo-wordpress\/ -->\n<title>IdV-PdS-PRC: Torremaggiore necessita di una forte azione di rinascita economica, sociale e culturale. - Torremaggiore On Line<\/title>\n<meta name=\"robots\" content=\"index, follow, max-snippet:-1, max-image-preview:large, max-video-preview:-1\" \/>\n<link rel=\"canonical\" href=\"https:\/\/www.torremaggiore.com\/notizie\/2016\/idv-pds-prc-torremaggiore-necessita-di-una-forte-azione-di-rinascita-economica-sociale-e-culturale\/\" \/>\n<meta property=\"og:locale\" content=\"it_IT\" \/>\n<meta property=\"og:type\" content=\"article\" \/>\n<meta property=\"og:title\" content=\"IdV-PdS-PRC: Torremaggiore necessita di una forte azione di rinascita economica, sociale e culturale. - Torremaggiore On Line\" \/>\n<meta property=\"og:description\" content=\"RINASCITA CITTADINA Torremaggiore necessita di una forte azione di rinascita economica, sociale e culturale. Le\" \/>\n<meta property=\"og:url\" content=\"https:\/\/www.torremaggiore.com\/notizie\/2016\/idv-pds-prc-torremaggiore-necessita-di-una-forte-azione-di-rinascita-economica-sociale-e-culturale\/\" \/>\n<meta property=\"og:site_name\" content=\"Torremaggiore On Line\" \/>\n<meta property=\"article:published_time\" content=\"2016-02-06T11:07:53+00:00\" \/>\n<meta property=\"og:image\" content=\"https:\/\/www.torremaggiore.com\/notizie\/wp-content\/uploads\/2016\/02\/idv-pds-prc.jpg\" \/>\n\t<meta property=\"og:image:width\" content=\"803\" \/>\n\t<meta property=\"og:image:height\" content=\"270\" \/>\n\t<meta property=\"og:image:type\" content=\"image\/jpeg\" \/>\n<meta name=\"author\" content=\"Staff\" \/>\n<meta name=\"twitter:card\" content=\"summary_large_image\" \/>\n<meta name=\"twitter:label1\" content=\"Scritto da\" \/>\n\t<meta name=\"twitter:data1\" content=\"Staff\" \/>\n\t<meta name=\"twitter:label2\" content=\"Tempo di lettura stimato\" \/>\n\t<meta name=\"twitter:data2\" content=\"1 minuto\" \/>\n<script type=\"application\/ld+json\" class=\"yoast-schema-graph\">{\"@context\":\"https:\\\/\\\/schema.org\",\"@graph\":[{\"@type\":\"Article\",\"@id\":\"https:\\\/\\\/www.torremaggiore.com\\\/notizie\\\/2016\\\/idv-pds-prc-torremaggiore-necessita-di-una-forte-azione-di-rinascita-economica-sociale-e-culturale\\\/#article\",\"isPartOf\":{\"@id\":\"https:\\\/\\\/www.torremaggiore.com\\\/notizie\\\/2016\\\/idv-pds-prc-torremaggiore-necessita-di-una-forte-azione-di-rinascita-economica-sociale-e-culturale\\\/\"},\"author\":{\"name\":\"Staff\",\"@id\":\"https:\\\/\\\/www.torremaggiore.com\\\/notizie\\\/#\\\/schema\\\/person\\\/b789462c927517766c1bcfb452c8d85e\"},\"headline\":\"IdV-PdS-PRC: Torremaggiore necessita di una forte azione di rinascita economica, sociale e culturale.\",\"datePublished\":\"2016-02-06T11:07:53+00:00\",\"mainEntityOfPage\":{\"@id\":\"https:\\\/\\\/www.torremaggiore.com\\\/notizie\\\/2016\\\/idv-pds-prc-torremaggiore-necessita-di-una-forte-azione-di-rinascita-economica-sociale-e-culturale\\\/\"},\"wordCount\":266,\"publisher\":{\"@id\":\"https:\\\/\\\/www.torremaggiore.com\\\/notizie\\\/#organization\"},\"image\":{\"@id\":\"https:\\\/\\\/www.torremaggiore.com\\\/notizie\\\/2016\\\/idv-pds-prc-torremaggiore-necessita-di-una-forte-azione-di-rinascita-economica-sociale-e-culturale\\\/#primaryimage\"},\"thumbnailUrl\":\"https:\\\/\\\/www.torremaggiore.com\\\/notizie\\\/wp-content\\\/uploads\\\/2016\\\/02\\\/idv-pds-prc.jpg\",\"keywords\":[\"torremaggiore\"],\"articleSection\":[\"Politica\",\"Prima Pagina\"],\"inLanguage\":\"it-IT\"},{\"@type\":\"WebPage\",\"@id\":\"https:\\\/\\\/www.torremaggiore.com\\\/notizie\\\/2016\\\/idv-pds-prc-torremaggiore-necessita-di-una-forte-azione-di-rinascita-economica-sociale-e-culturale\\\/\",\"url\":\"https:\\\/\\\/www.torremaggiore.com\\\/notizie\\\/2016\\\/idv-pds-prc-torremaggiore-necessita-di-una-forte-azione-di-rinascita-economica-sociale-e-culturale\\\/\",\"name\":\"IdV-PdS-PRC: Torremaggiore necessita di una forte azione di rinascita economica, sociale e culturale. - Torremaggiore On Line\",\"isPartOf\":{\"@id\":\"https:\\\/\\\/www.torremaggiore.com\\\/notizie\\\/#website\"},\"primaryImageOfPage\":{\"@id\":\"https:\\\/\\\/www.torremaggiore.com\\\/notizie\\\/2016\\\/idv-pds-prc-torremaggiore-necessita-di-una-forte-azione-di-rinascita-economica-sociale-e-culturale\\\/#primaryimage\"},\"image\":{\"@id\":\"https:\\\/\\\/www.torremaggiore.com\\\/notizie\\\/2016\\\/idv-pds-prc-torremaggiore-necessita-di-una-forte-azione-di-rinascita-economica-sociale-e-culturale\\\/#primaryimage\"},\"thumbnailUrl\":\"https:\\\/\\\/www.torremaggiore.com\\\/notizie\\\/wp-content\\\/uploads\\\/2016\\\/02\\\/idv-pds-prc.jpg\",\"datePublished\":\"2016-02-06T11:07:53+00:00\",\"breadcrumb\":{\"@id\":\"https:\\\/\\\/www.torremaggiore.com\\\/notizie\\\/2016\\\/idv-pds-prc-torremaggiore-necessita-di-una-forte-azione-di-rinascita-economica-sociale-e-culturale\\\/#breadcrumb\"},\"inLanguage\":\"it-IT\",\"potentialAction\":[{\"@type\":\"ReadAction\",\"target\":[\"https:\\\/\\\/www.torremaggiore.com\\\/notizie\\\/2016\\\/idv-pds-prc-torremaggiore-necessita-di-una-forte-azione-di-rinascita-economica-sociale-e-culturale\\\/\"]}]},{\"@type\":\"ImageObject\",\"inLanguage\":\"it-IT\",\"@id\":\"https:\\\/\\\/www.torremaggiore.com\\\/notizie\\\/2016\\\/idv-pds-prc-torremaggiore-necessita-di-una-forte-azione-di-rinascita-economica-sociale-e-culturale\\\/#primaryimage\",\"url\":\"https:\\\/\\\/www.torremaggiore.com\\\/notizie\\\/wp-content\\\/uploads\\\/2016\\\/02\\\/idv-pds-prc.jpg\",\"contentUrl\":\"https:\\\/\\\/www.torremaggiore.com\\\/notizie\\\/wp-content\\\/uploads\\\/2016\\\/02\\\/idv-pds-prc.jpg\",\"width\":803,\"height\":270},{\"@type\":\"BreadcrumbList\",\"@id\":\"https:\\\/\\\/www.torremaggiore.com\\\/notizie\\\/2016\\\/idv-pds-prc-torremaggiore-necessita-di-una-forte-azione-di-rinascita-economica-sociale-e-culturale\\\/#breadcrumb\",\"itemListElement\":[{\"@type\":\"ListItem\",\"position\":1,\"name\":\"Home\",\"item\":\"https:\\\/\\\/www.torremaggiore.com\\\/notizie\\\/\"},{\"@type\":\"ListItem\",\"position\":2,\"name\":\"IdV-PdS-PRC: Torremaggiore necessita di una forte azione di rinascita economica, sociale e culturale.\"}]},{\"@type\":\"WebSite\",\"@id\":\"https:\\\/\\\/www.torremaggiore.com\\\/notizie\\\/#website\",\"url\":\"https:\\\/\\\/www.torremaggiore.com\\\/notizie\\\/\",\"name\":\"Torremaggiore On Line\",\"description\":\"La Web Community di Torremaggiore\",\"publisher\":{\"@id\":\"https:\\\/\\\/www.torremaggiore.com\\\/notizie\\\/#organization\"},\"potentialAction\":[{\"@type\":\"SearchAction\",\"target\":{\"@type\":\"EntryPoint\",\"urlTemplate\":\"https:\\\/\\\/www.torremaggiore.com\\\/notizie\\\/?s={search_term_string}\"},\"query-input\":{\"@type\":\"PropertyValueSpecification\",\"valueRequired\":true,\"valueName\":\"search_term_string\"}}],\"inLanguage\":\"it-IT\"},{\"@type\":\"Organization\",\"@id\":\"https:\\\/\\\/www.torremaggiore.com\\\/notizie\\\/#organization\",\"name\":\"Torremaggiore On Line\",\"url\":\"https:\\\/\\\/www.torremaggiore.com\\\/notizie\\\/\",\"logo\":{\"@type\":\"ImageObject\",\"inLanguage\":\"it-IT\",\"@id\":\"https:\\\/\\\/www.torremaggiore.com\\\/notizie\\\/#\\\/schema\\\/logo\\\/image\\\/\",\"url\":\"https:\\\/\\\/www.torremaggiore.com\\\/notizie\\\/wp-content\\\/uploads\\\/2020\\\/03\\\/logo-tmol20.gif\",\"contentUrl\":\"https:\\\/\\\/www.torremaggiore.com\\\/notizie\\\/wp-content\\\/uploads\\\/2020\\\/03\\\/logo-tmol20.gif\",\"width\":260,\"height\":95,\"caption\":\"Torremaggiore On Line\"},\"image\":{\"@id\":\"https:\\\/\\\/www.torremaggiore.com\\\/notizie\\\/#\\\/schema\\\/logo\\\/image\\\/\"}},{\"@type\":\"Person\",\"@id\":\"https:\\\/\\\/www.torremaggiore.com\\\/notizie\\\/#\\\/schema\\\/person\\\/b789462c927517766c1bcfb452c8d85e\",\"name\":\"Staff\",\"image\":{\"@type\":\"ImageObject\",\"inLanguage\":\"it-IT\",\"@id\":\"https:\\\/\\\/secure.gravatar.com\\\/avatar\\\/fd311f248f82517b1efd21a54e666df2c5b705bb4a4fb804f3903c94be513fee?s=96&d=mm&r=g\",\"url\":\"https:\\\/\\\/secure.gravatar.com\\\/avatar\\\/fd311f248f82517b1efd21a54e666df2c5b705bb4a4fb804f3903c94be513fee?s=96&d=mm&r=g\",\"contentUrl\":\"https:\\\/\\\/secure.gravatar.com\\\/avatar\\\/fd311f248f82517b1efd21a54e666df2c5b705bb4a4fb804f3903c94be513fee?s=96&d=mm&r=g\",\"caption\":\"Staff\"},\"sameAs\":[\"https:\\\/\\\/www.micheleantonucci.it\"],\"url\":\"https:\\\/\\\/www.torremaggiore.com\\\/notizie\\\/author\\\/staff\\\/\"}]}<\/script>\n<!-- \/ Yoast SEO plugin. -->","yoast_head_json":{"title":"IdV-PdS-PRC: Torremaggiore necessita di una forte azione di rinascita economica, sociale e culturale. - Torremaggiore On Line","robots":{"index":"index","follow":"follow","max-snippet":"max-snippet:-1","max-image-preview":"max-image-preview:large","max-video-preview":"max-video-preview:-1"},"canonical":"https:\/\/www.torremaggiore.com\/notizie\/2016\/idv-pds-prc-torremaggiore-necessita-di-una-forte-azione-di-rinascita-economica-sociale-e-culturale\/","og_locale":"it_IT","og_type":"article","og_title":"IdV-PdS-PRC: Torremaggiore necessita di una forte azione di rinascita economica, sociale e culturale. - Torremaggiore On Line","og_description":"RINASCITA CITTADINA Torremaggiore necessita di una forte azione di rinascita economica, sociale e culturale. Le","og_url":"https:\/\/www.torremaggiore.com\/notizie\/2016\/idv-pds-prc-torremaggiore-necessita-di-una-forte-azione-di-rinascita-economica-sociale-e-culturale\/","og_site_name":"Torremaggiore On Line","article_published_time":"2016-02-06T11:07:53+00:00","og_image":[{"width":803,"height":270,"url":"https:\/\/www.torremaggiore.com\/notizie\/wp-content\/uploads\/2016\/02\/idv-pds-prc.jpg","type":"image\/jpeg"}],"author":"Staff","twitter_card":"summary_large_image","twitter_misc":{"Scritto da":"Staff","Tempo di lettura stimato":"1 minuto"},"schema":{"@context":"https:\/\/schema.org","@graph":[{"@type":"Article","@id":"https:\/\/www.torremaggiore.com\/notizie\/2016\/idv-pds-prc-torremaggiore-necessita-di-una-forte-azione-di-rinascita-economica-sociale-e-culturale\/#article","isPartOf":{"@id":"https:\/\/www.torremaggiore.com\/notizie\/2016\/idv-pds-prc-torremaggiore-necessita-di-una-forte-azione-di-rinascita-economica-sociale-e-culturale\/"},"author":{"name":"Staff","@id":"https:\/\/www.torremaggiore.com\/notizie\/#\/schema\/person\/b789462c927517766c1bcfb452c8d85e"},"headline":"IdV-PdS-PRC: Torremaggiore necessita di una forte azione di rinascita economica, sociale e culturale.","datePublished":"2016-02-06T11:07:53+00:00","mainEntityOfPage":{"@id":"https:\/\/www.torremaggiore.com\/notizie\/2016\/idv-pds-prc-torremaggiore-necessita-di-una-forte-azione-di-rinascita-economica-sociale-e-culturale\/"},"wordCount":266,"publisher":{"@id":"https:\/\/www.torremaggiore.com\/notizie\/#organization"},"image":{"@id":"https:\/\/www.torremaggiore.com\/notizie\/2016\/idv-pds-prc-torremaggiore-necessita-di-una-forte-azione-di-rinascita-economica-sociale-e-culturale\/#primaryimage"},"thumbnailUrl":"https:\/\/www.torremaggiore.com\/notizie\/wp-content\/uploads\/2016\/02\/idv-pds-prc.jpg","keywords":["torremaggiore"],"articleSection":["Politica","Prima Pagina"],"inLanguage":"it-IT"},{"@type":"WebPage","@id":"https:\/\/www.torremaggiore.com\/notizie\/2016\/idv-pds-prc-torremaggiore-necessita-di-una-forte-azione-di-rinascita-economica-sociale-e-culturale\/","url":"https:\/\/www.torremaggiore.com\/notizie\/2016\/idv-pds-prc-torremaggiore-necessita-di-una-forte-azione-di-rinascita-economica-sociale-e-culturale\/","name":"IdV-PdS-PRC: Torremaggiore necessita di una forte azione di rinascita economica, sociale e culturale. - Torremaggiore On Line","isPartOf":{"@id":"https:\/\/www.torremaggiore.com\/notizie\/#website"},"primaryImageOfPage":{"@id":"https:\/\/www.torremaggiore.com\/notizie\/2016\/idv-pds-prc-torremaggiore-necessita-di-una-forte-azione-di-rinascita-economica-sociale-e-culturale\/#primaryimage"},"image":{"@id":"https:\/\/www.torremaggiore.com\/notizie\/2016\/idv-pds-prc-torremaggiore-necessita-di-una-forte-azione-di-rinascita-economica-sociale-e-culturale\/#primaryimage"},"thumbnailUrl":"https:\/\/www.torremaggiore.com\/notizie\/wp-content\/uploads\/2016\/02\/idv-pds-prc.jpg","datePublished":"2016-02-06T11:07:53+00:00","breadcrumb":{"@id":"https:\/\/www.torremaggiore.com\/notizie\/2016\/idv-pds-prc-torremaggiore-necessita-di-una-forte-azione-di-rinascita-economica-sociale-e-culturale\/#breadcrumb"},"inLanguage":"it-IT","potentialAction":[{"@type":"ReadAction","target":["https:\/\/www.torremaggiore.com\/notizie\/2016\/idv-pds-prc-torremaggiore-necessita-di-una-forte-azione-di-rinascita-economica-sociale-e-culturale\/"]}]},{"@type":"ImageObject","inLanguage":"it-IT","@id":"https:\/\/www.torremaggiore.com\/notizie\/2016\/idv-pds-prc-torremaggiore-necessita-di-una-forte-azione-di-rinascita-economica-sociale-e-culturale\/#primaryimage","url":"https:\/\/www.torremaggiore.com\/notizie\/wp-content\/uploads\/2016\/02\/idv-pds-prc.jpg","contentUrl":"https:\/\/www.torremaggiore.com\/notizie\/wp-content\/uploads\/2016\/02\/idv-pds-prc.jpg","width":803,"height":270},{"@type":"BreadcrumbList","@id":"https:\/\/www.torremaggiore.com\/notizie\/2016\/idv-pds-prc-torremaggiore-necessita-di-una-forte-azione-di-rinascita-economica-sociale-e-culturale\/#breadcrumb","itemListElement":[{"@type":"ListItem","position":1,"name":"Home","item":"https:\/\/www.torremaggiore.com\/notizie\/"},{"@type":"ListItem","position":2,"name":"IdV-PdS-PRC: Torremaggiore necessita di una forte azione di rinascita economica, sociale e culturale."}]},{"@type":"WebSite","@id":"https:\/\/www.torremaggiore.com\/notizie\/#website","url":"https:\/\/www.torremaggiore.com\/notizie\/","name":"Torremaggiore On Line","description":"La Web Community di Torremaggiore","publisher":{"@id":"https:\/\/www.torremaggiore.com\/notizie\/#organization"},"potentialAction":[{"@type":"SearchAction","target":{"@type":"EntryPoint","urlTemplate":"https:\/\/www.torremaggiore.com\/notizie\/?s={search_term_string}"},"query-input":{"@type":"PropertyValueSpecification","valueRequired":true,"valueName":"search_term_string"}}],"inLanguage":"it-IT"},{"@type":"Organization","@id":"https:\/\/www.torremaggiore.com\/notizie\/#organization","name":"Torremaggiore On Line","url":"https:\/\/www.torremaggiore.com\/notizie\/","logo":{"@type":"ImageObject","inLanguage":"it-IT","@id":"https:\/\/www.torremaggiore.com\/notizie\/#\/schema\/logo\/image\/","url":"https:\/\/www.torremaggiore.com\/notizie\/wp-content\/uploads\/2020\/03\/logo-tmol20.gif","contentUrl":"https:\/\/www.torremaggiore.com\/notizie\/wp-content\/uploads\/2020\/03\/logo-tmol20.gif","width":260,"height":95,"caption":"Torremaggiore On Line"},"image":{"@id":"https:\/\/www.torremaggiore.com\/notizie\/#\/schema\/logo\/image\/"}},{"@type":"Person","@id":"https:\/\/www.torremaggiore.com\/notizie\/#\/schema\/person\/b789462c927517766c1bcfb452c8d85e","name":"Staff","image":{"@type":"ImageObject","inLanguage":"it-IT","@id":"https:\/\/secure.gravatar.com\/avatar\/fd311f248f82517b1efd21a54e666df2c5b705bb4a4fb804f3903c94be513fee?s=96&d=mm&r=g","url":"https:\/\/secure.gravatar.com\/avatar\/fd311f248f82517b1efd21a54e666df2c5b705bb4a4fb804f3903c94be513fee?s=96&d=mm&r=g","contentUrl":"https:\/\/secure.gravatar.com\/avatar\/fd311f248f82517b1efd21a54e666df2c5b705bb4a4fb804f3903c94be513fee?s=96&d=mm&r=g","caption":"Staff"},"sameAs":["https:\/\/www.micheleantonucci.it"],"url":"https:\/\/www.torremaggiore.com\/notizie\/author\/staff\/"}]}},"_links":{"self":[{"href":"https:\/\/www.torremaggiore.com\/notizie\/wp-json\/wp\/v2\/posts\/5772","targetHints":{"allow":["GET"]}}],"collection":[{"href":"https:\/\/www.torremaggiore.com\/notizie\/wp-json\/wp\/v2\/posts"}],"about":[{"href":"https:\/\/www.torremaggiore.com\/notizie\/wp-json\/wp\/v2\/types\/post"}],"author":[{"embeddable":true,"href":"https:\/\/www.torremaggiore.com\/notizie\/wp-json\/wp\/v2\/users\/2"}],"replies":[{"embeddable":true,"href":"https:\/\/www.torremaggiore.com\/notizie\/wp-json\/wp\/v2\/comments?post=5772"}],"version-history":[{"count":0,"href":"https:\/\/www.torremaggiore.com\/notizie\/wp-json\/wp\/v2\/posts\/5772\/revisions"}],"wp:featuredmedia":[{"embeddable":true,"href":"https:\/\/www.torremaggiore.com\/notizie\/wp-json\/wp\/v2\/media\/5775"}],"wp:attachment":[{"href":"https:\/\/www.torremaggiore.com\/notizie\/wp-json\/wp\/v2\/media?parent=5772"}],"wp:term":[{"taxonomy":"category","embeddable":true,"href":"https:\/\/www.torremaggiore.com\/notizie\/wp-json\/wp\/v2\/categories?post=5772"},{"taxonomy":"post_tag","embeddable":true,"href":"https:\/\/www.torremaggiore.com\/notizie\/wp-json\/wp\/v2\/tags?post=5772"}],"curies":[{"name":"wp","href":"https:\/\/api.w.org\/{rel}","templated":true}]}}