{"id":5078,"date":"2015-06-22T18:30:30","date_gmt":"2015-06-22T16:30:30","guid":{"rendered":"http:\/\/www.torremaggiore.com\/notizie\/?p=5078"},"modified":"2015-06-22T18:30:30","modified_gmt":"2015-06-22T16:30:30","slug":"torremaggiore-ospitera-i-campionati-world-kempo-dankan-federation-2015-il-28-giugno-2015","status":"publish","type":"post","link":"https:\/\/www.torremaggiore.com\/notizie\/2015\/torremaggiore-ospitera-i-campionati-world-kempo-dankan-federation-2015-il-28-giugno-2015\/","title":{"rendered":"Torremaggiore ospiter\u00e0 i Campionati &#8220;World Kempo Dankan Federation 2015&#8221; il 28 giugno 2015"},"content":{"rendered":"<p><strong>Domenica 28 Giugno Torremaggiore ospiter\u00e0 i Campionati &#8220;World Kempo Dankan Federation 2015&#8221; <\/strong><\/p>\n<p><a href=\"http:\/\/www.torremaggiore.com\/notizie\/wp-content\/uploads\/2015\/06\/kempo2015.jpg\"><img loading=\"lazy\" decoding=\"async\" class=\"aligncenter size-full wp-image-5079\" src=\"http:\/\/www.torremaggiore.com\/notizie\/wp-content\/uploads\/2015\/06\/kempo2015.jpg\" alt=\"kempo2015\" width=\"463\" height=\"720\" srcset=\"https:\/\/www.torremaggiore.com\/notizie\/wp-content\/uploads\/2015\/06\/kempo2015.jpg 463w, https:\/\/www.torremaggiore.com\/notizie\/wp-content\/uploads\/2015\/06\/kempo2015-193x300.jpg 193w\" sizes=\"auto, (max-width: 463px) 100vw, 463px\" \/><\/a><\/p>\n<p>La manifestazione organizzata dall\u2019Associazione Dankan di san Severo e \u201cKeiko\u201d di Torremaggiore, con il Patrocinio del CONI e del Centro Insegnamento Studio ed Organizzazione Kempo vedr\u00e0 la partecipazione di Maestri con preparazione ed esperienza di estrema levatura a livello mondiale, affrontarsi su due spacialit\u00e0: Kat\u00e0 e Kumit\u00e8. La prima \u00e8 basata sulla esecuzione, da parte dei due atleti sfidanti, di una forma tecnica ( Kat\u00e0 ) con una commissione di gara che esprime un giudizio tecnico sentenziando la vittoria di uno dei due partecipanti.<br \/>\nLa seconda specialit\u00e0 \u00e8 basata su incontri di combattimento libero ( Kumit\u00e8) dove l&#8217;atleta pi\u00f9 bravo riesce a entrare con delle tecniche di calcio e pugni senza toccare l&#8217;avversario evitando e parando le tecniche di attacco di quest&#8217;ultimo.<br \/>\nLa manifestazione per gli amanti del Kempo \u00e8 l\u2019equivalente della Champions Leage per i calciofili. La possibilit\u00e0 di ospitare la manifestazione rappresenta un riconoscimento per l\u2019Associaizone \u201cKeiko\u201d di Torremaggiore, che da 30 anni opera a Torremaggiore, contribuendo all\u2019insegnamento e alla diffusione della nobile arte del kempo, che si caratterizza non solo per una mera applicazione marziale ma per una vera scuola di vita. Infatti fin dalle origini, che si perdono nella notte dei tempi della Tradizione orientale, traspare l&#8217;intimo sforzo dell&#8217;uomo verso la ricerca continua di migliorare il proprio corpo,lo spirito, la conoscenza filosofica e psicologica di se stesso e degli altri. Il Ken Sensei Dankan Po ( Legge dei migliori maestri del pugno), detto pi\u00f9 brevemente Kempo ( legge del pugno), \u00e8 una disciplina ginnico-marziale orientale, quale Via di Conoscenza filosofica e di realizzazione educativa. Oggi il Kempo lo si pratica per conseguire un armonioso equilibrio con se stesso, con la natura e con gli uomini.Con la guida costante del Maestro e degli Anziani, con devozione e pazienza, concentrazione e determinazione, l&#8217;allievo applica tecniche antiche di respirazione e di meditazione, cura l&#8217;alimentazione e il comportamento. Apprende che la vita \u00e8 un fine del Kempo.<br \/>\nTra l\u2019altro la \u201ckeiko\u201d guidata dal maestro Leonardo Calabrese ha ottenuto riconoscimenti sportivi di altissimo livello ultimi in ordine di tempo il titolo di campioni italiani a squadre di Kempo Dankan. L\u2019appuntamento \u00e8 presso i locali della Vigor Sport a Torremaggiore (via Einaudi \u2013 Ingresso Torremaggiore) dalle ore 9:00.<\/p>\n","protected":false},"excerpt":{"rendered":"<p>Domenica 28 Giugno Torremaggiore ospiter\u00e0 i Campionati &#8220;World Kempo Dankan Federation 2015&#8221; La manifestazione organizzata<\/p>\n","protected":false},"author":2,"featured_media":5079,"comment_status":"closed","ping_status":"open","sticky":false,"template":"","format":"standard","meta":{"footnotes":""},"categories":[1,3,250],"tags":[8,825],"class_list":["post-5078","post","type-post","status-publish","format-standard","has-post-thumbnail","hentry","category-appuntamenti","category-comunicati","category-prima-pagina","tag-torremaggiore","tag-world-kempo-dankan-federation-2015"],"yoast_head":"<!-- This site is optimized with the Yoast SEO plugin v27.4 - https:\/\/yoast.com\/product\/yoast-seo-wordpress\/ -->\n<title>Torremaggiore ospiter\u00e0 i Campionati &quot;World Kempo Dankan Federation 2015&quot; il 28 giugno 2015 - Torremaggiore On Line<\/title>\n<meta name=\"robots\" content=\"index, follow, max-snippet:-1, max-image-preview:large, max-video-preview:-1\" \/>\n<link rel=\"canonical\" href=\"https:\/\/www.torremaggiore.com\/notizie\/2015\/torremaggiore-ospitera-i-campionati-world-kempo-dankan-federation-2015-il-28-giugno-2015\/\" \/>\n<meta property=\"og:locale\" content=\"it_IT\" \/>\n<meta property=\"og:type\" content=\"article\" \/>\n<meta property=\"og:title\" content=\"Torremaggiore ospiter\u00e0 i Campionati &quot;World Kempo Dankan Federation 2015&quot; il 28 giugno 2015 - Torremaggiore On Line\" \/>\n<meta property=\"og:description\" content=\"Domenica 28 Giugno Torremaggiore ospiter\u00e0 i Campionati &#8220;World Kempo Dankan Federation 2015&#8221; La manifestazione organizzata\" \/>\n<meta property=\"og:url\" content=\"https:\/\/www.torremaggiore.com\/notizie\/2015\/torremaggiore-ospitera-i-campionati-world-kempo-dankan-federation-2015-il-28-giugno-2015\/\" \/>\n<meta property=\"og:site_name\" content=\"Torremaggiore On Line\" \/>\n<meta property=\"article:published_time\" content=\"2015-06-22T16:30:30+00:00\" \/>\n<meta property=\"og:image\" content=\"https:\/\/www.torremaggiore.com\/notizie\/wp-content\/uploads\/2015\/06\/kempo2015.jpg\" \/>\n\t<meta property=\"og:image:width\" content=\"463\" \/>\n\t<meta property=\"og:image:height\" content=\"720\" \/>\n\t<meta property=\"og:image:type\" content=\"image\/jpeg\" \/>\n<meta name=\"author\" content=\"Staff\" \/>\n<meta name=\"twitter:card\" content=\"summary_large_image\" \/>\n<meta name=\"twitter:label1\" content=\"Scritto da\" \/>\n\t<meta name=\"twitter:data1\" content=\"Staff\" \/>\n\t<meta name=\"twitter:label2\" content=\"Tempo di lettura stimato\" \/>\n\t<meta name=\"twitter:data2\" content=\"2 minuti\" \/>\n<script type=\"application\/ld+json\" class=\"yoast-schema-graph\">{\"@context\":\"https:\\\/\\\/schema.org\",\"@graph\":[{\"@type\":\"Article\",\"@id\":\"https:\\\/\\\/www.torremaggiore.com\\\/notizie\\\/2015\\\/torremaggiore-ospitera-i-campionati-world-kempo-dankan-federation-2015-il-28-giugno-2015\\\/#article\",\"isPartOf\":{\"@id\":\"https:\\\/\\\/www.torremaggiore.com\\\/notizie\\\/2015\\\/torremaggiore-ospitera-i-campionati-world-kempo-dankan-federation-2015-il-28-giugno-2015\\\/\"},\"author\":{\"name\":\"Staff\",\"@id\":\"https:\\\/\\\/www.torremaggiore.com\\\/notizie\\\/#\\\/schema\\\/person\\\/b789462c927517766c1bcfb452c8d85e\"},\"headline\":\"Torremaggiore ospiter\u00e0 i Campionati &#8220;World Kempo Dankan Federation 2015&#8221; il 28 giugno 2015\",\"datePublished\":\"2015-06-22T16:30:30+00:00\",\"mainEntityOfPage\":{\"@id\":\"https:\\\/\\\/www.torremaggiore.com\\\/notizie\\\/2015\\\/torremaggiore-ospitera-i-campionati-world-kempo-dankan-federation-2015-il-28-giugno-2015\\\/\"},\"wordCount\":387,\"publisher\":{\"@id\":\"https:\\\/\\\/www.torremaggiore.com\\\/notizie\\\/#organization\"},\"image\":{\"@id\":\"https:\\\/\\\/www.torremaggiore.com\\\/notizie\\\/2015\\\/torremaggiore-ospitera-i-campionati-world-kempo-dankan-federation-2015-il-28-giugno-2015\\\/#primaryimage\"},\"thumbnailUrl\":\"https:\\\/\\\/www.torremaggiore.com\\\/notizie\\\/wp-content\\\/uploads\\\/2015\\\/06\\\/kempo2015.jpg\",\"keywords\":[\"torremaggiore\",\"World Kempo Dankan Federation 2015\"],\"articleSection\":[\"Appuntamenti\",\"Comunicati\",\"Prima Pagina\"],\"inLanguage\":\"it-IT\"},{\"@type\":\"WebPage\",\"@id\":\"https:\\\/\\\/www.torremaggiore.com\\\/notizie\\\/2015\\\/torremaggiore-ospitera-i-campionati-world-kempo-dankan-federation-2015-il-28-giugno-2015\\\/\",\"url\":\"https:\\\/\\\/www.torremaggiore.com\\\/notizie\\\/2015\\\/torremaggiore-ospitera-i-campionati-world-kempo-dankan-federation-2015-il-28-giugno-2015\\\/\",\"name\":\"Torremaggiore ospiter\u00e0 i Campionati \\\"World Kempo Dankan Federation 2015\\\" il 28 giugno 2015 - Torremaggiore On Line\",\"isPartOf\":{\"@id\":\"https:\\\/\\\/www.torremaggiore.com\\\/notizie\\\/#website\"},\"primaryImageOfPage\":{\"@id\":\"https:\\\/\\\/www.torremaggiore.com\\\/notizie\\\/2015\\\/torremaggiore-ospitera-i-campionati-world-kempo-dankan-federation-2015-il-28-giugno-2015\\\/#primaryimage\"},\"image\":{\"@id\":\"https:\\\/\\\/www.torremaggiore.com\\\/notizie\\\/2015\\\/torremaggiore-ospitera-i-campionati-world-kempo-dankan-federation-2015-il-28-giugno-2015\\\/#primaryimage\"},\"thumbnailUrl\":\"https:\\\/\\\/www.torremaggiore.com\\\/notizie\\\/wp-content\\\/uploads\\\/2015\\\/06\\\/kempo2015.jpg\",\"datePublished\":\"2015-06-22T16:30:30+00:00\",\"breadcrumb\":{\"@id\":\"https:\\\/\\\/www.torremaggiore.com\\\/notizie\\\/2015\\\/torremaggiore-ospitera-i-campionati-world-kempo-dankan-federation-2015-il-28-giugno-2015\\\/#breadcrumb\"},\"inLanguage\":\"it-IT\",\"potentialAction\":[{\"@type\":\"ReadAction\",\"target\":[\"https:\\\/\\\/www.torremaggiore.com\\\/notizie\\\/2015\\\/torremaggiore-ospitera-i-campionati-world-kempo-dankan-federation-2015-il-28-giugno-2015\\\/\"]}]},{\"@type\":\"ImageObject\",\"inLanguage\":\"it-IT\",\"@id\":\"https:\\\/\\\/www.torremaggiore.com\\\/notizie\\\/2015\\\/torremaggiore-ospitera-i-campionati-world-kempo-dankan-federation-2015-il-28-giugno-2015\\\/#primaryimage\",\"url\":\"https:\\\/\\\/www.torremaggiore.com\\\/notizie\\\/wp-content\\\/uploads\\\/2015\\\/06\\\/kempo2015.jpg\",\"contentUrl\":\"https:\\\/\\\/www.torremaggiore.com\\\/notizie\\\/wp-content\\\/uploads\\\/2015\\\/06\\\/kempo2015.jpg\",\"width\":463,\"height\":720},{\"@type\":\"BreadcrumbList\",\"@id\":\"https:\\\/\\\/www.torremaggiore.com\\\/notizie\\\/2015\\\/torremaggiore-ospitera-i-campionati-world-kempo-dankan-federation-2015-il-28-giugno-2015\\\/#breadcrumb\",\"itemListElement\":[{\"@type\":\"ListItem\",\"position\":1,\"name\":\"Home\",\"item\":\"https:\\\/\\\/www.torremaggiore.com\\\/notizie\\\/\"},{\"@type\":\"ListItem\",\"position\":2,\"name\":\"Torremaggiore ospiter\u00e0 i Campionati &#8220;World Kempo Dankan Federation 2015&#8221; il 28 giugno 2015\"}]},{\"@type\":\"WebSite\",\"@id\":\"https:\\\/\\\/www.torremaggiore.com\\\/notizie\\\/#website\",\"url\":\"https:\\\/\\\/www.torremaggiore.com\\\/notizie\\\/\",\"name\":\"Torremaggiore On Line\",\"description\":\"La Web Community di Torremaggiore\",\"publisher\":{\"@id\":\"https:\\\/\\\/www.torremaggiore.com\\\/notizie\\\/#organization\"},\"potentialAction\":[{\"@type\":\"SearchAction\",\"target\":{\"@type\":\"EntryPoint\",\"urlTemplate\":\"https:\\\/\\\/www.torremaggiore.com\\\/notizie\\\/?s={search_term_string}\"},\"query-input\":{\"@type\":\"PropertyValueSpecification\",\"valueRequired\":true,\"valueName\":\"search_term_string\"}}],\"inLanguage\":\"it-IT\"},{\"@type\":\"Organization\",\"@id\":\"https:\\\/\\\/www.torremaggiore.com\\\/notizie\\\/#organization\",\"name\":\"Torremaggiore On Line\",\"url\":\"https:\\\/\\\/www.torremaggiore.com\\\/notizie\\\/\",\"logo\":{\"@type\":\"ImageObject\",\"inLanguage\":\"it-IT\",\"@id\":\"https:\\\/\\\/www.torremaggiore.com\\\/notizie\\\/#\\\/schema\\\/logo\\\/image\\\/\",\"url\":\"https:\\\/\\\/www.torremaggiore.com\\\/notizie\\\/wp-content\\\/uploads\\\/2020\\\/03\\\/logo-tmol20.gif\",\"contentUrl\":\"https:\\\/\\\/www.torremaggiore.com\\\/notizie\\\/wp-content\\\/uploads\\\/2020\\\/03\\\/logo-tmol20.gif\",\"width\":260,\"height\":95,\"caption\":\"Torremaggiore On Line\"},\"image\":{\"@id\":\"https:\\\/\\\/www.torremaggiore.com\\\/notizie\\\/#\\\/schema\\\/logo\\\/image\\\/\"}},{\"@type\":\"Person\",\"@id\":\"https:\\\/\\\/www.torremaggiore.com\\\/notizie\\\/#\\\/schema\\\/person\\\/b789462c927517766c1bcfb452c8d85e\",\"name\":\"Staff\",\"image\":{\"@type\":\"ImageObject\",\"inLanguage\":\"it-IT\",\"@id\":\"https:\\\/\\\/secure.gravatar.com\\\/avatar\\\/fd311f248f82517b1efd21a54e666df2c5b705bb4a4fb804f3903c94be513fee?s=96&d=mm&r=g\",\"url\":\"https:\\\/\\\/secure.gravatar.com\\\/avatar\\\/fd311f248f82517b1efd21a54e666df2c5b705bb4a4fb804f3903c94be513fee?s=96&d=mm&r=g\",\"contentUrl\":\"https:\\\/\\\/secure.gravatar.com\\\/avatar\\\/fd311f248f82517b1efd21a54e666df2c5b705bb4a4fb804f3903c94be513fee?s=96&d=mm&r=g\",\"caption\":\"Staff\"},\"sameAs\":[\"https:\\\/\\\/www.micheleantonucci.it\"],\"url\":\"https:\\\/\\\/www.torremaggiore.com\\\/notizie\\\/author\\\/staff\\\/\"}]}<\/script>\n<!-- \/ Yoast SEO plugin. -->","yoast_head_json":{"title":"Torremaggiore ospiter\u00e0 i Campionati \"World Kempo Dankan Federation 2015\" il 28 giugno 2015 - Torremaggiore On Line","robots":{"index":"index","follow":"follow","max-snippet":"max-snippet:-1","max-image-preview":"max-image-preview:large","max-video-preview":"max-video-preview:-1"},"canonical":"https:\/\/www.torremaggiore.com\/notizie\/2015\/torremaggiore-ospitera-i-campionati-world-kempo-dankan-federation-2015-il-28-giugno-2015\/","og_locale":"it_IT","og_type":"article","og_title":"Torremaggiore ospiter\u00e0 i Campionati \"World Kempo Dankan Federation 2015\" il 28 giugno 2015 - Torremaggiore On Line","og_description":"Domenica 28 Giugno Torremaggiore ospiter\u00e0 i Campionati &#8220;World Kempo Dankan Federation 2015&#8221; La manifestazione organizzata","og_url":"https:\/\/www.torremaggiore.com\/notizie\/2015\/torremaggiore-ospitera-i-campionati-world-kempo-dankan-federation-2015-il-28-giugno-2015\/","og_site_name":"Torremaggiore On Line","article_published_time":"2015-06-22T16:30:30+00:00","og_image":[{"width":463,"height":720,"url":"https:\/\/www.torremaggiore.com\/notizie\/wp-content\/uploads\/2015\/06\/kempo2015.jpg","type":"image\/jpeg"}],"author":"Staff","twitter_card":"summary_large_image","twitter_misc":{"Scritto da":"Staff","Tempo di lettura stimato":"2 minuti"},"schema":{"@context":"https:\/\/schema.org","@graph":[{"@type":"Article","@id":"https:\/\/www.torremaggiore.com\/notizie\/2015\/torremaggiore-ospitera-i-campionati-world-kempo-dankan-federation-2015-il-28-giugno-2015\/#article","isPartOf":{"@id":"https:\/\/www.torremaggiore.com\/notizie\/2015\/torremaggiore-ospitera-i-campionati-world-kempo-dankan-federation-2015-il-28-giugno-2015\/"},"author":{"name":"Staff","@id":"https:\/\/www.torremaggiore.com\/notizie\/#\/schema\/person\/b789462c927517766c1bcfb452c8d85e"},"headline":"Torremaggiore ospiter\u00e0 i Campionati &#8220;World Kempo Dankan Federation 2015&#8221; il 28 giugno 2015","datePublished":"2015-06-22T16:30:30+00:00","mainEntityOfPage":{"@id":"https:\/\/www.torremaggiore.com\/notizie\/2015\/torremaggiore-ospitera-i-campionati-world-kempo-dankan-federation-2015-il-28-giugno-2015\/"},"wordCount":387,"publisher":{"@id":"https:\/\/www.torremaggiore.com\/notizie\/#organization"},"image":{"@id":"https:\/\/www.torremaggiore.com\/notizie\/2015\/torremaggiore-ospitera-i-campionati-world-kempo-dankan-federation-2015-il-28-giugno-2015\/#primaryimage"},"thumbnailUrl":"https:\/\/www.torremaggiore.com\/notizie\/wp-content\/uploads\/2015\/06\/kempo2015.jpg","keywords":["torremaggiore","World Kempo Dankan Federation 2015"],"articleSection":["Appuntamenti","Comunicati","Prima Pagina"],"inLanguage":"it-IT"},{"@type":"WebPage","@id":"https:\/\/www.torremaggiore.com\/notizie\/2015\/torremaggiore-ospitera-i-campionati-world-kempo-dankan-federation-2015-il-28-giugno-2015\/","url":"https:\/\/www.torremaggiore.com\/notizie\/2015\/torremaggiore-ospitera-i-campionati-world-kempo-dankan-federation-2015-il-28-giugno-2015\/","name":"Torremaggiore ospiter\u00e0 i Campionati \"World Kempo Dankan Federation 2015\" il 28 giugno 2015 - Torremaggiore On Line","isPartOf":{"@id":"https:\/\/www.torremaggiore.com\/notizie\/#website"},"primaryImageOfPage":{"@id":"https:\/\/www.torremaggiore.com\/notizie\/2015\/torremaggiore-ospitera-i-campionati-world-kempo-dankan-federation-2015-il-28-giugno-2015\/#primaryimage"},"image":{"@id":"https:\/\/www.torremaggiore.com\/notizie\/2015\/torremaggiore-ospitera-i-campionati-world-kempo-dankan-federation-2015-il-28-giugno-2015\/#primaryimage"},"thumbnailUrl":"https:\/\/www.torremaggiore.com\/notizie\/wp-content\/uploads\/2015\/06\/kempo2015.jpg","datePublished":"2015-06-22T16:30:30+00:00","breadcrumb":{"@id":"https:\/\/www.torremaggiore.com\/notizie\/2015\/torremaggiore-ospitera-i-campionati-world-kempo-dankan-federation-2015-il-28-giugno-2015\/#breadcrumb"},"inLanguage":"it-IT","potentialAction":[{"@type":"ReadAction","target":["https:\/\/www.torremaggiore.com\/notizie\/2015\/torremaggiore-ospitera-i-campionati-world-kempo-dankan-federation-2015-il-28-giugno-2015\/"]}]},{"@type":"ImageObject","inLanguage":"it-IT","@id":"https:\/\/www.torremaggiore.com\/notizie\/2015\/torremaggiore-ospitera-i-campionati-world-kempo-dankan-federation-2015-il-28-giugno-2015\/#primaryimage","url":"https:\/\/www.torremaggiore.com\/notizie\/wp-content\/uploads\/2015\/06\/kempo2015.jpg","contentUrl":"https:\/\/www.torremaggiore.com\/notizie\/wp-content\/uploads\/2015\/06\/kempo2015.jpg","width":463,"height":720},{"@type":"BreadcrumbList","@id":"https:\/\/www.torremaggiore.com\/notizie\/2015\/torremaggiore-ospitera-i-campionati-world-kempo-dankan-federation-2015-il-28-giugno-2015\/#breadcrumb","itemListElement":[{"@type":"ListItem","position":1,"name":"Home","item":"https:\/\/www.torremaggiore.com\/notizie\/"},{"@type":"ListItem","position":2,"name":"Torremaggiore ospiter\u00e0 i Campionati &#8220;World Kempo Dankan Federation 2015&#8221; il 28 giugno 2015"}]},{"@type":"WebSite","@id":"https:\/\/www.torremaggiore.com\/notizie\/#website","url":"https:\/\/www.torremaggiore.com\/notizie\/","name":"Torremaggiore On Line","description":"La Web Community di Torremaggiore","publisher":{"@id":"https:\/\/www.torremaggiore.com\/notizie\/#organization"},"potentialAction":[{"@type":"SearchAction","target":{"@type":"EntryPoint","urlTemplate":"https:\/\/www.torremaggiore.com\/notizie\/?s={search_term_string}"},"query-input":{"@type":"PropertyValueSpecification","valueRequired":true,"valueName":"search_term_string"}}],"inLanguage":"it-IT"},{"@type":"Organization","@id":"https:\/\/www.torremaggiore.com\/notizie\/#organization","name":"Torremaggiore On Line","url":"https:\/\/www.torremaggiore.com\/notizie\/","logo":{"@type":"ImageObject","inLanguage":"it-IT","@id":"https:\/\/www.torremaggiore.com\/notizie\/#\/schema\/logo\/image\/","url":"https:\/\/www.torremaggiore.com\/notizie\/wp-content\/uploads\/2020\/03\/logo-tmol20.gif","contentUrl":"https:\/\/www.torremaggiore.com\/notizie\/wp-content\/uploads\/2020\/03\/logo-tmol20.gif","width":260,"height":95,"caption":"Torremaggiore On Line"},"image":{"@id":"https:\/\/www.torremaggiore.com\/notizie\/#\/schema\/logo\/image\/"}},{"@type":"Person","@id":"https:\/\/www.torremaggiore.com\/notizie\/#\/schema\/person\/b789462c927517766c1bcfb452c8d85e","name":"Staff","image":{"@type":"ImageObject","inLanguage":"it-IT","@id":"https:\/\/secure.gravatar.com\/avatar\/fd311f248f82517b1efd21a54e666df2c5b705bb4a4fb804f3903c94be513fee?s=96&d=mm&r=g","url":"https:\/\/secure.gravatar.com\/avatar\/fd311f248f82517b1efd21a54e666df2c5b705bb4a4fb804f3903c94be513fee?s=96&d=mm&r=g","contentUrl":"https:\/\/secure.gravatar.com\/avatar\/fd311f248f82517b1efd21a54e666df2c5b705bb4a4fb804f3903c94be513fee?s=96&d=mm&r=g","caption":"Staff"},"sameAs":["https:\/\/www.micheleantonucci.it"],"url":"https:\/\/www.torremaggiore.com\/notizie\/author\/staff\/"}]}},"_links":{"self":[{"href":"https:\/\/www.torremaggiore.com\/notizie\/wp-json\/wp\/v2\/posts\/5078","targetHints":{"allow":["GET"]}}],"collection":[{"href":"https:\/\/www.torremaggiore.com\/notizie\/wp-json\/wp\/v2\/posts"}],"about":[{"href":"https:\/\/www.torremaggiore.com\/notizie\/wp-json\/wp\/v2\/types\/post"}],"author":[{"embeddable":true,"href":"https:\/\/www.torremaggiore.com\/notizie\/wp-json\/wp\/v2\/users\/2"}],"replies":[{"embeddable":true,"href":"https:\/\/www.torremaggiore.com\/notizie\/wp-json\/wp\/v2\/comments?post=5078"}],"version-history":[{"count":0,"href":"https:\/\/www.torremaggiore.com\/notizie\/wp-json\/wp\/v2\/posts\/5078\/revisions"}],"wp:featuredmedia":[{"embeddable":true,"href":"https:\/\/www.torremaggiore.com\/notizie\/wp-json\/wp\/v2\/media\/5079"}],"wp:attachment":[{"href":"https:\/\/www.torremaggiore.com\/notizie\/wp-json\/wp\/v2\/media?parent=5078"}],"wp:term":[{"taxonomy":"category","embeddable":true,"href":"https:\/\/www.torremaggiore.com\/notizie\/wp-json\/wp\/v2\/categories?post=5078"},{"taxonomy":"post_tag","embeddable":true,"href":"https:\/\/www.torremaggiore.com\/notizie\/wp-json\/wp\/v2\/tags?post=5078"}],"curies":[{"name":"wp","href":"https:\/\/api.w.org\/{rel}","templated":true}]}}