{"id":4849,"date":"2015-05-02T16:02:38","date_gmt":"2015-05-02T14:02:38","guid":{"rendered":"http:\/\/www.torremaggiore.com\/notizie\/?p=4849"},"modified":"2015-05-02T16:02:38","modified_gmt":"2015-05-02T14:02:38","slug":"da-facebook-foto-di-degrado-nellagro-torremaggiorese-lincivilta-non-ha-limiti-svegliamo-le-coscienze","status":"publish","type":"post","link":"https:\/\/www.torremaggiore.com\/notizie\/2015\/da-facebook-foto-di-degrado-nellagro-torremaggiorese-lincivilta-non-ha-limiti-svegliamo-le-coscienze\/","title":{"rendered":"Da Facebook foto di degrado nell&#8217;agro torremaggiorese, l&#8217;incivilt\u00e0 non ha limiti. Svegliamo le coscienze !"},"content":{"rendered":"<p>Sul\u00a0 <a href=\"https:\/\/www.facebook.com\/groups\/280429090576\/?fref=ts\" target=\"_blank\">social network Facebook<\/a> molti concittadini hanno fotografato e condiviso le foto dell&#8217;elevato degrado che \u00e8 stato riscontrato nelle campagne locali. Le foto si commentano da sole. <strong>\u00c8 un vero e proprio esempio di incivilt\u00e0 e di menefreghismo, messo in atto da chi non si accorge di danneggiare, oltre che l\u2019ambiente ed il proprio Comune, anche se stesso, perch\u00e9 le spese per le rimozioni dei rifiuti ricadono, inevitabilmente, su tutta la Comunit\u00e0.<\/strong><\/p>\n<p><a href=\"http:\/\/www.torremaggiore.com\/notizie\/wp-content\/uploads\/2015\/05\/degrado-campagna.jpg\"><img loading=\"lazy\" decoding=\"async\" class=\"aligncenter size-full wp-image-4850\" src=\"http:\/\/www.torremaggiore.com\/notizie\/wp-content\/uploads\/2015\/05\/degrado-campagna.jpg\" alt=\"degrado-campagna\" width=\"560\" height=\"349\" srcset=\"https:\/\/www.torremaggiore.com\/notizie\/wp-content\/uploads\/2015\/05\/degrado-campagna.jpg 560w, https:\/\/www.torremaggiore.com\/notizie\/wp-content\/uploads\/2015\/05\/degrado-campagna-300x187.jpg 300w\" sizes=\"auto, (max-width: 560px) 100vw, 560px\" \/><\/a><\/p>\n<p>Ma questi rifiuti chi li getta? Non pu\u00f2 che essere lo stesso cittadino.<br \/>\nSi tratta, per\u00f2, del cittadino incivile che se ne frega di contaminare e sporcare la propria terra.<br \/>\nSegnaliamo alle Autorit\u00e0 competenti la presenza nelle nostra campagne di rifiuti e di degrado.<\/p>\n<p>L\u2019abbandono dei rifiuti \u00e8 un reato punito dagli articoli 255 e 256 del Codice dell\u2019Ambiente con la sanzione amministrativa pecuniaria da trecento euro a tremila euro. Se l\u2019abbandono riguarda rifiuti pericolosi, la sanzione amministrativa \u00e8 aumentata fino al doppio. L\u2019attivit\u00e0 di smaltimento in mancanza della prescritta autorizzazione, iscrizione o comunicazione \u00e8 punita<\/p>\n<p>a) con la pena dell\u2019arresto da tre mesi a un anno o con l\u2019ammenda da duemilaseicento euro a ventiseimila euro se si tratta di rifiuti non pericolosi;<\/p>\n<p>b) con la pena dell\u2019arresto da sei mesi a due anni e con l\u2019ammenda da duemilaseicento euro a ventiseimila euro se si tratta di rifiuti pericolosi\u201d.<\/p>\n<p><a href=\"http:\/\/www.torremaggiore.com\/notizie\/wp-content\/uploads\/2015\/05\/degrado-campagna2.jpg\"><img loading=\"lazy\" decoding=\"async\" class=\"aligncenter size-full wp-image-4851\" src=\"http:\/\/www.torremaggiore.com\/notizie\/wp-content\/uploads\/2015\/05\/degrado-campagna2.jpg\" alt=\"degrado-campagna2\" width=\"560\" height=\"363\" srcset=\"https:\/\/www.torremaggiore.com\/notizie\/wp-content\/uploads\/2015\/05\/degrado-campagna2.jpg 560w, https:\/\/www.torremaggiore.com\/notizie\/wp-content\/uploads\/2015\/05\/degrado-campagna2-300x194.jpg 300w\" sizes=\"auto, (max-width: 560px) 100vw, 560px\" \/><\/a><\/p>\n<p>&nbsp;<\/p>\n<p><a href=\"http:\/\/www.torremaggiore.com\/notizie\/wp-content\/uploads\/2015\/05\/degrado-campagna3.jpg\"><img loading=\"lazy\" decoding=\"async\" class=\"aligncenter size-full wp-image-4852\" src=\"http:\/\/www.torremaggiore.com\/notizie\/wp-content\/uploads\/2015\/05\/degrado-campagna3.jpg\" alt=\"degrado-campagna3\" width=\"550\" height=\"398\" srcset=\"https:\/\/www.torremaggiore.com\/notizie\/wp-content\/uploads\/2015\/05\/degrado-campagna3.jpg 550w, https:\/\/www.torremaggiore.com\/notizie\/wp-content\/uploads\/2015\/05\/degrado-campagna3-300x217.jpg 300w\" sizes=\"auto, (max-width: 550px) 100vw, 550px\" \/><\/a><\/p>\n","protected":false},"excerpt":{"rendered":"<p>Sul\u00a0 social network Facebook molti concittadini hanno fotografato e condiviso le foto dell&#8217;elevato degrado che<\/p>\n","protected":false},"author":2,"featured_media":4851,"comment_status":"closed","ping_status":"open","sticky":false,"template":"","format":"standard","meta":{"footnotes":""},"categories":[3,5,250],"tags":[788,8],"class_list":["post-4849","post","type-post","status-publish","format-standard","has-post-thumbnail","hentry","category-comunicati","category-cronaca","category-prima-pagina","tag-degrado-campagne","tag-torremaggiore"],"yoast_head":"<!-- This site is optimized with the Yoast SEO plugin v27.4 - https:\/\/yoast.com\/product\/yoast-seo-wordpress\/ -->\n<title>Da Facebook foto di degrado nell&#039;agro torremaggiorese, l&#039;incivilt\u00e0 non ha limiti. Svegliamo le coscienze ! - Torremaggiore On Line<\/title>\n<meta name=\"robots\" content=\"index, follow, max-snippet:-1, max-image-preview:large, max-video-preview:-1\" \/>\n<link rel=\"canonical\" href=\"https:\/\/www.torremaggiore.com\/notizie\/2015\/da-facebook-foto-di-degrado-nellagro-torremaggiorese-lincivilta-non-ha-limiti-svegliamo-le-coscienze\/\" \/>\n<meta property=\"og:locale\" content=\"it_IT\" \/>\n<meta property=\"og:type\" content=\"article\" \/>\n<meta property=\"og:title\" content=\"Da Facebook foto di degrado nell&#039;agro torremaggiorese, l&#039;incivilt\u00e0 non ha limiti. Svegliamo le coscienze ! - Torremaggiore On Line\" \/>\n<meta property=\"og:description\" content=\"Sul\u00a0 social network Facebook molti concittadini hanno fotografato e condiviso le foto dell&#8217;elevato degrado che\" \/>\n<meta property=\"og:url\" content=\"https:\/\/www.torremaggiore.com\/notizie\/2015\/da-facebook-foto-di-degrado-nellagro-torremaggiorese-lincivilta-non-ha-limiti-svegliamo-le-coscienze\/\" \/>\n<meta property=\"og:site_name\" content=\"Torremaggiore On Line\" \/>\n<meta property=\"article:published_time\" content=\"2015-05-02T14:02:38+00:00\" \/>\n<meta property=\"og:image\" content=\"https:\/\/www.torremaggiore.com\/notizie\/wp-content\/uploads\/2015\/05\/degrado-campagna2.jpg\" \/>\n\t<meta property=\"og:image:width\" content=\"560\" \/>\n\t<meta property=\"og:image:height\" content=\"363\" \/>\n\t<meta property=\"og:image:type\" content=\"image\/jpeg\" \/>\n<meta name=\"author\" content=\"Staff\" \/>\n<meta name=\"twitter:card\" content=\"summary_large_image\" \/>\n<meta name=\"twitter:label1\" content=\"Scritto da\" \/>\n\t<meta name=\"twitter:data1\" content=\"Staff\" \/>\n\t<meta name=\"twitter:label2\" content=\"Tempo di lettura stimato\" \/>\n\t<meta name=\"twitter:data2\" content=\"1 minuto\" \/>\n<script type=\"application\/ld+json\" class=\"yoast-schema-graph\">{\"@context\":\"https:\\\/\\\/schema.org\",\"@graph\":[{\"@type\":\"Article\",\"@id\":\"https:\\\/\\\/www.torremaggiore.com\\\/notizie\\\/2015\\\/da-facebook-foto-di-degrado-nellagro-torremaggiorese-lincivilta-non-ha-limiti-svegliamo-le-coscienze\\\/#article\",\"isPartOf\":{\"@id\":\"https:\\\/\\\/www.torremaggiore.com\\\/notizie\\\/2015\\\/da-facebook-foto-di-degrado-nellagro-torremaggiorese-lincivilta-non-ha-limiti-svegliamo-le-coscienze\\\/\"},\"author\":{\"name\":\"Staff\",\"@id\":\"https:\\\/\\\/www.torremaggiore.com\\\/notizie\\\/#\\\/schema\\\/person\\\/b789462c927517766c1bcfb452c8d85e\"},\"headline\":\"Da Facebook foto di degrado nell&#8217;agro torremaggiorese, l&#8217;incivilt\u00e0 non ha limiti. Svegliamo le coscienze !\",\"datePublished\":\"2015-05-02T14:02:38+00:00\",\"mainEntityOfPage\":{\"@id\":\"https:\\\/\\\/www.torremaggiore.com\\\/notizie\\\/2015\\\/da-facebook-foto-di-degrado-nellagro-torremaggiorese-lincivilta-non-ha-limiti-svegliamo-le-coscienze\\\/\"},\"wordCount\":241,\"publisher\":{\"@id\":\"https:\\\/\\\/www.torremaggiore.com\\\/notizie\\\/#organization\"},\"image\":{\"@id\":\"https:\\\/\\\/www.torremaggiore.com\\\/notizie\\\/2015\\\/da-facebook-foto-di-degrado-nellagro-torremaggiorese-lincivilta-non-ha-limiti-svegliamo-le-coscienze\\\/#primaryimage\"},\"thumbnailUrl\":\"https:\\\/\\\/www.torremaggiore.com\\\/notizie\\\/wp-content\\\/uploads\\\/2015\\\/05\\\/degrado-campagna2.jpg\",\"keywords\":[\"degrado campagne\",\"torremaggiore\"],\"articleSection\":[\"Comunicati\",\"Cronaca\",\"Prima Pagina\"],\"inLanguage\":\"it-IT\"},{\"@type\":\"WebPage\",\"@id\":\"https:\\\/\\\/www.torremaggiore.com\\\/notizie\\\/2015\\\/da-facebook-foto-di-degrado-nellagro-torremaggiorese-lincivilta-non-ha-limiti-svegliamo-le-coscienze\\\/\",\"url\":\"https:\\\/\\\/www.torremaggiore.com\\\/notizie\\\/2015\\\/da-facebook-foto-di-degrado-nellagro-torremaggiorese-lincivilta-non-ha-limiti-svegliamo-le-coscienze\\\/\",\"name\":\"Da Facebook foto di degrado nell'agro torremaggiorese, l'incivilt\u00e0 non ha limiti. Svegliamo le coscienze ! - Torremaggiore On Line\",\"isPartOf\":{\"@id\":\"https:\\\/\\\/www.torremaggiore.com\\\/notizie\\\/#website\"},\"primaryImageOfPage\":{\"@id\":\"https:\\\/\\\/www.torremaggiore.com\\\/notizie\\\/2015\\\/da-facebook-foto-di-degrado-nellagro-torremaggiorese-lincivilta-non-ha-limiti-svegliamo-le-coscienze\\\/#primaryimage\"},\"image\":{\"@id\":\"https:\\\/\\\/www.torremaggiore.com\\\/notizie\\\/2015\\\/da-facebook-foto-di-degrado-nellagro-torremaggiorese-lincivilta-non-ha-limiti-svegliamo-le-coscienze\\\/#primaryimage\"},\"thumbnailUrl\":\"https:\\\/\\\/www.torremaggiore.com\\\/notizie\\\/wp-content\\\/uploads\\\/2015\\\/05\\\/degrado-campagna2.jpg\",\"datePublished\":\"2015-05-02T14:02:38+00:00\",\"breadcrumb\":{\"@id\":\"https:\\\/\\\/www.torremaggiore.com\\\/notizie\\\/2015\\\/da-facebook-foto-di-degrado-nellagro-torremaggiorese-lincivilta-non-ha-limiti-svegliamo-le-coscienze\\\/#breadcrumb\"},\"inLanguage\":\"it-IT\",\"potentialAction\":[{\"@type\":\"ReadAction\",\"target\":[\"https:\\\/\\\/www.torremaggiore.com\\\/notizie\\\/2015\\\/da-facebook-foto-di-degrado-nellagro-torremaggiorese-lincivilta-non-ha-limiti-svegliamo-le-coscienze\\\/\"]}]},{\"@type\":\"ImageObject\",\"inLanguage\":\"it-IT\",\"@id\":\"https:\\\/\\\/www.torremaggiore.com\\\/notizie\\\/2015\\\/da-facebook-foto-di-degrado-nellagro-torremaggiorese-lincivilta-non-ha-limiti-svegliamo-le-coscienze\\\/#primaryimage\",\"url\":\"https:\\\/\\\/www.torremaggiore.com\\\/notizie\\\/wp-content\\\/uploads\\\/2015\\\/05\\\/degrado-campagna2.jpg\",\"contentUrl\":\"https:\\\/\\\/www.torremaggiore.com\\\/notizie\\\/wp-content\\\/uploads\\\/2015\\\/05\\\/degrado-campagna2.jpg\",\"width\":560,\"height\":363},{\"@type\":\"BreadcrumbList\",\"@id\":\"https:\\\/\\\/www.torremaggiore.com\\\/notizie\\\/2015\\\/da-facebook-foto-di-degrado-nellagro-torremaggiorese-lincivilta-non-ha-limiti-svegliamo-le-coscienze\\\/#breadcrumb\",\"itemListElement\":[{\"@type\":\"ListItem\",\"position\":1,\"name\":\"Home\",\"item\":\"https:\\\/\\\/www.torremaggiore.com\\\/notizie\\\/\"},{\"@type\":\"ListItem\",\"position\":2,\"name\":\"Da Facebook foto di degrado nell&#8217;agro torremaggiorese, l&#8217;incivilt\u00e0 non ha limiti. Svegliamo le coscienze !\"}]},{\"@type\":\"WebSite\",\"@id\":\"https:\\\/\\\/www.torremaggiore.com\\\/notizie\\\/#website\",\"url\":\"https:\\\/\\\/www.torremaggiore.com\\\/notizie\\\/\",\"name\":\"Torremaggiore On Line\",\"description\":\"La Web Community di Torremaggiore\",\"publisher\":{\"@id\":\"https:\\\/\\\/www.torremaggiore.com\\\/notizie\\\/#organization\"},\"potentialAction\":[{\"@type\":\"SearchAction\",\"target\":{\"@type\":\"EntryPoint\",\"urlTemplate\":\"https:\\\/\\\/www.torremaggiore.com\\\/notizie\\\/?s={search_term_string}\"},\"query-input\":{\"@type\":\"PropertyValueSpecification\",\"valueRequired\":true,\"valueName\":\"search_term_string\"}}],\"inLanguage\":\"it-IT\"},{\"@type\":\"Organization\",\"@id\":\"https:\\\/\\\/www.torremaggiore.com\\\/notizie\\\/#organization\",\"name\":\"Torremaggiore On Line\",\"url\":\"https:\\\/\\\/www.torremaggiore.com\\\/notizie\\\/\",\"logo\":{\"@type\":\"ImageObject\",\"inLanguage\":\"it-IT\",\"@id\":\"https:\\\/\\\/www.torremaggiore.com\\\/notizie\\\/#\\\/schema\\\/logo\\\/image\\\/\",\"url\":\"https:\\\/\\\/www.torremaggiore.com\\\/notizie\\\/wp-content\\\/uploads\\\/2020\\\/03\\\/logo-tmol20.gif\",\"contentUrl\":\"https:\\\/\\\/www.torremaggiore.com\\\/notizie\\\/wp-content\\\/uploads\\\/2020\\\/03\\\/logo-tmol20.gif\",\"width\":260,\"height\":95,\"caption\":\"Torremaggiore On Line\"},\"image\":{\"@id\":\"https:\\\/\\\/www.torremaggiore.com\\\/notizie\\\/#\\\/schema\\\/logo\\\/image\\\/\"}},{\"@type\":\"Person\",\"@id\":\"https:\\\/\\\/www.torremaggiore.com\\\/notizie\\\/#\\\/schema\\\/person\\\/b789462c927517766c1bcfb452c8d85e\",\"name\":\"Staff\",\"image\":{\"@type\":\"ImageObject\",\"inLanguage\":\"it-IT\",\"@id\":\"https:\\\/\\\/secure.gravatar.com\\\/avatar\\\/fd311f248f82517b1efd21a54e666df2c5b705bb4a4fb804f3903c94be513fee?s=96&d=mm&r=g\",\"url\":\"https:\\\/\\\/secure.gravatar.com\\\/avatar\\\/fd311f248f82517b1efd21a54e666df2c5b705bb4a4fb804f3903c94be513fee?s=96&d=mm&r=g\",\"contentUrl\":\"https:\\\/\\\/secure.gravatar.com\\\/avatar\\\/fd311f248f82517b1efd21a54e666df2c5b705bb4a4fb804f3903c94be513fee?s=96&d=mm&r=g\",\"caption\":\"Staff\"},\"sameAs\":[\"https:\\\/\\\/www.micheleantonucci.it\"],\"url\":\"https:\\\/\\\/www.torremaggiore.com\\\/notizie\\\/author\\\/staff\\\/\"}]}<\/script>\n<!-- \/ Yoast SEO plugin. -->","yoast_head_json":{"title":"Da Facebook foto di degrado nell'agro torremaggiorese, l'incivilt\u00e0 non ha limiti. Svegliamo le coscienze ! - Torremaggiore On Line","robots":{"index":"index","follow":"follow","max-snippet":"max-snippet:-1","max-image-preview":"max-image-preview:large","max-video-preview":"max-video-preview:-1"},"canonical":"https:\/\/www.torremaggiore.com\/notizie\/2015\/da-facebook-foto-di-degrado-nellagro-torremaggiorese-lincivilta-non-ha-limiti-svegliamo-le-coscienze\/","og_locale":"it_IT","og_type":"article","og_title":"Da Facebook foto di degrado nell'agro torremaggiorese, l'incivilt\u00e0 non ha limiti. Svegliamo le coscienze ! - Torremaggiore On Line","og_description":"Sul\u00a0 social network Facebook molti concittadini hanno fotografato e condiviso le foto dell&#8217;elevato degrado che","og_url":"https:\/\/www.torremaggiore.com\/notizie\/2015\/da-facebook-foto-di-degrado-nellagro-torremaggiorese-lincivilta-non-ha-limiti-svegliamo-le-coscienze\/","og_site_name":"Torremaggiore On Line","article_published_time":"2015-05-02T14:02:38+00:00","og_image":[{"width":560,"height":363,"url":"https:\/\/www.torremaggiore.com\/notizie\/wp-content\/uploads\/2015\/05\/degrado-campagna2.jpg","type":"image\/jpeg"}],"author":"Staff","twitter_card":"summary_large_image","twitter_misc":{"Scritto da":"Staff","Tempo di lettura stimato":"1 minuto"},"schema":{"@context":"https:\/\/schema.org","@graph":[{"@type":"Article","@id":"https:\/\/www.torremaggiore.com\/notizie\/2015\/da-facebook-foto-di-degrado-nellagro-torremaggiorese-lincivilta-non-ha-limiti-svegliamo-le-coscienze\/#article","isPartOf":{"@id":"https:\/\/www.torremaggiore.com\/notizie\/2015\/da-facebook-foto-di-degrado-nellagro-torremaggiorese-lincivilta-non-ha-limiti-svegliamo-le-coscienze\/"},"author":{"name":"Staff","@id":"https:\/\/www.torremaggiore.com\/notizie\/#\/schema\/person\/b789462c927517766c1bcfb452c8d85e"},"headline":"Da Facebook foto di degrado nell&#8217;agro torremaggiorese, l&#8217;incivilt\u00e0 non ha limiti. Svegliamo le coscienze !","datePublished":"2015-05-02T14:02:38+00:00","mainEntityOfPage":{"@id":"https:\/\/www.torremaggiore.com\/notizie\/2015\/da-facebook-foto-di-degrado-nellagro-torremaggiorese-lincivilta-non-ha-limiti-svegliamo-le-coscienze\/"},"wordCount":241,"publisher":{"@id":"https:\/\/www.torremaggiore.com\/notizie\/#organization"},"image":{"@id":"https:\/\/www.torremaggiore.com\/notizie\/2015\/da-facebook-foto-di-degrado-nellagro-torremaggiorese-lincivilta-non-ha-limiti-svegliamo-le-coscienze\/#primaryimage"},"thumbnailUrl":"https:\/\/www.torremaggiore.com\/notizie\/wp-content\/uploads\/2015\/05\/degrado-campagna2.jpg","keywords":["degrado campagne","torremaggiore"],"articleSection":["Comunicati","Cronaca","Prima Pagina"],"inLanguage":"it-IT"},{"@type":"WebPage","@id":"https:\/\/www.torremaggiore.com\/notizie\/2015\/da-facebook-foto-di-degrado-nellagro-torremaggiorese-lincivilta-non-ha-limiti-svegliamo-le-coscienze\/","url":"https:\/\/www.torremaggiore.com\/notizie\/2015\/da-facebook-foto-di-degrado-nellagro-torremaggiorese-lincivilta-non-ha-limiti-svegliamo-le-coscienze\/","name":"Da Facebook foto di degrado nell'agro torremaggiorese, l'incivilt\u00e0 non ha limiti. Svegliamo le coscienze ! - Torremaggiore On Line","isPartOf":{"@id":"https:\/\/www.torremaggiore.com\/notizie\/#website"},"primaryImageOfPage":{"@id":"https:\/\/www.torremaggiore.com\/notizie\/2015\/da-facebook-foto-di-degrado-nellagro-torremaggiorese-lincivilta-non-ha-limiti-svegliamo-le-coscienze\/#primaryimage"},"image":{"@id":"https:\/\/www.torremaggiore.com\/notizie\/2015\/da-facebook-foto-di-degrado-nellagro-torremaggiorese-lincivilta-non-ha-limiti-svegliamo-le-coscienze\/#primaryimage"},"thumbnailUrl":"https:\/\/www.torremaggiore.com\/notizie\/wp-content\/uploads\/2015\/05\/degrado-campagna2.jpg","datePublished":"2015-05-02T14:02:38+00:00","breadcrumb":{"@id":"https:\/\/www.torremaggiore.com\/notizie\/2015\/da-facebook-foto-di-degrado-nellagro-torremaggiorese-lincivilta-non-ha-limiti-svegliamo-le-coscienze\/#breadcrumb"},"inLanguage":"it-IT","potentialAction":[{"@type":"ReadAction","target":["https:\/\/www.torremaggiore.com\/notizie\/2015\/da-facebook-foto-di-degrado-nellagro-torremaggiorese-lincivilta-non-ha-limiti-svegliamo-le-coscienze\/"]}]},{"@type":"ImageObject","inLanguage":"it-IT","@id":"https:\/\/www.torremaggiore.com\/notizie\/2015\/da-facebook-foto-di-degrado-nellagro-torremaggiorese-lincivilta-non-ha-limiti-svegliamo-le-coscienze\/#primaryimage","url":"https:\/\/www.torremaggiore.com\/notizie\/wp-content\/uploads\/2015\/05\/degrado-campagna2.jpg","contentUrl":"https:\/\/www.torremaggiore.com\/notizie\/wp-content\/uploads\/2015\/05\/degrado-campagna2.jpg","width":560,"height":363},{"@type":"BreadcrumbList","@id":"https:\/\/www.torremaggiore.com\/notizie\/2015\/da-facebook-foto-di-degrado-nellagro-torremaggiorese-lincivilta-non-ha-limiti-svegliamo-le-coscienze\/#breadcrumb","itemListElement":[{"@type":"ListItem","position":1,"name":"Home","item":"https:\/\/www.torremaggiore.com\/notizie\/"},{"@type":"ListItem","position":2,"name":"Da Facebook foto di degrado nell&#8217;agro torremaggiorese, l&#8217;incivilt\u00e0 non ha limiti. Svegliamo le coscienze !"}]},{"@type":"WebSite","@id":"https:\/\/www.torremaggiore.com\/notizie\/#website","url":"https:\/\/www.torremaggiore.com\/notizie\/","name":"Torremaggiore On Line","description":"La Web Community di Torremaggiore","publisher":{"@id":"https:\/\/www.torremaggiore.com\/notizie\/#organization"},"potentialAction":[{"@type":"SearchAction","target":{"@type":"EntryPoint","urlTemplate":"https:\/\/www.torremaggiore.com\/notizie\/?s={search_term_string}"},"query-input":{"@type":"PropertyValueSpecification","valueRequired":true,"valueName":"search_term_string"}}],"inLanguage":"it-IT"},{"@type":"Organization","@id":"https:\/\/www.torremaggiore.com\/notizie\/#organization","name":"Torremaggiore On Line","url":"https:\/\/www.torremaggiore.com\/notizie\/","logo":{"@type":"ImageObject","inLanguage":"it-IT","@id":"https:\/\/www.torremaggiore.com\/notizie\/#\/schema\/logo\/image\/","url":"https:\/\/www.torremaggiore.com\/notizie\/wp-content\/uploads\/2020\/03\/logo-tmol20.gif","contentUrl":"https:\/\/www.torremaggiore.com\/notizie\/wp-content\/uploads\/2020\/03\/logo-tmol20.gif","width":260,"height":95,"caption":"Torremaggiore On Line"},"image":{"@id":"https:\/\/www.torremaggiore.com\/notizie\/#\/schema\/logo\/image\/"}},{"@type":"Person","@id":"https:\/\/www.torremaggiore.com\/notizie\/#\/schema\/person\/b789462c927517766c1bcfb452c8d85e","name":"Staff","image":{"@type":"ImageObject","inLanguage":"it-IT","@id":"https:\/\/secure.gravatar.com\/avatar\/fd311f248f82517b1efd21a54e666df2c5b705bb4a4fb804f3903c94be513fee?s=96&d=mm&r=g","url":"https:\/\/secure.gravatar.com\/avatar\/fd311f248f82517b1efd21a54e666df2c5b705bb4a4fb804f3903c94be513fee?s=96&d=mm&r=g","contentUrl":"https:\/\/secure.gravatar.com\/avatar\/fd311f248f82517b1efd21a54e666df2c5b705bb4a4fb804f3903c94be513fee?s=96&d=mm&r=g","caption":"Staff"},"sameAs":["https:\/\/www.micheleantonucci.it"],"url":"https:\/\/www.torremaggiore.com\/notizie\/author\/staff\/"}]}},"_links":{"self":[{"href":"https:\/\/www.torremaggiore.com\/notizie\/wp-json\/wp\/v2\/posts\/4849","targetHints":{"allow":["GET"]}}],"collection":[{"href":"https:\/\/www.torremaggiore.com\/notizie\/wp-json\/wp\/v2\/posts"}],"about":[{"href":"https:\/\/www.torremaggiore.com\/notizie\/wp-json\/wp\/v2\/types\/post"}],"author":[{"embeddable":true,"href":"https:\/\/www.torremaggiore.com\/notizie\/wp-json\/wp\/v2\/users\/2"}],"replies":[{"embeddable":true,"href":"https:\/\/www.torremaggiore.com\/notizie\/wp-json\/wp\/v2\/comments?post=4849"}],"version-history":[{"count":0,"href":"https:\/\/www.torremaggiore.com\/notizie\/wp-json\/wp\/v2\/posts\/4849\/revisions"}],"wp:featuredmedia":[{"embeddable":true,"href":"https:\/\/www.torremaggiore.com\/notizie\/wp-json\/wp\/v2\/media\/4851"}],"wp:attachment":[{"href":"https:\/\/www.torremaggiore.com\/notizie\/wp-json\/wp\/v2\/media?parent=4849"}],"wp:term":[{"taxonomy":"category","embeddable":true,"href":"https:\/\/www.torremaggiore.com\/notizie\/wp-json\/wp\/v2\/categories?post=4849"},{"taxonomy":"post_tag","embeddable":true,"href":"https:\/\/www.torremaggiore.com\/notizie\/wp-json\/wp\/v2\/tags?post=4849"}],"curies":[{"name":"wp","href":"https:\/\/api.w.org\/{rel}","templated":true}]}}