{"id":34784,"date":"2026-09-04T10:30:23","date_gmt":"2026-09-04T08:30:23","guid":{"rendered":"https:\/\/www.torremaggiore.com\/notizie\/?p=34784"},"modified":"2026-09-06T00:32:40","modified_gmt":"2026-09-05T22:32:40","slug":"politica-locale-a-torremaggiore-rimpasto-in-vista-ad-un-passo-dalla-meta-legislatura-partiti-e-liste-della-maggioranza-in-fibrillazione-per-lassegnazione-di-deleghe-diverse-rispetto-al-passato","status":"publish","type":"post","link":"https:\/\/www.torremaggiore.com\/notizie\/2026\/politica-locale-a-torremaggiore-rimpasto-in-vista-ad-un-passo-dalla-meta-legislatura-partiti-e-liste-della-maggioranza-in-fibrillazione-per-lassegnazione-di-deleghe-diverse-rispetto-al-passato\/","title":{"rendered":"Politica locale: a Torremaggiore rimpasto in vista ad un passo dalla met\u00e0 legislatura? Partiti e liste della maggioranza in fibrillazione per l&#8217;assegnazione di deleghe diverse rispetto al passato?"},"content":{"rendered":"\n<figure class=\"wp-block-image\"><a href=\"https:\/\/autopneus.it\/\"><img loading=\"lazy\" decoding=\"async\" width=\"1200\" height=\"180\" src=\"https:\/\/www.torremaggiore.com\/notizie\/wp-content\/uploads\/2024\/09\/00_banner_grosso_auto_team.jpg\" alt=\"\" class=\"wp-image-27999\" srcset=\"https:\/\/www.torremaggiore.com\/notizie\/wp-content\/uploads\/2024\/09\/00_banner_grosso_auto_team.jpg 1200w, https:\/\/www.torremaggiore.com\/notizie\/wp-content\/uploads\/2024\/09\/00_banner_grosso_auto_team-768x115.jpg 768w\" sizes=\"auto, (max-width: 1200px) 100vw, 1200px\" \/><\/a><\/figure>\n\n\n\n<figure class=\"wp-block-image\"><a href=\"http:\/\/www.arlemarredamenti.it\/\"><img loading=\"lazy\" decoding=\"async\" width=\"1060\" height=\"360\" src=\"https:\/\/www.torremaggiore.com\/notizie\/wp-content\/uploads\/2026\/05\/arlem-promo-veneta-fino-15-09-2026.jpg\" alt=\"\" class=\"wp-image-33916\" srcset=\"https:\/\/www.torremaggiore.com\/notizie\/wp-content\/uploads\/2026\/05\/arlem-promo-veneta-fino-15-09-2026.jpg 1060w, https:\/\/www.torremaggiore.com\/notizie\/wp-content\/uploads\/2026\/05\/arlem-promo-veneta-fino-15-09-2026-768x261.jpg 768w\" sizes=\"auto, (max-width: 1060px) 100vw, 1060px\" \/><\/a><\/figure>\n\n\n\n<p class=\"wp-block-paragraph\">(TMOL) Sono sempre pi\u00f9 insistenti le voci dai corridoi della politica locale sulle concreti ipotesi di un rimpasto in giunta di almeno tre elementi da effettuare tra settembre e dicembre 2026. Si tratterebbe delle due poltrone in giunta assegate alle liste centriste Impegno Democratico ed Azione e una oggi assegnata a PD o alla lista Giovani Democratici. Fisiologicamente a met\u00e0 mandato si cerca di dare spazio ad altre persone indicate dai partiti per dare nuovo slancio all&#8217;attivit\u00e0 di governo cittadino oppure per dare la possibilit\u00e0 ad altri di poter provare l&#8217;esperienza amministrativa a Palazzo di Citt\u00e0. Previsto ma non confermato anche uno switch di deleghe tra i nuovi elementi della futura giunta. La conferma di questo scenario comporterebbe dei clamorosi scenari rispetto ad oggi a partire dalla poltrona di Vice Sindaco che in caso di non riconferma, non vedrebbe l&#8217;attuale Vice Sindaco che possa tornare in veste di consigliere al consiglio comunale, poich\u00e8 si era dimessa dal consiglio per andare a ricoprire l&#8217;incarico in giunta.<\/p>\n\n\n\n<figure class=\"wp-block-gallery has-nested-images columns-default is-cropped wp-block-gallery-1 is-layout-flex wp-block-gallery-is-layout-flex\">\n<figure class=\"wp-block-image size-large\"><img loading=\"lazy\" decoding=\"async\" width=\"640\" height=\"480\" data-id=\"29185\" src=\"https:\/\/www.torremaggiore.com\/notizie\/wp-content\/uploads\/2024\/12\/saladeltrono-2024.jpg\" alt=\"\" class=\"wp-image-29185\" srcset=\"https:\/\/www.torremaggiore.com\/notizie\/wp-content\/uploads\/2024\/12\/saladeltrono-2024.jpg 640w, https:\/\/www.torremaggiore.com\/notizie\/wp-content\/uploads\/2024\/12\/saladeltrono-2024-500x375.jpg 500w\" sizes=\"auto, (max-width: 640px) 100vw, 640px\" \/><\/figure>\n\n\n\n<figure class=\"wp-block-image size-large\"><img loading=\"lazy\" decoding=\"async\" width=\"840\" height=\"453\" data-id=\"33190\" src=\"https:\/\/www.torremaggiore.com\/notizie\/wp-content\/uploads\/2026\/02\/cons-com-25-02-2026-840x453.png\" alt=\"\" class=\"wp-image-33190\"\/><\/figure>\n<\/figure>\n\n\n\n<p class=\"wp-block-paragraph\"><\/p>\n\n\n\n<p class=\"wp-block-paragraph\"><strong>IL FILMATO DI BUON FERRAGOSTO 2026 INVIATO SU WAPP DAL DEM ENZO QUARANTA LANCIA INTERROGATIVI A TUTTI SUI PROSSIMI MESI<\/strong> &#8211; il candidato locale alle Regionali Pugliesi del 2025 ha inviato ai suoi contatti su Wapp un messaggio augurale di Buon Ferragosto da una stazione di servizio autostradale esplicitando che &#8220;ci aspetteranno mesi impegnativi&#8221;. Una frase che ha lasciato molti interrogativi agli addetti ai lavori e all&#8217;intera maggioranza di governo cittadino a guida PD. L&#8217;ex Assessore alla Cultura e al Bilancio del secondo Governo cittadino del dem Emilio Di Pumpo non \u00e8 un semplice militante ed ogni suo messaggio ha un peso ben definito. Staremo a vedere se questa frase \u00e8 un riferimento alla politica locale, oppure ad altri appuntamenti elettorali fisologici che si svolgeranno a partire dalle politiche del 2027.<\/p>\n\n\n\n<p class=\"wp-block-paragraph\"><strong>TRA I NODI SUL TAVOLO DELLA MAGGIORANZA IL RITARDO DEI LAVORI PUBBLICI SU CORSO MATTEOTTI  E  LE PUBBLICHE LAMENTELE SUL VERDE PUBBLICO &#8211; <\/strong>Una delle rogne dell&#8217;Amministrazione Di Pumpo \u00e8 il ritardo nel termine dei lavori su Corso Matteotti e la mancata vigilanza degli Uffici preposti alla Vigilanza. Anche il verde pubblico \u00e8 tra le criticit\u00e0 maggiormente presenti a Torremaggiore. La stessa giunta con una Deliberazione dedicata ha prorogato il termine ultimo dei lavori al 31 ottobre 2026.<\/p>\n\n\n\n<p class=\"wp-block-paragraph\"><strong>LE RICHIESTE DELLE ALTRE FORZE POLITICHE DELLA MAGGIORANZA SUL TAVOLO PER IL RIMPASTO<\/strong> &#8211; si deve trovare la quadra tra le richieste delle forze politiche della maggioranza e per mantenere gli equilibri amministrativi interni. Nella nuova assegnazione delle deleghe molte dovrebbero essere assegnate ad altre forze politiche rispetto al passato. Su questo tema ci sono state richieste esplicite e molte risposte non sono arrivate. Tra i nuovi assessori non viene escluso il rientro di personalit\u00e0 che hanno gi\u00e0 rivestito il ruolo di Assessore comunale in passato ma non esclusi anche altri colpi di scena. E&#8217; tutto nelle mani del Sindaco che dovr\u00e0 fare sintesi nella sua maggioranza. Nelle prossime ore partiranno peraltro, i confronti con tutti i partiti della maggioranza locale. <\/p>\n\n\n\n<p class=\"wp-block-paragraph\"><strong>AFFIDAMENTI DIRETTI E BANDI CUCITI SU MISURA <\/strong>&#8211; In maggioranza dopo sette anni di governo \u00e8 stato anche richiesto un limite agli affidamenti diretti ma ad ora non c&#8217;\u00e8 nessun atto ufficiale e politico che conferma tutto cio&#8217;. La Puglia, come \u00e8 noto,  \u00e8 una osservata speciale da parte dell&#8217;ANAC su questa vicenda. Il prosieguo degli incarichi affidati senza gara pubblica e mantenuti al di sotto della soglia dei\u00a0140 mila euro consente di fatto a creare le condizioni per ricompensare chi ha sostenuto liste e candidati che oggi sono consiglieri comunali o assessori. La finalit\u00e0 conclusiva sarebbe percio&#8217; riconducibile all&#8217;incremento del consenso. Il <strong>Centro Studi Europeo Antiriciclaggio &amp; Compliance \u201cPiero Vigna<\/strong>&#8221; supporta in tutte le sedi l\u2019importanza del controllo politico da parte delle minoranze e richiama il ruolo di vigilanza svolto dalle Prefetture e dalla Guardia di Finanza, soprattutto nell\u2019ambito della spesa pubblica e dei fondi del PNRR.<\/p>\n\n\n\n<p class=\"wp-block-paragraph\"><strong>MOLTE RIFLESSIONI PUBBLICHE DI PRIVATI CITTADINI  CONTINUANO A NON RICEVERE ALCUNA RISPOSTA DALLE ISTITUZIONI LOCALI, UN COPIONE GIA&#8217; VISTO SUL TEMA SANITA&#8217; E SU ALTRE VICENDE<\/strong> &#8211; anche qui nulla di nuovo all&#8217;orizzonte ad oggi. All&#8217;interno di svariate riflessioni sul tema cultura ed opere pubbliche di privati cittadini pubblicate su questa testata l&#8217;Amministrazione Comunale ha deciso di non rispondere pubblicamente. Un copione gi\u00e0 visto sul tema sanit\u00e0 e non solo. La giunta Di Pumpo sta imitando quello che faceva l&#8217;ex Presidente della Regione Puglia Michele Emiliano che sui grandi temi in consiglio regionale non ha mai risposto alle interrogazioni urgenti poste dai consiglieri regionali, a Torremaggiore sta avvenendo il medesimo scenario. Infine anche il mutismo permanente dei consiglieri di maggioranza in sede di consiglio comunale sembra essere diventato uno sport molto diffuso, che ha decisamente indebolito la dialettica democratica tra le forze della maggioranza e delle minoranze consiliari. <\/p>\n\n\n\n<figure class=\"wp-block-gallery has-nested-images columns-default is-cropped wp-block-gallery-2 is-layout-flex wp-block-gallery-is-layout-flex\">\n<figure class=\"wp-block-image size-full\"><img loading=\"lazy\" decoding=\"async\" width=\"824\" height=\"464\" data-id=\"34740\" src=\"https:\/\/www.torremaggiore.com\/notizie\/wp-content\/uploads\/2026\/08\/negri_8.jpeg\" alt=\"\" class=\"wp-image-34740\" srcset=\"https:\/\/www.torremaggiore.com\/notizie\/wp-content\/uploads\/2026\/08\/negri_8.jpeg 824w, https:\/\/www.torremaggiore.com\/notizie\/wp-content\/uploads\/2026\/08\/negri_8-768x432.jpeg 768w, https:\/\/www.torremaggiore.com\/notizie\/wp-content\/uploads\/2026\/08\/negri_8-800x450.jpeg 800w\" sizes=\"auto, (max-width: 824px) 100vw, 824px\" \/><\/figure>\n\n\n\n<figure class=\"wp-block-image size-full\"><img loading=\"lazy\" decoding=\"async\" width=\"1600\" height=\"1200\" data-id=\"34722\" src=\"https:\/\/www.torremaggiore.com\/notizie\/wp-content\/uploads\/2026\/08\/corso2026-front.jpg\" alt=\"\" class=\"wp-image-34722\" srcset=\"https:\/\/www.torremaggiore.com\/notizie\/wp-content\/uploads\/2026\/08\/corso2026-front.jpg 1600w, https:\/\/www.torremaggiore.com\/notizie\/wp-content\/uploads\/2026\/08\/corso2026-front-768x576.jpg 768w, https:\/\/www.torremaggiore.com\/notizie\/wp-content\/uploads\/2026\/08\/corso2026-front-1536x1152.jpg 1536w, https:\/\/www.torremaggiore.com\/notizie\/wp-content\/uploads\/2026\/08\/corso2026-front-500x375.jpg 500w\" sizes=\"auto, (max-width: 1600px) 100vw, 1600px\" \/><\/figure>\n<\/figure>\n\n\n\n<figure class=\"wp-block-gallery has-nested-images columns-default is-cropped wp-block-gallery-3 is-layout-flex wp-block-gallery-is-layout-flex\">\n<figure class=\"wp-block-image size-full\"><img loading=\"lazy\" decoding=\"async\" width=\"511\" height=\"340\" data-id=\"29979\" src=\"https:\/\/www.torremaggiore.com\/notizie\/wp-content\/uploads\/2025\/03\/pale-eoliche.jpg\" alt=\"\" class=\"wp-image-29979\"\/><\/figure>\n\n\n\n<figure class=\"wp-block-image size-full\"><img loading=\"lazy\" decoding=\"async\" width=\"900\" height=\"675\" data-id=\"34583\" src=\"https:\/\/www.torremaggiore.com\/notizie\/wp-content\/uploads\/2026\/08\/pta-sangiacomo-2026-front-01.jpg\" alt=\"\" class=\"wp-image-34583\" srcset=\"https:\/\/www.torremaggiore.com\/notizie\/wp-content\/uploads\/2026\/08\/pta-sangiacomo-2026-front-01.jpg 900w, https:\/\/www.torremaggiore.com\/notizie\/wp-content\/uploads\/2026\/08\/pta-sangiacomo-2026-front-01-768x576.jpg 768w, https:\/\/www.torremaggiore.com\/notizie\/wp-content\/uploads\/2026\/08\/pta-sangiacomo-2026-front-01-500x375.jpg 500w\" sizes=\"auto, (max-width: 900px) 100vw, 900px\" \/><\/figure>\n\n\n\n<figure class=\"wp-block-image size-full\"><img loading=\"lazy\" decoding=\"async\" width=\"650\" height=\"465\" data-id=\"8387\" src=\"https:\/\/www.torremaggiore.com\/notizie\/wp-content\/uploads\/2017\/05\/quercia-torremaggiore.jpg\" alt=\"\" class=\"wp-image-8387\" srcset=\"https:\/\/www.torremaggiore.com\/notizie\/wp-content\/uploads\/2017\/05\/quercia-torremaggiore.jpg 650w, https:\/\/www.torremaggiore.com\/notizie\/wp-content\/uploads\/2017\/05\/quercia-torremaggiore-240x172.jpg 240w\" sizes=\"auto, (max-width: 650px) 100vw, 650px\" \/><\/figure>\n<\/figure>\n\n\n\n<figure class=\"wp-block-image size-large\"><img decoding=\"async\" src=\"https:\/\/scontent.fmxp9-1.fna.fbcdn.net\/v\/t39.30808-6\/474278211_596353033145863_3245023744129569511_n.jpg?stp=cp6_dst-jpg_tt6&amp;cstp=mx834x625&amp;ctp=s834x625&amp;_nc_cat=104&amp;ccb=1-7&amp;_nc_sid=833d8c&amp;_nc_ohc=V5mwxP_gDUYQ7kNvwEqfu7i&amp;_nc_oc=Adrp3Q4Jvw1b5QLsKek8mXTlfkY28eEbkFr2aT15rvg82Fcrnm1gksrbai58ExyZALw&amp;_nc_zt=23&amp;_nc_ht=scontent.fmxp9-1.fna&amp;_nc_gid=qI4ECCUfDpzLwkXN2KD-rw&amp;_nc_ss=7b2a8&amp;oh=00_AQI_556BJejAunMZXZy6e5UD1sXl-6YxNW6e9l4fpHmhKw&amp;oe=6AA06665\" alt=\"\"\/><\/figure>\n\n\n\n<p class=\"wp-block-paragraph\"><\/p>\n\n\n\n<p class=\"has-text-align-center wp-block-paragraph\"><a href=\"https:\/\/whatsapp.com\/channel\/0029VaDHLS73AzNIPF1REe36\">Segui Torremaggiore On Line su WhatsApp<\/a><br><br><a href=\"https:\/\/www.instagram.com\/torremaggioreonline\/\">Segui Torremaggiore On Line su Instagram<\/a><\/p>\n\n\n\n<p class=\"has-text-align-center wp-block-paragraph\"><a href=\"https:\/\/t.me\/torremaggioreonline\">Segui Torremaggiore On Line su Telegram<\/a><\/p>\n\n\n\n<p class=\"has-text-align-center wp-block-paragraph\"><a href=\"https:\/\/truthsocial.co.in\/@torremaggioreonline\">Segui Torremaggiore On Line su Truth<\/a><\/p>\n\n\n\n<figure class=\"wp-block-image\"><a href=\"http:\/\/www.arlemarredamenti.it\/\"><img loading=\"lazy\" decoding=\"async\" width=\"900\" height=\"500\" src=\"https:\/\/www.torremaggiore.com\/notizie\/wp-content\/uploads\/2025\/10\/arlem-con-brand-DEF-2025.png\" alt=\"\" class=\"wp-image-31860\" srcset=\"https:\/\/www.torremaggiore.com\/notizie\/wp-content\/uploads\/2025\/10\/arlem-con-brand-DEF-2025.png 900w, https:\/\/www.torremaggiore.com\/notizie\/wp-content\/uploads\/2025\/10\/arlem-con-brand-DEF-2025-768x427.png 768w\" sizes=\"auto, (max-width: 900px) 100vw, 900px\" \/><\/a><\/figure>\n\n\n\n<figure class=\"wp-block-image\"><a href=\"http:\/\/www.autopneus.it\/\"><img loading=\"lazy\" decoding=\"async\" width=\"1080\" height=\"1080\" src=\"https:\/\/www.torremaggiore.com\/notizie\/wp-content\/uploads\/2025\/11\/auto-team-adv-dicembre-2025-bis-moto-kasko-gomme-definitivo-01-12.png\" alt=\"\" class=\"wp-image-32259\" srcset=\"https:\/\/www.torremaggiore.com\/notizie\/wp-content\/uploads\/2025\/11\/auto-team-adv-dicembre-2025-bis-moto-kasko-gomme-definitivo-01-12.png 1080w, https:\/\/www.torremaggiore.com\/notizie\/wp-content\/uploads\/2025\/11\/auto-team-adv-dicembre-2025-bis-moto-kasko-gomme-definitivo-01-12-768x768.png 768w, https:\/\/www.torremaggiore.com\/notizie\/wp-content\/uploads\/2025\/11\/auto-team-adv-dicembre-2025-bis-moto-kasko-gomme-definitivo-01-12-150x150.png 150w\" sizes=\"auto, (max-width: 1080px) 100vw, 1080px\" \/><\/a><\/figure>\n","protected":false},"excerpt":{"rendered":"<p>(TMOL) Sono sempre pi\u00f9 insistenti le voci dai corridoi della politica locale sulle concreti ipotesi<\/p>\n","protected":false},"author":2,"featured_media":7449,"comment_status":"closed","ping_status":"open","sticky":false,"template":"","format":"standard","meta":{"footnotes":""},"categories":[455,4],"tags":[24,4129,8],"class_list":["post-34784","post","type-post","status-publish","format-standard","has-post-thumbnail","hentry","category-brevi-news","category-politica","tag-comune-torremaggiore","tag-emilio-di-pumpo-bis","tag-torremaggiore"],"yoast_head":"<!-- This site is optimized with the Yoast SEO plugin v28.4 - https:\/\/yoast.com\/product\/yoast-seo-wordpress\/ -->\n<title>Politica locale: a Torremaggiore rimpasto in vista ad un passo dalla met\u00e0 legislatura? Partiti e liste della maggioranza in fibrillazione per l&#039;assegnazione di deleghe diverse rispetto al passato? - Torremaggiore On Line<\/title>\n<meta name=\"description\" content=\"A Torremaggiore rimpasto in vista ad un passo dalla met\u00e0 della legislatura Emilio Di Pumpo bis? Maggioranza in fibrillazione per l&#039;assegnazione delle future deleghe?\" \/>\n<meta name=\"robots\" content=\"index, follow, max-snippet:-1, max-image-preview:large, max-video-preview:-1\" \/>\n<link rel=\"canonical\" href=\"https:\/\/www.torremaggiore.com\/notizie\/2026\/politica-locale-a-torremaggiore-rimpasto-in-vista-ad-un-passo-dalla-meta-legislatura-partiti-e-liste-della-maggioranza-in-fibrillazione-per-lassegnazione-di-deleghe-diverse-rispetto-al-passato\/\" \/>\n<meta property=\"og:locale\" content=\"it_IT\" \/>\n<meta property=\"og:type\" content=\"article\" \/>\n<meta property=\"og:title\" content=\"Politica locale: a Torremaggiore rimpasto in vista ad un passo dalla met\u00e0 legislatura? Partiti e liste della maggioranza in fibrillazione per l&#039;assegnazione di deleghe diverse rispetto al passato? - Torremaggiore On Line\" \/>\n<meta property=\"og:description\" content=\"A Torremaggiore rimpasto in vista ad un passo dalla met\u00e0 della legislatura Emilio Di Pumpo bis? Maggioranza in fibrillazione per l&#039;assegnazione delle future deleghe?\" \/>\n<meta property=\"og:url\" content=\"https:\/\/www.torremaggiore.com\/notizie\/2026\/politica-locale-a-torremaggiore-rimpasto-in-vista-ad-un-passo-dalla-meta-legislatura-partiti-e-liste-della-maggioranza-in-fibrillazione-per-lassegnazione-di-deleghe-diverse-rispetto-al-passato\/\" \/>\n<meta property=\"og:site_name\" content=\"Torremaggiore On Line\" \/>\n<meta property=\"article:published_time\" content=\"2026-09-04T08:30:23+00:00\" \/>\n<meta property=\"article:modified_time\" content=\"2026-09-05T22:32:40+00:00\" \/>\n<meta property=\"og:image\" content=\"https:\/\/www.torremaggiore.com\/notizie\/wp-content\/uploads\/2016\/11\/torremaggiore-comune-front.jpg\" \/>\n\t<meta property=\"og:image:width\" content=\"650\" \/>\n\t<meta property=\"og:image:height\" content=\"480\" \/>\n\t<meta property=\"og:image:type\" content=\"image\/jpeg\" \/>\n<meta name=\"author\" content=\"Staff\" \/>\n<meta name=\"twitter:card\" content=\"summary_large_image\" \/>\n<meta name=\"twitter:label1\" content=\"Scritto da\" \/>\n\t<meta name=\"twitter:data1\" content=\"Staff\" \/>\n\t<meta name=\"twitter:label2\" content=\"Tempo di lettura stimato\" \/>\n\t<meta name=\"twitter:data2\" content=\"7 minuti\" \/>\n<script type=\"application\/ld+json\" class=\"yoast-schema-graph\">{\"@context\":\"https:\\\/\\\/schema.org\",\"@graph\":[{\"@type\":\"Article\",\"@id\":\"https:\\\/\\\/www.torremaggiore.com\\\/notizie\\\/2026\\\/politica-locale-a-torremaggiore-rimpasto-in-vista-ad-un-passo-dalla-meta-legislatura-partiti-e-liste-della-maggioranza-in-fibrillazione-per-lassegnazione-di-deleghe-diverse-rispetto-al-passato\\\/#article\",\"isPartOf\":{\"@id\":\"https:\\\/\\\/www.torremaggiore.com\\\/notizie\\\/2026\\\/politica-locale-a-torremaggiore-rimpasto-in-vista-ad-un-passo-dalla-meta-legislatura-partiti-e-liste-della-maggioranza-in-fibrillazione-per-lassegnazione-di-deleghe-diverse-rispetto-al-passato\\\/\"},\"author\":{\"name\":\"Staff\",\"@id\":\"https:\\\/\\\/www.torremaggiore.com\\\/notizie\\\/#\\\/schema\\\/person\\\/b789462c927517766c1bcfb452c8d85e\"},\"headline\":\"Politica locale: a Torremaggiore rimpasto in vista ad un passo dalla met\u00e0 legislatura? Partiti e liste della maggioranza in fibrillazione per l&#8217;assegnazione di deleghe diverse rispetto al passato?\",\"datePublished\":\"2026-09-04T08:30:23+00:00\",\"dateModified\":\"2026-09-05T22:32:40+00:00\",\"mainEntityOfPage\":{\"@id\":\"https:\\\/\\\/www.torremaggiore.com\\\/notizie\\\/2026\\\/politica-locale-a-torremaggiore-rimpasto-in-vista-ad-un-passo-dalla-meta-legislatura-partiti-e-liste-della-maggioranza-in-fibrillazione-per-lassegnazione-di-deleghe-diverse-rispetto-al-passato\\\/\"},\"wordCount\":846,\"publisher\":{\"@id\":\"https:\\\/\\\/www.torremaggiore.com\\\/notizie\\\/#organization\"},\"image\":{\"@id\":\"https:\\\/\\\/www.torremaggiore.com\\\/notizie\\\/2026\\\/politica-locale-a-torremaggiore-rimpasto-in-vista-ad-un-passo-dalla-meta-legislatura-partiti-e-liste-della-maggioranza-in-fibrillazione-per-lassegnazione-di-deleghe-diverse-rispetto-al-passato\\\/#primaryimage\"},\"thumbnailUrl\":\"https:\\\/\\\/www.torremaggiore.com\\\/notizie\\\/wp-content\\\/uploads\\\/2016\\\/11\\\/torremaggiore-comune-front.jpg\",\"keywords\":[\"comune torremaggiore\",\"emilio di pumpo bis\",\"torremaggiore\"],\"articleSection\":[\"Brevi News\",\"Politica\"],\"inLanguage\":\"it-IT\"},{\"@type\":\"WebPage\",\"@id\":\"https:\\\/\\\/www.torremaggiore.com\\\/notizie\\\/2026\\\/politica-locale-a-torremaggiore-rimpasto-in-vista-ad-un-passo-dalla-meta-legislatura-partiti-e-liste-della-maggioranza-in-fibrillazione-per-lassegnazione-di-deleghe-diverse-rispetto-al-passato\\\/\",\"url\":\"https:\\\/\\\/www.torremaggiore.com\\\/notizie\\\/2026\\\/politica-locale-a-torremaggiore-rimpasto-in-vista-ad-un-passo-dalla-meta-legislatura-partiti-e-liste-della-maggioranza-in-fibrillazione-per-lassegnazione-di-deleghe-diverse-rispetto-al-passato\\\/\",\"name\":\"Politica locale: a Torremaggiore rimpasto in vista ad un passo dalla met\u00e0 legislatura? Partiti e liste della maggioranza in fibrillazione per l'assegnazione di deleghe diverse rispetto al passato? - Torremaggiore On Line\",\"isPartOf\":{\"@id\":\"https:\\\/\\\/www.torremaggiore.com\\\/notizie\\\/#website\"},\"primaryImageOfPage\":{\"@id\":\"https:\\\/\\\/www.torremaggiore.com\\\/notizie\\\/2026\\\/politica-locale-a-torremaggiore-rimpasto-in-vista-ad-un-passo-dalla-meta-legislatura-partiti-e-liste-della-maggioranza-in-fibrillazione-per-lassegnazione-di-deleghe-diverse-rispetto-al-passato\\\/#primaryimage\"},\"image\":{\"@id\":\"https:\\\/\\\/www.torremaggiore.com\\\/notizie\\\/2026\\\/politica-locale-a-torremaggiore-rimpasto-in-vista-ad-un-passo-dalla-meta-legislatura-partiti-e-liste-della-maggioranza-in-fibrillazione-per-lassegnazione-di-deleghe-diverse-rispetto-al-passato\\\/#primaryimage\"},\"thumbnailUrl\":\"https:\\\/\\\/www.torremaggiore.com\\\/notizie\\\/wp-content\\\/uploads\\\/2016\\\/11\\\/torremaggiore-comune-front.jpg\",\"datePublished\":\"2026-09-04T08:30:23+00:00\",\"dateModified\":\"2026-09-05T22:32:40+00:00\",\"description\":\"A Torremaggiore rimpasto in vista ad un passo dalla met\u00e0 della legislatura Emilio Di Pumpo bis? Maggioranza in fibrillazione per l'assegnazione delle future deleghe?\",\"breadcrumb\":{\"@id\":\"https:\\\/\\\/www.torremaggiore.com\\\/notizie\\\/2026\\\/politica-locale-a-torremaggiore-rimpasto-in-vista-ad-un-passo-dalla-meta-legislatura-partiti-e-liste-della-maggioranza-in-fibrillazione-per-lassegnazione-di-deleghe-diverse-rispetto-al-passato\\\/#breadcrumb\"},\"inLanguage\":\"it-IT\",\"potentialAction\":[{\"@type\":\"ReadAction\",\"target\":[\"https:\\\/\\\/www.torremaggiore.com\\\/notizie\\\/2026\\\/politica-locale-a-torremaggiore-rimpasto-in-vista-ad-un-passo-dalla-meta-legislatura-partiti-e-liste-della-maggioranza-in-fibrillazione-per-lassegnazione-di-deleghe-diverse-rispetto-al-passato\\\/\"]}]},{\"@type\":\"ImageObject\",\"inLanguage\":\"it-IT\",\"@id\":\"https:\\\/\\\/www.torremaggiore.com\\\/notizie\\\/2026\\\/politica-locale-a-torremaggiore-rimpasto-in-vista-ad-un-passo-dalla-meta-legislatura-partiti-e-liste-della-maggioranza-in-fibrillazione-per-lassegnazione-di-deleghe-diverse-rispetto-al-passato\\\/#primaryimage\",\"url\":\"https:\\\/\\\/www.torremaggiore.com\\\/notizie\\\/wp-content\\\/uploads\\\/2016\\\/11\\\/torremaggiore-comune-front.jpg\",\"contentUrl\":\"https:\\\/\\\/www.torremaggiore.com\\\/notizie\\\/wp-content\\\/uploads\\\/2016\\\/11\\\/torremaggiore-comune-front.jpg\",\"width\":650,\"height\":480},{\"@type\":\"BreadcrumbList\",\"@id\":\"https:\\\/\\\/www.torremaggiore.com\\\/notizie\\\/2026\\\/politica-locale-a-torremaggiore-rimpasto-in-vista-ad-un-passo-dalla-meta-legislatura-partiti-e-liste-della-maggioranza-in-fibrillazione-per-lassegnazione-di-deleghe-diverse-rispetto-al-passato\\\/#breadcrumb\",\"itemListElement\":[{\"@type\":\"ListItem\",\"position\":1,\"name\":\"Home\",\"item\":\"https:\\\/\\\/www.torremaggiore.com\\\/notizie\\\/\"},{\"@type\":\"ListItem\",\"position\":2,\"name\":\"Politica locale: a Torremaggiore rimpasto in vista ad un passo dalla met\u00e0 legislatura? Partiti e liste della maggioranza in fibrillazione per l&#8217;assegnazione di deleghe diverse rispetto al passato?\"}]},{\"@type\":\"WebSite\",\"@id\":\"https:\\\/\\\/www.torremaggiore.com\\\/notizie\\\/#website\",\"url\":\"https:\\\/\\\/www.torremaggiore.com\\\/notizie\\\/\",\"name\":\"Torremaggiore On Line\",\"description\":\"La Web Community di Torremaggiore\",\"publisher\":{\"@id\":\"https:\\\/\\\/www.torremaggiore.com\\\/notizie\\\/#organization\"},\"potentialAction\":[{\"@type\":\"SearchAction\",\"target\":{\"@type\":\"EntryPoint\",\"urlTemplate\":\"https:\\\/\\\/www.torremaggiore.com\\\/notizie\\\/?s={search_term_string}\"},\"query-input\":{\"@type\":\"PropertyValueSpecification\",\"valueRequired\":true,\"valueName\":\"search_term_string\"}}],\"inLanguage\":\"it-IT\"},{\"@type\":\"Organization\",\"@id\":\"https:\\\/\\\/www.torremaggiore.com\\\/notizie\\\/#organization\",\"name\":\"Torremaggiore On Line\",\"url\":\"https:\\\/\\\/www.torremaggiore.com\\\/notizie\\\/\",\"logo\":{\"@type\":\"ImageObject\",\"inLanguage\":\"it-IT\",\"@id\":\"https:\\\/\\\/www.torremaggiore.com\\\/notizie\\\/#\\\/schema\\\/logo\\\/image\\\/\",\"url\":\"https:\\\/\\\/www.torremaggiore.com\\\/notizie\\\/wp-content\\\/uploads\\\/2020\\\/03\\\/logo-tmol20.gif\",\"contentUrl\":\"https:\\\/\\\/www.torremaggiore.com\\\/notizie\\\/wp-content\\\/uploads\\\/2020\\\/03\\\/logo-tmol20.gif\",\"width\":260,\"height\":95,\"caption\":\"Torremaggiore On Line\"},\"image\":{\"@id\":\"https:\\\/\\\/www.torremaggiore.com\\\/notizie\\\/#\\\/schema\\\/logo\\\/image\\\/\"}},{\"@type\":\"Person\",\"@id\":\"https:\\\/\\\/www.torremaggiore.com\\\/notizie\\\/#\\\/schema\\\/person\\\/b789462c927517766c1bcfb452c8d85e\",\"name\":\"Staff\",\"image\":{\"@type\":\"ImageObject\",\"inLanguage\":\"it-IT\",\"@id\":\"https:\\\/\\\/secure.gravatar.com\\\/avatar\\\/fd311f248f82517b1efd21a54e666df2c5b705bb4a4fb804f3903c94be513fee?s=96&d=mm&r=g\",\"url\":\"https:\\\/\\\/secure.gravatar.com\\\/avatar\\\/fd311f248f82517b1efd21a54e666df2c5b705bb4a4fb804f3903c94be513fee?s=96&d=mm&r=g\",\"contentUrl\":\"https:\\\/\\\/secure.gravatar.com\\\/avatar\\\/fd311f248f82517b1efd21a54e666df2c5b705bb4a4fb804f3903c94be513fee?s=96&d=mm&r=g\",\"caption\":\"Staff\"},\"sameAs\":[\"https:\\\/\\\/www.micheleantonucci.it\"],\"url\":\"https:\\\/\\\/www.torremaggiore.com\\\/notizie\\\/author\\\/staff\\\/\"}]}<\/script>\n<!-- \/ Yoast SEO plugin. -->","yoast_head_json":{"title":"Politica locale: a Torremaggiore rimpasto in vista ad un passo dalla met\u00e0 legislatura? Partiti e liste della maggioranza in fibrillazione per l'assegnazione di deleghe diverse rispetto al passato? - Torremaggiore On Line","description":"A Torremaggiore rimpasto in vista ad un passo dalla met\u00e0 della legislatura Emilio Di Pumpo bis? Maggioranza in fibrillazione per l'assegnazione delle future deleghe?","robots":{"index":"index","follow":"follow","max-snippet":"max-snippet:-1","max-image-preview":"max-image-preview:large","max-video-preview":"max-video-preview:-1"},"canonical":"https:\/\/www.torremaggiore.com\/notizie\/2026\/politica-locale-a-torremaggiore-rimpasto-in-vista-ad-un-passo-dalla-meta-legislatura-partiti-e-liste-della-maggioranza-in-fibrillazione-per-lassegnazione-di-deleghe-diverse-rispetto-al-passato\/","og_locale":"it_IT","og_type":"article","og_title":"Politica locale: a Torremaggiore rimpasto in vista ad un passo dalla met\u00e0 legislatura? Partiti e liste della maggioranza in fibrillazione per l'assegnazione di deleghe diverse rispetto al passato? - Torremaggiore On Line","og_description":"A Torremaggiore rimpasto in vista ad un passo dalla met\u00e0 della legislatura Emilio Di Pumpo bis? Maggioranza in fibrillazione per l'assegnazione delle future deleghe?","og_url":"https:\/\/www.torremaggiore.com\/notizie\/2026\/politica-locale-a-torremaggiore-rimpasto-in-vista-ad-un-passo-dalla-meta-legislatura-partiti-e-liste-della-maggioranza-in-fibrillazione-per-lassegnazione-di-deleghe-diverse-rispetto-al-passato\/","og_site_name":"Torremaggiore On Line","article_published_time":"2026-09-04T08:30:23+00:00","article_modified_time":"2026-09-05T22:32:40+00:00","og_image":[{"width":650,"height":480,"url":"https:\/\/www.torremaggiore.com\/notizie\/wp-content\/uploads\/2016\/11\/torremaggiore-comune-front.jpg","type":"image\/jpeg"}],"author":"Staff","twitter_card":"summary_large_image","twitter_misc":{"Scritto da":"Staff","Tempo di lettura stimato":"7 minuti"},"schema":{"@context":"https:\/\/schema.org","@graph":[{"@type":"Article","@id":"https:\/\/www.torremaggiore.com\/notizie\/2026\/politica-locale-a-torremaggiore-rimpasto-in-vista-ad-un-passo-dalla-meta-legislatura-partiti-e-liste-della-maggioranza-in-fibrillazione-per-lassegnazione-di-deleghe-diverse-rispetto-al-passato\/#article","isPartOf":{"@id":"https:\/\/www.torremaggiore.com\/notizie\/2026\/politica-locale-a-torremaggiore-rimpasto-in-vista-ad-un-passo-dalla-meta-legislatura-partiti-e-liste-della-maggioranza-in-fibrillazione-per-lassegnazione-di-deleghe-diverse-rispetto-al-passato\/"},"author":{"name":"Staff","@id":"https:\/\/www.torremaggiore.com\/notizie\/#\/schema\/person\/b789462c927517766c1bcfb452c8d85e"},"headline":"Politica locale: a Torremaggiore rimpasto in vista ad un passo dalla met\u00e0 legislatura? Partiti e liste della maggioranza in fibrillazione per l&#8217;assegnazione di deleghe diverse rispetto al passato?","datePublished":"2026-09-04T08:30:23+00:00","dateModified":"2026-09-05T22:32:40+00:00","mainEntityOfPage":{"@id":"https:\/\/www.torremaggiore.com\/notizie\/2026\/politica-locale-a-torremaggiore-rimpasto-in-vista-ad-un-passo-dalla-meta-legislatura-partiti-e-liste-della-maggioranza-in-fibrillazione-per-lassegnazione-di-deleghe-diverse-rispetto-al-passato\/"},"wordCount":846,"publisher":{"@id":"https:\/\/www.torremaggiore.com\/notizie\/#organization"},"image":{"@id":"https:\/\/www.torremaggiore.com\/notizie\/2026\/politica-locale-a-torremaggiore-rimpasto-in-vista-ad-un-passo-dalla-meta-legislatura-partiti-e-liste-della-maggioranza-in-fibrillazione-per-lassegnazione-di-deleghe-diverse-rispetto-al-passato\/#primaryimage"},"thumbnailUrl":"https:\/\/www.torremaggiore.com\/notizie\/wp-content\/uploads\/2016\/11\/torremaggiore-comune-front.jpg","keywords":["comune torremaggiore","emilio di pumpo bis","torremaggiore"],"articleSection":["Brevi News","Politica"],"inLanguage":"it-IT"},{"@type":"WebPage","@id":"https:\/\/www.torremaggiore.com\/notizie\/2026\/politica-locale-a-torremaggiore-rimpasto-in-vista-ad-un-passo-dalla-meta-legislatura-partiti-e-liste-della-maggioranza-in-fibrillazione-per-lassegnazione-di-deleghe-diverse-rispetto-al-passato\/","url":"https:\/\/www.torremaggiore.com\/notizie\/2026\/politica-locale-a-torremaggiore-rimpasto-in-vista-ad-un-passo-dalla-meta-legislatura-partiti-e-liste-della-maggioranza-in-fibrillazione-per-lassegnazione-di-deleghe-diverse-rispetto-al-passato\/","name":"Politica locale: a Torremaggiore rimpasto in vista ad un passo dalla met\u00e0 legislatura? Partiti e liste della maggioranza in fibrillazione per l'assegnazione di deleghe diverse rispetto al passato? - Torremaggiore On Line","isPartOf":{"@id":"https:\/\/www.torremaggiore.com\/notizie\/#website"},"primaryImageOfPage":{"@id":"https:\/\/www.torremaggiore.com\/notizie\/2026\/politica-locale-a-torremaggiore-rimpasto-in-vista-ad-un-passo-dalla-meta-legislatura-partiti-e-liste-della-maggioranza-in-fibrillazione-per-lassegnazione-di-deleghe-diverse-rispetto-al-passato\/#primaryimage"},"image":{"@id":"https:\/\/www.torremaggiore.com\/notizie\/2026\/politica-locale-a-torremaggiore-rimpasto-in-vista-ad-un-passo-dalla-meta-legislatura-partiti-e-liste-della-maggioranza-in-fibrillazione-per-lassegnazione-di-deleghe-diverse-rispetto-al-passato\/#primaryimage"},"thumbnailUrl":"https:\/\/www.torremaggiore.com\/notizie\/wp-content\/uploads\/2016\/11\/torremaggiore-comune-front.jpg","datePublished":"2026-09-04T08:30:23+00:00","dateModified":"2026-09-05T22:32:40+00:00","description":"A Torremaggiore rimpasto in vista ad un passo dalla met\u00e0 della legislatura Emilio Di Pumpo bis? Maggioranza in fibrillazione per l'assegnazione delle future deleghe?","breadcrumb":{"@id":"https:\/\/www.torremaggiore.com\/notizie\/2026\/politica-locale-a-torremaggiore-rimpasto-in-vista-ad-un-passo-dalla-meta-legislatura-partiti-e-liste-della-maggioranza-in-fibrillazione-per-lassegnazione-di-deleghe-diverse-rispetto-al-passato\/#breadcrumb"},"inLanguage":"it-IT","potentialAction":[{"@type":"ReadAction","target":["https:\/\/www.torremaggiore.com\/notizie\/2026\/politica-locale-a-torremaggiore-rimpasto-in-vista-ad-un-passo-dalla-meta-legislatura-partiti-e-liste-della-maggioranza-in-fibrillazione-per-lassegnazione-di-deleghe-diverse-rispetto-al-passato\/"]}]},{"@type":"ImageObject","inLanguage":"it-IT","@id":"https:\/\/www.torremaggiore.com\/notizie\/2026\/politica-locale-a-torremaggiore-rimpasto-in-vista-ad-un-passo-dalla-meta-legislatura-partiti-e-liste-della-maggioranza-in-fibrillazione-per-lassegnazione-di-deleghe-diverse-rispetto-al-passato\/#primaryimage","url":"https:\/\/www.torremaggiore.com\/notizie\/wp-content\/uploads\/2016\/11\/torremaggiore-comune-front.jpg","contentUrl":"https:\/\/www.torremaggiore.com\/notizie\/wp-content\/uploads\/2016\/11\/torremaggiore-comune-front.jpg","width":650,"height":480},{"@type":"BreadcrumbList","@id":"https:\/\/www.torremaggiore.com\/notizie\/2026\/politica-locale-a-torremaggiore-rimpasto-in-vista-ad-un-passo-dalla-meta-legislatura-partiti-e-liste-della-maggioranza-in-fibrillazione-per-lassegnazione-di-deleghe-diverse-rispetto-al-passato\/#breadcrumb","itemListElement":[{"@type":"ListItem","position":1,"name":"Home","item":"https:\/\/www.torremaggiore.com\/notizie\/"},{"@type":"ListItem","position":2,"name":"Politica locale: a Torremaggiore rimpasto in vista ad un passo dalla met\u00e0 legislatura? Partiti e liste della maggioranza in fibrillazione per l&#8217;assegnazione di deleghe diverse rispetto al passato?"}]},{"@type":"WebSite","@id":"https:\/\/www.torremaggiore.com\/notizie\/#website","url":"https:\/\/www.torremaggiore.com\/notizie\/","name":"Torremaggiore On Line","description":"La Web Community di Torremaggiore","publisher":{"@id":"https:\/\/www.torremaggiore.com\/notizie\/#organization"},"potentialAction":[{"@type":"SearchAction","target":{"@type":"EntryPoint","urlTemplate":"https:\/\/www.torremaggiore.com\/notizie\/?s={search_term_string}"},"query-input":{"@type":"PropertyValueSpecification","valueRequired":true,"valueName":"search_term_string"}}],"inLanguage":"it-IT"},{"@type":"Organization","@id":"https:\/\/www.torremaggiore.com\/notizie\/#organization","name":"Torremaggiore On Line","url":"https:\/\/www.torremaggiore.com\/notizie\/","logo":{"@type":"ImageObject","inLanguage":"it-IT","@id":"https:\/\/www.torremaggiore.com\/notizie\/#\/schema\/logo\/image\/","url":"https:\/\/www.torremaggiore.com\/notizie\/wp-content\/uploads\/2020\/03\/logo-tmol20.gif","contentUrl":"https:\/\/www.torremaggiore.com\/notizie\/wp-content\/uploads\/2020\/03\/logo-tmol20.gif","width":260,"height":95,"caption":"Torremaggiore On Line"},"image":{"@id":"https:\/\/www.torremaggiore.com\/notizie\/#\/schema\/logo\/image\/"}},{"@type":"Person","@id":"https:\/\/www.torremaggiore.com\/notizie\/#\/schema\/person\/b789462c927517766c1bcfb452c8d85e","name":"Staff","image":{"@type":"ImageObject","inLanguage":"it-IT","@id":"https:\/\/secure.gravatar.com\/avatar\/fd311f248f82517b1efd21a54e666df2c5b705bb4a4fb804f3903c94be513fee?s=96&d=mm&r=g","url":"https:\/\/secure.gravatar.com\/avatar\/fd311f248f82517b1efd21a54e666df2c5b705bb4a4fb804f3903c94be513fee?s=96&d=mm&r=g","contentUrl":"https:\/\/secure.gravatar.com\/avatar\/fd311f248f82517b1efd21a54e666df2c5b705bb4a4fb804f3903c94be513fee?s=96&d=mm&r=g","caption":"Staff"},"sameAs":["https:\/\/www.micheleantonucci.it"],"url":"https:\/\/www.torremaggiore.com\/notizie\/author\/staff\/"}]}},"_links":{"self":[{"href":"https:\/\/www.torremaggiore.com\/notizie\/wp-json\/wp\/v2\/posts\/34784","targetHints":{"allow":["GET"]}}],"collection":[{"href":"https:\/\/www.torremaggiore.com\/notizie\/wp-json\/wp\/v2\/posts"}],"about":[{"href":"https:\/\/www.torremaggiore.com\/notizie\/wp-json\/wp\/v2\/types\/post"}],"author":[{"embeddable":true,"href":"https:\/\/www.torremaggiore.com\/notizie\/wp-json\/wp\/v2\/users\/2"}],"replies":[{"embeddable":true,"href":"https:\/\/www.torremaggiore.com\/notizie\/wp-json\/wp\/v2\/comments?post=34784"}],"version-history":[{"count":36,"href":"https:\/\/www.torremaggiore.com\/notizie\/wp-json\/wp\/v2\/posts\/34784\/revisions"}],"predecessor-version":[{"id":34912,"href":"https:\/\/www.torremaggiore.com\/notizie\/wp-json\/wp\/v2\/posts\/34784\/revisions\/34912"}],"wp:featuredmedia":[{"embeddable":true,"href":"https:\/\/www.torremaggiore.com\/notizie\/wp-json\/wp\/v2\/media\/7449"}],"wp:attachment":[{"href":"https:\/\/www.torremaggiore.com\/notizie\/wp-json\/wp\/v2\/media?parent=34784"}],"wp:term":[{"taxonomy":"category","embeddable":true,"href":"https:\/\/www.torremaggiore.com\/notizie\/wp-json\/wp\/v2\/categories?post=34784"},{"taxonomy":"post_tag","embeddable":true,"href":"https:\/\/www.torremaggiore.com\/notizie\/wp-json\/wp\/v2\/tags?post=34784"}],"curies":[{"name":"wp","href":"https:\/\/api.w.org\/{rel}","templated":true}]}}