{"id":33771,"date":"2026-04-26T09:26:40","date_gmt":"2026-04-26T07:26:40","guid":{"rendered":"https:\/\/www.torremaggiore.com\/notizie\/?p=33771"},"modified":"2026-04-26T09:26:42","modified_gmt":"2026-04-26T07:26:42","slug":"26-aprile-2026-iv-domenica-di-pasqua-commento-al-vangelo-di-don-andrea-pupilla","status":"publish","type":"post","link":"https:\/\/www.torremaggiore.com\/notizie\/2026\/26-aprile-2026-iv-domenica-di-pasqua-commento-al-vangelo-di-don-andrea-pupilla\/","title":{"rendered":"26 aprile 2026 IV Domenica di Pasqua: commento al Vangelo di Don Andrea Pupilla"},"content":{"rendered":"<div class=\"wp-block-image\">\n<figure class=\"aligncenter\"><a href=\"https:\/\/www.arlemarredamenti.it\/\"><img loading=\"lazy\" decoding=\"async\" width=\"1240\" height=\"410\" src=\"https:\/\/www.torremaggiore.com\/notizie\/wp-content\/uploads\/2026\/02\/banner-arlem-front-gennaio-2026.jpg\" alt=\"\" class=\"wp-image-33086\" srcset=\"https:\/\/www.torremaggiore.com\/notizie\/wp-content\/uploads\/2026\/02\/banner-arlem-front-gennaio-2026.jpg 1240w, https:\/\/www.torremaggiore.com\/notizie\/wp-content\/uploads\/2026\/02\/banner-arlem-front-gennaio-2026-768x254.jpg 768w\" sizes=\"auto, (max-width: 1240px) 100vw, 1240px\" \/><\/a><\/figure>\n<\/div>\n\n\n<p>Don Andrea Pupilla, Parroco della Chiesa Matrice di San Nicola di Torremaggiore, commenta il Vangelo del 26 aprile 2026 \u2013 IV Domenica di Pasqua.<\/p>\n\n\n\n<figure class=\"wp-block-image\"><img loading=\"lazy\" decoding=\"async\" width=\"840\" height=\"480\" src=\"https:\/\/www.torremaggiore.com\/notizie\/wp-content\/uploads\/2024\/09\/00_chiesa_san_nicola_front_2024-840x480.jpg\" alt=\"\" class=\"wp-image-28220\"\/><\/figure>\n\n\n\n<p>\u201cIo sono la porta: se uno entra attraverso di me, sar\u00e0 salvato; entrer\u00e0 e uscir\u00e0 e trover\u00e0 pascolo\u201d (Gv 10,9). Ges\u00f9 \u00e8 la Porta: l\u2019unico spazio che ci pu\u00f2 far accedere a Dio. Si tratta di uno spazio sempre aperto in cui tutti possono entrare ed uscire. Per entrare in relazione con Lui devi necessariamente uscire da altre situazioni che ti tengono schiavo, paralizzato, irretito. Ges\u00f9 viene per far uscire chi si sente chiuso \u201cdentro\u201d una religione fatta di riti, norme, precetti; e viene anche per chi si sente chiuso \u201cfuori\u201d perch\u00e9 considerato non degno e non adeguato. Buona domenica!<\/p>\n\n\n<div class=\"wp-block-image\">\n<figure class=\"aligncenter\"><img loading=\"lazy\" decoding=\"async\" width=\"474\" height=\"700\" src=\"https:\/\/www.torremaggiore.com\/notizie\/wp-content\/uploads\/2025\/01\/don-andrea-pupilla-2025-01.jpg\" alt=\"\" class=\"wp-image-29393\"\/><\/figure>\n<\/div>\n\n\n<p class=\"has-text-align-center\"><a href=\"https:\/\/whatsapp.com\/channel\/0029VaDHLS73AzNIPF1REe36\">Segui Torremaggiore On Line su WhatsApp<\/a><br><br><a href=\"https:\/\/www.instagram.com\/torremaggioreonline\/\">Segui Torremaggiore On Line su Instagram<\/a><\/p>\n\n\n\n<p class=\"has-text-align-center\"><a href=\"https:\/\/t.me\/torremaggioreonline\">Segui Torremaggiore On Line su Telegram<\/a><\/p>\n\n\n\n<p class=\"has-text-align-center\"><a href=\"https:\/\/truthsocial.co.in\/@torremaggioreonline\">Segui Torremaggiore On Line su Truth<\/a><\/p>\n\n\n\n<figure class=\"wp-block-image\"><a href=\"https:\/\/www.facebook.com\/portedesign80\"><img loading=\"lazy\" decoding=\"async\" width=\"800\" height=\"631\" src=\"https:\/\/www.torremaggiore.com\/notizie\/wp-content\/uploads\/2026\/03\/alfonzo-infissi-banner-mini-2026.jpg\" alt=\"\" class=\"wp-image-33239\" srcset=\"https:\/\/www.torremaggiore.com\/notizie\/wp-content\/uploads\/2026\/03\/alfonzo-infissi-banner-mini-2026.jpg 800w, https:\/\/www.torremaggiore.com\/notizie\/wp-content\/uploads\/2026\/03\/alfonzo-infissi-banner-mini-2026-768x606.jpg 768w\" sizes=\"auto, (max-width: 800px) 100vw, 800px\" \/><\/a><\/figure>\n\n\n\n<figure class=\"wp-block-image\"><a href=\"http:\/\/www.autopneus.it\/\"><img loading=\"lazy\" decoding=\"async\" width=\"1080\" height=\"1080\" src=\"https:\/\/www.torremaggiore.com\/notizie\/wp-content\/uploads\/2025\/11\/auto-team-adv-dicembre-2025-bis-moto-kasko-gomme-definitivo-01-12.png\" alt=\"\" class=\"wp-image-32259\" srcset=\"https:\/\/www.torremaggiore.com\/notizie\/wp-content\/uploads\/2025\/11\/auto-team-adv-dicembre-2025-bis-moto-kasko-gomme-definitivo-01-12.png 1080w, https:\/\/www.torremaggiore.com\/notizie\/wp-content\/uploads\/2025\/11\/auto-team-adv-dicembre-2025-bis-moto-kasko-gomme-definitivo-01-12-768x768.png 768w, https:\/\/www.torremaggiore.com\/notizie\/wp-content\/uploads\/2025\/11\/auto-team-adv-dicembre-2025-bis-moto-kasko-gomme-definitivo-01-12-150x150.png 150w\" sizes=\"auto, (max-width: 1080px) 100vw, 1080px\" \/><\/a><\/figure>\n","protected":false},"excerpt":{"rendered":"<p>Don Andrea Pupilla, Parroco della Chiesa Matrice di San Nicola di Torremaggiore, commenta il Vangelo<\/p>\n","protected":false},"author":2,"featured_media":28428,"comment_status":"closed","ping_status":"open","sticky":false,"template":"","format":"standard","meta":{"footnotes":""},"categories":[455],"tags":[2005,3594,3956,4302,8],"class_list":["post-33771","post","type-post","status-publish","format-standard","has-post-thumbnail","hentry","category-brevi-news","tag-chiesa-cattolica","tag-commento-al-vangelo","tag-domenica-di-pasqua","tag-don-andrea","tag-torremaggiore"],"yoast_head":"<!-- This site is optimized with the Yoast SEO plugin v27.4 - https:\/\/yoast.com\/product\/yoast-seo-wordpress\/ -->\n<title>26 aprile 2026 IV Domenica di Pasqua: commento al Vangelo di Don Andrea Pupilla - Torremaggiore On Line<\/title>\n<meta name=\"description\" content=\"26 aprile 2026 IV Domenica di Pasqua: commento al Vangelo di Don Andrea Pupilla\" \/>\n<meta name=\"robots\" content=\"index, follow, max-snippet:-1, max-image-preview:large, max-video-preview:-1\" \/>\n<link rel=\"canonical\" href=\"https:\/\/www.torremaggiore.com\/notizie\/2026\/26-aprile-2026-iv-domenica-di-pasqua-commento-al-vangelo-di-don-andrea-pupilla\/\" \/>\n<meta property=\"og:locale\" content=\"it_IT\" \/>\n<meta property=\"og:type\" content=\"article\" \/>\n<meta property=\"og:title\" content=\"26 aprile 2026 IV Domenica di Pasqua: commento al Vangelo di Don Andrea Pupilla - Torremaggiore On Line\" \/>\n<meta property=\"og:description\" content=\"26 aprile 2026 IV Domenica di Pasqua: commento al Vangelo di Don Andrea Pupilla\" \/>\n<meta property=\"og:url\" content=\"https:\/\/www.torremaggiore.com\/notizie\/2026\/26-aprile-2026-iv-domenica-di-pasqua-commento-al-vangelo-di-don-andrea-pupilla\/\" \/>\n<meta property=\"og:site_name\" content=\"Torremaggiore On Line\" \/>\n<meta property=\"article:published_time\" content=\"2026-04-26T07:26:40+00:00\" \/>\n<meta property=\"article:modified_time\" content=\"2026-04-26T07:26:42+00:00\" \/>\n<meta property=\"og:image\" content=\"https:\/\/www.torremaggiore.com\/notizie\/wp-content\/uploads\/2024\/10\/gesu-commento-vangelo-domenica.jpg\" \/>\n\t<meta property=\"og:image:width\" content=\"650\" \/>\n\t<meta property=\"og:image:height\" content=\"629\" \/>\n\t<meta property=\"og:image:type\" content=\"image\/jpeg\" \/>\n<meta name=\"author\" content=\"Staff\" \/>\n<meta name=\"twitter:card\" content=\"summary_large_image\" \/>\n<meta name=\"twitter:label1\" content=\"Scritto da\" \/>\n\t<meta name=\"twitter:data1\" content=\"Staff\" \/>\n\t<meta name=\"twitter:label2\" content=\"Tempo di lettura stimato\" \/>\n\t<meta name=\"twitter:data2\" content=\"2 minuti\" \/>\n<script type=\"application\/ld+json\" class=\"yoast-schema-graph\">{\"@context\":\"https:\\\/\\\/schema.org\",\"@graph\":[{\"@type\":\"Article\",\"@id\":\"https:\\\/\\\/www.torremaggiore.com\\\/notizie\\\/2026\\\/26-aprile-2026-iv-domenica-di-pasqua-commento-al-vangelo-di-don-andrea-pupilla\\\/#article\",\"isPartOf\":{\"@id\":\"https:\\\/\\\/www.torremaggiore.com\\\/notizie\\\/2026\\\/26-aprile-2026-iv-domenica-di-pasqua-commento-al-vangelo-di-don-andrea-pupilla\\\/\"},\"author\":{\"name\":\"Staff\",\"@id\":\"https:\\\/\\\/www.torremaggiore.com\\\/notizie\\\/#\\\/schema\\\/person\\\/b789462c927517766c1bcfb452c8d85e\"},\"headline\":\"26 aprile 2026 IV Domenica di Pasqua: commento al Vangelo di Don Andrea Pupilla\",\"datePublished\":\"2026-04-26T07:26:40+00:00\",\"dateModified\":\"2026-04-26T07:26:42+00:00\",\"mainEntityOfPage\":{\"@id\":\"https:\\\/\\\/www.torremaggiore.com\\\/notizie\\\/2026\\\/26-aprile-2026-iv-domenica-di-pasqua-commento-al-vangelo-di-don-andrea-pupilla\\\/\"},\"wordCount\":156,\"publisher\":{\"@id\":\"https:\\\/\\\/www.torremaggiore.com\\\/notizie\\\/#organization\"},\"image\":{\"@id\":\"https:\\\/\\\/www.torremaggiore.com\\\/notizie\\\/2026\\\/26-aprile-2026-iv-domenica-di-pasqua-commento-al-vangelo-di-don-andrea-pupilla\\\/#primaryimage\"},\"thumbnailUrl\":\"https:\\\/\\\/www.torremaggiore.com\\\/notizie\\\/wp-content\\\/uploads\\\/2024\\\/10\\\/gesu-commento-vangelo-domenica.jpg\",\"keywords\":[\"chiesa cattolica\",\"COMMENTO AL VANGELO\",\"domenica di pasqua\",\"don andrea\",\"torremaggiore\"],\"articleSection\":[\"Brevi News\"],\"inLanguage\":\"it-IT\"},{\"@type\":\"WebPage\",\"@id\":\"https:\\\/\\\/www.torremaggiore.com\\\/notizie\\\/2026\\\/26-aprile-2026-iv-domenica-di-pasqua-commento-al-vangelo-di-don-andrea-pupilla\\\/\",\"url\":\"https:\\\/\\\/www.torremaggiore.com\\\/notizie\\\/2026\\\/26-aprile-2026-iv-domenica-di-pasqua-commento-al-vangelo-di-don-andrea-pupilla\\\/\",\"name\":\"26 aprile 2026 IV Domenica di Pasqua: commento al Vangelo di Don Andrea Pupilla - Torremaggiore On Line\",\"isPartOf\":{\"@id\":\"https:\\\/\\\/www.torremaggiore.com\\\/notizie\\\/#website\"},\"primaryImageOfPage\":{\"@id\":\"https:\\\/\\\/www.torremaggiore.com\\\/notizie\\\/2026\\\/26-aprile-2026-iv-domenica-di-pasqua-commento-al-vangelo-di-don-andrea-pupilla\\\/#primaryimage\"},\"image\":{\"@id\":\"https:\\\/\\\/www.torremaggiore.com\\\/notizie\\\/2026\\\/26-aprile-2026-iv-domenica-di-pasqua-commento-al-vangelo-di-don-andrea-pupilla\\\/#primaryimage\"},\"thumbnailUrl\":\"https:\\\/\\\/www.torremaggiore.com\\\/notizie\\\/wp-content\\\/uploads\\\/2024\\\/10\\\/gesu-commento-vangelo-domenica.jpg\",\"datePublished\":\"2026-04-26T07:26:40+00:00\",\"dateModified\":\"2026-04-26T07:26:42+00:00\",\"description\":\"26 aprile 2026 IV Domenica di Pasqua: commento al Vangelo di Don Andrea Pupilla\",\"breadcrumb\":{\"@id\":\"https:\\\/\\\/www.torremaggiore.com\\\/notizie\\\/2026\\\/26-aprile-2026-iv-domenica-di-pasqua-commento-al-vangelo-di-don-andrea-pupilla\\\/#breadcrumb\"},\"inLanguage\":\"it-IT\",\"potentialAction\":[{\"@type\":\"ReadAction\",\"target\":[\"https:\\\/\\\/www.torremaggiore.com\\\/notizie\\\/2026\\\/26-aprile-2026-iv-domenica-di-pasqua-commento-al-vangelo-di-don-andrea-pupilla\\\/\"]}]},{\"@type\":\"ImageObject\",\"inLanguage\":\"it-IT\",\"@id\":\"https:\\\/\\\/www.torremaggiore.com\\\/notizie\\\/2026\\\/26-aprile-2026-iv-domenica-di-pasqua-commento-al-vangelo-di-don-andrea-pupilla\\\/#primaryimage\",\"url\":\"https:\\\/\\\/www.torremaggiore.com\\\/notizie\\\/wp-content\\\/uploads\\\/2024\\\/10\\\/gesu-commento-vangelo-domenica.jpg\",\"contentUrl\":\"https:\\\/\\\/www.torremaggiore.com\\\/notizie\\\/wp-content\\\/uploads\\\/2024\\\/10\\\/gesu-commento-vangelo-domenica.jpg\",\"width\":650,\"height\":629},{\"@type\":\"BreadcrumbList\",\"@id\":\"https:\\\/\\\/www.torremaggiore.com\\\/notizie\\\/2026\\\/26-aprile-2026-iv-domenica-di-pasqua-commento-al-vangelo-di-don-andrea-pupilla\\\/#breadcrumb\",\"itemListElement\":[{\"@type\":\"ListItem\",\"position\":1,\"name\":\"Home\",\"item\":\"https:\\\/\\\/www.torremaggiore.com\\\/notizie\\\/\"},{\"@type\":\"ListItem\",\"position\":2,\"name\":\"26 aprile 2026 IV Domenica di Pasqua: commento al Vangelo di Don Andrea Pupilla\"}]},{\"@type\":\"WebSite\",\"@id\":\"https:\\\/\\\/www.torremaggiore.com\\\/notizie\\\/#website\",\"url\":\"https:\\\/\\\/www.torremaggiore.com\\\/notizie\\\/\",\"name\":\"Torremaggiore On Line\",\"description\":\"La Web Community di Torremaggiore\",\"publisher\":{\"@id\":\"https:\\\/\\\/www.torremaggiore.com\\\/notizie\\\/#organization\"},\"potentialAction\":[{\"@type\":\"SearchAction\",\"target\":{\"@type\":\"EntryPoint\",\"urlTemplate\":\"https:\\\/\\\/www.torremaggiore.com\\\/notizie\\\/?s={search_term_string}\"},\"query-input\":{\"@type\":\"PropertyValueSpecification\",\"valueRequired\":true,\"valueName\":\"search_term_string\"}}],\"inLanguage\":\"it-IT\"},{\"@type\":\"Organization\",\"@id\":\"https:\\\/\\\/www.torremaggiore.com\\\/notizie\\\/#organization\",\"name\":\"Torremaggiore On Line\",\"url\":\"https:\\\/\\\/www.torremaggiore.com\\\/notizie\\\/\",\"logo\":{\"@type\":\"ImageObject\",\"inLanguage\":\"it-IT\",\"@id\":\"https:\\\/\\\/www.torremaggiore.com\\\/notizie\\\/#\\\/schema\\\/logo\\\/image\\\/\",\"url\":\"https:\\\/\\\/www.torremaggiore.com\\\/notizie\\\/wp-content\\\/uploads\\\/2020\\\/03\\\/logo-tmol20.gif\",\"contentUrl\":\"https:\\\/\\\/www.torremaggiore.com\\\/notizie\\\/wp-content\\\/uploads\\\/2020\\\/03\\\/logo-tmol20.gif\",\"width\":260,\"height\":95,\"caption\":\"Torremaggiore On Line\"},\"image\":{\"@id\":\"https:\\\/\\\/www.torremaggiore.com\\\/notizie\\\/#\\\/schema\\\/logo\\\/image\\\/\"}},{\"@type\":\"Person\",\"@id\":\"https:\\\/\\\/www.torremaggiore.com\\\/notizie\\\/#\\\/schema\\\/person\\\/b789462c927517766c1bcfb452c8d85e\",\"name\":\"Staff\",\"image\":{\"@type\":\"ImageObject\",\"inLanguage\":\"it-IT\",\"@id\":\"https:\\\/\\\/secure.gravatar.com\\\/avatar\\\/fd311f248f82517b1efd21a54e666df2c5b705bb4a4fb804f3903c94be513fee?s=96&d=mm&r=g\",\"url\":\"https:\\\/\\\/secure.gravatar.com\\\/avatar\\\/fd311f248f82517b1efd21a54e666df2c5b705bb4a4fb804f3903c94be513fee?s=96&d=mm&r=g\",\"contentUrl\":\"https:\\\/\\\/secure.gravatar.com\\\/avatar\\\/fd311f248f82517b1efd21a54e666df2c5b705bb4a4fb804f3903c94be513fee?s=96&d=mm&r=g\",\"caption\":\"Staff\"},\"sameAs\":[\"https:\\\/\\\/www.micheleantonucci.it\"],\"url\":\"https:\\\/\\\/www.torremaggiore.com\\\/notizie\\\/author\\\/staff\\\/\"}]}<\/script>\n<!-- \/ Yoast SEO plugin. -->","yoast_head_json":{"title":"26 aprile 2026 IV Domenica di Pasqua: commento al Vangelo di Don Andrea Pupilla - Torremaggiore On Line","description":"26 aprile 2026 IV Domenica di Pasqua: commento al Vangelo di Don Andrea Pupilla","robots":{"index":"index","follow":"follow","max-snippet":"max-snippet:-1","max-image-preview":"max-image-preview:large","max-video-preview":"max-video-preview:-1"},"canonical":"https:\/\/www.torremaggiore.com\/notizie\/2026\/26-aprile-2026-iv-domenica-di-pasqua-commento-al-vangelo-di-don-andrea-pupilla\/","og_locale":"it_IT","og_type":"article","og_title":"26 aprile 2026 IV Domenica di Pasqua: commento al Vangelo di Don Andrea Pupilla - Torremaggiore On Line","og_description":"26 aprile 2026 IV Domenica di Pasqua: commento al Vangelo di Don Andrea Pupilla","og_url":"https:\/\/www.torremaggiore.com\/notizie\/2026\/26-aprile-2026-iv-domenica-di-pasqua-commento-al-vangelo-di-don-andrea-pupilla\/","og_site_name":"Torremaggiore On Line","article_published_time":"2026-04-26T07:26:40+00:00","article_modified_time":"2026-04-26T07:26:42+00:00","og_image":[{"width":650,"height":629,"url":"https:\/\/www.torremaggiore.com\/notizie\/wp-content\/uploads\/2024\/10\/gesu-commento-vangelo-domenica.jpg","type":"image\/jpeg"}],"author":"Staff","twitter_card":"summary_large_image","twitter_misc":{"Scritto da":"Staff","Tempo di lettura stimato":"2 minuti"},"schema":{"@context":"https:\/\/schema.org","@graph":[{"@type":"Article","@id":"https:\/\/www.torremaggiore.com\/notizie\/2026\/26-aprile-2026-iv-domenica-di-pasqua-commento-al-vangelo-di-don-andrea-pupilla\/#article","isPartOf":{"@id":"https:\/\/www.torremaggiore.com\/notizie\/2026\/26-aprile-2026-iv-domenica-di-pasqua-commento-al-vangelo-di-don-andrea-pupilla\/"},"author":{"name":"Staff","@id":"https:\/\/www.torremaggiore.com\/notizie\/#\/schema\/person\/b789462c927517766c1bcfb452c8d85e"},"headline":"26 aprile 2026 IV Domenica di Pasqua: commento al Vangelo di Don Andrea Pupilla","datePublished":"2026-04-26T07:26:40+00:00","dateModified":"2026-04-26T07:26:42+00:00","mainEntityOfPage":{"@id":"https:\/\/www.torremaggiore.com\/notizie\/2026\/26-aprile-2026-iv-domenica-di-pasqua-commento-al-vangelo-di-don-andrea-pupilla\/"},"wordCount":156,"publisher":{"@id":"https:\/\/www.torremaggiore.com\/notizie\/#organization"},"image":{"@id":"https:\/\/www.torremaggiore.com\/notizie\/2026\/26-aprile-2026-iv-domenica-di-pasqua-commento-al-vangelo-di-don-andrea-pupilla\/#primaryimage"},"thumbnailUrl":"https:\/\/www.torremaggiore.com\/notizie\/wp-content\/uploads\/2024\/10\/gesu-commento-vangelo-domenica.jpg","keywords":["chiesa cattolica","COMMENTO AL VANGELO","domenica di pasqua","don andrea","torremaggiore"],"articleSection":["Brevi News"],"inLanguage":"it-IT"},{"@type":"WebPage","@id":"https:\/\/www.torremaggiore.com\/notizie\/2026\/26-aprile-2026-iv-domenica-di-pasqua-commento-al-vangelo-di-don-andrea-pupilla\/","url":"https:\/\/www.torremaggiore.com\/notizie\/2026\/26-aprile-2026-iv-domenica-di-pasqua-commento-al-vangelo-di-don-andrea-pupilla\/","name":"26 aprile 2026 IV Domenica di Pasqua: commento al Vangelo di Don Andrea Pupilla - Torremaggiore On Line","isPartOf":{"@id":"https:\/\/www.torremaggiore.com\/notizie\/#website"},"primaryImageOfPage":{"@id":"https:\/\/www.torremaggiore.com\/notizie\/2026\/26-aprile-2026-iv-domenica-di-pasqua-commento-al-vangelo-di-don-andrea-pupilla\/#primaryimage"},"image":{"@id":"https:\/\/www.torremaggiore.com\/notizie\/2026\/26-aprile-2026-iv-domenica-di-pasqua-commento-al-vangelo-di-don-andrea-pupilla\/#primaryimage"},"thumbnailUrl":"https:\/\/www.torremaggiore.com\/notizie\/wp-content\/uploads\/2024\/10\/gesu-commento-vangelo-domenica.jpg","datePublished":"2026-04-26T07:26:40+00:00","dateModified":"2026-04-26T07:26:42+00:00","description":"26 aprile 2026 IV Domenica di Pasqua: commento al Vangelo di Don Andrea Pupilla","breadcrumb":{"@id":"https:\/\/www.torremaggiore.com\/notizie\/2026\/26-aprile-2026-iv-domenica-di-pasqua-commento-al-vangelo-di-don-andrea-pupilla\/#breadcrumb"},"inLanguage":"it-IT","potentialAction":[{"@type":"ReadAction","target":["https:\/\/www.torremaggiore.com\/notizie\/2026\/26-aprile-2026-iv-domenica-di-pasqua-commento-al-vangelo-di-don-andrea-pupilla\/"]}]},{"@type":"ImageObject","inLanguage":"it-IT","@id":"https:\/\/www.torremaggiore.com\/notizie\/2026\/26-aprile-2026-iv-domenica-di-pasqua-commento-al-vangelo-di-don-andrea-pupilla\/#primaryimage","url":"https:\/\/www.torremaggiore.com\/notizie\/wp-content\/uploads\/2024\/10\/gesu-commento-vangelo-domenica.jpg","contentUrl":"https:\/\/www.torremaggiore.com\/notizie\/wp-content\/uploads\/2024\/10\/gesu-commento-vangelo-domenica.jpg","width":650,"height":629},{"@type":"BreadcrumbList","@id":"https:\/\/www.torremaggiore.com\/notizie\/2026\/26-aprile-2026-iv-domenica-di-pasqua-commento-al-vangelo-di-don-andrea-pupilla\/#breadcrumb","itemListElement":[{"@type":"ListItem","position":1,"name":"Home","item":"https:\/\/www.torremaggiore.com\/notizie\/"},{"@type":"ListItem","position":2,"name":"26 aprile 2026 IV Domenica di Pasqua: commento al Vangelo di Don Andrea Pupilla"}]},{"@type":"WebSite","@id":"https:\/\/www.torremaggiore.com\/notizie\/#website","url":"https:\/\/www.torremaggiore.com\/notizie\/","name":"Torremaggiore On Line","description":"La Web Community di Torremaggiore","publisher":{"@id":"https:\/\/www.torremaggiore.com\/notizie\/#organization"},"potentialAction":[{"@type":"SearchAction","target":{"@type":"EntryPoint","urlTemplate":"https:\/\/www.torremaggiore.com\/notizie\/?s={search_term_string}"},"query-input":{"@type":"PropertyValueSpecification","valueRequired":true,"valueName":"search_term_string"}}],"inLanguage":"it-IT"},{"@type":"Organization","@id":"https:\/\/www.torremaggiore.com\/notizie\/#organization","name":"Torremaggiore On Line","url":"https:\/\/www.torremaggiore.com\/notizie\/","logo":{"@type":"ImageObject","inLanguage":"it-IT","@id":"https:\/\/www.torremaggiore.com\/notizie\/#\/schema\/logo\/image\/","url":"https:\/\/www.torremaggiore.com\/notizie\/wp-content\/uploads\/2020\/03\/logo-tmol20.gif","contentUrl":"https:\/\/www.torremaggiore.com\/notizie\/wp-content\/uploads\/2020\/03\/logo-tmol20.gif","width":260,"height":95,"caption":"Torremaggiore On Line"},"image":{"@id":"https:\/\/www.torremaggiore.com\/notizie\/#\/schema\/logo\/image\/"}},{"@type":"Person","@id":"https:\/\/www.torremaggiore.com\/notizie\/#\/schema\/person\/b789462c927517766c1bcfb452c8d85e","name":"Staff","image":{"@type":"ImageObject","inLanguage":"it-IT","@id":"https:\/\/secure.gravatar.com\/avatar\/fd311f248f82517b1efd21a54e666df2c5b705bb4a4fb804f3903c94be513fee?s=96&d=mm&r=g","url":"https:\/\/secure.gravatar.com\/avatar\/fd311f248f82517b1efd21a54e666df2c5b705bb4a4fb804f3903c94be513fee?s=96&d=mm&r=g","contentUrl":"https:\/\/secure.gravatar.com\/avatar\/fd311f248f82517b1efd21a54e666df2c5b705bb4a4fb804f3903c94be513fee?s=96&d=mm&r=g","caption":"Staff"},"sameAs":["https:\/\/www.micheleantonucci.it"],"url":"https:\/\/www.torremaggiore.com\/notizie\/author\/staff\/"}]}},"_links":{"self":[{"href":"https:\/\/www.torremaggiore.com\/notizie\/wp-json\/wp\/v2\/posts\/33771","targetHints":{"allow":["GET"]}}],"collection":[{"href":"https:\/\/www.torremaggiore.com\/notizie\/wp-json\/wp\/v2\/posts"}],"about":[{"href":"https:\/\/www.torremaggiore.com\/notizie\/wp-json\/wp\/v2\/types\/post"}],"author":[{"embeddable":true,"href":"https:\/\/www.torremaggiore.com\/notizie\/wp-json\/wp\/v2\/users\/2"}],"replies":[{"embeddable":true,"href":"https:\/\/www.torremaggiore.com\/notizie\/wp-json\/wp\/v2\/comments?post=33771"}],"version-history":[{"count":1,"href":"https:\/\/www.torremaggiore.com\/notizie\/wp-json\/wp\/v2\/posts\/33771\/revisions"}],"predecessor-version":[{"id":33772,"href":"https:\/\/www.torremaggiore.com\/notizie\/wp-json\/wp\/v2\/posts\/33771\/revisions\/33772"}],"wp:featuredmedia":[{"embeddable":true,"href":"https:\/\/www.torremaggiore.com\/notizie\/wp-json\/wp\/v2\/media\/28428"}],"wp:attachment":[{"href":"https:\/\/www.torremaggiore.com\/notizie\/wp-json\/wp\/v2\/media?parent=33771"}],"wp:term":[{"taxonomy":"category","embeddable":true,"href":"https:\/\/www.torremaggiore.com\/notizie\/wp-json\/wp\/v2\/categories?post=33771"},{"taxonomy":"post_tag","embeddable":true,"href":"https:\/\/www.torremaggiore.com\/notizie\/wp-json\/wp\/v2\/tags?post=33771"}],"curies":[{"name":"wp","href":"https:\/\/api.w.org\/{rel}","templated":true}]}}