{"id":29996,"date":"2025-03-13T15:47:40","date_gmt":"2025-03-13T13:47:40","guid":{"rendered":"https:\/\/www.torremaggiore.com\/notizie\/?p=29996"},"modified":"2025-03-13T15:47:42","modified_gmt":"2025-03-13T13:47:42","slug":"la-capitanata-nel-lungo-ottocento-studi-in-memoria-di-marcello-ariano-appuntamento-a-torremaggiore-il-15-marzo-2025-alla-bist-di-via-cairoli-alle-ore-18-per-la-presentazione","status":"publish","type":"post","link":"https:\/\/www.torremaggiore.com\/notizie\/2025\/la-capitanata-nel-lungo-ottocento-studi-in-memoria-di-marcello-ariano-appuntamento-a-torremaggiore-il-15-marzo-2025-alla-bist-di-via-cairoli-alle-ore-18-per-la-presentazione\/","title":{"rendered":"La Capitanata nel lungo Ottocento, studi in memoria di Marcello Ariano: appuntamento a Torremaggiore il 15 marzo 2025 alla BIST di Via Cairoli alle ore 18 per la presentazione"},"content":{"rendered":"<div class=\"wp-block-image\">\n<figure class=\"aligncenter\"><img loading=\"lazy\" decoding=\"async\" width=\"1200\" height=\"180\" src=\"https:\/\/www.torremaggiore.com\/notizie\/wp-content\/uploads\/2024\/09\/00_carrozzeria_testa.jpg\" alt=\"\" class=\"wp-image-28047\" srcset=\"https:\/\/www.torremaggiore.com\/notizie\/wp-content\/uploads\/2024\/09\/00_carrozzeria_testa.jpg 1200w, https:\/\/www.torremaggiore.com\/notizie\/wp-content\/uploads\/2024\/09\/00_carrozzeria_testa-768x115.jpg 768w\" sizes=\"auto, (max-width: 1200px) 100vw, 1200px\" \/><\/figure>\n<\/div>\n\n\n<p>Appuntamento per gli appassionati di storia <strong>sabato 15 marzo<\/strong>. La BIST Biblioteca Storica di via Cairoli di Torremaggiore infatti sabato alle <strong>18.00<\/strong> ospiter\u00e0 la presentazione del volume <strong>\u201cLa Capitanata nel lungo Ottocento\u201d<\/strong>. La presentazione \u00e8 organizzata dal comitato di Foggia dell\u2019Istituto per la Storia del Risorgimento (Isri) e dall\u2019assessorato alla cultura del Comune di Torremaggiore. \u00a0<\/p>\n\n\n\n<p>Il volume raccoglie gli atti di un convegno di studi \u2013 promosso nel 2021 dal comitato provinciale di Foggia dell\u2019Isri &#8211; sulle condizioni, i problemi, i caratteri, i progetti e le visioni ideologiche della partecipazione della Capitanata all\u2019esperienza unitaria del Mezzogiorno italiano. Il libro \u00e8 dedicato allo studioso foggiano <strong>Marcello Ariano<\/strong>, scomparso precocemente nel 2021, che del comitato foggiano dell\u2019Isri fu tra i fondatori, animatori e dirigenti. Il volume, pubblicato da D\u2019Amato Editore, sar\u00e0 presentato dal docente e ricercatore di storia <strong>Michele Presutto<\/strong> componente del comitato provinciale di Foggia dell\u2019Isri.<\/p>\n\n\n\n<p>La conferenza prender\u00e0 il via con i saluti istituzionali dell\u2019assessore alla Cultura del Comune di Torremaggiore <strong>Enzo Quaranta<\/strong> ed il ricordo di <strong>Marcello Ariano<\/strong> che sar\u00e0 curato dal direttore del comitato di Foggia dell\u2019Istituto per la Storia del Risorgimento Italiano <strong>Francesco Barbaro<\/strong>; quindi prender\u00e0 la parola Presutto che illustrer\u00e0 il volume che \u00e8 stato curato da <strong>Massimiliano Monaco<\/strong> e <strong>Raffaele De Vivo<\/strong> e raccoglie saggi realizzati da studiosi di varie realt\u00e0 della Capitanata: <strong>Michele Presutto<\/strong>,<strong> Pasquale Bonn\u00ec<\/strong>,<strong> Giuseppe Clemente<\/strong>,<strong> Dionisio Morlacco<\/strong>,<strong> Mario Freda<\/strong>,<strong> Lorenzo Pellegrino<\/strong>,<strong> Massimiliano Monaco<\/strong>,<strong> Raffaele Letterio<\/strong>,<strong> Francesco Barbaro <\/strong>e<strong> Raffaele De Vivo<\/strong>. Il libro vede un saggio conclusivo di <strong>Carmine Pinto <\/strong>docente di storia moderna dell\u2019Universit\u00e0 di Salerno e autore di volumi di storia di successo come \u201cLa guerra per il Mezzogiorno\u201d e \u201cIl brigante e il general\u201d. Alla presentazione saranno presenti i curatori <strong>Monaco<\/strong> e<strong> De Vivo<\/strong>.<\/p>\n\n\n\n<p>Docente di italiano e storia alle scuole medie superiori <strong>Presutto<\/strong> si \u00e8 laureato nel 1992 in Storia Contemporanea all\u2019Universit\u00e0 di Bologna ha conseguito nel 2000 un dottore di ricerca alla Facultad Latinoamericana de Ciencias Sociale di Citt\u00e0 del Messico ed ha all\u2019attivo diverse pubblicazioni fra cui: \u201cLa rivoluzione dietro l\u2019angolo: gli anarchici italiani e la Rivoluzione messicana 1910 &#8211; 1914\u201d; \u201cGli operai non mangiano fragole: vita e scritti di Roberto D\u2019Angi\u00f2 (1871 &#8211; 1923)\u201d; \u201cL\u2019uomo che divise il pane in cinque. Storia di un sagrestano anarchico\u201d.<\/p>\n\n\n\n<p>\u201cLa Capitanata fu una provincia liberale pienamente, inserita nella crescita della classe dirigente risorgimentale, modello \u2013 sottolineano i curatori del volume Monaco e De Vivo autori &#8211; di grande vitalit\u00e0 politica, sociale e culturale, che tra movimenti di opinione, ambizioni collettive, obiettivi familiari e competizioni locali, utilizz\u00f2 risorse simboliche, ideologiche ed emozionali che da quel momento nessuno fu pi\u00f9 in grado di mettere seriamente discussione\u201d.<\/p>\n\n\n\n<p><\/p>\n\n\n\n<p><\/p>\n\n\n\n<p class=\"has-text-align-center\"><a href=\"https:\/\/whatsapp.com\/channel\/0029VaDHLS73AzNIPF1REe36\">Segui Torremaggiore On Line su WhatsApp<\/a><br><br><a href=\"https:\/\/t.me\/torremaggioreonline\">Segui Torremaggiore On Line su Telegram<\/a><\/p>\n\n\n\n<figure class=\"wp-block-image\"><a href=\"https:\/\/autopneus.it\/\"><img loading=\"lazy\" decoding=\"async\" width=\"1200\" height=\"180\" src=\"https:\/\/www.torremaggiore.com\/notizie\/wp-content\/uploads\/2024\/09\/00_banner_grosso_auto_team.jpg\" alt=\"\" class=\"wp-image-27999\" srcset=\"https:\/\/www.torremaggiore.com\/notizie\/wp-content\/uploads\/2024\/09\/00_banner_grosso_auto_team.jpg 1200w, https:\/\/www.torremaggiore.com\/notizie\/wp-content\/uploads\/2024\/09\/00_banner_grosso_auto_team-768x115.jpg 768w\" sizes=\"auto, (max-width: 1200px) 100vw, 1200px\" \/><\/a><\/figure>\n","protected":false},"excerpt":{"rendered":"<p>Appuntamento per gli appassionati di storia sabato 15 marzo. La BIST Biblioteca Storica di via<\/p>\n","protected":false},"author":2,"featured_media":29997,"comment_status":"closed","ping_status":"open","sticky":false,"template":"","format":"standard","meta":{"footnotes":""},"categories":[1,250],"tags":[4608,4609,4610,2174,8],"class_list":["post-29996","post","type-post","status-publish","format-standard","has-post-thumbnail","hentry","category-appuntamenti","category-prima-pagina","tag-capitanata-nel-lungo-ottocento","tag-isri","tag-istituto-storia-del-risorgimento","tag-marcello-ariano","tag-torremaggiore"],"yoast_head":"<!-- This site is optimized with the Yoast SEO plugin v27.4 - https:\/\/yoast.com\/product\/yoast-seo-wordpress\/ -->\n<title>La Capitanata nel lungo Ottocento, studi in memoria di Marcello Ariano: appuntamento a Torremaggiore il 15 marzo 2025 alla BIST di Via Cairoli alle ore 18 per la presentazione - Torremaggiore On Line<\/title>\n<meta name=\"description\" content=\"Appuntamento per gli appassionati di storia sabato 15 marzo. La BIST Biblioteca Storica di via Cairoli di Torremaggiore infatti sabato alle 18.00 ospiter\u00e0 la presentazione del volume \u201cLa Capitanata nel lungo Ottocento\u201d. La presentazione \u00e8 organizzata dal comitato di Foggia dell\u2019Istituto per la Storia del Risorgimento (Isri) e dall\u2019assessorato alla cultura del Comune di Torremaggiore. \u00a0\" \/>\n<meta name=\"robots\" content=\"index, follow, max-snippet:-1, max-image-preview:large, max-video-preview:-1\" \/>\n<link rel=\"canonical\" href=\"https:\/\/www.torremaggiore.com\/notizie\/2025\/la-capitanata-nel-lungo-ottocento-studi-in-memoria-di-marcello-ariano-appuntamento-a-torremaggiore-il-15-marzo-2025-alla-bist-di-via-cairoli-alle-ore-18-per-la-presentazione\/\" \/>\n<meta property=\"og:locale\" content=\"it_IT\" \/>\n<meta property=\"og:type\" content=\"article\" \/>\n<meta property=\"og:title\" content=\"La Capitanata nel lungo Ottocento, studi in memoria di Marcello Ariano: appuntamento a Torremaggiore il 15 marzo 2025 alla BIST di Via Cairoli alle ore 18 per la presentazione - Torremaggiore On Line\" \/>\n<meta property=\"og:description\" content=\"Appuntamento per gli appassionati di storia sabato 15 marzo. La BIST Biblioteca Storica di via Cairoli di Torremaggiore infatti sabato alle 18.00 ospiter\u00e0 la presentazione del volume \u201cLa Capitanata nel lungo Ottocento\u201d. La presentazione \u00e8 organizzata dal comitato di Foggia dell\u2019Istituto per la Storia del Risorgimento (Isri) e dall\u2019assessorato alla cultura del Comune di Torremaggiore. \u00a0\" \/>\n<meta property=\"og:url\" content=\"https:\/\/www.torremaggiore.com\/notizie\/2025\/la-capitanata-nel-lungo-ottocento-studi-in-memoria-di-marcello-ariano-appuntamento-a-torremaggiore-il-15-marzo-2025-alla-bist-di-via-cairoli-alle-ore-18-per-la-presentazione\/\" \/>\n<meta property=\"og:site_name\" content=\"Torremaggiore On Line\" \/>\n<meta property=\"article:published_time\" content=\"2025-03-13T13:47:40+00:00\" \/>\n<meta property=\"article:modified_time\" content=\"2025-03-13T13:47:42+00:00\" \/>\n<meta property=\"og:image\" content=\"https:\/\/www.torremaggiore.com\/notizie\/wp-content\/uploads\/2025\/03\/bist-ariano-2025.jpg\" \/>\n\t<meta property=\"og:image:width\" content=\"585\" \/>\n\t<meta property=\"og:image:height\" content=\"910\" \/>\n\t<meta property=\"og:image:type\" content=\"image\/jpeg\" \/>\n<meta name=\"author\" content=\"Staff\" \/>\n<meta name=\"twitter:card\" content=\"summary_large_image\" \/>\n<meta name=\"twitter:label1\" content=\"Scritto da\" \/>\n\t<meta name=\"twitter:data1\" content=\"Staff\" \/>\n\t<meta name=\"twitter:label2\" content=\"Tempo di lettura stimato\" \/>\n\t<meta name=\"twitter:data2\" content=\"3 minuti\" \/>\n<script type=\"application\/ld+json\" class=\"yoast-schema-graph\">{\"@context\":\"https:\\\/\\\/schema.org\",\"@graph\":[{\"@type\":\"Article\",\"@id\":\"https:\\\/\\\/www.torremaggiore.com\\\/notizie\\\/2025\\\/la-capitanata-nel-lungo-ottocento-studi-in-memoria-di-marcello-ariano-appuntamento-a-torremaggiore-il-15-marzo-2025-alla-bist-di-via-cairoli-alle-ore-18-per-la-presentazione\\\/#article\",\"isPartOf\":{\"@id\":\"https:\\\/\\\/www.torremaggiore.com\\\/notizie\\\/2025\\\/la-capitanata-nel-lungo-ottocento-studi-in-memoria-di-marcello-ariano-appuntamento-a-torremaggiore-il-15-marzo-2025-alla-bist-di-via-cairoli-alle-ore-18-per-la-presentazione\\\/\"},\"author\":{\"name\":\"Staff\",\"@id\":\"https:\\\/\\\/www.torremaggiore.com\\\/notizie\\\/#\\\/schema\\\/person\\\/b789462c927517766c1bcfb452c8d85e\"},\"headline\":\"La Capitanata nel lungo Ottocento, studi in memoria di Marcello Ariano: appuntamento a Torremaggiore il 15 marzo 2025 alla BIST di Via Cairoli alle ore 18 per la presentazione\",\"datePublished\":\"2025-03-13T13:47:40+00:00\",\"dateModified\":\"2025-03-13T13:47:42+00:00\",\"mainEntityOfPage\":{\"@id\":\"https:\\\/\\\/www.torremaggiore.com\\\/notizie\\\/2025\\\/la-capitanata-nel-lungo-ottocento-studi-in-memoria-di-marcello-ariano-appuntamento-a-torremaggiore-il-15-marzo-2025-alla-bist-di-via-cairoli-alle-ore-18-per-la-presentazione\\\/\"},\"wordCount\":474,\"publisher\":{\"@id\":\"https:\\\/\\\/www.torremaggiore.com\\\/notizie\\\/#organization\"},\"image\":{\"@id\":\"https:\\\/\\\/www.torremaggiore.com\\\/notizie\\\/2025\\\/la-capitanata-nel-lungo-ottocento-studi-in-memoria-di-marcello-ariano-appuntamento-a-torremaggiore-il-15-marzo-2025-alla-bist-di-via-cairoli-alle-ore-18-per-la-presentazione\\\/#primaryimage\"},\"thumbnailUrl\":\"https:\\\/\\\/www.torremaggiore.com\\\/notizie\\\/wp-content\\\/uploads\\\/2025\\\/03\\\/bist-ariano-2025.jpg\",\"keywords\":[\"capitanata nel lungo ottocento\",\"isri\",\"istituto storia del risorgimento\",\"MARCELLO ARIANO\",\"torremaggiore\"],\"articleSection\":[\"Appuntamenti\",\"Prima Pagina\"],\"inLanguage\":\"it-IT\"},{\"@type\":\"WebPage\",\"@id\":\"https:\\\/\\\/www.torremaggiore.com\\\/notizie\\\/2025\\\/la-capitanata-nel-lungo-ottocento-studi-in-memoria-di-marcello-ariano-appuntamento-a-torremaggiore-il-15-marzo-2025-alla-bist-di-via-cairoli-alle-ore-18-per-la-presentazione\\\/\",\"url\":\"https:\\\/\\\/www.torremaggiore.com\\\/notizie\\\/2025\\\/la-capitanata-nel-lungo-ottocento-studi-in-memoria-di-marcello-ariano-appuntamento-a-torremaggiore-il-15-marzo-2025-alla-bist-di-via-cairoli-alle-ore-18-per-la-presentazione\\\/\",\"name\":\"La Capitanata nel lungo Ottocento, studi in memoria di Marcello Ariano: appuntamento a Torremaggiore il 15 marzo 2025 alla BIST di Via Cairoli alle ore 18 per la presentazione - Torremaggiore On Line\",\"isPartOf\":{\"@id\":\"https:\\\/\\\/www.torremaggiore.com\\\/notizie\\\/#website\"},\"primaryImageOfPage\":{\"@id\":\"https:\\\/\\\/www.torremaggiore.com\\\/notizie\\\/2025\\\/la-capitanata-nel-lungo-ottocento-studi-in-memoria-di-marcello-ariano-appuntamento-a-torremaggiore-il-15-marzo-2025-alla-bist-di-via-cairoli-alle-ore-18-per-la-presentazione\\\/#primaryimage\"},\"image\":{\"@id\":\"https:\\\/\\\/www.torremaggiore.com\\\/notizie\\\/2025\\\/la-capitanata-nel-lungo-ottocento-studi-in-memoria-di-marcello-ariano-appuntamento-a-torremaggiore-il-15-marzo-2025-alla-bist-di-via-cairoli-alle-ore-18-per-la-presentazione\\\/#primaryimage\"},\"thumbnailUrl\":\"https:\\\/\\\/www.torremaggiore.com\\\/notizie\\\/wp-content\\\/uploads\\\/2025\\\/03\\\/bist-ariano-2025.jpg\",\"datePublished\":\"2025-03-13T13:47:40+00:00\",\"dateModified\":\"2025-03-13T13:47:42+00:00\",\"description\":\"Appuntamento per gli appassionati di storia sabato 15 marzo. La BIST Biblioteca Storica di via Cairoli di Torremaggiore infatti sabato alle 18.00 ospiter\u00e0 la presentazione del volume \u201cLa Capitanata nel lungo Ottocento\u201d. La presentazione \u00e8 organizzata dal comitato di Foggia dell\u2019Istituto per la Storia del Risorgimento (Isri) e dall\u2019assessorato alla cultura del Comune di Torremaggiore. \u00a0\",\"breadcrumb\":{\"@id\":\"https:\\\/\\\/www.torremaggiore.com\\\/notizie\\\/2025\\\/la-capitanata-nel-lungo-ottocento-studi-in-memoria-di-marcello-ariano-appuntamento-a-torremaggiore-il-15-marzo-2025-alla-bist-di-via-cairoli-alle-ore-18-per-la-presentazione\\\/#breadcrumb\"},\"inLanguage\":\"it-IT\",\"potentialAction\":[{\"@type\":\"ReadAction\",\"target\":[\"https:\\\/\\\/www.torremaggiore.com\\\/notizie\\\/2025\\\/la-capitanata-nel-lungo-ottocento-studi-in-memoria-di-marcello-ariano-appuntamento-a-torremaggiore-il-15-marzo-2025-alla-bist-di-via-cairoli-alle-ore-18-per-la-presentazione\\\/\"]}]},{\"@type\":\"ImageObject\",\"inLanguage\":\"it-IT\",\"@id\":\"https:\\\/\\\/www.torremaggiore.com\\\/notizie\\\/2025\\\/la-capitanata-nel-lungo-ottocento-studi-in-memoria-di-marcello-ariano-appuntamento-a-torremaggiore-il-15-marzo-2025-alla-bist-di-via-cairoli-alle-ore-18-per-la-presentazione\\\/#primaryimage\",\"url\":\"https:\\\/\\\/www.torremaggiore.com\\\/notizie\\\/wp-content\\\/uploads\\\/2025\\\/03\\\/bist-ariano-2025.jpg\",\"contentUrl\":\"https:\\\/\\\/www.torremaggiore.com\\\/notizie\\\/wp-content\\\/uploads\\\/2025\\\/03\\\/bist-ariano-2025.jpg\",\"width\":585,\"height\":910},{\"@type\":\"BreadcrumbList\",\"@id\":\"https:\\\/\\\/www.torremaggiore.com\\\/notizie\\\/2025\\\/la-capitanata-nel-lungo-ottocento-studi-in-memoria-di-marcello-ariano-appuntamento-a-torremaggiore-il-15-marzo-2025-alla-bist-di-via-cairoli-alle-ore-18-per-la-presentazione\\\/#breadcrumb\",\"itemListElement\":[{\"@type\":\"ListItem\",\"position\":1,\"name\":\"Home\",\"item\":\"https:\\\/\\\/www.torremaggiore.com\\\/notizie\\\/\"},{\"@type\":\"ListItem\",\"position\":2,\"name\":\"La Capitanata nel lungo Ottocento, studi in memoria di Marcello Ariano: appuntamento a Torremaggiore il 15 marzo 2025 alla BIST di Via Cairoli alle ore 18 per la presentazione\"}]},{\"@type\":\"WebSite\",\"@id\":\"https:\\\/\\\/www.torremaggiore.com\\\/notizie\\\/#website\",\"url\":\"https:\\\/\\\/www.torremaggiore.com\\\/notizie\\\/\",\"name\":\"Torremaggiore On Line\",\"description\":\"La Web Community di Torremaggiore\",\"publisher\":{\"@id\":\"https:\\\/\\\/www.torremaggiore.com\\\/notizie\\\/#organization\"},\"potentialAction\":[{\"@type\":\"SearchAction\",\"target\":{\"@type\":\"EntryPoint\",\"urlTemplate\":\"https:\\\/\\\/www.torremaggiore.com\\\/notizie\\\/?s={search_term_string}\"},\"query-input\":{\"@type\":\"PropertyValueSpecification\",\"valueRequired\":true,\"valueName\":\"search_term_string\"}}],\"inLanguage\":\"it-IT\"},{\"@type\":\"Organization\",\"@id\":\"https:\\\/\\\/www.torremaggiore.com\\\/notizie\\\/#organization\",\"name\":\"Torremaggiore On Line\",\"url\":\"https:\\\/\\\/www.torremaggiore.com\\\/notizie\\\/\",\"logo\":{\"@type\":\"ImageObject\",\"inLanguage\":\"it-IT\",\"@id\":\"https:\\\/\\\/www.torremaggiore.com\\\/notizie\\\/#\\\/schema\\\/logo\\\/image\\\/\",\"url\":\"https:\\\/\\\/www.torremaggiore.com\\\/notizie\\\/wp-content\\\/uploads\\\/2020\\\/03\\\/logo-tmol20.gif\",\"contentUrl\":\"https:\\\/\\\/www.torremaggiore.com\\\/notizie\\\/wp-content\\\/uploads\\\/2020\\\/03\\\/logo-tmol20.gif\",\"width\":260,\"height\":95,\"caption\":\"Torremaggiore On Line\"},\"image\":{\"@id\":\"https:\\\/\\\/www.torremaggiore.com\\\/notizie\\\/#\\\/schema\\\/logo\\\/image\\\/\"}},{\"@type\":\"Person\",\"@id\":\"https:\\\/\\\/www.torremaggiore.com\\\/notizie\\\/#\\\/schema\\\/person\\\/b789462c927517766c1bcfb452c8d85e\",\"name\":\"Staff\",\"image\":{\"@type\":\"ImageObject\",\"inLanguage\":\"it-IT\",\"@id\":\"https:\\\/\\\/secure.gravatar.com\\\/avatar\\\/fd311f248f82517b1efd21a54e666df2c5b705bb4a4fb804f3903c94be513fee?s=96&d=mm&r=g\",\"url\":\"https:\\\/\\\/secure.gravatar.com\\\/avatar\\\/fd311f248f82517b1efd21a54e666df2c5b705bb4a4fb804f3903c94be513fee?s=96&d=mm&r=g\",\"contentUrl\":\"https:\\\/\\\/secure.gravatar.com\\\/avatar\\\/fd311f248f82517b1efd21a54e666df2c5b705bb4a4fb804f3903c94be513fee?s=96&d=mm&r=g\",\"caption\":\"Staff\"},\"sameAs\":[\"https:\\\/\\\/www.micheleantonucci.it\"],\"url\":\"https:\\\/\\\/www.torremaggiore.com\\\/notizie\\\/author\\\/staff\\\/\"}]}<\/script>\n<!-- \/ Yoast SEO plugin. -->","yoast_head_json":{"title":"La Capitanata nel lungo Ottocento, studi in memoria di Marcello Ariano: appuntamento a Torremaggiore il 15 marzo 2025 alla BIST di Via Cairoli alle ore 18 per la presentazione - Torremaggiore On Line","description":"Appuntamento per gli appassionati di storia sabato 15 marzo. La BIST Biblioteca Storica di via Cairoli di Torremaggiore infatti sabato alle 18.00 ospiter\u00e0 la presentazione del volume \u201cLa Capitanata nel lungo Ottocento\u201d. La presentazione \u00e8 organizzata dal comitato di Foggia dell\u2019Istituto per la Storia del Risorgimento (Isri) e dall\u2019assessorato alla cultura del Comune di Torremaggiore. \u00a0","robots":{"index":"index","follow":"follow","max-snippet":"max-snippet:-1","max-image-preview":"max-image-preview:large","max-video-preview":"max-video-preview:-1"},"canonical":"https:\/\/www.torremaggiore.com\/notizie\/2025\/la-capitanata-nel-lungo-ottocento-studi-in-memoria-di-marcello-ariano-appuntamento-a-torremaggiore-il-15-marzo-2025-alla-bist-di-via-cairoli-alle-ore-18-per-la-presentazione\/","og_locale":"it_IT","og_type":"article","og_title":"La Capitanata nel lungo Ottocento, studi in memoria di Marcello Ariano: appuntamento a Torremaggiore il 15 marzo 2025 alla BIST di Via Cairoli alle ore 18 per la presentazione - Torremaggiore On Line","og_description":"Appuntamento per gli appassionati di storia sabato 15 marzo. La BIST Biblioteca Storica di via Cairoli di Torremaggiore infatti sabato alle 18.00 ospiter\u00e0 la presentazione del volume \u201cLa Capitanata nel lungo Ottocento\u201d. La presentazione \u00e8 organizzata dal comitato di Foggia dell\u2019Istituto per la Storia del Risorgimento (Isri) e dall\u2019assessorato alla cultura del Comune di Torremaggiore. \u00a0","og_url":"https:\/\/www.torremaggiore.com\/notizie\/2025\/la-capitanata-nel-lungo-ottocento-studi-in-memoria-di-marcello-ariano-appuntamento-a-torremaggiore-il-15-marzo-2025-alla-bist-di-via-cairoli-alle-ore-18-per-la-presentazione\/","og_site_name":"Torremaggiore On Line","article_published_time":"2025-03-13T13:47:40+00:00","article_modified_time":"2025-03-13T13:47:42+00:00","og_image":[{"width":585,"height":910,"url":"https:\/\/www.torremaggiore.com\/notizie\/wp-content\/uploads\/2025\/03\/bist-ariano-2025.jpg","type":"image\/jpeg"}],"author":"Staff","twitter_card":"summary_large_image","twitter_misc":{"Scritto da":"Staff","Tempo di lettura stimato":"3 minuti"},"schema":{"@context":"https:\/\/schema.org","@graph":[{"@type":"Article","@id":"https:\/\/www.torremaggiore.com\/notizie\/2025\/la-capitanata-nel-lungo-ottocento-studi-in-memoria-di-marcello-ariano-appuntamento-a-torremaggiore-il-15-marzo-2025-alla-bist-di-via-cairoli-alle-ore-18-per-la-presentazione\/#article","isPartOf":{"@id":"https:\/\/www.torremaggiore.com\/notizie\/2025\/la-capitanata-nel-lungo-ottocento-studi-in-memoria-di-marcello-ariano-appuntamento-a-torremaggiore-il-15-marzo-2025-alla-bist-di-via-cairoli-alle-ore-18-per-la-presentazione\/"},"author":{"name":"Staff","@id":"https:\/\/www.torremaggiore.com\/notizie\/#\/schema\/person\/b789462c927517766c1bcfb452c8d85e"},"headline":"La Capitanata nel lungo Ottocento, studi in memoria di Marcello Ariano: appuntamento a Torremaggiore il 15 marzo 2025 alla BIST di Via Cairoli alle ore 18 per la presentazione","datePublished":"2025-03-13T13:47:40+00:00","dateModified":"2025-03-13T13:47:42+00:00","mainEntityOfPage":{"@id":"https:\/\/www.torremaggiore.com\/notizie\/2025\/la-capitanata-nel-lungo-ottocento-studi-in-memoria-di-marcello-ariano-appuntamento-a-torremaggiore-il-15-marzo-2025-alla-bist-di-via-cairoli-alle-ore-18-per-la-presentazione\/"},"wordCount":474,"publisher":{"@id":"https:\/\/www.torremaggiore.com\/notizie\/#organization"},"image":{"@id":"https:\/\/www.torremaggiore.com\/notizie\/2025\/la-capitanata-nel-lungo-ottocento-studi-in-memoria-di-marcello-ariano-appuntamento-a-torremaggiore-il-15-marzo-2025-alla-bist-di-via-cairoli-alle-ore-18-per-la-presentazione\/#primaryimage"},"thumbnailUrl":"https:\/\/www.torremaggiore.com\/notizie\/wp-content\/uploads\/2025\/03\/bist-ariano-2025.jpg","keywords":["capitanata nel lungo ottocento","isri","istituto storia del risorgimento","MARCELLO ARIANO","torremaggiore"],"articleSection":["Appuntamenti","Prima Pagina"],"inLanguage":"it-IT"},{"@type":"WebPage","@id":"https:\/\/www.torremaggiore.com\/notizie\/2025\/la-capitanata-nel-lungo-ottocento-studi-in-memoria-di-marcello-ariano-appuntamento-a-torremaggiore-il-15-marzo-2025-alla-bist-di-via-cairoli-alle-ore-18-per-la-presentazione\/","url":"https:\/\/www.torremaggiore.com\/notizie\/2025\/la-capitanata-nel-lungo-ottocento-studi-in-memoria-di-marcello-ariano-appuntamento-a-torremaggiore-il-15-marzo-2025-alla-bist-di-via-cairoli-alle-ore-18-per-la-presentazione\/","name":"La Capitanata nel lungo Ottocento, studi in memoria di Marcello Ariano: appuntamento a Torremaggiore il 15 marzo 2025 alla BIST di Via Cairoli alle ore 18 per la presentazione - Torremaggiore On Line","isPartOf":{"@id":"https:\/\/www.torremaggiore.com\/notizie\/#website"},"primaryImageOfPage":{"@id":"https:\/\/www.torremaggiore.com\/notizie\/2025\/la-capitanata-nel-lungo-ottocento-studi-in-memoria-di-marcello-ariano-appuntamento-a-torremaggiore-il-15-marzo-2025-alla-bist-di-via-cairoli-alle-ore-18-per-la-presentazione\/#primaryimage"},"image":{"@id":"https:\/\/www.torremaggiore.com\/notizie\/2025\/la-capitanata-nel-lungo-ottocento-studi-in-memoria-di-marcello-ariano-appuntamento-a-torremaggiore-il-15-marzo-2025-alla-bist-di-via-cairoli-alle-ore-18-per-la-presentazione\/#primaryimage"},"thumbnailUrl":"https:\/\/www.torremaggiore.com\/notizie\/wp-content\/uploads\/2025\/03\/bist-ariano-2025.jpg","datePublished":"2025-03-13T13:47:40+00:00","dateModified":"2025-03-13T13:47:42+00:00","description":"Appuntamento per gli appassionati di storia sabato 15 marzo. La BIST Biblioteca Storica di via Cairoli di Torremaggiore infatti sabato alle 18.00 ospiter\u00e0 la presentazione del volume \u201cLa Capitanata nel lungo Ottocento\u201d. La presentazione \u00e8 organizzata dal comitato di Foggia dell\u2019Istituto per la Storia del Risorgimento (Isri) e dall\u2019assessorato alla cultura del Comune di Torremaggiore. \u00a0","breadcrumb":{"@id":"https:\/\/www.torremaggiore.com\/notizie\/2025\/la-capitanata-nel-lungo-ottocento-studi-in-memoria-di-marcello-ariano-appuntamento-a-torremaggiore-il-15-marzo-2025-alla-bist-di-via-cairoli-alle-ore-18-per-la-presentazione\/#breadcrumb"},"inLanguage":"it-IT","potentialAction":[{"@type":"ReadAction","target":["https:\/\/www.torremaggiore.com\/notizie\/2025\/la-capitanata-nel-lungo-ottocento-studi-in-memoria-di-marcello-ariano-appuntamento-a-torremaggiore-il-15-marzo-2025-alla-bist-di-via-cairoli-alle-ore-18-per-la-presentazione\/"]}]},{"@type":"ImageObject","inLanguage":"it-IT","@id":"https:\/\/www.torremaggiore.com\/notizie\/2025\/la-capitanata-nel-lungo-ottocento-studi-in-memoria-di-marcello-ariano-appuntamento-a-torremaggiore-il-15-marzo-2025-alla-bist-di-via-cairoli-alle-ore-18-per-la-presentazione\/#primaryimage","url":"https:\/\/www.torremaggiore.com\/notizie\/wp-content\/uploads\/2025\/03\/bist-ariano-2025.jpg","contentUrl":"https:\/\/www.torremaggiore.com\/notizie\/wp-content\/uploads\/2025\/03\/bist-ariano-2025.jpg","width":585,"height":910},{"@type":"BreadcrumbList","@id":"https:\/\/www.torremaggiore.com\/notizie\/2025\/la-capitanata-nel-lungo-ottocento-studi-in-memoria-di-marcello-ariano-appuntamento-a-torremaggiore-il-15-marzo-2025-alla-bist-di-via-cairoli-alle-ore-18-per-la-presentazione\/#breadcrumb","itemListElement":[{"@type":"ListItem","position":1,"name":"Home","item":"https:\/\/www.torremaggiore.com\/notizie\/"},{"@type":"ListItem","position":2,"name":"La Capitanata nel lungo Ottocento, studi in memoria di Marcello Ariano: appuntamento a Torremaggiore il 15 marzo 2025 alla BIST di Via Cairoli alle ore 18 per la presentazione"}]},{"@type":"WebSite","@id":"https:\/\/www.torremaggiore.com\/notizie\/#website","url":"https:\/\/www.torremaggiore.com\/notizie\/","name":"Torremaggiore On Line","description":"La Web Community di Torremaggiore","publisher":{"@id":"https:\/\/www.torremaggiore.com\/notizie\/#organization"},"potentialAction":[{"@type":"SearchAction","target":{"@type":"EntryPoint","urlTemplate":"https:\/\/www.torremaggiore.com\/notizie\/?s={search_term_string}"},"query-input":{"@type":"PropertyValueSpecification","valueRequired":true,"valueName":"search_term_string"}}],"inLanguage":"it-IT"},{"@type":"Organization","@id":"https:\/\/www.torremaggiore.com\/notizie\/#organization","name":"Torremaggiore On Line","url":"https:\/\/www.torremaggiore.com\/notizie\/","logo":{"@type":"ImageObject","inLanguage":"it-IT","@id":"https:\/\/www.torremaggiore.com\/notizie\/#\/schema\/logo\/image\/","url":"https:\/\/www.torremaggiore.com\/notizie\/wp-content\/uploads\/2020\/03\/logo-tmol20.gif","contentUrl":"https:\/\/www.torremaggiore.com\/notizie\/wp-content\/uploads\/2020\/03\/logo-tmol20.gif","width":260,"height":95,"caption":"Torremaggiore On Line"},"image":{"@id":"https:\/\/www.torremaggiore.com\/notizie\/#\/schema\/logo\/image\/"}},{"@type":"Person","@id":"https:\/\/www.torremaggiore.com\/notizie\/#\/schema\/person\/b789462c927517766c1bcfb452c8d85e","name":"Staff","image":{"@type":"ImageObject","inLanguage":"it-IT","@id":"https:\/\/secure.gravatar.com\/avatar\/fd311f248f82517b1efd21a54e666df2c5b705bb4a4fb804f3903c94be513fee?s=96&d=mm&r=g","url":"https:\/\/secure.gravatar.com\/avatar\/fd311f248f82517b1efd21a54e666df2c5b705bb4a4fb804f3903c94be513fee?s=96&d=mm&r=g","contentUrl":"https:\/\/secure.gravatar.com\/avatar\/fd311f248f82517b1efd21a54e666df2c5b705bb4a4fb804f3903c94be513fee?s=96&d=mm&r=g","caption":"Staff"},"sameAs":["https:\/\/www.micheleantonucci.it"],"url":"https:\/\/www.torremaggiore.com\/notizie\/author\/staff\/"}]}},"_links":{"self":[{"href":"https:\/\/www.torremaggiore.com\/notizie\/wp-json\/wp\/v2\/posts\/29996","targetHints":{"allow":["GET"]}}],"collection":[{"href":"https:\/\/www.torremaggiore.com\/notizie\/wp-json\/wp\/v2\/posts"}],"about":[{"href":"https:\/\/www.torremaggiore.com\/notizie\/wp-json\/wp\/v2\/types\/post"}],"author":[{"embeddable":true,"href":"https:\/\/www.torremaggiore.com\/notizie\/wp-json\/wp\/v2\/users\/2"}],"replies":[{"embeddable":true,"href":"https:\/\/www.torremaggiore.com\/notizie\/wp-json\/wp\/v2\/comments?post=29996"}],"version-history":[{"count":1,"href":"https:\/\/www.torremaggiore.com\/notizie\/wp-json\/wp\/v2\/posts\/29996\/revisions"}],"predecessor-version":[{"id":29998,"href":"https:\/\/www.torremaggiore.com\/notizie\/wp-json\/wp\/v2\/posts\/29996\/revisions\/29998"}],"wp:featuredmedia":[{"embeddable":true,"href":"https:\/\/www.torremaggiore.com\/notizie\/wp-json\/wp\/v2\/media\/29997"}],"wp:attachment":[{"href":"https:\/\/www.torremaggiore.com\/notizie\/wp-json\/wp\/v2\/media?parent=29996"}],"wp:term":[{"taxonomy":"category","embeddable":true,"href":"https:\/\/www.torremaggiore.com\/notizie\/wp-json\/wp\/v2\/categories?post=29996"},{"taxonomy":"post_tag","embeddable":true,"href":"https:\/\/www.torremaggiore.com\/notizie\/wp-json\/wp\/v2\/tags?post=29996"}],"curies":[{"name":"wp","href":"https:\/\/api.w.org\/{rel}","templated":true}]}}