{"id":2004,"date":"2012-10-02T09:02:19","date_gmt":"2012-10-02T07:02:19","guid":{"rendered":"http:\/\/www.torremaggiore.com\/notizie\/?p=2004"},"modified":"2012-10-07T17:01:12","modified_gmt":"2012-10-07T15:01:12","slug":"il-comune-di-torremaggiore-ha-rideterminato-le-aliquote-imu-sulla-prima-casa","status":"publish","type":"post","link":"https:\/\/www.torremaggiore.com\/notizie\/2012\/il-comune-di-torremaggiore-ha-rideterminato-le-aliquote-imu-sulla-prima-casa\/","title":{"rendered":"IMU sulla prima casa, il Comune di Torremaggiore ha rideterminato le aliquote"},"content":{"rendered":"<p><a href=\"http:\/\/www.torremaggiore.com\/notizie\/wp-content\/uploads\/2012\/08\/comune-tm-orologio.gif\"><img loading=\"lazy\" decoding=\"async\" class=\"aligncenter size-full wp-image-1782\" title=\"comune-tm-orologio\" src=\"http:\/\/www.torremaggiore.com\/notizie\/wp-content\/uploads\/2012\/08\/comune-tm-orologio.gif\" alt=\"\" width=\"357\" height=\"470\" srcset=\"https:\/\/www.torremaggiore.com\/notizie\/wp-content\/uploads\/2012\/08\/comune-tm-orologio.gif 357w, https:\/\/www.torremaggiore.com\/notizie\/wp-content\/uploads\/2012\/08\/comune-tm-orologio-227x300.gif 227w\" sizes=\"auto, (max-width: 357px) 100vw, 357px\" \/><\/a><\/p>\n<p>Nell\u2019ultimo consiglio comunale, la maggioranza di centrosinistra ha rideterminato le aliquote IMU, prevedendo un abbattimento dello 0,5% dell\u2019IMU sulla prima casa e mantenendo fede agli impegni presi in campagna elettorale. Di contro, evidentemente, sono state rideterminate le aliquote sulle abitazioni diverse dalla prima. A differenza del passato, si \u00e8 cercato di tenere distinte le attivit\u00e0 commerciali, gli uffici e le attivit\u00e0 artigiane: infatti, mentre nel passato erano assoggettate alle aliquote come seconde abitazioni, l\u2019attuale amministrazione ha voluto dare un segno differente, tenendo le aliquote un punto e mezzo al di sotto delle seconde abitazioni.<br \/>\nUn impegno che \u00e8 stato raggiunto grazie all\u2019insieme di norme emanate in materia di riduzione della spesa (delibera di giunta nr. 39) con le quali si stanno realizzando economie tali da consentire di coprire i tagli ai trasferimenti previsti dalla spending review (200.000 \u20ac) ma anche poter iniziare a rivedere e ridurre le tasse locali.<\/p>\n<p>Diventa stucchevole per\u00f2 assistere ad una opposizione che in aula propina ulteriori riduzioni di imposte, senza per\u00f2 spiegare in che modo far fronte alle minori entrate. Ancor pi\u00f9 stucchevole se si pensa che i quattro\/quinti dell\u2019opposizione sono membri dell\u2019Amministrazione Di Pumpo che nel 2005 promisero di rivedere le aliquote Ici fissate dal Commissario di allora (6 per mille sulla prima abitazione ) e rimandarono la promessa di anno in anno, senza mai farlo in cinque anni di amministrazione.<\/p>\n<p>In particolare gli attacchi pubblici di Monteleone (che ha partecipato all\u2019amministrazione Di Pumpo, anche se ora ha perso la memoria di quegli anni), ritiene che \u00e8 poco aver ridotto l\u2019IMU sulla prima abitazione, \u00e8 poco aver trovato ulteriori sconti sulle somme da versare per l\u2019area PEEP (determinate anche da lui nell\u2019amministrazione Di Pumpo), \u00e8 poco esser intervenuti sull\u2019arredo urbano, \u00e8 poco aver eliminato partecipazioni in societ\u00e0 e consorzi inattivi (qualcuno dell\u2019opposizione ha riconosciuto che questa maggioranza ha avuto il coraggio di fare ci\u00f2 che in passato non si \u00e8 riusciti a fare), \u00e8 poco aver realizzato la pesa pubblica, \u00e8 poco essere intervenuti su centri di costo che chi ha amministrato in passato o li ha creati, o li ha sopportati. E\u2019 poco persino che gli amministratori si sono ridotti il 25% del loro compenso.<\/p>\n<p>Senza parlare del lavoro fatto per ottimizzare la macchina amministrativa, dove \u00e8 difficile eliminare privilegi e posizioni consolidate nel tempo. Oppure senza citare l\u2019ottimo lavoro di controllo che stanno svolgendo i vigili urbani (Monteleone aveva detto che avrebbe pubblicamente riconosciuto il merito ai vigili, qualora avessero aumentato i controlli: siamo ancora in attesa dei suoi indispensabili apprezzamenti).<br \/>\nQuesta Amministrazione sta impiegando tutte le sue forze per rimettere in piedi un paese trovato allo sbando e cercando di dare risposte a problemi per troppi anni rimasti inevasi. \u201cSiamo quello che facciamo\u201d, per questo non abbiamo tempo per rincorrere inutili accuse, anche perch\u00e9 i cittadini ci giudicheranno per ci\u00f2 che facciamo, non per ci\u00f2 che diciamo. In questa ottica invitiamo tutta l\u2019opposizione, ma in particolare Monteleone, ad essere pi\u00f9 propositivo e meno polemico. La campagna elettorale \u00e8 finita da tempo.<\/p>\n<p>IL VICESINDACO IL SINDACO<\/p>\n<p>Enzo Quaranta Costanzo Di Iorio<\/p>\n<p>Comunicato Stampa Ufficiale Comune Torremaggiore (FG)<\/p>\n","protected":false},"excerpt":{"rendered":"<p>Nell\u2019ultimo consiglio comunale, la maggioranza di centrosinistra ha rideterminato le aliquote IMU, prevedendo un abbattimento<\/p>\n","protected":false},"author":2,"featured_media":0,"comment_status":"closed","ping_status":"open","sticky":false,"template":"","format":"standard","meta":{"footnotes":""},"categories":[4],"tags":[],"class_list":["post-2004","post","type-post","status-publish","format-standard","hentry","category-politica"],"yoast_head":"<!-- This site is optimized with the Yoast SEO plugin v27.4 - https:\/\/yoast.com\/product\/yoast-seo-wordpress\/ -->\n<title>IMU sulla prima casa, il Comune di Torremaggiore ha rideterminato le aliquote - Torremaggiore On Line<\/title>\n<meta name=\"robots\" content=\"index, follow, max-snippet:-1, max-image-preview:large, max-video-preview:-1\" \/>\n<link rel=\"canonical\" href=\"https:\/\/www.torremaggiore.com\/notizie\/2012\/il-comune-di-torremaggiore-ha-rideterminato-le-aliquote-imu-sulla-prima-casa\/\" \/>\n<meta property=\"og:locale\" content=\"it_IT\" \/>\n<meta property=\"og:type\" content=\"article\" \/>\n<meta property=\"og:title\" content=\"IMU sulla prima casa, il Comune di Torremaggiore ha rideterminato le aliquote - Torremaggiore On Line\" \/>\n<meta property=\"og:description\" content=\"Nell\u2019ultimo consiglio comunale, la maggioranza di centrosinistra ha rideterminato le aliquote IMU, prevedendo un abbattimento\" \/>\n<meta property=\"og:url\" content=\"https:\/\/www.torremaggiore.com\/notizie\/2012\/il-comune-di-torremaggiore-ha-rideterminato-le-aliquote-imu-sulla-prima-casa\/\" \/>\n<meta property=\"og:site_name\" content=\"Torremaggiore On Line\" \/>\n<meta property=\"article:published_time\" content=\"2012-10-02T07:02:19+00:00\" \/>\n<meta property=\"article:modified_time\" content=\"2012-10-07T15:01:12+00:00\" \/>\n<meta property=\"og:image\" content=\"http:\/\/www.torremaggiore.com\/notizie\/wp-content\/uploads\/2012\/08\/comune-tm-orologio.gif\" \/>\n<meta name=\"author\" content=\"Staff\" \/>\n<meta name=\"twitter:card\" content=\"summary_large_image\" \/>\n<meta name=\"twitter:label1\" content=\"Scritto da\" \/>\n\t<meta name=\"twitter:data1\" content=\"Staff\" \/>\n\t<meta name=\"twitter:label2\" content=\"Tempo di lettura stimato\" \/>\n\t<meta name=\"twitter:data2\" content=\"3 minuti\" \/>\n<script type=\"application\/ld+json\" class=\"yoast-schema-graph\">{\"@context\":\"https:\\\/\\\/schema.org\",\"@graph\":[{\"@type\":\"Article\",\"@id\":\"https:\\\/\\\/www.torremaggiore.com\\\/notizie\\\/2012\\\/il-comune-di-torremaggiore-ha-rideterminato-le-aliquote-imu-sulla-prima-casa\\\/#article\",\"isPartOf\":{\"@id\":\"https:\\\/\\\/www.torremaggiore.com\\\/notizie\\\/2012\\\/il-comune-di-torremaggiore-ha-rideterminato-le-aliquote-imu-sulla-prima-casa\\\/\"},\"author\":{\"name\":\"Staff\",\"@id\":\"https:\\\/\\\/www.torremaggiore.com\\\/notizie\\\/#\\\/schema\\\/person\\\/b789462c927517766c1bcfb452c8d85e\"},\"headline\":\"IMU sulla prima casa, il Comune di Torremaggiore ha rideterminato le aliquote\",\"datePublished\":\"2012-10-02T07:02:19+00:00\",\"dateModified\":\"2012-10-07T15:01:12+00:00\",\"mainEntityOfPage\":{\"@id\":\"https:\\\/\\\/www.torremaggiore.com\\\/notizie\\\/2012\\\/il-comune-di-torremaggiore-ha-rideterminato-le-aliquote-imu-sulla-prima-casa\\\/\"},\"wordCount\":523,\"publisher\":{\"@id\":\"https:\\\/\\\/www.torremaggiore.com\\\/notizie\\\/#organization\"},\"image\":{\"@id\":\"https:\\\/\\\/www.torremaggiore.com\\\/notizie\\\/2012\\\/il-comune-di-torremaggiore-ha-rideterminato-le-aliquote-imu-sulla-prima-casa\\\/#primaryimage\"},\"thumbnailUrl\":\"http:\\\/\\\/www.torremaggiore.com\\\/notizie\\\/wp-content\\\/uploads\\\/2012\\\/08\\\/comune-tm-orologio.gif\",\"articleSection\":[\"Politica\"],\"inLanguage\":\"it-IT\"},{\"@type\":\"WebPage\",\"@id\":\"https:\\\/\\\/www.torremaggiore.com\\\/notizie\\\/2012\\\/il-comune-di-torremaggiore-ha-rideterminato-le-aliquote-imu-sulla-prima-casa\\\/\",\"url\":\"https:\\\/\\\/www.torremaggiore.com\\\/notizie\\\/2012\\\/il-comune-di-torremaggiore-ha-rideterminato-le-aliquote-imu-sulla-prima-casa\\\/\",\"name\":\"IMU sulla prima casa, il Comune di Torremaggiore ha rideterminato le aliquote - Torremaggiore On Line\",\"isPartOf\":{\"@id\":\"https:\\\/\\\/www.torremaggiore.com\\\/notizie\\\/#website\"},\"primaryImageOfPage\":{\"@id\":\"https:\\\/\\\/www.torremaggiore.com\\\/notizie\\\/2012\\\/il-comune-di-torremaggiore-ha-rideterminato-le-aliquote-imu-sulla-prima-casa\\\/#primaryimage\"},\"image\":{\"@id\":\"https:\\\/\\\/www.torremaggiore.com\\\/notizie\\\/2012\\\/il-comune-di-torremaggiore-ha-rideterminato-le-aliquote-imu-sulla-prima-casa\\\/#primaryimage\"},\"thumbnailUrl\":\"http:\\\/\\\/www.torremaggiore.com\\\/notizie\\\/wp-content\\\/uploads\\\/2012\\\/08\\\/comune-tm-orologio.gif\",\"datePublished\":\"2012-10-02T07:02:19+00:00\",\"dateModified\":\"2012-10-07T15:01:12+00:00\",\"breadcrumb\":{\"@id\":\"https:\\\/\\\/www.torremaggiore.com\\\/notizie\\\/2012\\\/il-comune-di-torremaggiore-ha-rideterminato-le-aliquote-imu-sulla-prima-casa\\\/#breadcrumb\"},\"inLanguage\":\"it-IT\",\"potentialAction\":[{\"@type\":\"ReadAction\",\"target\":[\"https:\\\/\\\/www.torremaggiore.com\\\/notizie\\\/2012\\\/il-comune-di-torremaggiore-ha-rideterminato-le-aliquote-imu-sulla-prima-casa\\\/\"]}]},{\"@type\":\"ImageObject\",\"inLanguage\":\"it-IT\",\"@id\":\"https:\\\/\\\/www.torremaggiore.com\\\/notizie\\\/2012\\\/il-comune-di-torremaggiore-ha-rideterminato-le-aliquote-imu-sulla-prima-casa\\\/#primaryimage\",\"url\":\"http:\\\/\\\/www.torremaggiore.com\\\/notizie\\\/wp-content\\\/uploads\\\/2012\\\/08\\\/comune-tm-orologio.gif\",\"contentUrl\":\"http:\\\/\\\/www.torremaggiore.com\\\/notizie\\\/wp-content\\\/uploads\\\/2012\\\/08\\\/comune-tm-orologio.gif\"},{\"@type\":\"BreadcrumbList\",\"@id\":\"https:\\\/\\\/www.torremaggiore.com\\\/notizie\\\/2012\\\/il-comune-di-torremaggiore-ha-rideterminato-le-aliquote-imu-sulla-prima-casa\\\/#breadcrumb\",\"itemListElement\":[{\"@type\":\"ListItem\",\"position\":1,\"name\":\"Home\",\"item\":\"https:\\\/\\\/www.torremaggiore.com\\\/notizie\\\/\"},{\"@type\":\"ListItem\",\"position\":2,\"name\":\"IMU sulla prima casa, il Comune di Torremaggiore ha rideterminato le aliquote\"}]},{\"@type\":\"WebSite\",\"@id\":\"https:\\\/\\\/www.torremaggiore.com\\\/notizie\\\/#website\",\"url\":\"https:\\\/\\\/www.torremaggiore.com\\\/notizie\\\/\",\"name\":\"Torremaggiore On Line\",\"description\":\"La Web Community di Torremaggiore\",\"publisher\":{\"@id\":\"https:\\\/\\\/www.torremaggiore.com\\\/notizie\\\/#organization\"},\"potentialAction\":[{\"@type\":\"SearchAction\",\"target\":{\"@type\":\"EntryPoint\",\"urlTemplate\":\"https:\\\/\\\/www.torremaggiore.com\\\/notizie\\\/?s={search_term_string}\"},\"query-input\":{\"@type\":\"PropertyValueSpecification\",\"valueRequired\":true,\"valueName\":\"search_term_string\"}}],\"inLanguage\":\"it-IT\"},{\"@type\":\"Organization\",\"@id\":\"https:\\\/\\\/www.torremaggiore.com\\\/notizie\\\/#organization\",\"name\":\"Torremaggiore On Line\",\"url\":\"https:\\\/\\\/www.torremaggiore.com\\\/notizie\\\/\",\"logo\":{\"@type\":\"ImageObject\",\"inLanguage\":\"it-IT\",\"@id\":\"https:\\\/\\\/www.torremaggiore.com\\\/notizie\\\/#\\\/schema\\\/logo\\\/image\\\/\",\"url\":\"https:\\\/\\\/www.torremaggiore.com\\\/notizie\\\/wp-content\\\/uploads\\\/2020\\\/03\\\/logo-tmol20.gif\",\"contentUrl\":\"https:\\\/\\\/www.torremaggiore.com\\\/notizie\\\/wp-content\\\/uploads\\\/2020\\\/03\\\/logo-tmol20.gif\",\"width\":260,\"height\":95,\"caption\":\"Torremaggiore On Line\"},\"image\":{\"@id\":\"https:\\\/\\\/www.torremaggiore.com\\\/notizie\\\/#\\\/schema\\\/logo\\\/image\\\/\"}},{\"@type\":\"Person\",\"@id\":\"https:\\\/\\\/www.torremaggiore.com\\\/notizie\\\/#\\\/schema\\\/person\\\/b789462c927517766c1bcfb452c8d85e\",\"name\":\"Staff\",\"image\":{\"@type\":\"ImageObject\",\"inLanguage\":\"it-IT\",\"@id\":\"https:\\\/\\\/secure.gravatar.com\\\/avatar\\\/fd311f248f82517b1efd21a54e666df2c5b705bb4a4fb804f3903c94be513fee?s=96&d=mm&r=g\",\"url\":\"https:\\\/\\\/secure.gravatar.com\\\/avatar\\\/fd311f248f82517b1efd21a54e666df2c5b705bb4a4fb804f3903c94be513fee?s=96&d=mm&r=g\",\"contentUrl\":\"https:\\\/\\\/secure.gravatar.com\\\/avatar\\\/fd311f248f82517b1efd21a54e666df2c5b705bb4a4fb804f3903c94be513fee?s=96&d=mm&r=g\",\"caption\":\"Staff\"},\"sameAs\":[\"https:\\\/\\\/www.micheleantonucci.it\"],\"url\":\"https:\\\/\\\/www.torremaggiore.com\\\/notizie\\\/author\\\/staff\\\/\"}]}<\/script>\n<!-- \/ Yoast SEO plugin. -->","yoast_head_json":{"title":"IMU sulla prima casa, il Comune di Torremaggiore ha rideterminato le aliquote - Torremaggiore On Line","robots":{"index":"index","follow":"follow","max-snippet":"max-snippet:-1","max-image-preview":"max-image-preview:large","max-video-preview":"max-video-preview:-1"},"canonical":"https:\/\/www.torremaggiore.com\/notizie\/2012\/il-comune-di-torremaggiore-ha-rideterminato-le-aliquote-imu-sulla-prima-casa\/","og_locale":"it_IT","og_type":"article","og_title":"IMU sulla prima casa, il Comune di Torremaggiore ha rideterminato le aliquote - Torremaggiore On Line","og_description":"Nell\u2019ultimo consiglio comunale, la maggioranza di centrosinistra ha rideterminato le aliquote IMU, prevedendo un abbattimento","og_url":"https:\/\/www.torremaggiore.com\/notizie\/2012\/il-comune-di-torremaggiore-ha-rideterminato-le-aliquote-imu-sulla-prima-casa\/","og_site_name":"Torremaggiore On Line","article_published_time":"2012-10-02T07:02:19+00:00","article_modified_time":"2012-10-07T15:01:12+00:00","og_image":[{"url":"http:\/\/www.torremaggiore.com\/notizie\/wp-content\/uploads\/2012\/08\/comune-tm-orologio.gif","type":"","width":"","height":""}],"author":"Staff","twitter_card":"summary_large_image","twitter_misc":{"Scritto da":"Staff","Tempo di lettura stimato":"3 minuti"},"schema":{"@context":"https:\/\/schema.org","@graph":[{"@type":"Article","@id":"https:\/\/www.torremaggiore.com\/notizie\/2012\/il-comune-di-torremaggiore-ha-rideterminato-le-aliquote-imu-sulla-prima-casa\/#article","isPartOf":{"@id":"https:\/\/www.torremaggiore.com\/notizie\/2012\/il-comune-di-torremaggiore-ha-rideterminato-le-aliquote-imu-sulla-prima-casa\/"},"author":{"name":"Staff","@id":"https:\/\/www.torremaggiore.com\/notizie\/#\/schema\/person\/b789462c927517766c1bcfb452c8d85e"},"headline":"IMU sulla prima casa, il Comune di Torremaggiore ha rideterminato le aliquote","datePublished":"2012-10-02T07:02:19+00:00","dateModified":"2012-10-07T15:01:12+00:00","mainEntityOfPage":{"@id":"https:\/\/www.torremaggiore.com\/notizie\/2012\/il-comune-di-torremaggiore-ha-rideterminato-le-aliquote-imu-sulla-prima-casa\/"},"wordCount":523,"publisher":{"@id":"https:\/\/www.torremaggiore.com\/notizie\/#organization"},"image":{"@id":"https:\/\/www.torremaggiore.com\/notizie\/2012\/il-comune-di-torremaggiore-ha-rideterminato-le-aliquote-imu-sulla-prima-casa\/#primaryimage"},"thumbnailUrl":"http:\/\/www.torremaggiore.com\/notizie\/wp-content\/uploads\/2012\/08\/comune-tm-orologio.gif","articleSection":["Politica"],"inLanguage":"it-IT"},{"@type":"WebPage","@id":"https:\/\/www.torremaggiore.com\/notizie\/2012\/il-comune-di-torremaggiore-ha-rideterminato-le-aliquote-imu-sulla-prima-casa\/","url":"https:\/\/www.torremaggiore.com\/notizie\/2012\/il-comune-di-torremaggiore-ha-rideterminato-le-aliquote-imu-sulla-prima-casa\/","name":"IMU sulla prima casa, il Comune di Torremaggiore ha rideterminato le aliquote - Torremaggiore On Line","isPartOf":{"@id":"https:\/\/www.torremaggiore.com\/notizie\/#website"},"primaryImageOfPage":{"@id":"https:\/\/www.torremaggiore.com\/notizie\/2012\/il-comune-di-torremaggiore-ha-rideterminato-le-aliquote-imu-sulla-prima-casa\/#primaryimage"},"image":{"@id":"https:\/\/www.torremaggiore.com\/notizie\/2012\/il-comune-di-torremaggiore-ha-rideterminato-le-aliquote-imu-sulla-prima-casa\/#primaryimage"},"thumbnailUrl":"http:\/\/www.torremaggiore.com\/notizie\/wp-content\/uploads\/2012\/08\/comune-tm-orologio.gif","datePublished":"2012-10-02T07:02:19+00:00","dateModified":"2012-10-07T15:01:12+00:00","breadcrumb":{"@id":"https:\/\/www.torremaggiore.com\/notizie\/2012\/il-comune-di-torremaggiore-ha-rideterminato-le-aliquote-imu-sulla-prima-casa\/#breadcrumb"},"inLanguage":"it-IT","potentialAction":[{"@type":"ReadAction","target":["https:\/\/www.torremaggiore.com\/notizie\/2012\/il-comune-di-torremaggiore-ha-rideterminato-le-aliquote-imu-sulla-prima-casa\/"]}]},{"@type":"ImageObject","inLanguage":"it-IT","@id":"https:\/\/www.torremaggiore.com\/notizie\/2012\/il-comune-di-torremaggiore-ha-rideterminato-le-aliquote-imu-sulla-prima-casa\/#primaryimage","url":"http:\/\/www.torremaggiore.com\/notizie\/wp-content\/uploads\/2012\/08\/comune-tm-orologio.gif","contentUrl":"http:\/\/www.torremaggiore.com\/notizie\/wp-content\/uploads\/2012\/08\/comune-tm-orologio.gif"},{"@type":"BreadcrumbList","@id":"https:\/\/www.torremaggiore.com\/notizie\/2012\/il-comune-di-torremaggiore-ha-rideterminato-le-aliquote-imu-sulla-prima-casa\/#breadcrumb","itemListElement":[{"@type":"ListItem","position":1,"name":"Home","item":"https:\/\/www.torremaggiore.com\/notizie\/"},{"@type":"ListItem","position":2,"name":"IMU sulla prima casa, il Comune di Torremaggiore ha rideterminato le aliquote"}]},{"@type":"WebSite","@id":"https:\/\/www.torremaggiore.com\/notizie\/#website","url":"https:\/\/www.torremaggiore.com\/notizie\/","name":"Torremaggiore On Line","description":"La Web Community di Torremaggiore","publisher":{"@id":"https:\/\/www.torremaggiore.com\/notizie\/#organization"},"potentialAction":[{"@type":"SearchAction","target":{"@type":"EntryPoint","urlTemplate":"https:\/\/www.torremaggiore.com\/notizie\/?s={search_term_string}"},"query-input":{"@type":"PropertyValueSpecification","valueRequired":true,"valueName":"search_term_string"}}],"inLanguage":"it-IT"},{"@type":"Organization","@id":"https:\/\/www.torremaggiore.com\/notizie\/#organization","name":"Torremaggiore On Line","url":"https:\/\/www.torremaggiore.com\/notizie\/","logo":{"@type":"ImageObject","inLanguage":"it-IT","@id":"https:\/\/www.torremaggiore.com\/notizie\/#\/schema\/logo\/image\/","url":"https:\/\/www.torremaggiore.com\/notizie\/wp-content\/uploads\/2020\/03\/logo-tmol20.gif","contentUrl":"https:\/\/www.torremaggiore.com\/notizie\/wp-content\/uploads\/2020\/03\/logo-tmol20.gif","width":260,"height":95,"caption":"Torremaggiore On Line"},"image":{"@id":"https:\/\/www.torremaggiore.com\/notizie\/#\/schema\/logo\/image\/"}},{"@type":"Person","@id":"https:\/\/www.torremaggiore.com\/notizie\/#\/schema\/person\/b789462c927517766c1bcfb452c8d85e","name":"Staff","image":{"@type":"ImageObject","inLanguage":"it-IT","@id":"https:\/\/secure.gravatar.com\/avatar\/fd311f248f82517b1efd21a54e666df2c5b705bb4a4fb804f3903c94be513fee?s=96&d=mm&r=g","url":"https:\/\/secure.gravatar.com\/avatar\/fd311f248f82517b1efd21a54e666df2c5b705bb4a4fb804f3903c94be513fee?s=96&d=mm&r=g","contentUrl":"https:\/\/secure.gravatar.com\/avatar\/fd311f248f82517b1efd21a54e666df2c5b705bb4a4fb804f3903c94be513fee?s=96&d=mm&r=g","caption":"Staff"},"sameAs":["https:\/\/www.micheleantonucci.it"],"url":"https:\/\/www.torremaggiore.com\/notizie\/author\/staff\/"}]}},"_links":{"self":[{"href":"https:\/\/www.torremaggiore.com\/notizie\/wp-json\/wp\/v2\/posts\/2004","targetHints":{"allow":["GET"]}}],"collection":[{"href":"https:\/\/www.torremaggiore.com\/notizie\/wp-json\/wp\/v2\/posts"}],"about":[{"href":"https:\/\/www.torremaggiore.com\/notizie\/wp-json\/wp\/v2\/types\/post"}],"author":[{"embeddable":true,"href":"https:\/\/www.torremaggiore.com\/notizie\/wp-json\/wp\/v2\/users\/2"}],"replies":[{"embeddable":true,"href":"https:\/\/www.torremaggiore.com\/notizie\/wp-json\/wp\/v2\/comments?post=2004"}],"version-history":[{"count":0,"href":"https:\/\/www.torremaggiore.com\/notizie\/wp-json\/wp\/v2\/posts\/2004\/revisions"}],"wp:attachment":[{"href":"https:\/\/www.torremaggiore.com\/notizie\/wp-json\/wp\/v2\/media?parent=2004"}],"wp:term":[{"taxonomy":"category","embeddable":true,"href":"https:\/\/www.torremaggiore.com\/notizie\/wp-json\/wp\/v2\/categories?post=2004"},{"taxonomy":"post_tag","embeddable":true,"href":"https:\/\/www.torremaggiore.com\/notizie\/wp-json\/wp\/v2\/tags?post=2004"}],"curies":[{"name":"wp","href":"https:\/\/api.w.org\/{rel}","templated":true}]}}