{"id":1720,"date":"2012-07-14T13:21:17","date_gmt":"2012-07-14T13:21:17","guid":{"rendered":"http:\/\/www.torremaggiore.com\/notizie\/?p=1720"},"modified":"2012-07-14T13:23:49","modified_gmt":"2012-07-14T13:23:49","slug":"rubavano-attrezzature-edili-nel-cimitero-di-torremaggiore-arrestati-due-giovani-dai-carabinieri","status":"publish","type":"post","link":"https:\/\/www.torremaggiore.com\/notizie\/2012\/rubavano-attrezzature-edili-nel-cimitero-di-torremaggiore-arrestati-due-giovani-dai-carabinieri\/","title":{"rendered":"Rubavano attrezzature edili nel cimitero di Torremaggiore: arrestati due giovani dai Carabinieri"},"content":{"rendered":"<p><img decoding=\"async\" src=\"http:\/\/www.dauniacom.it\/wp-content\/uploads\/2011\/12\/alfa-159-cc-arresto.gif\" alt=\"null\" \/><\/p>\n<p>Apprendiamo dal <a href=\"http:\/\/www.corrieredelmezzogiorno.it\" target=\"_blank\">Corriere del Mezzogiorno<\/a>, dall&#8217;articolo del giornalista Luca Pernice che i carabinieri di San Severo hanno arrestato in flagranza di reato per furto aggravato i fratelli Costantino e Michele Teo Giagnorio di 20 e 26 anni. I due sono stati sorpresi all\u2019interno del cimitero di Torremaggiore mentre stavano scappando dopo aver caricato su un\u2019Ape Piaggio rubata impalcature e attrezzature edili di propriet\u00e0 di due ditte impiegate in una serie di lavori di ristrutturazione presso il camposanto. Uno dei due \u00e8 stato bloccato immediatamente mentre il fratello maggiore \u00e8 stato raggiunto nella sua abitazione: alla vista dei militari Michele Teo Giagnorio ha tentato la fuga attraverso il tetto dell\u2019abitazione dove \u00e8 stato raggiunto dai carabinieri.<\/p>\n<figure id=\"attachment_783\" aria-describedby=\"caption-attachment-783\" style=\"width: 375px\" class=\"wp-caption aligncenter\"><a href=\"http:\/\/www.torremaggiore.com\/notizie\/wp-content\/uploads\/2011\/12\/caserma-cc-torremaggiore1.jpg\"><img loading=\"lazy\" decoding=\"async\" class=\" wp-image-783 \" title=\"caserma-cc-torremaggiore\" src=\"http:\/\/www.torremaggiore.com\/notizie\/wp-content\/uploads\/2011\/12\/caserma-cc-torremaggiore1.jpg\" alt=\"Comando Stazione Carabinieri Torremaggiore (Fg) - www.torremaggiore.com -\" width=\"375\" height=\"280\" srcset=\"https:\/\/www.torremaggiore.com\/notizie\/wp-content\/uploads\/2011\/12\/caserma-cc-torremaggiore1.jpg 536w, https:\/\/www.torremaggiore.com\/notizie\/wp-content\/uploads\/2011\/12\/caserma-cc-torremaggiore1-300x223.jpg 300w\" sizes=\"auto, (max-width: 375px) 100vw, 375px\" \/><\/a><figcaption id=\"caption-attachment-783\" class=\"wp-caption-text\">Comando Stazione Carabinieri Torremaggiore (Fg) &#8211; www.torremaggiore.com &#8211;<\/figcaption><\/figure>\n","protected":false},"excerpt":{"rendered":"<p>Apprendiamo dal Corriere del Mezzogiorno, dall&#8217;articolo del giornalista Luca Pernice che i carabinieri di San<\/p>\n","protected":false},"author":2,"featured_media":0,"comment_status":"closed","ping_status":"open","sticky":false,"template":"","format":"standard","meta":{"footnotes":""},"categories":[5,250],"tags":[],"class_list":["post-1720","post","type-post","status-publish","format-standard","hentry","category-cronaca","category-prima-pagina"],"yoast_head":"<!-- This site is optimized with the Yoast SEO plugin v27.4 - https:\/\/yoast.com\/product\/yoast-seo-wordpress\/ -->\n<title>Rubavano attrezzature edili nel cimitero di Torremaggiore: arrestati due giovani dai Carabinieri - Torremaggiore On Line<\/title>\n<meta name=\"robots\" content=\"index, follow, max-snippet:-1, max-image-preview:large, max-video-preview:-1\" \/>\n<link rel=\"canonical\" href=\"https:\/\/www.torremaggiore.com\/notizie\/2012\/rubavano-attrezzature-edili-nel-cimitero-di-torremaggiore-arrestati-due-giovani-dai-carabinieri\/\" \/>\n<meta property=\"og:locale\" content=\"it_IT\" \/>\n<meta property=\"og:type\" content=\"article\" \/>\n<meta property=\"og:title\" content=\"Rubavano attrezzature edili nel cimitero di Torremaggiore: arrestati due giovani dai Carabinieri - Torremaggiore On Line\" \/>\n<meta property=\"og:description\" content=\"Apprendiamo dal Corriere del Mezzogiorno, dall&#8217;articolo del giornalista Luca Pernice che i carabinieri di San\" \/>\n<meta property=\"og:url\" content=\"https:\/\/www.torremaggiore.com\/notizie\/2012\/rubavano-attrezzature-edili-nel-cimitero-di-torremaggiore-arrestati-due-giovani-dai-carabinieri\/\" \/>\n<meta property=\"og:site_name\" content=\"Torremaggiore On Line\" \/>\n<meta property=\"article:published_time\" content=\"2012-07-14T13:21:17+00:00\" \/>\n<meta property=\"article:modified_time\" content=\"2012-07-14T13:23:49+00:00\" \/>\n<meta property=\"og:image\" content=\"http:\/\/www.dauniacom.it\/wp-content\/uploads\/2011\/12\/alfa-159-cc-arresto.gif\" \/>\n<meta name=\"author\" content=\"Staff\" \/>\n<meta name=\"twitter:card\" content=\"summary_large_image\" \/>\n<meta name=\"twitter:label1\" content=\"Scritto da\" \/>\n\t<meta name=\"twitter:data1\" content=\"Staff\" \/>\n\t<meta name=\"twitter:label2\" content=\"Tempo di lettura stimato\" \/>\n\t<meta name=\"twitter:data2\" content=\"1 minuto\" \/>\n<script type=\"application\/ld+json\" class=\"yoast-schema-graph\">{\"@context\":\"https:\\\/\\\/schema.org\",\"@graph\":[{\"@type\":\"Article\",\"@id\":\"https:\\\/\\\/www.torremaggiore.com\\\/notizie\\\/2012\\\/rubavano-attrezzature-edili-nel-cimitero-di-torremaggiore-arrestati-due-giovani-dai-carabinieri\\\/#article\",\"isPartOf\":{\"@id\":\"https:\\\/\\\/www.torremaggiore.com\\\/notizie\\\/2012\\\/rubavano-attrezzature-edili-nel-cimitero-di-torremaggiore-arrestati-due-giovani-dai-carabinieri\\\/\"},\"author\":{\"name\":\"Staff\",\"@id\":\"https:\\\/\\\/www.torremaggiore.com\\\/notizie\\\/#\\\/schema\\\/person\\\/b789462c927517766c1bcfb452c8d85e\"},\"headline\":\"Rubavano attrezzature edili nel cimitero di Torremaggiore: arrestati due giovani dai Carabinieri\",\"datePublished\":\"2012-07-14T13:21:17+00:00\",\"dateModified\":\"2012-07-14T13:23:49+00:00\",\"mainEntityOfPage\":{\"@id\":\"https:\\\/\\\/www.torremaggiore.com\\\/notizie\\\/2012\\\/rubavano-attrezzature-edili-nel-cimitero-di-torremaggiore-arrestati-due-giovani-dai-carabinieri\\\/\"},\"wordCount\":143,\"publisher\":{\"@id\":\"https:\\\/\\\/www.torremaggiore.com\\\/notizie\\\/#organization\"},\"image\":{\"@id\":\"https:\\\/\\\/www.torremaggiore.com\\\/notizie\\\/2012\\\/rubavano-attrezzature-edili-nel-cimitero-di-torremaggiore-arrestati-due-giovani-dai-carabinieri\\\/#primaryimage\"},\"thumbnailUrl\":\"http:\\\/\\\/www.dauniacom.it\\\/wp-content\\\/uploads\\\/2011\\\/12\\\/alfa-159-cc-arresto.gif\",\"articleSection\":[\"Cronaca\",\"Prima Pagina\"],\"inLanguage\":\"it-IT\"},{\"@type\":\"WebPage\",\"@id\":\"https:\\\/\\\/www.torremaggiore.com\\\/notizie\\\/2012\\\/rubavano-attrezzature-edili-nel-cimitero-di-torremaggiore-arrestati-due-giovani-dai-carabinieri\\\/\",\"url\":\"https:\\\/\\\/www.torremaggiore.com\\\/notizie\\\/2012\\\/rubavano-attrezzature-edili-nel-cimitero-di-torremaggiore-arrestati-due-giovani-dai-carabinieri\\\/\",\"name\":\"Rubavano attrezzature edili nel cimitero di Torremaggiore: arrestati due giovani dai Carabinieri - Torremaggiore On Line\",\"isPartOf\":{\"@id\":\"https:\\\/\\\/www.torremaggiore.com\\\/notizie\\\/#website\"},\"primaryImageOfPage\":{\"@id\":\"https:\\\/\\\/www.torremaggiore.com\\\/notizie\\\/2012\\\/rubavano-attrezzature-edili-nel-cimitero-di-torremaggiore-arrestati-due-giovani-dai-carabinieri\\\/#primaryimage\"},\"image\":{\"@id\":\"https:\\\/\\\/www.torremaggiore.com\\\/notizie\\\/2012\\\/rubavano-attrezzature-edili-nel-cimitero-di-torremaggiore-arrestati-due-giovani-dai-carabinieri\\\/#primaryimage\"},\"thumbnailUrl\":\"http:\\\/\\\/www.dauniacom.it\\\/wp-content\\\/uploads\\\/2011\\\/12\\\/alfa-159-cc-arresto.gif\",\"datePublished\":\"2012-07-14T13:21:17+00:00\",\"dateModified\":\"2012-07-14T13:23:49+00:00\",\"breadcrumb\":{\"@id\":\"https:\\\/\\\/www.torremaggiore.com\\\/notizie\\\/2012\\\/rubavano-attrezzature-edili-nel-cimitero-di-torremaggiore-arrestati-due-giovani-dai-carabinieri\\\/#breadcrumb\"},\"inLanguage\":\"it-IT\",\"potentialAction\":[{\"@type\":\"ReadAction\",\"target\":[\"https:\\\/\\\/www.torremaggiore.com\\\/notizie\\\/2012\\\/rubavano-attrezzature-edili-nel-cimitero-di-torremaggiore-arrestati-due-giovani-dai-carabinieri\\\/\"]}]},{\"@type\":\"ImageObject\",\"inLanguage\":\"it-IT\",\"@id\":\"https:\\\/\\\/www.torremaggiore.com\\\/notizie\\\/2012\\\/rubavano-attrezzature-edili-nel-cimitero-di-torremaggiore-arrestati-due-giovani-dai-carabinieri\\\/#primaryimage\",\"url\":\"http:\\\/\\\/www.dauniacom.it\\\/wp-content\\\/uploads\\\/2011\\\/12\\\/alfa-159-cc-arresto.gif\",\"contentUrl\":\"http:\\\/\\\/www.dauniacom.it\\\/wp-content\\\/uploads\\\/2011\\\/12\\\/alfa-159-cc-arresto.gif\"},{\"@type\":\"BreadcrumbList\",\"@id\":\"https:\\\/\\\/www.torremaggiore.com\\\/notizie\\\/2012\\\/rubavano-attrezzature-edili-nel-cimitero-di-torremaggiore-arrestati-due-giovani-dai-carabinieri\\\/#breadcrumb\",\"itemListElement\":[{\"@type\":\"ListItem\",\"position\":1,\"name\":\"Home\",\"item\":\"https:\\\/\\\/www.torremaggiore.com\\\/notizie\\\/\"},{\"@type\":\"ListItem\",\"position\":2,\"name\":\"Rubavano attrezzature edili nel cimitero di Torremaggiore: arrestati due giovani dai Carabinieri\"}]},{\"@type\":\"WebSite\",\"@id\":\"https:\\\/\\\/www.torremaggiore.com\\\/notizie\\\/#website\",\"url\":\"https:\\\/\\\/www.torremaggiore.com\\\/notizie\\\/\",\"name\":\"Torremaggiore On Line\",\"description\":\"La Web Community di Torremaggiore\",\"publisher\":{\"@id\":\"https:\\\/\\\/www.torremaggiore.com\\\/notizie\\\/#organization\"},\"potentialAction\":[{\"@type\":\"SearchAction\",\"target\":{\"@type\":\"EntryPoint\",\"urlTemplate\":\"https:\\\/\\\/www.torremaggiore.com\\\/notizie\\\/?s={search_term_string}\"},\"query-input\":{\"@type\":\"PropertyValueSpecification\",\"valueRequired\":true,\"valueName\":\"search_term_string\"}}],\"inLanguage\":\"it-IT\"},{\"@type\":\"Organization\",\"@id\":\"https:\\\/\\\/www.torremaggiore.com\\\/notizie\\\/#organization\",\"name\":\"Torremaggiore On Line\",\"url\":\"https:\\\/\\\/www.torremaggiore.com\\\/notizie\\\/\",\"logo\":{\"@type\":\"ImageObject\",\"inLanguage\":\"it-IT\",\"@id\":\"https:\\\/\\\/www.torremaggiore.com\\\/notizie\\\/#\\\/schema\\\/logo\\\/image\\\/\",\"url\":\"https:\\\/\\\/www.torremaggiore.com\\\/notizie\\\/wp-content\\\/uploads\\\/2020\\\/03\\\/logo-tmol20.gif\",\"contentUrl\":\"https:\\\/\\\/www.torremaggiore.com\\\/notizie\\\/wp-content\\\/uploads\\\/2020\\\/03\\\/logo-tmol20.gif\",\"width\":260,\"height\":95,\"caption\":\"Torremaggiore On Line\"},\"image\":{\"@id\":\"https:\\\/\\\/www.torremaggiore.com\\\/notizie\\\/#\\\/schema\\\/logo\\\/image\\\/\"}},{\"@type\":\"Person\",\"@id\":\"https:\\\/\\\/www.torremaggiore.com\\\/notizie\\\/#\\\/schema\\\/person\\\/b789462c927517766c1bcfb452c8d85e\",\"name\":\"Staff\",\"image\":{\"@type\":\"ImageObject\",\"inLanguage\":\"it-IT\",\"@id\":\"https:\\\/\\\/secure.gravatar.com\\\/avatar\\\/fd311f248f82517b1efd21a54e666df2c5b705bb4a4fb804f3903c94be513fee?s=96&d=mm&r=g\",\"url\":\"https:\\\/\\\/secure.gravatar.com\\\/avatar\\\/fd311f248f82517b1efd21a54e666df2c5b705bb4a4fb804f3903c94be513fee?s=96&d=mm&r=g\",\"contentUrl\":\"https:\\\/\\\/secure.gravatar.com\\\/avatar\\\/fd311f248f82517b1efd21a54e666df2c5b705bb4a4fb804f3903c94be513fee?s=96&d=mm&r=g\",\"caption\":\"Staff\"},\"sameAs\":[\"https:\\\/\\\/www.micheleantonucci.it\"],\"url\":\"https:\\\/\\\/www.torremaggiore.com\\\/notizie\\\/author\\\/staff\\\/\"}]}<\/script>\n<!-- \/ Yoast SEO plugin. -->","yoast_head_json":{"title":"Rubavano attrezzature edili nel cimitero di Torremaggiore: arrestati due giovani dai Carabinieri - Torremaggiore On Line","robots":{"index":"index","follow":"follow","max-snippet":"max-snippet:-1","max-image-preview":"max-image-preview:large","max-video-preview":"max-video-preview:-1"},"canonical":"https:\/\/www.torremaggiore.com\/notizie\/2012\/rubavano-attrezzature-edili-nel-cimitero-di-torremaggiore-arrestati-due-giovani-dai-carabinieri\/","og_locale":"it_IT","og_type":"article","og_title":"Rubavano attrezzature edili nel cimitero di Torremaggiore: arrestati due giovani dai Carabinieri - Torremaggiore On Line","og_description":"Apprendiamo dal Corriere del Mezzogiorno, dall&#8217;articolo del giornalista Luca Pernice che i carabinieri di San","og_url":"https:\/\/www.torremaggiore.com\/notizie\/2012\/rubavano-attrezzature-edili-nel-cimitero-di-torremaggiore-arrestati-due-giovani-dai-carabinieri\/","og_site_name":"Torremaggiore On Line","article_published_time":"2012-07-14T13:21:17+00:00","article_modified_time":"2012-07-14T13:23:49+00:00","og_image":[{"url":"http:\/\/www.dauniacom.it\/wp-content\/uploads\/2011\/12\/alfa-159-cc-arresto.gif","type":"","width":"","height":""}],"author":"Staff","twitter_card":"summary_large_image","twitter_misc":{"Scritto da":"Staff","Tempo di lettura stimato":"1 minuto"},"schema":{"@context":"https:\/\/schema.org","@graph":[{"@type":"Article","@id":"https:\/\/www.torremaggiore.com\/notizie\/2012\/rubavano-attrezzature-edili-nel-cimitero-di-torremaggiore-arrestati-due-giovani-dai-carabinieri\/#article","isPartOf":{"@id":"https:\/\/www.torremaggiore.com\/notizie\/2012\/rubavano-attrezzature-edili-nel-cimitero-di-torremaggiore-arrestati-due-giovani-dai-carabinieri\/"},"author":{"name":"Staff","@id":"https:\/\/www.torremaggiore.com\/notizie\/#\/schema\/person\/b789462c927517766c1bcfb452c8d85e"},"headline":"Rubavano attrezzature edili nel cimitero di Torremaggiore: arrestati due giovani dai Carabinieri","datePublished":"2012-07-14T13:21:17+00:00","dateModified":"2012-07-14T13:23:49+00:00","mainEntityOfPage":{"@id":"https:\/\/www.torremaggiore.com\/notizie\/2012\/rubavano-attrezzature-edili-nel-cimitero-di-torremaggiore-arrestati-due-giovani-dai-carabinieri\/"},"wordCount":143,"publisher":{"@id":"https:\/\/www.torremaggiore.com\/notizie\/#organization"},"image":{"@id":"https:\/\/www.torremaggiore.com\/notizie\/2012\/rubavano-attrezzature-edili-nel-cimitero-di-torremaggiore-arrestati-due-giovani-dai-carabinieri\/#primaryimage"},"thumbnailUrl":"http:\/\/www.dauniacom.it\/wp-content\/uploads\/2011\/12\/alfa-159-cc-arresto.gif","articleSection":["Cronaca","Prima Pagina"],"inLanguage":"it-IT"},{"@type":"WebPage","@id":"https:\/\/www.torremaggiore.com\/notizie\/2012\/rubavano-attrezzature-edili-nel-cimitero-di-torremaggiore-arrestati-due-giovani-dai-carabinieri\/","url":"https:\/\/www.torremaggiore.com\/notizie\/2012\/rubavano-attrezzature-edili-nel-cimitero-di-torremaggiore-arrestati-due-giovani-dai-carabinieri\/","name":"Rubavano attrezzature edili nel cimitero di Torremaggiore: arrestati due giovani dai Carabinieri - Torremaggiore On Line","isPartOf":{"@id":"https:\/\/www.torremaggiore.com\/notizie\/#website"},"primaryImageOfPage":{"@id":"https:\/\/www.torremaggiore.com\/notizie\/2012\/rubavano-attrezzature-edili-nel-cimitero-di-torremaggiore-arrestati-due-giovani-dai-carabinieri\/#primaryimage"},"image":{"@id":"https:\/\/www.torremaggiore.com\/notizie\/2012\/rubavano-attrezzature-edili-nel-cimitero-di-torremaggiore-arrestati-due-giovani-dai-carabinieri\/#primaryimage"},"thumbnailUrl":"http:\/\/www.dauniacom.it\/wp-content\/uploads\/2011\/12\/alfa-159-cc-arresto.gif","datePublished":"2012-07-14T13:21:17+00:00","dateModified":"2012-07-14T13:23:49+00:00","breadcrumb":{"@id":"https:\/\/www.torremaggiore.com\/notizie\/2012\/rubavano-attrezzature-edili-nel-cimitero-di-torremaggiore-arrestati-due-giovani-dai-carabinieri\/#breadcrumb"},"inLanguage":"it-IT","potentialAction":[{"@type":"ReadAction","target":["https:\/\/www.torremaggiore.com\/notizie\/2012\/rubavano-attrezzature-edili-nel-cimitero-di-torremaggiore-arrestati-due-giovani-dai-carabinieri\/"]}]},{"@type":"ImageObject","inLanguage":"it-IT","@id":"https:\/\/www.torremaggiore.com\/notizie\/2012\/rubavano-attrezzature-edili-nel-cimitero-di-torremaggiore-arrestati-due-giovani-dai-carabinieri\/#primaryimage","url":"http:\/\/www.dauniacom.it\/wp-content\/uploads\/2011\/12\/alfa-159-cc-arresto.gif","contentUrl":"http:\/\/www.dauniacom.it\/wp-content\/uploads\/2011\/12\/alfa-159-cc-arresto.gif"},{"@type":"BreadcrumbList","@id":"https:\/\/www.torremaggiore.com\/notizie\/2012\/rubavano-attrezzature-edili-nel-cimitero-di-torremaggiore-arrestati-due-giovani-dai-carabinieri\/#breadcrumb","itemListElement":[{"@type":"ListItem","position":1,"name":"Home","item":"https:\/\/www.torremaggiore.com\/notizie\/"},{"@type":"ListItem","position":2,"name":"Rubavano attrezzature edili nel cimitero di Torremaggiore: arrestati due giovani dai Carabinieri"}]},{"@type":"WebSite","@id":"https:\/\/www.torremaggiore.com\/notizie\/#website","url":"https:\/\/www.torremaggiore.com\/notizie\/","name":"Torremaggiore On Line","description":"La Web Community di Torremaggiore","publisher":{"@id":"https:\/\/www.torremaggiore.com\/notizie\/#organization"},"potentialAction":[{"@type":"SearchAction","target":{"@type":"EntryPoint","urlTemplate":"https:\/\/www.torremaggiore.com\/notizie\/?s={search_term_string}"},"query-input":{"@type":"PropertyValueSpecification","valueRequired":true,"valueName":"search_term_string"}}],"inLanguage":"it-IT"},{"@type":"Organization","@id":"https:\/\/www.torremaggiore.com\/notizie\/#organization","name":"Torremaggiore On Line","url":"https:\/\/www.torremaggiore.com\/notizie\/","logo":{"@type":"ImageObject","inLanguage":"it-IT","@id":"https:\/\/www.torremaggiore.com\/notizie\/#\/schema\/logo\/image\/","url":"https:\/\/www.torremaggiore.com\/notizie\/wp-content\/uploads\/2020\/03\/logo-tmol20.gif","contentUrl":"https:\/\/www.torremaggiore.com\/notizie\/wp-content\/uploads\/2020\/03\/logo-tmol20.gif","width":260,"height":95,"caption":"Torremaggiore On Line"},"image":{"@id":"https:\/\/www.torremaggiore.com\/notizie\/#\/schema\/logo\/image\/"}},{"@type":"Person","@id":"https:\/\/www.torremaggiore.com\/notizie\/#\/schema\/person\/b789462c927517766c1bcfb452c8d85e","name":"Staff","image":{"@type":"ImageObject","inLanguage":"it-IT","@id":"https:\/\/secure.gravatar.com\/avatar\/fd311f248f82517b1efd21a54e666df2c5b705bb4a4fb804f3903c94be513fee?s=96&d=mm&r=g","url":"https:\/\/secure.gravatar.com\/avatar\/fd311f248f82517b1efd21a54e666df2c5b705bb4a4fb804f3903c94be513fee?s=96&d=mm&r=g","contentUrl":"https:\/\/secure.gravatar.com\/avatar\/fd311f248f82517b1efd21a54e666df2c5b705bb4a4fb804f3903c94be513fee?s=96&d=mm&r=g","caption":"Staff"},"sameAs":["https:\/\/www.micheleantonucci.it"],"url":"https:\/\/www.torremaggiore.com\/notizie\/author\/staff\/"}]}},"_links":{"self":[{"href":"https:\/\/www.torremaggiore.com\/notizie\/wp-json\/wp\/v2\/posts\/1720","targetHints":{"allow":["GET"]}}],"collection":[{"href":"https:\/\/www.torremaggiore.com\/notizie\/wp-json\/wp\/v2\/posts"}],"about":[{"href":"https:\/\/www.torremaggiore.com\/notizie\/wp-json\/wp\/v2\/types\/post"}],"author":[{"embeddable":true,"href":"https:\/\/www.torremaggiore.com\/notizie\/wp-json\/wp\/v2\/users\/2"}],"replies":[{"embeddable":true,"href":"https:\/\/www.torremaggiore.com\/notizie\/wp-json\/wp\/v2\/comments?post=1720"}],"version-history":[{"count":0,"href":"https:\/\/www.torremaggiore.com\/notizie\/wp-json\/wp\/v2\/posts\/1720\/revisions"}],"wp:attachment":[{"href":"https:\/\/www.torremaggiore.com\/notizie\/wp-json\/wp\/v2\/media?parent=1720"}],"wp:term":[{"taxonomy":"category","embeddable":true,"href":"https:\/\/www.torremaggiore.com\/notizie\/wp-json\/wp\/v2\/categories?post=1720"},{"taxonomy":"post_tag","embeddable":true,"href":"https:\/\/www.torremaggiore.com\/notizie\/wp-json\/wp\/v2\/tags?post=1720"}],"curies":[{"name":"wp","href":"https:\/\/api.w.org\/{rel}","templated":true}]}}