{"id":1618,"date":"2012-06-13T17:28:31","date_gmt":"2012-06-13T17:28:31","guid":{"rendered":"http:\/\/www.torremaggiore.com\/notizie\/?p=1618"},"modified":"2012-06-13T17:29:54","modified_gmt":"2012-06-13T17:29:54","slug":"ludcap-torremaggiore-interviene-sulla-composizione-della-nuova-giunta-comunale","status":"publish","type":"post","link":"https:\/\/www.torremaggiore.com\/notizie\/2012\/ludcap-torremaggiore-interviene-sulla-composizione-della-nuova-giunta-comunale\/","title":{"rendered":"UdiCap Torremaggiore interviene sulla composizione della nuova giunta comunale Di Iorio"},"content":{"rendered":"<p>Segue comunicato stampa ufficiale dell&#8217;Unione di Capitanata&#8221; Sezione \u201cAldo Fantauzzi\u201d di Torremaggiore; la responsabilit\u00e0 del contenuto \u00e8 ESCLUSIVAMENTE dell&#8217;autore.<\/p>\n<p><a href=\"http:\/\/www.torremaggiore.com\/notizie\/?attachment_id=1516\" rel=\"attachment wp-att-1516\"><img loading=\"lazy\" decoding=\"async\" src=\"http:\/\/www.dauniacom.it\/wp-content\/uploads\/Unione-di-Capitanata.jpg\" alt=\"\" title=\"Unione-di-Capitanata\" width=\"310\" height=\"250\" class=\"aligncenter size-full wp-image-1516\" \/><\/a><\/p>\n<p><strong>LA NUOVA GIUNTA COMUNALE? SE IL BUON GIORNO SI VEDE AL MATTINO!<\/strong><\/p>\n<p>La prima impressione che si ricava dalla composizione della nuova Giunta di Centro-Sinistra al nostro Comune e da come il Sindaco Di Iorio sta affrontando questa prima fase istituzionale non \u00e8 certamente positiva.<br \/>\nAltro che esaustiva e brillante, come dice il Sindaco nel suo comunicato pubblico.<br \/>\nLa festa della Madonna della Fontana a Torino, la festa della Repubblica e la festa del nostro patrono San Sabino hanno gi\u00e0 reso soddisfatto del proprio operato  il nostro Sindaco, che sembra gi\u00e0 affaticato, figuriamoci quando comincer\u00e0 ad affrontare i veri problemi di gestione del Comune che, inevitabilmente, richiederanno un forte impegno, tanta energia e soprattutto tantissimo tempo di fattiva presenza fisica da dedicare al servizio della Citt\u00e0.<br \/>\nPur nel dovuto rispetto degli attuali Assessori nominati dal Sindaco ed  a cui facciamo gli Auguri di buon lavoro, non possiamo non manifestare dubbi sulle sue contemperate scelte di rinnovamento, esperienza e competenza fatte, anche per quanto concerne la necessaria componente femminile, imposta dall\u2019attuale normativa in materia.<br \/>\nPer quanto concerne i tempi di composizione della squadra di governo cittadino, definiti celeri e mai verificatesi in passato, non si illuda il Sindaco, si informi bene, poich\u00e9 altri hanno fatto molto meglio; infatti, il Sindaco Di Pumpo ha nominato la sua Giunta dopo appena una settimana dalla sua proclamazione.<br \/>\nCi lascia perplessi, infine, l\u2019eccessivo ed incomprensibile spacchettamento di alcune deleghe assessorili, che creer\u00e0 grande confusione di ruoli tra gli stessi Assessori  ed imporr\u00e0 una complicata nuova organizzazione dei Servizi.<br \/>\nAuguri Sindaco! Parliamo adesso di cose importanti per Torremaggiore e di programma amministrativo, dato che  I PRIMI CENTO GIORNI DA TE PROMESSI PASSANO IN FRETTA!<\/p>\n<p><strong>I Consiglieri comunali ed il Coordinamento  dell\u2019Unione di Capitanata di Torremaggiore<\/strong><\/p>\n","protected":false},"excerpt":{"rendered":"<p>Segue comunicato stampa ufficiale dell&#8217;Unione di Capitanata&#8221; Sezione \u201cAldo Fantauzzi\u201d di Torremaggiore; la responsabilit\u00e0 del<\/p>\n","protected":false},"author":2,"featured_media":0,"comment_status":"closed","ping_status":"open","sticky":false,"template":"","format":"standard","meta":{"footnotes":""},"categories":[4,250],"tags":[],"class_list":["post-1618","post","type-post","status-publish","format-standard","hentry","category-politica","category-prima-pagina"],"yoast_head":"<!-- This site is optimized with the Yoast SEO plugin v27.4 - https:\/\/yoast.com\/product\/yoast-seo-wordpress\/ -->\n<title>UdiCap Torremaggiore interviene sulla composizione della nuova giunta comunale Di Iorio - Torremaggiore On Line<\/title>\n<meta name=\"robots\" content=\"index, follow, max-snippet:-1, max-image-preview:large, max-video-preview:-1\" \/>\n<link rel=\"canonical\" href=\"https:\/\/www.torremaggiore.com\/notizie\/2012\/ludcap-torremaggiore-interviene-sulla-composizione-della-nuova-giunta-comunale\/\" \/>\n<meta property=\"og:locale\" content=\"it_IT\" \/>\n<meta property=\"og:type\" content=\"article\" \/>\n<meta property=\"og:title\" content=\"UdiCap Torremaggiore interviene sulla composizione della nuova giunta comunale Di Iorio - Torremaggiore On Line\" \/>\n<meta property=\"og:description\" content=\"Segue comunicato stampa ufficiale dell&#8217;Unione di Capitanata&#8221; Sezione \u201cAldo Fantauzzi\u201d di Torremaggiore; la responsabilit\u00e0 del\" \/>\n<meta property=\"og:url\" content=\"https:\/\/www.torremaggiore.com\/notizie\/2012\/ludcap-torremaggiore-interviene-sulla-composizione-della-nuova-giunta-comunale\/\" \/>\n<meta property=\"og:site_name\" content=\"Torremaggiore On Line\" \/>\n<meta property=\"article:published_time\" content=\"2012-06-13T17:28:31+00:00\" \/>\n<meta property=\"article:modified_time\" content=\"2012-06-13T17:29:54+00:00\" \/>\n<meta property=\"og:image\" content=\"http:\/\/www.dauniacom.it\/wp-content\/uploads\/Unione-di-Capitanata.jpg\" \/>\n<meta name=\"author\" content=\"Staff\" \/>\n<meta name=\"twitter:card\" content=\"summary_large_image\" \/>\n<meta name=\"twitter:label1\" content=\"Scritto da\" \/>\n\t<meta name=\"twitter:data1\" content=\"Staff\" \/>\n\t<meta name=\"twitter:label2\" content=\"Tempo di lettura stimato\" \/>\n\t<meta name=\"twitter:data2\" content=\"2 minuti\" \/>\n<script type=\"application\/ld+json\" class=\"yoast-schema-graph\">{\"@context\":\"https:\\\/\\\/schema.org\",\"@graph\":[{\"@type\":\"Article\",\"@id\":\"https:\\\/\\\/www.torremaggiore.com\\\/notizie\\\/2012\\\/ludcap-torremaggiore-interviene-sulla-composizione-della-nuova-giunta-comunale\\\/#article\",\"isPartOf\":{\"@id\":\"https:\\\/\\\/www.torremaggiore.com\\\/notizie\\\/2012\\\/ludcap-torremaggiore-interviene-sulla-composizione-della-nuova-giunta-comunale\\\/\"},\"author\":{\"name\":\"Staff\",\"@id\":\"https:\\\/\\\/www.torremaggiore.com\\\/notizie\\\/#\\\/schema\\\/person\\\/b789462c927517766c1bcfb452c8d85e\"},\"headline\":\"UdiCap Torremaggiore interviene sulla composizione della nuova giunta comunale Di Iorio\",\"datePublished\":\"2012-06-13T17:28:31+00:00\",\"dateModified\":\"2012-06-13T17:29:54+00:00\",\"mainEntityOfPage\":{\"@id\":\"https:\\\/\\\/www.torremaggiore.com\\\/notizie\\\/2012\\\/ludcap-torremaggiore-interviene-sulla-composizione-della-nuova-giunta-comunale\\\/\"},\"wordCount\":322,\"publisher\":{\"@id\":\"https:\\\/\\\/www.torremaggiore.com\\\/notizie\\\/#organization\"},\"image\":{\"@id\":\"https:\\\/\\\/www.torremaggiore.com\\\/notizie\\\/2012\\\/ludcap-torremaggiore-interviene-sulla-composizione-della-nuova-giunta-comunale\\\/#primaryimage\"},\"thumbnailUrl\":\"http:\\\/\\\/www.dauniacom.it\\\/wp-content\\\/uploads\\\/Unione-di-Capitanata.jpg\",\"articleSection\":[\"Politica\",\"Prima Pagina\"],\"inLanguage\":\"it-IT\"},{\"@type\":\"WebPage\",\"@id\":\"https:\\\/\\\/www.torremaggiore.com\\\/notizie\\\/2012\\\/ludcap-torremaggiore-interviene-sulla-composizione-della-nuova-giunta-comunale\\\/\",\"url\":\"https:\\\/\\\/www.torremaggiore.com\\\/notizie\\\/2012\\\/ludcap-torremaggiore-interviene-sulla-composizione-della-nuova-giunta-comunale\\\/\",\"name\":\"UdiCap Torremaggiore interviene sulla composizione della nuova giunta comunale Di Iorio - Torremaggiore On Line\",\"isPartOf\":{\"@id\":\"https:\\\/\\\/www.torremaggiore.com\\\/notizie\\\/#website\"},\"primaryImageOfPage\":{\"@id\":\"https:\\\/\\\/www.torremaggiore.com\\\/notizie\\\/2012\\\/ludcap-torremaggiore-interviene-sulla-composizione-della-nuova-giunta-comunale\\\/#primaryimage\"},\"image\":{\"@id\":\"https:\\\/\\\/www.torremaggiore.com\\\/notizie\\\/2012\\\/ludcap-torremaggiore-interviene-sulla-composizione-della-nuova-giunta-comunale\\\/#primaryimage\"},\"thumbnailUrl\":\"http:\\\/\\\/www.dauniacom.it\\\/wp-content\\\/uploads\\\/Unione-di-Capitanata.jpg\",\"datePublished\":\"2012-06-13T17:28:31+00:00\",\"dateModified\":\"2012-06-13T17:29:54+00:00\",\"breadcrumb\":{\"@id\":\"https:\\\/\\\/www.torremaggiore.com\\\/notizie\\\/2012\\\/ludcap-torremaggiore-interviene-sulla-composizione-della-nuova-giunta-comunale\\\/#breadcrumb\"},\"inLanguage\":\"it-IT\",\"potentialAction\":[{\"@type\":\"ReadAction\",\"target\":[\"https:\\\/\\\/www.torremaggiore.com\\\/notizie\\\/2012\\\/ludcap-torremaggiore-interviene-sulla-composizione-della-nuova-giunta-comunale\\\/\"]}]},{\"@type\":\"ImageObject\",\"inLanguage\":\"it-IT\",\"@id\":\"https:\\\/\\\/www.torremaggiore.com\\\/notizie\\\/2012\\\/ludcap-torremaggiore-interviene-sulla-composizione-della-nuova-giunta-comunale\\\/#primaryimage\",\"url\":\"http:\\\/\\\/www.dauniacom.it\\\/wp-content\\\/uploads\\\/Unione-di-Capitanata.jpg\",\"contentUrl\":\"http:\\\/\\\/www.dauniacom.it\\\/wp-content\\\/uploads\\\/Unione-di-Capitanata.jpg\"},{\"@type\":\"BreadcrumbList\",\"@id\":\"https:\\\/\\\/www.torremaggiore.com\\\/notizie\\\/2012\\\/ludcap-torremaggiore-interviene-sulla-composizione-della-nuova-giunta-comunale\\\/#breadcrumb\",\"itemListElement\":[{\"@type\":\"ListItem\",\"position\":1,\"name\":\"Home\",\"item\":\"https:\\\/\\\/www.torremaggiore.com\\\/notizie\\\/\"},{\"@type\":\"ListItem\",\"position\":2,\"name\":\"UdiCap Torremaggiore interviene sulla composizione della nuova giunta comunale Di Iorio\"}]},{\"@type\":\"WebSite\",\"@id\":\"https:\\\/\\\/www.torremaggiore.com\\\/notizie\\\/#website\",\"url\":\"https:\\\/\\\/www.torremaggiore.com\\\/notizie\\\/\",\"name\":\"Torremaggiore On Line\",\"description\":\"La Web Community di Torremaggiore\",\"publisher\":{\"@id\":\"https:\\\/\\\/www.torremaggiore.com\\\/notizie\\\/#organization\"},\"potentialAction\":[{\"@type\":\"SearchAction\",\"target\":{\"@type\":\"EntryPoint\",\"urlTemplate\":\"https:\\\/\\\/www.torremaggiore.com\\\/notizie\\\/?s={search_term_string}\"},\"query-input\":{\"@type\":\"PropertyValueSpecification\",\"valueRequired\":true,\"valueName\":\"search_term_string\"}}],\"inLanguage\":\"it-IT\"},{\"@type\":\"Organization\",\"@id\":\"https:\\\/\\\/www.torremaggiore.com\\\/notizie\\\/#organization\",\"name\":\"Torremaggiore On Line\",\"url\":\"https:\\\/\\\/www.torremaggiore.com\\\/notizie\\\/\",\"logo\":{\"@type\":\"ImageObject\",\"inLanguage\":\"it-IT\",\"@id\":\"https:\\\/\\\/www.torremaggiore.com\\\/notizie\\\/#\\\/schema\\\/logo\\\/image\\\/\",\"url\":\"https:\\\/\\\/www.torremaggiore.com\\\/notizie\\\/wp-content\\\/uploads\\\/2020\\\/03\\\/logo-tmol20.gif\",\"contentUrl\":\"https:\\\/\\\/www.torremaggiore.com\\\/notizie\\\/wp-content\\\/uploads\\\/2020\\\/03\\\/logo-tmol20.gif\",\"width\":260,\"height\":95,\"caption\":\"Torremaggiore On Line\"},\"image\":{\"@id\":\"https:\\\/\\\/www.torremaggiore.com\\\/notizie\\\/#\\\/schema\\\/logo\\\/image\\\/\"}},{\"@type\":\"Person\",\"@id\":\"https:\\\/\\\/www.torremaggiore.com\\\/notizie\\\/#\\\/schema\\\/person\\\/b789462c927517766c1bcfb452c8d85e\",\"name\":\"Staff\",\"image\":{\"@type\":\"ImageObject\",\"inLanguage\":\"it-IT\",\"@id\":\"https:\\\/\\\/secure.gravatar.com\\\/avatar\\\/fd311f248f82517b1efd21a54e666df2c5b705bb4a4fb804f3903c94be513fee?s=96&d=mm&r=g\",\"url\":\"https:\\\/\\\/secure.gravatar.com\\\/avatar\\\/fd311f248f82517b1efd21a54e666df2c5b705bb4a4fb804f3903c94be513fee?s=96&d=mm&r=g\",\"contentUrl\":\"https:\\\/\\\/secure.gravatar.com\\\/avatar\\\/fd311f248f82517b1efd21a54e666df2c5b705bb4a4fb804f3903c94be513fee?s=96&d=mm&r=g\",\"caption\":\"Staff\"},\"sameAs\":[\"https:\\\/\\\/www.micheleantonucci.it\"],\"url\":\"https:\\\/\\\/www.torremaggiore.com\\\/notizie\\\/author\\\/staff\\\/\"}]}<\/script>\n<!-- \/ Yoast SEO plugin. -->","yoast_head_json":{"title":"UdiCap Torremaggiore interviene sulla composizione della nuova giunta comunale Di Iorio - Torremaggiore On Line","robots":{"index":"index","follow":"follow","max-snippet":"max-snippet:-1","max-image-preview":"max-image-preview:large","max-video-preview":"max-video-preview:-1"},"canonical":"https:\/\/www.torremaggiore.com\/notizie\/2012\/ludcap-torremaggiore-interviene-sulla-composizione-della-nuova-giunta-comunale\/","og_locale":"it_IT","og_type":"article","og_title":"UdiCap Torremaggiore interviene sulla composizione della nuova giunta comunale Di Iorio - Torremaggiore On Line","og_description":"Segue comunicato stampa ufficiale dell&#8217;Unione di Capitanata&#8221; Sezione \u201cAldo Fantauzzi\u201d di Torremaggiore; la responsabilit\u00e0 del","og_url":"https:\/\/www.torremaggiore.com\/notizie\/2012\/ludcap-torremaggiore-interviene-sulla-composizione-della-nuova-giunta-comunale\/","og_site_name":"Torremaggiore On Line","article_published_time":"2012-06-13T17:28:31+00:00","article_modified_time":"2012-06-13T17:29:54+00:00","og_image":[{"url":"http:\/\/www.dauniacom.it\/wp-content\/uploads\/Unione-di-Capitanata.jpg","type":"","width":"","height":""}],"author":"Staff","twitter_card":"summary_large_image","twitter_misc":{"Scritto da":"Staff","Tempo di lettura stimato":"2 minuti"},"schema":{"@context":"https:\/\/schema.org","@graph":[{"@type":"Article","@id":"https:\/\/www.torremaggiore.com\/notizie\/2012\/ludcap-torremaggiore-interviene-sulla-composizione-della-nuova-giunta-comunale\/#article","isPartOf":{"@id":"https:\/\/www.torremaggiore.com\/notizie\/2012\/ludcap-torremaggiore-interviene-sulla-composizione-della-nuova-giunta-comunale\/"},"author":{"name":"Staff","@id":"https:\/\/www.torremaggiore.com\/notizie\/#\/schema\/person\/b789462c927517766c1bcfb452c8d85e"},"headline":"UdiCap Torremaggiore interviene sulla composizione della nuova giunta comunale Di Iorio","datePublished":"2012-06-13T17:28:31+00:00","dateModified":"2012-06-13T17:29:54+00:00","mainEntityOfPage":{"@id":"https:\/\/www.torremaggiore.com\/notizie\/2012\/ludcap-torremaggiore-interviene-sulla-composizione-della-nuova-giunta-comunale\/"},"wordCount":322,"publisher":{"@id":"https:\/\/www.torremaggiore.com\/notizie\/#organization"},"image":{"@id":"https:\/\/www.torremaggiore.com\/notizie\/2012\/ludcap-torremaggiore-interviene-sulla-composizione-della-nuova-giunta-comunale\/#primaryimage"},"thumbnailUrl":"http:\/\/www.dauniacom.it\/wp-content\/uploads\/Unione-di-Capitanata.jpg","articleSection":["Politica","Prima Pagina"],"inLanguage":"it-IT"},{"@type":"WebPage","@id":"https:\/\/www.torremaggiore.com\/notizie\/2012\/ludcap-torremaggiore-interviene-sulla-composizione-della-nuova-giunta-comunale\/","url":"https:\/\/www.torremaggiore.com\/notizie\/2012\/ludcap-torremaggiore-interviene-sulla-composizione-della-nuova-giunta-comunale\/","name":"UdiCap Torremaggiore interviene sulla composizione della nuova giunta comunale Di Iorio - Torremaggiore On Line","isPartOf":{"@id":"https:\/\/www.torremaggiore.com\/notizie\/#website"},"primaryImageOfPage":{"@id":"https:\/\/www.torremaggiore.com\/notizie\/2012\/ludcap-torremaggiore-interviene-sulla-composizione-della-nuova-giunta-comunale\/#primaryimage"},"image":{"@id":"https:\/\/www.torremaggiore.com\/notizie\/2012\/ludcap-torremaggiore-interviene-sulla-composizione-della-nuova-giunta-comunale\/#primaryimage"},"thumbnailUrl":"http:\/\/www.dauniacom.it\/wp-content\/uploads\/Unione-di-Capitanata.jpg","datePublished":"2012-06-13T17:28:31+00:00","dateModified":"2012-06-13T17:29:54+00:00","breadcrumb":{"@id":"https:\/\/www.torremaggiore.com\/notizie\/2012\/ludcap-torremaggiore-interviene-sulla-composizione-della-nuova-giunta-comunale\/#breadcrumb"},"inLanguage":"it-IT","potentialAction":[{"@type":"ReadAction","target":["https:\/\/www.torremaggiore.com\/notizie\/2012\/ludcap-torremaggiore-interviene-sulla-composizione-della-nuova-giunta-comunale\/"]}]},{"@type":"ImageObject","inLanguage":"it-IT","@id":"https:\/\/www.torremaggiore.com\/notizie\/2012\/ludcap-torremaggiore-interviene-sulla-composizione-della-nuova-giunta-comunale\/#primaryimage","url":"http:\/\/www.dauniacom.it\/wp-content\/uploads\/Unione-di-Capitanata.jpg","contentUrl":"http:\/\/www.dauniacom.it\/wp-content\/uploads\/Unione-di-Capitanata.jpg"},{"@type":"BreadcrumbList","@id":"https:\/\/www.torremaggiore.com\/notizie\/2012\/ludcap-torremaggiore-interviene-sulla-composizione-della-nuova-giunta-comunale\/#breadcrumb","itemListElement":[{"@type":"ListItem","position":1,"name":"Home","item":"https:\/\/www.torremaggiore.com\/notizie\/"},{"@type":"ListItem","position":2,"name":"UdiCap Torremaggiore interviene sulla composizione della nuova giunta comunale Di Iorio"}]},{"@type":"WebSite","@id":"https:\/\/www.torremaggiore.com\/notizie\/#website","url":"https:\/\/www.torremaggiore.com\/notizie\/","name":"Torremaggiore On Line","description":"La Web Community di Torremaggiore","publisher":{"@id":"https:\/\/www.torremaggiore.com\/notizie\/#organization"},"potentialAction":[{"@type":"SearchAction","target":{"@type":"EntryPoint","urlTemplate":"https:\/\/www.torremaggiore.com\/notizie\/?s={search_term_string}"},"query-input":{"@type":"PropertyValueSpecification","valueRequired":true,"valueName":"search_term_string"}}],"inLanguage":"it-IT"},{"@type":"Organization","@id":"https:\/\/www.torremaggiore.com\/notizie\/#organization","name":"Torremaggiore On Line","url":"https:\/\/www.torremaggiore.com\/notizie\/","logo":{"@type":"ImageObject","inLanguage":"it-IT","@id":"https:\/\/www.torremaggiore.com\/notizie\/#\/schema\/logo\/image\/","url":"https:\/\/www.torremaggiore.com\/notizie\/wp-content\/uploads\/2020\/03\/logo-tmol20.gif","contentUrl":"https:\/\/www.torremaggiore.com\/notizie\/wp-content\/uploads\/2020\/03\/logo-tmol20.gif","width":260,"height":95,"caption":"Torremaggiore On Line"},"image":{"@id":"https:\/\/www.torremaggiore.com\/notizie\/#\/schema\/logo\/image\/"}},{"@type":"Person","@id":"https:\/\/www.torremaggiore.com\/notizie\/#\/schema\/person\/b789462c927517766c1bcfb452c8d85e","name":"Staff","image":{"@type":"ImageObject","inLanguage":"it-IT","@id":"https:\/\/secure.gravatar.com\/avatar\/fd311f248f82517b1efd21a54e666df2c5b705bb4a4fb804f3903c94be513fee?s=96&d=mm&r=g","url":"https:\/\/secure.gravatar.com\/avatar\/fd311f248f82517b1efd21a54e666df2c5b705bb4a4fb804f3903c94be513fee?s=96&d=mm&r=g","contentUrl":"https:\/\/secure.gravatar.com\/avatar\/fd311f248f82517b1efd21a54e666df2c5b705bb4a4fb804f3903c94be513fee?s=96&d=mm&r=g","caption":"Staff"},"sameAs":["https:\/\/www.micheleantonucci.it"],"url":"https:\/\/www.torremaggiore.com\/notizie\/author\/staff\/"}]}},"_links":{"self":[{"href":"https:\/\/www.torremaggiore.com\/notizie\/wp-json\/wp\/v2\/posts\/1618","targetHints":{"allow":["GET"]}}],"collection":[{"href":"https:\/\/www.torremaggiore.com\/notizie\/wp-json\/wp\/v2\/posts"}],"about":[{"href":"https:\/\/www.torremaggiore.com\/notizie\/wp-json\/wp\/v2\/types\/post"}],"author":[{"embeddable":true,"href":"https:\/\/www.torremaggiore.com\/notizie\/wp-json\/wp\/v2\/users\/2"}],"replies":[{"embeddable":true,"href":"https:\/\/www.torremaggiore.com\/notizie\/wp-json\/wp\/v2\/comments?post=1618"}],"version-history":[{"count":0,"href":"https:\/\/www.torremaggiore.com\/notizie\/wp-json\/wp\/v2\/posts\/1618\/revisions"}],"wp:attachment":[{"href":"https:\/\/www.torremaggiore.com\/notizie\/wp-json\/wp\/v2\/media?parent=1618"}],"wp:term":[{"taxonomy":"category","embeddable":true,"href":"https:\/\/www.torremaggiore.com\/notizie\/wp-json\/wp\/v2\/categories?post=1618"},{"taxonomy":"post_tag","embeddable":true,"href":"https:\/\/www.torremaggiore.com\/notizie\/wp-json\/wp\/v2\/tags?post=1618"}],"curies":[{"name":"wp","href":"https:\/\/api.w.org\/{rel}","templated":true}]}}