{"id":1616,"date":"2012-06-11T13:08:38","date_gmt":"2012-06-11T13:08:38","guid":{"rendered":"http:\/\/www.torremaggiore.com\/notizie\/?p=1616"},"modified":"2012-06-11T13:08:38","modified_gmt":"2012-06-11T13:08:38","slug":"giunta-comunale-di-iorio-ecco-i-nomi-della-squadra-del-nuovo-sindaco","status":"publish","type":"post","link":"https:\/\/www.torremaggiore.com\/notizie\/2012\/giunta-comunale-di-iorio-ecco-i-nomi-della-squadra-del-nuovo-sindaco\/","title":{"rendered":"Giunta Comunale Di Iorio: ecco i nomi della squadra del nuovo sindaco"},"content":{"rendered":"<figure id=\"attachment_1565\" aria-describedby=\"caption-attachment-1565\" style=\"width: 297px\" class=\"wp-caption aligncenter\"><a href=\"http:\/\/www.torremaggiore.com\/notizie\/wp-content\/uploads\/2012\/05\/di-iorio-sindaco-2012.jpg\"><img loading=\"lazy\" decoding=\"async\" src=\"http:\/\/www.torremaggiore.com\/notizie\/wp-content\/uploads\/2012\/05\/di-iorio-sindaco-2012.jpg\" alt=\"Dott. Costanzo Di Iorio - Sindaco di Torremaggiore dal 22 maggio 2012 - www.torremaggiore.com\" title=\"di-iorio-sindaco-2012\" width=\"297\" height=\"390\" class=\"size-full wp-image-1565\" srcset=\"https:\/\/www.torremaggiore.com\/notizie\/wp-content\/uploads\/2012\/05\/di-iorio-sindaco-2012.jpg 297w, https:\/\/www.torremaggiore.com\/notizie\/wp-content\/uploads\/2012\/05\/di-iorio-sindaco-2012-228x300.jpg 228w\" sizes=\"auto, (max-width: 297px) 100vw, 297px\" \/><\/a><figcaption id=\"caption-attachment-1565\" class=\"wp-caption-text\">Dott. Costanzo Di Iorio - Sindaco di Torremaggiore dal 22 maggio 2012 - www.torremaggiore.com <\/figcaption><\/figure>\n<p>Il Sindaco Costanzo Di Iorio in data odierna ha nominato i componenti della Giunta Comunale, attribuendo a ciascun assessore le deleghe a fianco indicate:<br \/>\n1-\tQUARANTA Enzo, dottorando di ricerca all\u2019Universit\u00e0 di Foggia e Ispettore della Guardia di Finanza, ha la delega di Vicesindaco, assessore alla Programmazione, Bilancio, Personale, Politiche Comunitarie, Politiche del Lavoro, Associazionismo, Immigrazione, Polizia Urbana, Sicurezza e Controllo del Territorio;<br \/>\n2-\tBOCOLA Marcella, diplomata, \u00e8 assessore alle Politiche Culturali, P.I., Beni Architettonici e Artistici, Politiche giovanili, Sport e Tempo Libero, Teatro e Biblioteca, Pari Opportunit\u00e0, Ambiente e Igiene Pubblica;<br \/>\n3-\tFAIENZA Antonio, commerciante, \u00e8 assessore all\u2019Agricoltura, Verde Pubblico, Piano del Verde, Cimitero, Strade Rurali, Commercio e Annona, Viabilit\u00e0 e Traffico;<br \/>\n4-\tSOLDANO Pasquale, avvocato, \u00e8 assessore al Legale e Contenzioso, Artigianato, Attivit\u00e0 Produttive, Piccola e Media Impresa, Cooperazione;<br \/>\n5-\tBIUSO Antonio, impiegato presso azienda pubblica, \u00e8 assessore ai LL.PP., Urbanistica e arredo Urbano, Recupero Arti e Mestieri, Tutela delle Acque, Inquinamento Acustico e Elettromagnetico, Piano Energetico.<br \/>\nIl Sindaco si \u00e8 riservato le seguenti deleghe: Welfare e Servizi Sociali, Programmazione Urbanistica, Piano dei Colori, Ufficio Relazione con il Pubblico, Formazione e Aggiornamento Professionale, Toponomastica, Randagismo, Trasparenza, Informazione e Comunicazione, Ordine Pubblico, Politiche della Legalit\u00e0, Protezione Civile.<br \/>\nLa composizione della squadra del governo cittadino ha avuto un celere percorso conclusivo, ancor prima della proclamazione dei consiglieri eletti e comunque a pochi giorni dal termine delle consultazioni elettorali, situazione difficilmente verificatasi in precedenza. Tale risultato \u00e8 ancor pi\u00f9 rilevante se si considera che in questo frangente di tempo si \u00e8 dovuto ottemperare agli impegni istituzionali, come la Festa della Repubblica, nonch\u00e8 ad appuntamenti importanti come la Festa della Fontana a Torino, la Festa Patronale di San Sabino a Torremaggiore, ed altre problematiche affrontate che riguardano la collettivit\u00e0.Nell\u2019esecutivo cittadino sono state contemperate esigenze di rinnovamento e di esperienza. La presenza di una donna, inoltre, \u00e8 a garanzia del progetto per le pari opportunit\u00e0 e delle politiche giovanili. Il Sindaco, unitamente ai Consiglieri e alle forze della coalizione politica di centrosinistra si possono ritenere soddisfatti per aver concluso in modo esaustivo e brillante questa prima fase di impegno istituzionale e passare alla realizzazione del programma politico-amministrativo, decidendo di convocare al pi\u00f9 presto la riunione d\u2019insediamento del primo Consiglio Comunale.<\/p>\n<p>Torremaggiore L\u00ec, 11 giugno 2012<\/p>\n<p>Comunicato Stampa Ufficiale<br \/>\nUfficio di Segreteria del Sindaco della Citt\u00e0 di Torremaggiore<\/p>\n","protected":false},"excerpt":{"rendered":"<p>Il Sindaco Costanzo Di Iorio in data odierna ha nominato i componenti della Giunta Comunale,<\/p>\n","protected":false},"author":2,"featured_media":0,"comment_status":"closed","ping_status":"open","sticky":false,"template":"","format":"standard","meta":{"footnotes":""},"categories":[250],"tags":[],"class_list":["post-1616","post","type-post","status-publish","format-standard","hentry","category-prima-pagina"],"yoast_head":"<!-- This site is optimized with the Yoast SEO plugin v27.4 - https:\/\/yoast.com\/product\/yoast-seo-wordpress\/ -->\n<title>Giunta Comunale Di Iorio: ecco i nomi della squadra del nuovo sindaco - Torremaggiore On Line<\/title>\n<meta name=\"robots\" content=\"index, follow, max-snippet:-1, max-image-preview:large, max-video-preview:-1\" \/>\n<link rel=\"canonical\" href=\"https:\/\/www.torremaggiore.com\/notizie\/2012\/giunta-comunale-di-iorio-ecco-i-nomi-della-squadra-del-nuovo-sindaco\/\" \/>\n<meta property=\"og:locale\" content=\"it_IT\" \/>\n<meta property=\"og:type\" content=\"article\" \/>\n<meta property=\"og:title\" content=\"Giunta Comunale Di Iorio: ecco i nomi della squadra del nuovo sindaco - Torremaggiore On Line\" \/>\n<meta property=\"og:description\" content=\"Il Sindaco Costanzo Di Iorio in data odierna ha nominato i componenti della Giunta Comunale,\" \/>\n<meta property=\"og:url\" content=\"https:\/\/www.torremaggiore.com\/notizie\/2012\/giunta-comunale-di-iorio-ecco-i-nomi-della-squadra-del-nuovo-sindaco\/\" \/>\n<meta property=\"og:site_name\" content=\"Torremaggiore On Line\" \/>\n<meta property=\"article:published_time\" content=\"2012-06-11T13:08:38+00:00\" \/>\n<meta property=\"og:image\" content=\"http:\/\/www.torremaggiore.com\/notizie\/wp-content\/uploads\/2012\/05\/di-iorio-sindaco-2012.jpg\" \/>\n<meta name=\"author\" content=\"Staff\" \/>\n<meta name=\"twitter:card\" content=\"summary_large_image\" \/>\n<meta name=\"twitter:label1\" content=\"Scritto da\" \/>\n\t<meta name=\"twitter:data1\" content=\"Staff\" \/>\n\t<meta name=\"twitter:label2\" content=\"Tempo di lettura stimato\" \/>\n\t<meta name=\"twitter:data2\" content=\"2 minuti\" \/>\n<script type=\"application\/ld+json\" class=\"yoast-schema-graph\">{\"@context\":\"https:\\\/\\\/schema.org\",\"@graph\":[{\"@type\":\"Article\",\"@id\":\"https:\\\/\\\/www.torremaggiore.com\\\/notizie\\\/2012\\\/giunta-comunale-di-iorio-ecco-i-nomi-della-squadra-del-nuovo-sindaco\\\/#article\",\"isPartOf\":{\"@id\":\"https:\\\/\\\/www.torremaggiore.com\\\/notizie\\\/2012\\\/giunta-comunale-di-iorio-ecco-i-nomi-della-squadra-del-nuovo-sindaco\\\/\"},\"author\":{\"name\":\"Staff\",\"@id\":\"https:\\\/\\\/www.torremaggiore.com\\\/notizie\\\/#\\\/schema\\\/person\\\/b789462c927517766c1bcfb452c8d85e\"},\"headline\":\"Giunta Comunale Di Iorio: ecco i nomi della squadra del nuovo sindaco\",\"datePublished\":\"2012-06-11T13:08:38+00:00\",\"mainEntityOfPage\":{\"@id\":\"https:\\\/\\\/www.torremaggiore.com\\\/notizie\\\/2012\\\/giunta-comunale-di-iorio-ecco-i-nomi-della-squadra-del-nuovo-sindaco\\\/\"},\"wordCount\":415,\"publisher\":{\"@id\":\"https:\\\/\\\/www.torremaggiore.com\\\/notizie\\\/#organization\"},\"image\":{\"@id\":\"https:\\\/\\\/www.torremaggiore.com\\\/notizie\\\/2012\\\/giunta-comunale-di-iorio-ecco-i-nomi-della-squadra-del-nuovo-sindaco\\\/#primaryimage\"},\"thumbnailUrl\":\"http:\\\/\\\/www.torremaggiore.com\\\/notizie\\\/wp-content\\\/uploads\\\/2012\\\/05\\\/di-iorio-sindaco-2012.jpg\",\"articleSection\":[\"Prima Pagina\"],\"inLanguage\":\"it-IT\"},{\"@type\":\"WebPage\",\"@id\":\"https:\\\/\\\/www.torremaggiore.com\\\/notizie\\\/2012\\\/giunta-comunale-di-iorio-ecco-i-nomi-della-squadra-del-nuovo-sindaco\\\/\",\"url\":\"https:\\\/\\\/www.torremaggiore.com\\\/notizie\\\/2012\\\/giunta-comunale-di-iorio-ecco-i-nomi-della-squadra-del-nuovo-sindaco\\\/\",\"name\":\"Giunta Comunale Di Iorio: ecco i nomi della squadra del nuovo sindaco - Torremaggiore On Line\",\"isPartOf\":{\"@id\":\"https:\\\/\\\/www.torremaggiore.com\\\/notizie\\\/#website\"},\"primaryImageOfPage\":{\"@id\":\"https:\\\/\\\/www.torremaggiore.com\\\/notizie\\\/2012\\\/giunta-comunale-di-iorio-ecco-i-nomi-della-squadra-del-nuovo-sindaco\\\/#primaryimage\"},\"image\":{\"@id\":\"https:\\\/\\\/www.torremaggiore.com\\\/notizie\\\/2012\\\/giunta-comunale-di-iorio-ecco-i-nomi-della-squadra-del-nuovo-sindaco\\\/#primaryimage\"},\"thumbnailUrl\":\"http:\\\/\\\/www.torremaggiore.com\\\/notizie\\\/wp-content\\\/uploads\\\/2012\\\/05\\\/di-iorio-sindaco-2012.jpg\",\"datePublished\":\"2012-06-11T13:08:38+00:00\",\"breadcrumb\":{\"@id\":\"https:\\\/\\\/www.torremaggiore.com\\\/notizie\\\/2012\\\/giunta-comunale-di-iorio-ecco-i-nomi-della-squadra-del-nuovo-sindaco\\\/#breadcrumb\"},\"inLanguage\":\"it-IT\",\"potentialAction\":[{\"@type\":\"ReadAction\",\"target\":[\"https:\\\/\\\/www.torremaggiore.com\\\/notizie\\\/2012\\\/giunta-comunale-di-iorio-ecco-i-nomi-della-squadra-del-nuovo-sindaco\\\/\"]}]},{\"@type\":\"ImageObject\",\"inLanguage\":\"it-IT\",\"@id\":\"https:\\\/\\\/www.torremaggiore.com\\\/notizie\\\/2012\\\/giunta-comunale-di-iorio-ecco-i-nomi-della-squadra-del-nuovo-sindaco\\\/#primaryimage\",\"url\":\"http:\\\/\\\/www.torremaggiore.com\\\/notizie\\\/wp-content\\\/uploads\\\/2012\\\/05\\\/di-iorio-sindaco-2012.jpg\",\"contentUrl\":\"http:\\\/\\\/www.torremaggiore.com\\\/notizie\\\/wp-content\\\/uploads\\\/2012\\\/05\\\/di-iorio-sindaco-2012.jpg\"},{\"@type\":\"BreadcrumbList\",\"@id\":\"https:\\\/\\\/www.torremaggiore.com\\\/notizie\\\/2012\\\/giunta-comunale-di-iorio-ecco-i-nomi-della-squadra-del-nuovo-sindaco\\\/#breadcrumb\",\"itemListElement\":[{\"@type\":\"ListItem\",\"position\":1,\"name\":\"Home\",\"item\":\"https:\\\/\\\/www.torremaggiore.com\\\/notizie\\\/\"},{\"@type\":\"ListItem\",\"position\":2,\"name\":\"Giunta Comunale Di Iorio: ecco i nomi della squadra del nuovo sindaco\"}]},{\"@type\":\"WebSite\",\"@id\":\"https:\\\/\\\/www.torremaggiore.com\\\/notizie\\\/#website\",\"url\":\"https:\\\/\\\/www.torremaggiore.com\\\/notizie\\\/\",\"name\":\"Torremaggiore On Line\",\"description\":\"La Web Community di Torremaggiore\",\"publisher\":{\"@id\":\"https:\\\/\\\/www.torremaggiore.com\\\/notizie\\\/#organization\"},\"potentialAction\":[{\"@type\":\"SearchAction\",\"target\":{\"@type\":\"EntryPoint\",\"urlTemplate\":\"https:\\\/\\\/www.torremaggiore.com\\\/notizie\\\/?s={search_term_string}\"},\"query-input\":{\"@type\":\"PropertyValueSpecification\",\"valueRequired\":true,\"valueName\":\"search_term_string\"}}],\"inLanguage\":\"it-IT\"},{\"@type\":\"Organization\",\"@id\":\"https:\\\/\\\/www.torremaggiore.com\\\/notizie\\\/#organization\",\"name\":\"Torremaggiore On Line\",\"url\":\"https:\\\/\\\/www.torremaggiore.com\\\/notizie\\\/\",\"logo\":{\"@type\":\"ImageObject\",\"inLanguage\":\"it-IT\",\"@id\":\"https:\\\/\\\/www.torremaggiore.com\\\/notizie\\\/#\\\/schema\\\/logo\\\/image\\\/\",\"url\":\"https:\\\/\\\/www.torremaggiore.com\\\/notizie\\\/wp-content\\\/uploads\\\/2020\\\/03\\\/logo-tmol20.gif\",\"contentUrl\":\"https:\\\/\\\/www.torremaggiore.com\\\/notizie\\\/wp-content\\\/uploads\\\/2020\\\/03\\\/logo-tmol20.gif\",\"width\":260,\"height\":95,\"caption\":\"Torremaggiore On Line\"},\"image\":{\"@id\":\"https:\\\/\\\/www.torremaggiore.com\\\/notizie\\\/#\\\/schema\\\/logo\\\/image\\\/\"}},{\"@type\":\"Person\",\"@id\":\"https:\\\/\\\/www.torremaggiore.com\\\/notizie\\\/#\\\/schema\\\/person\\\/b789462c927517766c1bcfb452c8d85e\",\"name\":\"Staff\",\"image\":{\"@type\":\"ImageObject\",\"inLanguage\":\"it-IT\",\"@id\":\"https:\\\/\\\/secure.gravatar.com\\\/avatar\\\/fd311f248f82517b1efd21a54e666df2c5b705bb4a4fb804f3903c94be513fee?s=96&d=mm&r=g\",\"url\":\"https:\\\/\\\/secure.gravatar.com\\\/avatar\\\/fd311f248f82517b1efd21a54e666df2c5b705bb4a4fb804f3903c94be513fee?s=96&d=mm&r=g\",\"contentUrl\":\"https:\\\/\\\/secure.gravatar.com\\\/avatar\\\/fd311f248f82517b1efd21a54e666df2c5b705bb4a4fb804f3903c94be513fee?s=96&d=mm&r=g\",\"caption\":\"Staff\"},\"sameAs\":[\"https:\\\/\\\/www.micheleantonucci.it\"],\"url\":\"https:\\\/\\\/www.torremaggiore.com\\\/notizie\\\/author\\\/staff\\\/\"}]}<\/script>\n<!-- \/ Yoast SEO plugin. -->","yoast_head_json":{"title":"Giunta Comunale Di Iorio: ecco i nomi della squadra del nuovo sindaco - Torremaggiore On Line","robots":{"index":"index","follow":"follow","max-snippet":"max-snippet:-1","max-image-preview":"max-image-preview:large","max-video-preview":"max-video-preview:-1"},"canonical":"https:\/\/www.torremaggiore.com\/notizie\/2012\/giunta-comunale-di-iorio-ecco-i-nomi-della-squadra-del-nuovo-sindaco\/","og_locale":"it_IT","og_type":"article","og_title":"Giunta Comunale Di Iorio: ecco i nomi della squadra del nuovo sindaco - Torremaggiore On Line","og_description":"Il Sindaco Costanzo Di Iorio in data odierna ha nominato i componenti della Giunta Comunale,","og_url":"https:\/\/www.torremaggiore.com\/notizie\/2012\/giunta-comunale-di-iorio-ecco-i-nomi-della-squadra-del-nuovo-sindaco\/","og_site_name":"Torremaggiore On Line","article_published_time":"2012-06-11T13:08:38+00:00","og_image":[{"url":"http:\/\/www.torremaggiore.com\/notizie\/wp-content\/uploads\/2012\/05\/di-iorio-sindaco-2012.jpg","type":"","width":"","height":""}],"author":"Staff","twitter_card":"summary_large_image","twitter_misc":{"Scritto da":"Staff","Tempo di lettura stimato":"2 minuti"},"schema":{"@context":"https:\/\/schema.org","@graph":[{"@type":"Article","@id":"https:\/\/www.torremaggiore.com\/notizie\/2012\/giunta-comunale-di-iorio-ecco-i-nomi-della-squadra-del-nuovo-sindaco\/#article","isPartOf":{"@id":"https:\/\/www.torremaggiore.com\/notizie\/2012\/giunta-comunale-di-iorio-ecco-i-nomi-della-squadra-del-nuovo-sindaco\/"},"author":{"name":"Staff","@id":"https:\/\/www.torremaggiore.com\/notizie\/#\/schema\/person\/b789462c927517766c1bcfb452c8d85e"},"headline":"Giunta Comunale Di Iorio: ecco i nomi della squadra del nuovo sindaco","datePublished":"2012-06-11T13:08:38+00:00","mainEntityOfPage":{"@id":"https:\/\/www.torremaggiore.com\/notizie\/2012\/giunta-comunale-di-iorio-ecco-i-nomi-della-squadra-del-nuovo-sindaco\/"},"wordCount":415,"publisher":{"@id":"https:\/\/www.torremaggiore.com\/notizie\/#organization"},"image":{"@id":"https:\/\/www.torremaggiore.com\/notizie\/2012\/giunta-comunale-di-iorio-ecco-i-nomi-della-squadra-del-nuovo-sindaco\/#primaryimage"},"thumbnailUrl":"http:\/\/www.torremaggiore.com\/notizie\/wp-content\/uploads\/2012\/05\/di-iorio-sindaco-2012.jpg","articleSection":["Prima Pagina"],"inLanguage":"it-IT"},{"@type":"WebPage","@id":"https:\/\/www.torremaggiore.com\/notizie\/2012\/giunta-comunale-di-iorio-ecco-i-nomi-della-squadra-del-nuovo-sindaco\/","url":"https:\/\/www.torremaggiore.com\/notizie\/2012\/giunta-comunale-di-iorio-ecco-i-nomi-della-squadra-del-nuovo-sindaco\/","name":"Giunta Comunale Di Iorio: ecco i nomi della squadra del nuovo sindaco - Torremaggiore On Line","isPartOf":{"@id":"https:\/\/www.torremaggiore.com\/notizie\/#website"},"primaryImageOfPage":{"@id":"https:\/\/www.torremaggiore.com\/notizie\/2012\/giunta-comunale-di-iorio-ecco-i-nomi-della-squadra-del-nuovo-sindaco\/#primaryimage"},"image":{"@id":"https:\/\/www.torremaggiore.com\/notizie\/2012\/giunta-comunale-di-iorio-ecco-i-nomi-della-squadra-del-nuovo-sindaco\/#primaryimage"},"thumbnailUrl":"http:\/\/www.torremaggiore.com\/notizie\/wp-content\/uploads\/2012\/05\/di-iorio-sindaco-2012.jpg","datePublished":"2012-06-11T13:08:38+00:00","breadcrumb":{"@id":"https:\/\/www.torremaggiore.com\/notizie\/2012\/giunta-comunale-di-iorio-ecco-i-nomi-della-squadra-del-nuovo-sindaco\/#breadcrumb"},"inLanguage":"it-IT","potentialAction":[{"@type":"ReadAction","target":["https:\/\/www.torremaggiore.com\/notizie\/2012\/giunta-comunale-di-iorio-ecco-i-nomi-della-squadra-del-nuovo-sindaco\/"]}]},{"@type":"ImageObject","inLanguage":"it-IT","@id":"https:\/\/www.torremaggiore.com\/notizie\/2012\/giunta-comunale-di-iorio-ecco-i-nomi-della-squadra-del-nuovo-sindaco\/#primaryimage","url":"http:\/\/www.torremaggiore.com\/notizie\/wp-content\/uploads\/2012\/05\/di-iorio-sindaco-2012.jpg","contentUrl":"http:\/\/www.torremaggiore.com\/notizie\/wp-content\/uploads\/2012\/05\/di-iorio-sindaco-2012.jpg"},{"@type":"BreadcrumbList","@id":"https:\/\/www.torremaggiore.com\/notizie\/2012\/giunta-comunale-di-iorio-ecco-i-nomi-della-squadra-del-nuovo-sindaco\/#breadcrumb","itemListElement":[{"@type":"ListItem","position":1,"name":"Home","item":"https:\/\/www.torremaggiore.com\/notizie\/"},{"@type":"ListItem","position":2,"name":"Giunta Comunale Di Iorio: ecco i nomi della squadra del nuovo sindaco"}]},{"@type":"WebSite","@id":"https:\/\/www.torremaggiore.com\/notizie\/#website","url":"https:\/\/www.torremaggiore.com\/notizie\/","name":"Torremaggiore On Line","description":"La Web Community di Torremaggiore","publisher":{"@id":"https:\/\/www.torremaggiore.com\/notizie\/#organization"},"potentialAction":[{"@type":"SearchAction","target":{"@type":"EntryPoint","urlTemplate":"https:\/\/www.torremaggiore.com\/notizie\/?s={search_term_string}"},"query-input":{"@type":"PropertyValueSpecification","valueRequired":true,"valueName":"search_term_string"}}],"inLanguage":"it-IT"},{"@type":"Organization","@id":"https:\/\/www.torremaggiore.com\/notizie\/#organization","name":"Torremaggiore On Line","url":"https:\/\/www.torremaggiore.com\/notizie\/","logo":{"@type":"ImageObject","inLanguage":"it-IT","@id":"https:\/\/www.torremaggiore.com\/notizie\/#\/schema\/logo\/image\/","url":"https:\/\/www.torremaggiore.com\/notizie\/wp-content\/uploads\/2020\/03\/logo-tmol20.gif","contentUrl":"https:\/\/www.torremaggiore.com\/notizie\/wp-content\/uploads\/2020\/03\/logo-tmol20.gif","width":260,"height":95,"caption":"Torremaggiore On Line"},"image":{"@id":"https:\/\/www.torremaggiore.com\/notizie\/#\/schema\/logo\/image\/"}},{"@type":"Person","@id":"https:\/\/www.torremaggiore.com\/notizie\/#\/schema\/person\/b789462c927517766c1bcfb452c8d85e","name":"Staff","image":{"@type":"ImageObject","inLanguage":"it-IT","@id":"https:\/\/secure.gravatar.com\/avatar\/fd311f248f82517b1efd21a54e666df2c5b705bb4a4fb804f3903c94be513fee?s=96&d=mm&r=g","url":"https:\/\/secure.gravatar.com\/avatar\/fd311f248f82517b1efd21a54e666df2c5b705bb4a4fb804f3903c94be513fee?s=96&d=mm&r=g","contentUrl":"https:\/\/secure.gravatar.com\/avatar\/fd311f248f82517b1efd21a54e666df2c5b705bb4a4fb804f3903c94be513fee?s=96&d=mm&r=g","caption":"Staff"},"sameAs":["https:\/\/www.micheleantonucci.it"],"url":"https:\/\/www.torremaggiore.com\/notizie\/author\/staff\/"}]}},"_links":{"self":[{"href":"https:\/\/www.torremaggiore.com\/notizie\/wp-json\/wp\/v2\/posts\/1616","targetHints":{"allow":["GET"]}}],"collection":[{"href":"https:\/\/www.torremaggiore.com\/notizie\/wp-json\/wp\/v2\/posts"}],"about":[{"href":"https:\/\/www.torremaggiore.com\/notizie\/wp-json\/wp\/v2\/types\/post"}],"author":[{"embeddable":true,"href":"https:\/\/www.torremaggiore.com\/notizie\/wp-json\/wp\/v2\/users\/2"}],"replies":[{"embeddable":true,"href":"https:\/\/www.torremaggiore.com\/notizie\/wp-json\/wp\/v2\/comments?post=1616"}],"version-history":[{"count":0,"href":"https:\/\/www.torremaggiore.com\/notizie\/wp-json\/wp\/v2\/posts\/1616\/revisions"}],"wp:attachment":[{"href":"https:\/\/www.torremaggiore.com\/notizie\/wp-json\/wp\/v2\/media?parent=1616"}],"wp:term":[{"taxonomy":"category","embeddable":true,"href":"https:\/\/www.torremaggiore.com\/notizie\/wp-json\/wp\/v2\/categories?post=1616"},{"taxonomy":"post_tag","embeddable":true,"href":"https:\/\/www.torremaggiore.com\/notizie\/wp-json\/wp\/v2\/tags?post=1616"}],"curies":[{"name":"wp","href":"https:\/\/api.w.org\/{rel}","templated":true}]}}