{"id":1490,"date":"2012-05-12T13:18:19","date_gmt":"2012-05-12T13:18:19","guid":{"rendered":"http:\/\/www.torremaggiore.com\/notizie\/?p=1490"},"modified":"2012-05-12T13:18:19","modified_gmt":"2012-05-12T13:18:19","slug":"un-giorno-da-monte-leone-e-tatarellafli-da-torremaggiore-la-riscossa-di-tutti-i-moderati","status":"publish","type":"post","link":"https:\/\/www.torremaggiore.com\/notizie\/2012\/un-giorno-da-monte-leone-e-tatarellafli-da-torremaggiore-la-riscossa-di-tutti-i-moderati\/","title":{"rendered":"Un giorno da (Monte) leone e Tatarella(FLI): \u201cDa Torremaggiore la riscossa di tutti i moderati\u201d"},"content":{"rendered":"<p>Segue comunicato stampa ufficiale del Coordinamento Provinciale di Futuro e Libert\u00e0 di Foggia; la responsabilit\u00e0 del contenuto \u00e8 <strong>ESCLUSIVAMENTE <\/strong>dell\u2019autore.<\/p>\n<p><img decoding=\"async\" src=\"http:\/\/www.torremaggiore.com\/notizie\/wp-content\/uploads\/2011\/12\/tatarella-fli.jpg\" alt=\"null\" \/><\/p>\n<p>Le ultime elezioni, anche in Capitanata, hanno confermato l\u2019eclissi del voto moderato. Le ragioni, secondo gli attenti osservatori, sono da ritrovarsi, soprattutto, nella disaffezione e nella delusione dei cittadini. \u00c8 un\u2019analisi che Futuro e Libert\u00e0 condivide. Si pu\u00f2 dire, anzi, che la nostra stessa nascita ed esistenza come soggetto politico deriva dal desiderio di reagire a questi fenomeni. Lo facciamo al meglio quando, come a Torremaggiore, sosteniamo un candidato giovane, coraggioso, trasparente come Lino Monteleone. La lettura dei risultati delle urne dice che il suffragio espresso dall\u2019elettorato di Torre al candidato sindaco \u00e8 stato molto superiore a quello delle liste che lo hanno appoggiato, compresa la nostra. Un dato che, lungi dal preoccuparci o immalinconirci, ci inorgoglisce, perch\u00e9 \u00e8 la migliore delle conferme della giustezza della scelta. Chi voter\u00e0 per Monteleone sa di mettere la fascia tricolore sul petto di una persona leale che avr\u00e0 come unica stella polare gli interessi della comunit\u00e0, ben oltre le appartenenze ed etichette di partito: ed \u00e8 questa riscossa del civismo, questa impellente necessit\u00e0 che la politica torni a occuparsi del bene comune e non delle proprie beghe, che \u00e8 la vera cifra distintiva di queste elezioni amministrative, di cui il successo di Beppe Grillo, indiscutibile, \u00e8 solo una delle facce. I moderati di Torremaggiore, ma anche quegli elettori che hanno votato al primo turno sulla base di logiche di appartenenza, avranno fra due domeniche la possibilit\u00e0 di premiare il merito, la qualit\u00e0, la libert\u00e0. Confidiamo che lo facciano.  Lino Monteleone se eletto Sindaco non sar\u00e0 il Sindaco delle liste che lo hanno supportato nel primo turno, ma di tutti i cittadini di buona volont\u00e0, di tutti i moderati che non lo hanno votato domenica scorsa. Torre maggiore merita di essere governata da un giovane capace e di avere una stabilit\u00e0 politica mancata negli ultimi anni. In un parola Torre maggiore a chi la ama, ai suoi cittadini che sapranno fare la scelta migliore: quella di Lino Monteleone.<\/p>\n<p><a href=\"http:\/\/www.torremaggiore.com\/notizie\/wp-content\/uploads\/2012\/01\/linomonteleone.jpg\"><img loading=\"lazy\" decoding=\"async\" src=\"http:\/\/www.torremaggiore.com\/notizie\/wp-content\/uploads\/2012\/01\/linomonteleone.jpg\" alt=\"Pasquale Monteleone\" title=\"linomonteleone\" width=\"320\" height=\"240\" class=\"aligncenter size-full wp-image-844\" srcset=\"https:\/\/www.torremaggiore.com\/notizie\/wp-content\/uploads\/2012\/01\/linomonteleone.jpg 320w, https:\/\/www.torremaggiore.com\/notizie\/wp-content\/uploads\/2012\/01\/linomonteleone-300x225.jpg 300w\" sizes=\"auto, (max-width: 320px) 100vw, 320px\" \/><\/a><\/p>\n","protected":false},"excerpt":{"rendered":"<p>Segue comunicato stampa ufficiale del Coordinamento Provinciale di Futuro e Libert\u00e0 di Foggia; la responsabilit\u00e0<\/p>\n","protected":false},"author":2,"featured_media":0,"comment_status":"closed","ping_status":"open","sticky":false,"template":"","format":"standard","meta":{"footnotes":""},"categories":[4,250],"tags":[],"class_list":["post-1490","post","type-post","status-publish","format-standard","hentry","category-politica","category-prima-pagina"],"yoast_head":"<!-- This site is optimized with the Yoast SEO plugin v27.4 - https:\/\/yoast.com\/product\/yoast-seo-wordpress\/ -->\n<title>Un giorno da (Monte) leone e Tatarella(FLI): \u201cDa Torremaggiore la riscossa di tutti i moderati\u201d - Torremaggiore On Line<\/title>\n<meta name=\"robots\" content=\"index, follow, max-snippet:-1, max-image-preview:large, max-video-preview:-1\" \/>\n<link rel=\"canonical\" href=\"https:\/\/www.torremaggiore.com\/notizie\/2012\/un-giorno-da-monte-leone-e-tatarellafli-da-torremaggiore-la-riscossa-di-tutti-i-moderati\/\" \/>\n<meta property=\"og:locale\" content=\"it_IT\" \/>\n<meta property=\"og:type\" content=\"article\" \/>\n<meta property=\"og:title\" content=\"Un giorno da (Monte) leone e Tatarella(FLI): \u201cDa Torremaggiore la riscossa di tutti i moderati\u201d - Torremaggiore On Line\" \/>\n<meta property=\"og:description\" content=\"Segue comunicato stampa ufficiale del Coordinamento Provinciale di Futuro e Libert\u00e0 di Foggia; la responsabilit\u00e0\" \/>\n<meta property=\"og:url\" content=\"https:\/\/www.torremaggiore.com\/notizie\/2012\/un-giorno-da-monte-leone-e-tatarellafli-da-torremaggiore-la-riscossa-di-tutti-i-moderati\/\" \/>\n<meta property=\"og:site_name\" content=\"Torremaggiore On Line\" \/>\n<meta property=\"article:published_time\" content=\"2012-05-12T13:18:19+00:00\" \/>\n<meta property=\"og:image\" content=\"http:\/\/www.torremaggiore.com\/notizie\/wp-content\/uploads\/2011\/12\/tatarella-fli.jpg\" \/>\n<meta name=\"author\" content=\"Staff\" \/>\n<meta name=\"twitter:card\" content=\"summary_large_image\" \/>\n<meta name=\"twitter:label1\" content=\"Scritto da\" \/>\n\t<meta name=\"twitter:data1\" content=\"Staff\" \/>\n\t<meta name=\"twitter:label2\" content=\"Tempo di lettura stimato\" \/>\n\t<meta name=\"twitter:data2\" content=\"2 minuti\" \/>\n<script type=\"application\/ld+json\" class=\"yoast-schema-graph\">{\"@context\":\"https:\\\/\\\/schema.org\",\"@graph\":[{\"@type\":\"Article\",\"@id\":\"https:\\\/\\\/www.torremaggiore.com\\\/notizie\\\/2012\\\/un-giorno-da-monte-leone-e-tatarellafli-da-torremaggiore-la-riscossa-di-tutti-i-moderati\\\/#article\",\"isPartOf\":{\"@id\":\"https:\\\/\\\/www.torremaggiore.com\\\/notizie\\\/2012\\\/un-giorno-da-monte-leone-e-tatarellafli-da-torremaggiore-la-riscossa-di-tutti-i-moderati\\\/\"},\"author\":{\"name\":\"Staff\",\"@id\":\"https:\\\/\\\/www.torremaggiore.com\\\/notizie\\\/#\\\/schema\\\/person\\\/b789462c927517766c1bcfb452c8d85e\"},\"headline\":\"Un giorno da (Monte) leone e Tatarella(FLI): \u201cDa Torremaggiore la riscossa di tutti i moderati\u201d\",\"datePublished\":\"2012-05-12T13:18:19+00:00\",\"mainEntityOfPage\":{\"@id\":\"https:\\\/\\\/www.torremaggiore.com\\\/notizie\\\/2012\\\/un-giorno-da-monte-leone-e-tatarellafli-da-torremaggiore-la-riscossa-di-tutti-i-moderati\\\/\"},\"wordCount\":357,\"publisher\":{\"@id\":\"https:\\\/\\\/www.torremaggiore.com\\\/notizie\\\/#organization\"},\"image\":{\"@id\":\"https:\\\/\\\/www.torremaggiore.com\\\/notizie\\\/2012\\\/un-giorno-da-monte-leone-e-tatarellafli-da-torremaggiore-la-riscossa-di-tutti-i-moderati\\\/#primaryimage\"},\"thumbnailUrl\":\"http:\\\/\\\/www.torremaggiore.com\\\/notizie\\\/wp-content\\\/uploads\\\/2011\\\/12\\\/tatarella-fli.jpg\",\"articleSection\":[\"Politica\",\"Prima Pagina\"],\"inLanguage\":\"it-IT\"},{\"@type\":\"WebPage\",\"@id\":\"https:\\\/\\\/www.torremaggiore.com\\\/notizie\\\/2012\\\/un-giorno-da-monte-leone-e-tatarellafli-da-torremaggiore-la-riscossa-di-tutti-i-moderati\\\/\",\"url\":\"https:\\\/\\\/www.torremaggiore.com\\\/notizie\\\/2012\\\/un-giorno-da-monte-leone-e-tatarellafli-da-torremaggiore-la-riscossa-di-tutti-i-moderati\\\/\",\"name\":\"Un giorno da (Monte) leone e Tatarella(FLI): \u201cDa Torremaggiore la riscossa di tutti i moderati\u201d - Torremaggiore On Line\",\"isPartOf\":{\"@id\":\"https:\\\/\\\/www.torremaggiore.com\\\/notizie\\\/#website\"},\"primaryImageOfPage\":{\"@id\":\"https:\\\/\\\/www.torremaggiore.com\\\/notizie\\\/2012\\\/un-giorno-da-monte-leone-e-tatarellafli-da-torremaggiore-la-riscossa-di-tutti-i-moderati\\\/#primaryimage\"},\"image\":{\"@id\":\"https:\\\/\\\/www.torremaggiore.com\\\/notizie\\\/2012\\\/un-giorno-da-monte-leone-e-tatarellafli-da-torremaggiore-la-riscossa-di-tutti-i-moderati\\\/#primaryimage\"},\"thumbnailUrl\":\"http:\\\/\\\/www.torremaggiore.com\\\/notizie\\\/wp-content\\\/uploads\\\/2011\\\/12\\\/tatarella-fli.jpg\",\"datePublished\":\"2012-05-12T13:18:19+00:00\",\"breadcrumb\":{\"@id\":\"https:\\\/\\\/www.torremaggiore.com\\\/notizie\\\/2012\\\/un-giorno-da-monte-leone-e-tatarellafli-da-torremaggiore-la-riscossa-di-tutti-i-moderati\\\/#breadcrumb\"},\"inLanguage\":\"it-IT\",\"potentialAction\":[{\"@type\":\"ReadAction\",\"target\":[\"https:\\\/\\\/www.torremaggiore.com\\\/notizie\\\/2012\\\/un-giorno-da-monte-leone-e-tatarellafli-da-torremaggiore-la-riscossa-di-tutti-i-moderati\\\/\"]}]},{\"@type\":\"ImageObject\",\"inLanguage\":\"it-IT\",\"@id\":\"https:\\\/\\\/www.torremaggiore.com\\\/notizie\\\/2012\\\/un-giorno-da-monte-leone-e-tatarellafli-da-torremaggiore-la-riscossa-di-tutti-i-moderati\\\/#primaryimage\",\"url\":\"http:\\\/\\\/www.torremaggiore.com\\\/notizie\\\/wp-content\\\/uploads\\\/2011\\\/12\\\/tatarella-fli.jpg\",\"contentUrl\":\"http:\\\/\\\/www.torremaggiore.com\\\/notizie\\\/wp-content\\\/uploads\\\/2011\\\/12\\\/tatarella-fli.jpg\"},{\"@type\":\"BreadcrumbList\",\"@id\":\"https:\\\/\\\/www.torremaggiore.com\\\/notizie\\\/2012\\\/un-giorno-da-monte-leone-e-tatarellafli-da-torremaggiore-la-riscossa-di-tutti-i-moderati\\\/#breadcrumb\",\"itemListElement\":[{\"@type\":\"ListItem\",\"position\":1,\"name\":\"Home\",\"item\":\"https:\\\/\\\/www.torremaggiore.com\\\/notizie\\\/\"},{\"@type\":\"ListItem\",\"position\":2,\"name\":\"Un giorno da (Monte) leone e Tatarella(FLI): \u201cDa Torremaggiore la riscossa di tutti i moderati\u201d\"}]},{\"@type\":\"WebSite\",\"@id\":\"https:\\\/\\\/www.torremaggiore.com\\\/notizie\\\/#website\",\"url\":\"https:\\\/\\\/www.torremaggiore.com\\\/notizie\\\/\",\"name\":\"Torremaggiore On Line\",\"description\":\"La Web Community di Torremaggiore\",\"publisher\":{\"@id\":\"https:\\\/\\\/www.torremaggiore.com\\\/notizie\\\/#organization\"},\"potentialAction\":[{\"@type\":\"SearchAction\",\"target\":{\"@type\":\"EntryPoint\",\"urlTemplate\":\"https:\\\/\\\/www.torremaggiore.com\\\/notizie\\\/?s={search_term_string}\"},\"query-input\":{\"@type\":\"PropertyValueSpecification\",\"valueRequired\":true,\"valueName\":\"search_term_string\"}}],\"inLanguage\":\"it-IT\"},{\"@type\":\"Organization\",\"@id\":\"https:\\\/\\\/www.torremaggiore.com\\\/notizie\\\/#organization\",\"name\":\"Torremaggiore On Line\",\"url\":\"https:\\\/\\\/www.torremaggiore.com\\\/notizie\\\/\",\"logo\":{\"@type\":\"ImageObject\",\"inLanguage\":\"it-IT\",\"@id\":\"https:\\\/\\\/www.torremaggiore.com\\\/notizie\\\/#\\\/schema\\\/logo\\\/image\\\/\",\"url\":\"https:\\\/\\\/www.torremaggiore.com\\\/notizie\\\/wp-content\\\/uploads\\\/2020\\\/03\\\/logo-tmol20.gif\",\"contentUrl\":\"https:\\\/\\\/www.torremaggiore.com\\\/notizie\\\/wp-content\\\/uploads\\\/2020\\\/03\\\/logo-tmol20.gif\",\"width\":260,\"height\":95,\"caption\":\"Torremaggiore On Line\"},\"image\":{\"@id\":\"https:\\\/\\\/www.torremaggiore.com\\\/notizie\\\/#\\\/schema\\\/logo\\\/image\\\/\"}},{\"@type\":\"Person\",\"@id\":\"https:\\\/\\\/www.torremaggiore.com\\\/notizie\\\/#\\\/schema\\\/person\\\/b789462c927517766c1bcfb452c8d85e\",\"name\":\"Staff\",\"image\":{\"@type\":\"ImageObject\",\"inLanguage\":\"it-IT\",\"@id\":\"https:\\\/\\\/secure.gravatar.com\\\/avatar\\\/fd311f248f82517b1efd21a54e666df2c5b705bb4a4fb804f3903c94be513fee?s=96&d=mm&r=g\",\"url\":\"https:\\\/\\\/secure.gravatar.com\\\/avatar\\\/fd311f248f82517b1efd21a54e666df2c5b705bb4a4fb804f3903c94be513fee?s=96&d=mm&r=g\",\"contentUrl\":\"https:\\\/\\\/secure.gravatar.com\\\/avatar\\\/fd311f248f82517b1efd21a54e666df2c5b705bb4a4fb804f3903c94be513fee?s=96&d=mm&r=g\",\"caption\":\"Staff\"},\"sameAs\":[\"https:\\\/\\\/www.micheleantonucci.it\"],\"url\":\"https:\\\/\\\/www.torremaggiore.com\\\/notizie\\\/author\\\/staff\\\/\"}]}<\/script>\n<!-- \/ Yoast SEO plugin. -->","yoast_head_json":{"title":"Un giorno da (Monte) leone e Tatarella(FLI): \u201cDa Torremaggiore la riscossa di tutti i moderati\u201d - Torremaggiore On Line","robots":{"index":"index","follow":"follow","max-snippet":"max-snippet:-1","max-image-preview":"max-image-preview:large","max-video-preview":"max-video-preview:-1"},"canonical":"https:\/\/www.torremaggiore.com\/notizie\/2012\/un-giorno-da-monte-leone-e-tatarellafli-da-torremaggiore-la-riscossa-di-tutti-i-moderati\/","og_locale":"it_IT","og_type":"article","og_title":"Un giorno da (Monte) leone e Tatarella(FLI): \u201cDa Torremaggiore la riscossa di tutti i moderati\u201d - Torremaggiore On Line","og_description":"Segue comunicato stampa ufficiale del Coordinamento Provinciale di Futuro e Libert\u00e0 di Foggia; la responsabilit\u00e0","og_url":"https:\/\/www.torremaggiore.com\/notizie\/2012\/un-giorno-da-monte-leone-e-tatarellafli-da-torremaggiore-la-riscossa-di-tutti-i-moderati\/","og_site_name":"Torremaggiore On Line","article_published_time":"2012-05-12T13:18:19+00:00","og_image":[{"url":"http:\/\/www.torremaggiore.com\/notizie\/wp-content\/uploads\/2011\/12\/tatarella-fli.jpg","type":"","width":"","height":""}],"author":"Staff","twitter_card":"summary_large_image","twitter_misc":{"Scritto da":"Staff","Tempo di lettura stimato":"2 minuti"},"schema":{"@context":"https:\/\/schema.org","@graph":[{"@type":"Article","@id":"https:\/\/www.torremaggiore.com\/notizie\/2012\/un-giorno-da-monte-leone-e-tatarellafli-da-torremaggiore-la-riscossa-di-tutti-i-moderati\/#article","isPartOf":{"@id":"https:\/\/www.torremaggiore.com\/notizie\/2012\/un-giorno-da-monte-leone-e-tatarellafli-da-torremaggiore-la-riscossa-di-tutti-i-moderati\/"},"author":{"name":"Staff","@id":"https:\/\/www.torremaggiore.com\/notizie\/#\/schema\/person\/b789462c927517766c1bcfb452c8d85e"},"headline":"Un giorno da (Monte) leone e Tatarella(FLI): \u201cDa Torremaggiore la riscossa di tutti i moderati\u201d","datePublished":"2012-05-12T13:18:19+00:00","mainEntityOfPage":{"@id":"https:\/\/www.torremaggiore.com\/notizie\/2012\/un-giorno-da-monte-leone-e-tatarellafli-da-torremaggiore-la-riscossa-di-tutti-i-moderati\/"},"wordCount":357,"publisher":{"@id":"https:\/\/www.torremaggiore.com\/notizie\/#organization"},"image":{"@id":"https:\/\/www.torremaggiore.com\/notizie\/2012\/un-giorno-da-monte-leone-e-tatarellafli-da-torremaggiore-la-riscossa-di-tutti-i-moderati\/#primaryimage"},"thumbnailUrl":"http:\/\/www.torremaggiore.com\/notizie\/wp-content\/uploads\/2011\/12\/tatarella-fli.jpg","articleSection":["Politica","Prima Pagina"],"inLanguage":"it-IT"},{"@type":"WebPage","@id":"https:\/\/www.torremaggiore.com\/notizie\/2012\/un-giorno-da-monte-leone-e-tatarellafli-da-torremaggiore-la-riscossa-di-tutti-i-moderati\/","url":"https:\/\/www.torremaggiore.com\/notizie\/2012\/un-giorno-da-monte-leone-e-tatarellafli-da-torremaggiore-la-riscossa-di-tutti-i-moderati\/","name":"Un giorno da (Monte) leone e Tatarella(FLI): \u201cDa Torremaggiore la riscossa di tutti i moderati\u201d - Torremaggiore On Line","isPartOf":{"@id":"https:\/\/www.torremaggiore.com\/notizie\/#website"},"primaryImageOfPage":{"@id":"https:\/\/www.torremaggiore.com\/notizie\/2012\/un-giorno-da-monte-leone-e-tatarellafli-da-torremaggiore-la-riscossa-di-tutti-i-moderati\/#primaryimage"},"image":{"@id":"https:\/\/www.torremaggiore.com\/notizie\/2012\/un-giorno-da-monte-leone-e-tatarellafli-da-torremaggiore-la-riscossa-di-tutti-i-moderati\/#primaryimage"},"thumbnailUrl":"http:\/\/www.torremaggiore.com\/notizie\/wp-content\/uploads\/2011\/12\/tatarella-fli.jpg","datePublished":"2012-05-12T13:18:19+00:00","breadcrumb":{"@id":"https:\/\/www.torremaggiore.com\/notizie\/2012\/un-giorno-da-monte-leone-e-tatarellafli-da-torremaggiore-la-riscossa-di-tutti-i-moderati\/#breadcrumb"},"inLanguage":"it-IT","potentialAction":[{"@type":"ReadAction","target":["https:\/\/www.torremaggiore.com\/notizie\/2012\/un-giorno-da-monte-leone-e-tatarellafli-da-torremaggiore-la-riscossa-di-tutti-i-moderati\/"]}]},{"@type":"ImageObject","inLanguage":"it-IT","@id":"https:\/\/www.torremaggiore.com\/notizie\/2012\/un-giorno-da-monte-leone-e-tatarellafli-da-torremaggiore-la-riscossa-di-tutti-i-moderati\/#primaryimage","url":"http:\/\/www.torremaggiore.com\/notizie\/wp-content\/uploads\/2011\/12\/tatarella-fli.jpg","contentUrl":"http:\/\/www.torremaggiore.com\/notizie\/wp-content\/uploads\/2011\/12\/tatarella-fli.jpg"},{"@type":"BreadcrumbList","@id":"https:\/\/www.torremaggiore.com\/notizie\/2012\/un-giorno-da-monte-leone-e-tatarellafli-da-torremaggiore-la-riscossa-di-tutti-i-moderati\/#breadcrumb","itemListElement":[{"@type":"ListItem","position":1,"name":"Home","item":"https:\/\/www.torremaggiore.com\/notizie\/"},{"@type":"ListItem","position":2,"name":"Un giorno da (Monte) leone e Tatarella(FLI): \u201cDa Torremaggiore la riscossa di tutti i moderati\u201d"}]},{"@type":"WebSite","@id":"https:\/\/www.torremaggiore.com\/notizie\/#website","url":"https:\/\/www.torremaggiore.com\/notizie\/","name":"Torremaggiore On Line","description":"La Web Community di Torremaggiore","publisher":{"@id":"https:\/\/www.torremaggiore.com\/notizie\/#organization"},"potentialAction":[{"@type":"SearchAction","target":{"@type":"EntryPoint","urlTemplate":"https:\/\/www.torremaggiore.com\/notizie\/?s={search_term_string}"},"query-input":{"@type":"PropertyValueSpecification","valueRequired":true,"valueName":"search_term_string"}}],"inLanguage":"it-IT"},{"@type":"Organization","@id":"https:\/\/www.torremaggiore.com\/notizie\/#organization","name":"Torremaggiore On Line","url":"https:\/\/www.torremaggiore.com\/notizie\/","logo":{"@type":"ImageObject","inLanguage":"it-IT","@id":"https:\/\/www.torremaggiore.com\/notizie\/#\/schema\/logo\/image\/","url":"https:\/\/www.torremaggiore.com\/notizie\/wp-content\/uploads\/2020\/03\/logo-tmol20.gif","contentUrl":"https:\/\/www.torremaggiore.com\/notizie\/wp-content\/uploads\/2020\/03\/logo-tmol20.gif","width":260,"height":95,"caption":"Torremaggiore On Line"},"image":{"@id":"https:\/\/www.torremaggiore.com\/notizie\/#\/schema\/logo\/image\/"}},{"@type":"Person","@id":"https:\/\/www.torremaggiore.com\/notizie\/#\/schema\/person\/b789462c927517766c1bcfb452c8d85e","name":"Staff","image":{"@type":"ImageObject","inLanguage":"it-IT","@id":"https:\/\/secure.gravatar.com\/avatar\/fd311f248f82517b1efd21a54e666df2c5b705bb4a4fb804f3903c94be513fee?s=96&d=mm&r=g","url":"https:\/\/secure.gravatar.com\/avatar\/fd311f248f82517b1efd21a54e666df2c5b705bb4a4fb804f3903c94be513fee?s=96&d=mm&r=g","contentUrl":"https:\/\/secure.gravatar.com\/avatar\/fd311f248f82517b1efd21a54e666df2c5b705bb4a4fb804f3903c94be513fee?s=96&d=mm&r=g","caption":"Staff"},"sameAs":["https:\/\/www.micheleantonucci.it"],"url":"https:\/\/www.torremaggiore.com\/notizie\/author\/staff\/"}]}},"_links":{"self":[{"href":"https:\/\/www.torremaggiore.com\/notizie\/wp-json\/wp\/v2\/posts\/1490","targetHints":{"allow":["GET"]}}],"collection":[{"href":"https:\/\/www.torremaggiore.com\/notizie\/wp-json\/wp\/v2\/posts"}],"about":[{"href":"https:\/\/www.torremaggiore.com\/notizie\/wp-json\/wp\/v2\/types\/post"}],"author":[{"embeddable":true,"href":"https:\/\/www.torremaggiore.com\/notizie\/wp-json\/wp\/v2\/users\/2"}],"replies":[{"embeddable":true,"href":"https:\/\/www.torremaggiore.com\/notizie\/wp-json\/wp\/v2\/comments?post=1490"}],"version-history":[{"count":0,"href":"https:\/\/www.torremaggiore.com\/notizie\/wp-json\/wp\/v2\/posts\/1490\/revisions"}],"wp:attachment":[{"href":"https:\/\/www.torremaggiore.com\/notizie\/wp-json\/wp\/v2\/media?parent=1490"}],"wp:term":[{"taxonomy":"category","embeddable":true,"href":"https:\/\/www.torremaggiore.com\/notizie\/wp-json\/wp\/v2\/categories?post=1490"},{"taxonomy":"post_tag","embeddable":true,"href":"https:\/\/www.torremaggiore.com\/notizie\/wp-json\/wp\/v2\/tags?post=1490"}],"curies":[{"name":"wp","href":"https:\/\/api.w.org\/{rel}","templated":true}]}}