{"id":1480,"date":"2012-05-09T06:23:43","date_gmt":"2012-05-09T06:23:43","guid":{"rendered":"http:\/\/www.torremaggiore.com\/notizie\/?p=1480"},"modified":"2012-05-10T09:31:48","modified_gmt":"2012-05-10T09:31:48","slug":"la-don-tommaso-leccisotti-di-torremaggiore-organizza-un-incontro-tematico-il-13-maggio-2012","status":"publish","type":"post","link":"https:\/\/www.torremaggiore.com\/notizie\/2012\/la-don-tommaso-leccisotti-di-torremaggiore-organizza-un-incontro-tematico-il-13-maggio-2012\/","title":{"rendered":"La Don Tommaso Leccisotti di Torremaggiore organizza un incontro tematico il 13 maggio 2012"},"content":{"rendered":"<p>Segue comunicato dell\u2019Associazione culturale \u201cDon Tommaso Leccisotti\u201d; la responsabilit\u00e0 del contenuto \u00e8 <strong>ESCLUSIVAMENTE<\/strong> dell\u2019autore.<\/p>\n<p><img decoding=\"async\" src=\"http:\/\/www.torremaggiore.com\/notizie\/wp-content\/uploads\/2011\/12\/centro-dontommaso.jpg\" alt=\"null\" \/><\/p>\n<p>Il Centro Attivit\u00e0 Culturali &#8220;don Tommaso Leccisotti&#8221;,nell\u2019ambito degli scambi culturali con le associazioni e i gruppi aderenti al CERS (Consorzio Europeo Rievocazioni Storiche) organizza Domenica 13 maggio 2012 un incontro tematico a Torremaggiore presso il castello Ducale, nel pomeriggio seguir\u00e0 la visita al sito archeologico di Fiorentino. Il CERS-Consorzio Europeo Rievocazioni Storiche, rappresentato nel nostro Paese dalla CERS Italia-Associazione No profit, opera attraverso l\u2019azione dei propri iscritti &#8211; oltre 120 tra gruppi storici ed esperti nei pi\u00f9 diversi settori scientifici, didattici, artigianali, artistici, editoriali o ricostruttivi &#8211; nell\u2019ambito della rievocazione storica applicata al marketing territoriale, spesso in aree italiane ed estere non ancora interessate dal turismo di massa. E\u2019 innegabile per\u00f2 come la cosiddetta Living History, prima ancora di essere efficace strumento di promozione turistica, sia attivit\u00e0 dal sempre pi\u00f9 evidente valore culturale e sociale, visto anche l\u2019ampio coinvolgimento del volontariato e dell\u2019associazionismo locale.<\/p>\n<p><img decoding=\"async\" src=\"http:\/\/rete.comuni-italiani.it\/foto\/2009\/wp-content\/uploads\/2010\/01\/247603-800x588-500x367.jpg\" alt=\"null\" \/><\/p>\n<p>Programma<\/p>\n<p>1. ore 10,00 Accoglienza associazioni e gruppi del CERS<br \/>\n2. ore 10,30 Incontro tematico presso il castello ducale sul ruolo degli eventi rievocativi<br \/>\n3. ore 12,00 Visita guidata al castello, chiesa Matrice di San Nicola, cappella di Sant\u2019Anna e borgo antico<br \/>\n4. ore 15,00 Visita guidata al Parco archeologico di Fiorentino<br \/>\nPunto di ritrovo presso il Castello e partenza automuniti per Fiorentino<\/p>\n<p>Si invitano soci, associazioni e cittadini a partecipare.<\/p>\n<p>Il Presidente<br \/>\nCiro Panzone<\/p>\n<p><img loading=\"lazy\" decoding=\"async\" src=\"http:\/\/www.comune.torremaggiore.fg.it\/files\/image\/Fiorentino%20-%20Torre%20WEB%20grande.JPG\" alt=\"null\" width=\"448\" height=\"336\" \/><\/p>\n","protected":false},"excerpt":{"rendered":"<p>Segue comunicato dell\u2019Associazione culturale \u201cDon Tommaso Leccisotti\u201d; la responsabilit\u00e0 del contenuto \u00e8 ESCLUSIVAMENTE dell\u2019autore. Il<\/p>\n","protected":false},"author":2,"featured_media":0,"comment_status":"closed","ping_status":"open","sticky":false,"template":"","format":"standard","meta":{"footnotes":""},"categories":[3,250],"tags":[],"class_list":["post-1480","post","type-post","status-publish","format-standard","hentry","category-comunicati","category-prima-pagina"],"yoast_head":"<!-- This site is optimized with the Yoast SEO plugin v27.4 - https:\/\/yoast.com\/product\/yoast-seo-wordpress\/ -->\n<title>La Don Tommaso Leccisotti di Torremaggiore organizza un incontro tematico il 13 maggio 2012 - Torremaggiore On Line<\/title>\n<meta name=\"robots\" content=\"index, follow, max-snippet:-1, max-image-preview:large, max-video-preview:-1\" \/>\n<link rel=\"canonical\" href=\"https:\/\/www.torremaggiore.com\/notizie\/2012\/la-don-tommaso-leccisotti-di-torremaggiore-organizza-un-incontro-tematico-il-13-maggio-2012\/\" \/>\n<meta property=\"og:locale\" content=\"it_IT\" \/>\n<meta property=\"og:type\" content=\"article\" \/>\n<meta property=\"og:title\" content=\"La Don Tommaso Leccisotti di Torremaggiore organizza un incontro tematico il 13 maggio 2012 - Torremaggiore On Line\" \/>\n<meta property=\"og:description\" content=\"Segue comunicato dell\u2019Associazione culturale \u201cDon Tommaso Leccisotti\u201d; la responsabilit\u00e0 del contenuto \u00e8 ESCLUSIVAMENTE dell\u2019autore. Il\" \/>\n<meta property=\"og:url\" content=\"https:\/\/www.torremaggiore.com\/notizie\/2012\/la-don-tommaso-leccisotti-di-torremaggiore-organizza-un-incontro-tematico-il-13-maggio-2012\/\" \/>\n<meta property=\"og:site_name\" content=\"Torremaggiore On Line\" \/>\n<meta property=\"article:published_time\" content=\"2012-05-09T06:23:43+00:00\" \/>\n<meta property=\"article:modified_time\" content=\"2012-05-10T09:31:48+00:00\" \/>\n<meta property=\"og:image\" content=\"http:\/\/www.torremaggiore.com\/notizie\/wp-content\/uploads\/2011\/12\/centro-dontommaso.jpg\" \/>\n<meta name=\"author\" content=\"Staff\" \/>\n<meta name=\"twitter:card\" content=\"summary_large_image\" \/>\n<meta name=\"twitter:label1\" content=\"Scritto da\" \/>\n\t<meta name=\"twitter:data1\" content=\"Staff\" \/>\n\t<meta name=\"twitter:label2\" content=\"Tempo di lettura stimato\" \/>\n\t<meta name=\"twitter:data2\" content=\"1 minuto\" \/>\n<script type=\"application\/ld+json\" class=\"yoast-schema-graph\">{\"@context\":\"https:\\\/\\\/schema.org\",\"@graph\":[{\"@type\":\"Article\",\"@id\":\"https:\\\/\\\/www.torremaggiore.com\\\/notizie\\\/2012\\\/la-don-tommaso-leccisotti-di-torremaggiore-organizza-un-incontro-tematico-il-13-maggio-2012\\\/#article\",\"isPartOf\":{\"@id\":\"https:\\\/\\\/www.torremaggiore.com\\\/notizie\\\/2012\\\/la-don-tommaso-leccisotti-di-torremaggiore-organizza-un-incontro-tematico-il-13-maggio-2012\\\/\"},\"author\":{\"name\":\"Staff\",\"@id\":\"https:\\\/\\\/www.torremaggiore.com\\\/notizie\\\/#\\\/schema\\\/person\\\/b789462c927517766c1bcfb452c8d85e\"},\"headline\":\"La Don Tommaso Leccisotti di Torremaggiore organizza un incontro tematico il 13 maggio 2012\",\"datePublished\":\"2012-05-09T06:23:43+00:00\",\"dateModified\":\"2012-05-10T09:31:48+00:00\",\"mainEntityOfPage\":{\"@id\":\"https:\\\/\\\/www.torremaggiore.com\\\/notizie\\\/2012\\\/la-don-tommaso-leccisotti-di-torremaggiore-organizza-un-incontro-tematico-il-13-maggio-2012\\\/\"},\"wordCount\":242,\"publisher\":{\"@id\":\"https:\\\/\\\/www.torremaggiore.com\\\/notizie\\\/#organization\"},\"image\":{\"@id\":\"https:\\\/\\\/www.torremaggiore.com\\\/notizie\\\/2012\\\/la-don-tommaso-leccisotti-di-torremaggiore-organizza-un-incontro-tematico-il-13-maggio-2012\\\/#primaryimage\"},\"thumbnailUrl\":\"http:\\\/\\\/www.torremaggiore.com\\\/notizie\\\/wp-content\\\/uploads\\\/2011\\\/12\\\/centro-dontommaso.jpg\",\"articleSection\":[\"Comunicati\",\"Prima Pagina\"],\"inLanguage\":\"it-IT\"},{\"@type\":\"WebPage\",\"@id\":\"https:\\\/\\\/www.torremaggiore.com\\\/notizie\\\/2012\\\/la-don-tommaso-leccisotti-di-torremaggiore-organizza-un-incontro-tematico-il-13-maggio-2012\\\/\",\"url\":\"https:\\\/\\\/www.torremaggiore.com\\\/notizie\\\/2012\\\/la-don-tommaso-leccisotti-di-torremaggiore-organizza-un-incontro-tematico-il-13-maggio-2012\\\/\",\"name\":\"La Don Tommaso Leccisotti di Torremaggiore organizza un incontro tematico il 13 maggio 2012 - Torremaggiore On Line\",\"isPartOf\":{\"@id\":\"https:\\\/\\\/www.torremaggiore.com\\\/notizie\\\/#website\"},\"primaryImageOfPage\":{\"@id\":\"https:\\\/\\\/www.torremaggiore.com\\\/notizie\\\/2012\\\/la-don-tommaso-leccisotti-di-torremaggiore-organizza-un-incontro-tematico-il-13-maggio-2012\\\/#primaryimage\"},\"image\":{\"@id\":\"https:\\\/\\\/www.torremaggiore.com\\\/notizie\\\/2012\\\/la-don-tommaso-leccisotti-di-torremaggiore-organizza-un-incontro-tematico-il-13-maggio-2012\\\/#primaryimage\"},\"thumbnailUrl\":\"http:\\\/\\\/www.torremaggiore.com\\\/notizie\\\/wp-content\\\/uploads\\\/2011\\\/12\\\/centro-dontommaso.jpg\",\"datePublished\":\"2012-05-09T06:23:43+00:00\",\"dateModified\":\"2012-05-10T09:31:48+00:00\",\"breadcrumb\":{\"@id\":\"https:\\\/\\\/www.torremaggiore.com\\\/notizie\\\/2012\\\/la-don-tommaso-leccisotti-di-torremaggiore-organizza-un-incontro-tematico-il-13-maggio-2012\\\/#breadcrumb\"},\"inLanguage\":\"it-IT\",\"potentialAction\":[{\"@type\":\"ReadAction\",\"target\":[\"https:\\\/\\\/www.torremaggiore.com\\\/notizie\\\/2012\\\/la-don-tommaso-leccisotti-di-torremaggiore-organizza-un-incontro-tematico-il-13-maggio-2012\\\/\"]}]},{\"@type\":\"ImageObject\",\"inLanguage\":\"it-IT\",\"@id\":\"https:\\\/\\\/www.torremaggiore.com\\\/notizie\\\/2012\\\/la-don-tommaso-leccisotti-di-torremaggiore-organizza-un-incontro-tematico-il-13-maggio-2012\\\/#primaryimage\",\"url\":\"http:\\\/\\\/www.torremaggiore.com\\\/notizie\\\/wp-content\\\/uploads\\\/2011\\\/12\\\/centro-dontommaso.jpg\",\"contentUrl\":\"http:\\\/\\\/www.torremaggiore.com\\\/notizie\\\/wp-content\\\/uploads\\\/2011\\\/12\\\/centro-dontommaso.jpg\"},{\"@type\":\"BreadcrumbList\",\"@id\":\"https:\\\/\\\/www.torremaggiore.com\\\/notizie\\\/2012\\\/la-don-tommaso-leccisotti-di-torremaggiore-organizza-un-incontro-tematico-il-13-maggio-2012\\\/#breadcrumb\",\"itemListElement\":[{\"@type\":\"ListItem\",\"position\":1,\"name\":\"Home\",\"item\":\"https:\\\/\\\/www.torremaggiore.com\\\/notizie\\\/\"},{\"@type\":\"ListItem\",\"position\":2,\"name\":\"La Don Tommaso Leccisotti di Torremaggiore organizza un incontro tematico il 13 maggio 2012\"}]},{\"@type\":\"WebSite\",\"@id\":\"https:\\\/\\\/www.torremaggiore.com\\\/notizie\\\/#website\",\"url\":\"https:\\\/\\\/www.torremaggiore.com\\\/notizie\\\/\",\"name\":\"Torremaggiore On Line\",\"description\":\"La Web Community di Torremaggiore\",\"publisher\":{\"@id\":\"https:\\\/\\\/www.torremaggiore.com\\\/notizie\\\/#organization\"},\"potentialAction\":[{\"@type\":\"SearchAction\",\"target\":{\"@type\":\"EntryPoint\",\"urlTemplate\":\"https:\\\/\\\/www.torremaggiore.com\\\/notizie\\\/?s={search_term_string}\"},\"query-input\":{\"@type\":\"PropertyValueSpecification\",\"valueRequired\":true,\"valueName\":\"search_term_string\"}}],\"inLanguage\":\"it-IT\"},{\"@type\":\"Organization\",\"@id\":\"https:\\\/\\\/www.torremaggiore.com\\\/notizie\\\/#organization\",\"name\":\"Torremaggiore On Line\",\"url\":\"https:\\\/\\\/www.torremaggiore.com\\\/notizie\\\/\",\"logo\":{\"@type\":\"ImageObject\",\"inLanguage\":\"it-IT\",\"@id\":\"https:\\\/\\\/www.torremaggiore.com\\\/notizie\\\/#\\\/schema\\\/logo\\\/image\\\/\",\"url\":\"https:\\\/\\\/www.torremaggiore.com\\\/notizie\\\/wp-content\\\/uploads\\\/2020\\\/03\\\/logo-tmol20.gif\",\"contentUrl\":\"https:\\\/\\\/www.torremaggiore.com\\\/notizie\\\/wp-content\\\/uploads\\\/2020\\\/03\\\/logo-tmol20.gif\",\"width\":260,\"height\":95,\"caption\":\"Torremaggiore On Line\"},\"image\":{\"@id\":\"https:\\\/\\\/www.torremaggiore.com\\\/notizie\\\/#\\\/schema\\\/logo\\\/image\\\/\"}},{\"@type\":\"Person\",\"@id\":\"https:\\\/\\\/www.torremaggiore.com\\\/notizie\\\/#\\\/schema\\\/person\\\/b789462c927517766c1bcfb452c8d85e\",\"name\":\"Staff\",\"image\":{\"@type\":\"ImageObject\",\"inLanguage\":\"it-IT\",\"@id\":\"https:\\\/\\\/secure.gravatar.com\\\/avatar\\\/fd311f248f82517b1efd21a54e666df2c5b705bb4a4fb804f3903c94be513fee?s=96&d=mm&r=g\",\"url\":\"https:\\\/\\\/secure.gravatar.com\\\/avatar\\\/fd311f248f82517b1efd21a54e666df2c5b705bb4a4fb804f3903c94be513fee?s=96&d=mm&r=g\",\"contentUrl\":\"https:\\\/\\\/secure.gravatar.com\\\/avatar\\\/fd311f248f82517b1efd21a54e666df2c5b705bb4a4fb804f3903c94be513fee?s=96&d=mm&r=g\",\"caption\":\"Staff\"},\"sameAs\":[\"https:\\\/\\\/www.micheleantonucci.it\"],\"url\":\"https:\\\/\\\/www.torremaggiore.com\\\/notizie\\\/author\\\/staff\\\/\"}]}<\/script>\n<!-- \/ Yoast SEO plugin. -->","yoast_head_json":{"title":"La Don Tommaso Leccisotti di Torremaggiore organizza un incontro tematico il 13 maggio 2012 - Torremaggiore On Line","robots":{"index":"index","follow":"follow","max-snippet":"max-snippet:-1","max-image-preview":"max-image-preview:large","max-video-preview":"max-video-preview:-1"},"canonical":"https:\/\/www.torremaggiore.com\/notizie\/2012\/la-don-tommaso-leccisotti-di-torremaggiore-organizza-un-incontro-tematico-il-13-maggio-2012\/","og_locale":"it_IT","og_type":"article","og_title":"La Don Tommaso Leccisotti di Torremaggiore organizza un incontro tematico il 13 maggio 2012 - Torremaggiore On Line","og_description":"Segue comunicato dell\u2019Associazione culturale \u201cDon Tommaso Leccisotti\u201d; la responsabilit\u00e0 del contenuto \u00e8 ESCLUSIVAMENTE dell\u2019autore. Il","og_url":"https:\/\/www.torremaggiore.com\/notizie\/2012\/la-don-tommaso-leccisotti-di-torremaggiore-organizza-un-incontro-tematico-il-13-maggio-2012\/","og_site_name":"Torremaggiore On Line","article_published_time":"2012-05-09T06:23:43+00:00","article_modified_time":"2012-05-10T09:31:48+00:00","og_image":[{"url":"http:\/\/www.torremaggiore.com\/notizie\/wp-content\/uploads\/2011\/12\/centro-dontommaso.jpg","type":"","width":"","height":""}],"author":"Staff","twitter_card":"summary_large_image","twitter_misc":{"Scritto da":"Staff","Tempo di lettura stimato":"1 minuto"},"schema":{"@context":"https:\/\/schema.org","@graph":[{"@type":"Article","@id":"https:\/\/www.torremaggiore.com\/notizie\/2012\/la-don-tommaso-leccisotti-di-torremaggiore-organizza-un-incontro-tematico-il-13-maggio-2012\/#article","isPartOf":{"@id":"https:\/\/www.torremaggiore.com\/notizie\/2012\/la-don-tommaso-leccisotti-di-torremaggiore-organizza-un-incontro-tematico-il-13-maggio-2012\/"},"author":{"name":"Staff","@id":"https:\/\/www.torremaggiore.com\/notizie\/#\/schema\/person\/b789462c927517766c1bcfb452c8d85e"},"headline":"La Don Tommaso Leccisotti di Torremaggiore organizza un incontro tematico il 13 maggio 2012","datePublished":"2012-05-09T06:23:43+00:00","dateModified":"2012-05-10T09:31:48+00:00","mainEntityOfPage":{"@id":"https:\/\/www.torremaggiore.com\/notizie\/2012\/la-don-tommaso-leccisotti-di-torremaggiore-organizza-un-incontro-tematico-il-13-maggio-2012\/"},"wordCount":242,"publisher":{"@id":"https:\/\/www.torremaggiore.com\/notizie\/#organization"},"image":{"@id":"https:\/\/www.torremaggiore.com\/notizie\/2012\/la-don-tommaso-leccisotti-di-torremaggiore-organizza-un-incontro-tematico-il-13-maggio-2012\/#primaryimage"},"thumbnailUrl":"http:\/\/www.torremaggiore.com\/notizie\/wp-content\/uploads\/2011\/12\/centro-dontommaso.jpg","articleSection":["Comunicati","Prima Pagina"],"inLanguage":"it-IT"},{"@type":"WebPage","@id":"https:\/\/www.torremaggiore.com\/notizie\/2012\/la-don-tommaso-leccisotti-di-torremaggiore-organizza-un-incontro-tematico-il-13-maggio-2012\/","url":"https:\/\/www.torremaggiore.com\/notizie\/2012\/la-don-tommaso-leccisotti-di-torremaggiore-organizza-un-incontro-tematico-il-13-maggio-2012\/","name":"La Don Tommaso Leccisotti di Torremaggiore organizza un incontro tematico il 13 maggio 2012 - Torremaggiore On Line","isPartOf":{"@id":"https:\/\/www.torremaggiore.com\/notizie\/#website"},"primaryImageOfPage":{"@id":"https:\/\/www.torremaggiore.com\/notizie\/2012\/la-don-tommaso-leccisotti-di-torremaggiore-organizza-un-incontro-tematico-il-13-maggio-2012\/#primaryimage"},"image":{"@id":"https:\/\/www.torremaggiore.com\/notizie\/2012\/la-don-tommaso-leccisotti-di-torremaggiore-organizza-un-incontro-tematico-il-13-maggio-2012\/#primaryimage"},"thumbnailUrl":"http:\/\/www.torremaggiore.com\/notizie\/wp-content\/uploads\/2011\/12\/centro-dontommaso.jpg","datePublished":"2012-05-09T06:23:43+00:00","dateModified":"2012-05-10T09:31:48+00:00","breadcrumb":{"@id":"https:\/\/www.torremaggiore.com\/notizie\/2012\/la-don-tommaso-leccisotti-di-torremaggiore-organizza-un-incontro-tematico-il-13-maggio-2012\/#breadcrumb"},"inLanguage":"it-IT","potentialAction":[{"@type":"ReadAction","target":["https:\/\/www.torremaggiore.com\/notizie\/2012\/la-don-tommaso-leccisotti-di-torremaggiore-organizza-un-incontro-tematico-il-13-maggio-2012\/"]}]},{"@type":"ImageObject","inLanguage":"it-IT","@id":"https:\/\/www.torremaggiore.com\/notizie\/2012\/la-don-tommaso-leccisotti-di-torremaggiore-organizza-un-incontro-tematico-il-13-maggio-2012\/#primaryimage","url":"http:\/\/www.torremaggiore.com\/notizie\/wp-content\/uploads\/2011\/12\/centro-dontommaso.jpg","contentUrl":"http:\/\/www.torremaggiore.com\/notizie\/wp-content\/uploads\/2011\/12\/centro-dontommaso.jpg"},{"@type":"BreadcrumbList","@id":"https:\/\/www.torremaggiore.com\/notizie\/2012\/la-don-tommaso-leccisotti-di-torremaggiore-organizza-un-incontro-tematico-il-13-maggio-2012\/#breadcrumb","itemListElement":[{"@type":"ListItem","position":1,"name":"Home","item":"https:\/\/www.torremaggiore.com\/notizie\/"},{"@type":"ListItem","position":2,"name":"La Don Tommaso Leccisotti di Torremaggiore organizza un incontro tematico il 13 maggio 2012"}]},{"@type":"WebSite","@id":"https:\/\/www.torremaggiore.com\/notizie\/#website","url":"https:\/\/www.torremaggiore.com\/notizie\/","name":"Torremaggiore On Line","description":"La Web Community di Torremaggiore","publisher":{"@id":"https:\/\/www.torremaggiore.com\/notizie\/#organization"},"potentialAction":[{"@type":"SearchAction","target":{"@type":"EntryPoint","urlTemplate":"https:\/\/www.torremaggiore.com\/notizie\/?s={search_term_string}"},"query-input":{"@type":"PropertyValueSpecification","valueRequired":true,"valueName":"search_term_string"}}],"inLanguage":"it-IT"},{"@type":"Organization","@id":"https:\/\/www.torremaggiore.com\/notizie\/#organization","name":"Torremaggiore On Line","url":"https:\/\/www.torremaggiore.com\/notizie\/","logo":{"@type":"ImageObject","inLanguage":"it-IT","@id":"https:\/\/www.torremaggiore.com\/notizie\/#\/schema\/logo\/image\/","url":"https:\/\/www.torremaggiore.com\/notizie\/wp-content\/uploads\/2020\/03\/logo-tmol20.gif","contentUrl":"https:\/\/www.torremaggiore.com\/notizie\/wp-content\/uploads\/2020\/03\/logo-tmol20.gif","width":260,"height":95,"caption":"Torremaggiore On Line"},"image":{"@id":"https:\/\/www.torremaggiore.com\/notizie\/#\/schema\/logo\/image\/"}},{"@type":"Person","@id":"https:\/\/www.torremaggiore.com\/notizie\/#\/schema\/person\/b789462c927517766c1bcfb452c8d85e","name":"Staff","image":{"@type":"ImageObject","inLanguage":"it-IT","@id":"https:\/\/secure.gravatar.com\/avatar\/fd311f248f82517b1efd21a54e666df2c5b705bb4a4fb804f3903c94be513fee?s=96&d=mm&r=g","url":"https:\/\/secure.gravatar.com\/avatar\/fd311f248f82517b1efd21a54e666df2c5b705bb4a4fb804f3903c94be513fee?s=96&d=mm&r=g","contentUrl":"https:\/\/secure.gravatar.com\/avatar\/fd311f248f82517b1efd21a54e666df2c5b705bb4a4fb804f3903c94be513fee?s=96&d=mm&r=g","caption":"Staff"},"sameAs":["https:\/\/www.micheleantonucci.it"],"url":"https:\/\/www.torremaggiore.com\/notizie\/author\/staff\/"}]}},"_links":{"self":[{"href":"https:\/\/www.torremaggiore.com\/notizie\/wp-json\/wp\/v2\/posts\/1480","targetHints":{"allow":["GET"]}}],"collection":[{"href":"https:\/\/www.torremaggiore.com\/notizie\/wp-json\/wp\/v2\/posts"}],"about":[{"href":"https:\/\/www.torremaggiore.com\/notizie\/wp-json\/wp\/v2\/types\/post"}],"author":[{"embeddable":true,"href":"https:\/\/www.torremaggiore.com\/notizie\/wp-json\/wp\/v2\/users\/2"}],"replies":[{"embeddable":true,"href":"https:\/\/www.torremaggiore.com\/notizie\/wp-json\/wp\/v2\/comments?post=1480"}],"version-history":[{"count":0,"href":"https:\/\/www.torremaggiore.com\/notizie\/wp-json\/wp\/v2\/posts\/1480\/revisions"}],"wp:attachment":[{"href":"https:\/\/www.torremaggiore.com\/notizie\/wp-json\/wp\/v2\/media?parent=1480"}],"wp:term":[{"taxonomy":"category","embeddable":true,"href":"https:\/\/www.torremaggiore.com\/notizie\/wp-json\/wp\/v2\/categories?post=1480"},{"taxonomy":"post_tag","embeddable":true,"href":"https:\/\/www.torremaggiore.com\/notizie\/wp-json\/wp\/v2\/tags?post=1480"}],"curies":[{"name":"wp","href":"https:\/\/api.w.org\/{rel}","templated":true}]}}