{"id":13879,"date":"2020-02-12T14:28:37","date_gmt":"2020-02-12T12:28:37","guid":{"rendered":"https:\/\/www.torremaggiore.com\/notizie\/?p=13879"},"modified":"2020-02-12T14:40:10","modified_gmt":"2020-02-12T12:40:10","slug":"fratelli-ditalia-torremaggiore-ha-celebrato-il-giorno-del-ricordo-2020-per-onorare-le-vittime-delle-foibe-tra-cui-anche-due-torremaggioresi","status":"publish","type":"post","link":"https:\/\/www.torremaggiore.com\/notizie\/2020\/fratelli-ditalia-torremaggiore-ha-celebrato-il-giorno-del-ricordo-2020-per-onorare-le-vittime-delle-foibe-tra-cui-anche-due-torremaggioresi\/","title":{"rendered":"Fratelli d&#8217;Italia Torremaggiore ha celebrato il Giorno del Ricordo 2020 per onorare le vittime delle Foibe tra cui anche due torremaggioresi"},"content":{"rendered":"\n<p>Il Direttivo locale Fratelli d\u2019Italia e Giovent\u00f9 Nazionale di Torremaggiore  ha commemorato Il 10 Febbraio, &#8220;Il Giorno del Ricordo&#8221; per conservare e  rinnovare la memoria della tragedia degli italiani e di tutte le vittime  delle Foibe e dell&#8217;esodo delle popolazioni giuliane e dalmate dalle  loro terre. <br>Insieme agli amici della Lega di Torremaggiore abbiamo raccolto oltre trecento firme nel wee-end scorso  per presentare una richiesta all\u2019Amministrazione Comunale per intitolare una strada della nostra Citt\u00e0 ai Martiri delle Foibe.<br><br>Tra il 1943 ed i primi anni 50\u2019 vi furono, da parte dei  comunisti jugoslavi titini, tante persecuzioni nei confronti degli  italiani che vivevano nelle zone di confine istriano e il massimo punto  di crudelt\u00e0 fu attuato attraverso &#8220;l&#8217;infoibamento\u201d. All\u2019interno delle  foibe, inghiottitoi naturali di materiale carsico, si legavano gruppi di  italiani, uniti tra loro con un fil di ferro e si apriva il fuoco  soltanto sui primi due o tre i quali, precipitando nell&#8217;abisso,  trascinavano con s\u00e8 gli altri sventurati condannati a sopravvivere per  giorni sui fondali di queste voragini.Questa era la rappresaglia  organizzata dal boia comunista jugoslavo Tito e questo \u00e8 un pezzo di  storia italiana che non troverete nei libri di scuola e che molto spesso  ignoranza, silenzio, politica subdola e giudici conniventi hanno  tentato di portarla nel dimenticatoio. <br><br> Migliaia di scompari dalla  storia che attendono giustizia e verit\u00e0. Scomparvero dalle loro case,  dall&#8217;affetto dei loro cari, dalla loro terra e dalla Patria che tutti  amavano al di l\u00e0 delle diverse ideologie politiche, vittime di un  disegno criminale basato sull&#8217;odio etnico degli slavi e sull&#8217;ideologia  marxista-leninista, che saldarono il IX Corpus e le armate titine in  un&#8217;unica fratellanza con i collaborazionisti italiani, rei di essersi  macchiati del sangue dei fratelli. Il disegno di genocidio fu  condotto senza distinzioni politiche razziali ed economiche o di sesso  ed et\u00e0; furono arrestati uomini, cattolici ed ebrei, industriali,  dipendenti privati ma anche agricoltori, pescatori, donne, vecchi,  bambini e servitori dello Stato (carabinieri, poliziotti, finanzieri). Le Foibe colpirono una parte dei prelevati e furono la tomba di alcune  centinaia di italiani, ma la maggioranza fin\u00ec in campi di sterminio ed  in fosse comuni.<br><br>Solo da qualche anno si conosce il contributo che  ha dato la Puglia in termini di vite umane infoibate e anche la nostra  Torremaggiore annovera due vittime: Angelo Celeste ed Emilio Di Pumpo  (Capitano d\u2019artiglieria reparti R.S.I., fucilato a Sesana e infoibato il  24\/5\/1945). Nel corso dei circa settanta anni trascorsi da questa  vicenda, la Patria ha fatto di tutto per tacere, nascondere e talvolta  fuorviare questa vicenda tanto \u00e8 che il dittatore Comunista Tito ottenne  nell&#8217;ottobre 1969 il titolo di &#8220;Cavaliere di gran Croce al Merito della  Repubblica Italiana&#8221;. Sarebbe doveroso, per rispetto nei confronti  delle decine di migliaia di morti italiani, revocare questa che viene  ritenuta una altissima onorificenza concessa dalla Repubblica Italiana  ad un capo di Stato straniero per alti meriti. Non \u00e8 un attestato di  benevolenza qualsiasi ma il pi\u00f9 importante riconoscimento che certifica  virt\u00f9 filantropiche, sociali e umanitarie. <br><br> In questo ambito la  sentenza storica \u00e8 stata gi\u00e0 scritta. Il Maresciallo Tito \u00e8 stato un  assassino e insieme alla proposta di legge presentata da Fratelli  d&#8217;Italia (anno 2018) per porre fine a questa assurdit\u00e0, ci dovrebbe  essere l&#8217;intervento del Presidente Mattarella che, con un atto di buon  senso e di discontinuit\u00e0 nei confronti degli errori perpetrati dai suoi  predecessori, revochi questo titolo di onorificenza. In tal caso si  farebbe un&#8217;opera di giustizia e nel contempo si onorerebbero al meglio i  tanti morti innocenti, per troppo tempo rimasti nascosti alla storia  con una &#8220;Congiura del silenzio&#8221;.<br><br>Fratelli d\u2019Italia Sezione di  Torremaggiore ricorda i Martiri delle Foibe, dell\u2019Esodo Istriano,  giuliano e dalmata, ricorda i concittadini Angelo ed Emilio e appena  possibile, presenteremo una richiesta all\u2019Amministrazione Comunale per  intitolare una strada della nostra Citt\u00e0 in loro ricordo. <\/p>\n\n\n\n<p><\/p>\n\n\n\n<figure class=\"wp-block-image\"><img loading=\"lazy\" decoding=\"async\" width=\"960\" height=\"960\" src=\"https:\/\/www.torremaggiore.com\/notizie\/wp-content\/uploads\/2020\/02\/foibe-fdi-2020.png\" alt=\"\" class=\"wp-image-13880\" srcset=\"https:\/\/www.torremaggiore.com\/notizie\/wp-content\/uploads\/2020\/02\/foibe-fdi-2020.png 960w, https:\/\/www.torremaggiore.com\/notizie\/wp-content\/uploads\/2020\/02\/foibe-fdi-2020-768x768.png 768w, https:\/\/www.torremaggiore.com\/notizie\/wp-content\/uploads\/2020\/02\/foibe-fdi-2020-500x500.png 500w, https:\/\/www.torremaggiore.com\/notizie\/wp-content\/uploads\/2020\/02\/foibe-fdi-2020-400x400.png 400w\" sizes=\"auto, (max-width: 960px) 100vw, 960px\" \/><\/figure>\n","protected":false},"excerpt":{"rendered":"<p>Il Direttivo locale Fratelli d\u2019Italia e Giovent\u00f9 Nazionale di Torremaggiore ha commemorato Il 10 Febbraio,<\/p>\n","protected":false},"author":2,"featured_media":13880,"comment_status":"closed","ping_status":"open","sticky":false,"template":"","format":"standard","meta":{"footnotes":""},"categories":[1,4,250],"tags":[],"class_list":["post-13879","post","type-post","status-publish","format-standard","has-post-thumbnail","hentry","category-appuntamenti","category-politica","category-prima-pagina"],"yoast_head":"<!-- This site is optimized with the Yoast SEO plugin v27.4 - https:\/\/yoast.com\/product\/yoast-seo-wordpress\/ -->\n<title>Fratelli d&#039;Italia Torremaggiore ha celebrato il Giorno del Ricordo 2020 per onorare le vittime delle Foibe tra cui anche due torremaggioresi - Torremaggiore On Line<\/title>\n<meta name=\"robots\" content=\"index, follow, max-snippet:-1, max-image-preview:large, max-video-preview:-1\" \/>\n<link rel=\"canonical\" href=\"https:\/\/www.torremaggiore.com\/notizie\/2020\/fratelli-ditalia-torremaggiore-ha-celebrato-il-giorno-del-ricordo-2020-per-onorare-le-vittime-delle-foibe-tra-cui-anche-due-torremaggioresi\/\" \/>\n<meta property=\"og:locale\" content=\"it_IT\" \/>\n<meta property=\"og:type\" content=\"article\" \/>\n<meta property=\"og:title\" content=\"Fratelli d&#039;Italia Torremaggiore ha celebrato il Giorno del Ricordo 2020 per onorare le vittime delle Foibe tra cui anche due torremaggioresi - Torremaggiore On Line\" \/>\n<meta property=\"og:description\" content=\"Il Direttivo locale Fratelli d\u2019Italia e Giovent\u00f9 Nazionale di Torremaggiore ha commemorato Il 10 Febbraio,\" \/>\n<meta property=\"og:url\" content=\"https:\/\/www.torremaggiore.com\/notizie\/2020\/fratelli-ditalia-torremaggiore-ha-celebrato-il-giorno-del-ricordo-2020-per-onorare-le-vittime-delle-foibe-tra-cui-anche-due-torremaggioresi\/\" \/>\n<meta property=\"og:site_name\" content=\"Torremaggiore On Line\" \/>\n<meta property=\"article:published_time\" content=\"2020-02-12T12:28:37+00:00\" \/>\n<meta property=\"article:modified_time\" content=\"2020-02-12T12:40:10+00:00\" \/>\n<meta property=\"og:image\" content=\"https:\/\/www.torremaggiore.com\/notizie\/wp-content\/uploads\/2020\/02\/foibe-fdi-2020.png\" \/>\n\t<meta property=\"og:image:width\" content=\"960\" \/>\n\t<meta property=\"og:image:height\" content=\"960\" \/>\n\t<meta property=\"og:image:type\" content=\"image\/png\" \/>\n<meta name=\"author\" content=\"Staff\" \/>\n<meta name=\"twitter:card\" content=\"summary_large_image\" \/>\n<meta name=\"twitter:label1\" content=\"Scritto da\" \/>\n\t<meta name=\"twitter:data1\" content=\"Staff\" \/>\n\t<meta name=\"twitter:label2\" content=\"Tempo di lettura stimato\" \/>\n\t<meta name=\"twitter:data2\" content=\"3 minuti\" \/>\n<script type=\"application\/ld+json\" class=\"yoast-schema-graph\">{\"@context\":\"https:\\\/\\\/schema.org\",\"@graph\":[{\"@type\":\"Article\",\"@id\":\"https:\\\/\\\/www.torremaggiore.com\\\/notizie\\\/2020\\\/fratelli-ditalia-torremaggiore-ha-celebrato-il-giorno-del-ricordo-2020-per-onorare-le-vittime-delle-foibe-tra-cui-anche-due-torremaggioresi\\\/#article\",\"isPartOf\":{\"@id\":\"https:\\\/\\\/www.torremaggiore.com\\\/notizie\\\/2020\\\/fratelli-ditalia-torremaggiore-ha-celebrato-il-giorno-del-ricordo-2020-per-onorare-le-vittime-delle-foibe-tra-cui-anche-due-torremaggioresi\\\/\"},\"author\":{\"name\":\"Staff\",\"@id\":\"https:\\\/\\\/www.torremaggiore.com\\\/notizie\\\/#\\\/schema\\\/person\\\/b789462c927517766c1bcfb452c8d85e\"},\"headline\":\"Fratelli d&#8217;Italia Torremaggiore ha celebrato il Giorno del Ricordo 2020 per onorare le vittime delle Foibe tra cui anche due torremaggioresi\",\"datePublished\":\"2020-02-12T12:28:37+00:00\",\"dateModified\":\"2020-02-12T12:40:10+00:00\",\"mainEntityOfPage\":{\"@id\":\"https:\\\/\\\/www.torremaggiore.com\\\/notizie\\\/2020\\\/fratelli-ditalia-torremaggiore-ha-celebrato-il-giorno-del-ricordo-2020-per-onorare-le-vittime-delle-foibe-tra-cui-anche-due-torremaggioresi\\\/\"},\"wordCount\":658,\"publisher\":{\"@id\":\"https:\\\/\\\/www.torremaggiore.com\\\/notizie\\\/#organization\"},\"image\":{\"@id\":\"https:\\\/\\\/www.torremaggiore.com\\\/notizie\\\/2020\\\/fratelli-ditalia-torremaggiore-ha-celebrato-il-giorno-del-ricordo-2020-per-onorare-le-vittime-delle-foibe-tra-cui-anche-due-torremaggioresi\\\/#primaryimage\"},\"thumbnailUrl\":\"https:\\\/\\\/www.torremaggiore.com\\\/notizie\\\/wp-content\\\/uploads\\\/2020\\\/02\\\/foibe-fdi-2020.png\",\"articleSection\":[\"Appuntamenti\",\"Politica\",\"Prima Pagina\"],\"inLanguage\":\"it-IT\"},{\"@type\":\"WebPage\",\"@id\":\"https:\\\/\\\/www.torremaggiore.com\\\/notizie\\\/2020\\\/fratelli-ditalia-torremaggiore-ha-celebrato-il-giorno-del-ricordo-2020-per-onorare-le-vittime-delle-foibe-tra-cui-anche-due-torremaggioresi\\\/\",\"url\":\"https:\\\/\\\/www.torremaggiore.com\\\/notizie\\\/2020\\\/fratelli-ditalia-torremaggiore-ha-celebrato-il-giorno-del-ricordo-2020-per-onorare-le-vittime-delle-foibe-tra-cui-anche-due-torremaggioresi\\\/\",\"name\":\"Fratelli d'Italia Torremaggiore ha celebrato il Giorno del Ricordo 2020 per onorare le vittime delle Foibe tra cui anche due torremaggioresi - Torremaggiore On Line\",\"isPartOf\":{\"@id\":\"https:\\\/\\\/www.torremaggiore.com\\\/notizie\\\/#website\"},\"primaryImageOfPage\":{\"@id\":\"https:\\\/\\\/www.torremaggiore.com\\\/notizie\\\/2020\\\/fratelli-ditalia-torremaggiore-ha-celebrato-il-giorno-del-ricordo-2020-per-onorare-le-vittime-delle-foibe-tra-cui-anche-due-torremaggioresi\\\/#primaryimage\"},\"image\":{\"@id\":\"https:\\\/\\\/www.torremaggiore.com\\\/notizie\\\/2020\\\/fratelli-ditalia-torremaggiore-ha-celebrato-il-giorno-del-ricordo-2020-per-onorare-le-vittime-delle-foibe-tra-cui-anche-due-torremaggioresi\\\/#primaryimage\"},\"thumbnailUrl\":\"https:\\\/\\\/www.torremaggiore.com\\\/notizie\\\/wp-content\\\/uploads\\\/2020\\\/02\\\/foibe-fdi-2020.png\",\"datePublished\":\"2020-02-12T12:28:37+00:00\",\"dateModified\":\"2020-02-12T12:40:10+00:00\",\"breadcrumb\":{\"@id\":\"https:\\\/\\\/www.torremaggiore.com\\\/notizie\\\/2020\\\/fratelli-ditalia-torremaggiore-ha-celebrato-il-giorno-del-ricordo-2020-per-onorare-le-vittime-delle-foibe-tra-cui-anche-due-torremaggioresi\\\/#breadcrumb\"},\"inLanguage\":\"it-IT\",\"potentialAction\":[{\"@type\":\"ReadAction\",\"target\":[\"https:\\\/\\\/www.torremaggiore.com\\\/notizie\\\/2020\\\/fratelli-ditalia-torremaggiore-ha-celebrato-il-giorno-del-ricordo-2020-per-onorare-le-vittime-delle-foibe-tra-cui-anche-due-torremaggioresi\\\/\"]}]},{\"@type\":\"ImageObject\",\"inLanguage\":\"it-IT\",\"@id\":\"https:\\\/\\\/www.torremaggiore.com\\\/notizie\\\/2020\\\/fratelli-ditalia-torremaggiore-ha-celebrato-il-giorno-del-ricordo-2020-per-onorare-le-vittime-delle-foibe-tra-cui-anche-due-torremaggioresi\\\/#primaryimage\",\"url\":\"https:\\\/\\\/www.torremaggiore.com\\\/notizie\\\/wp-content\\\/uploads\\\/2020\\\/02\\\/foibe-fdi-2020.png\",\"contentUrl\":\"https:\\\/\\\/www.torremaggiore.com\\\/notizie\\\/wp-content\\\/uploads\\\/2020\\\/02\\\/foibe-fdi-2020.png\",\"width\":960,\"height\":960},{\"@type\":\"BreadcrumbList\",\"@id\":\"https:\\\/\\\/www.torremaggiore.com\\\/notizie\\\/2020\\\/fratelli-ditalia-torremaggiore-ha-celebrato-il-giorno-del-ricordo-2020-per-onorare-le-vittime-delle-foibe-tra-cui-anche-due-torremaggioresi\\\/#breadcrumb\",\"itemListElement\":[{\"@type\":\"ListItem\",\"position\":1,\"name\":\"Home\",\"item\":\"https:\\\/\\\/www.torremaggiore.com\\\/notizie\\\/\"},{\"@type\":\"ListItem\",\"position\":2,\"name\":\"Fratelli d&#8217;Italia Torremaggiore ha celebrato il Giorno del Ricordo 2020 per onorare le vittime delle Foibe tra cui anche due torremaggioresi\"}]},{\"@type\":\"WebSite\",\"@id\":\"https:\\\/\\\/www.torremaggiore.com\\\/notizie\\\/#website\",\"url\":\"https:\\\/\\\/www.torremaggiore.com\\\/notizie\\\/\",\"name\":\"Torremaggiore On Line\",\"description\":\"La Web Community di Torremaggiore\",\"publisher\":{\"@id\":\"https:\\\/\\\/www.torremaggiore.com\\\/notizie\\\/#organization\"},\"potentialAction\":[{\"@type\":\"SearchAction\",\"target\":{\"@type\":\"EntryPoint\",\"urlTemplate\":\"https:\\\/\\\/www.torremaggiore.com\\\/notizie\\\/?s={search_term_string}\"},\"query-input\":{\"@type\":\"PropertyValueSpecification\",\"valueRequired\":true,\"valueName\":\"search_term_string\"}}],\"inLanguage\":\"it-IT\"},{\"@type\":\"Organization\",\"@id\":\"https:\\\/\\\/www.torremaggiore.com\\\/notizie\\\/#organization\",\"name\":\"Torremaggiore On Line\",\"url\":\"https:\\\/\\\/www.torremaggiore.com\\\/notizie\\\/\",\"logo\":{\"@type\":\"ImageObject\",\"inLanguage\":\"it-IT\",\"@id\":\"https:\\\/\\\/www.torremaggiore.com\\\/notizie\\\/#\\\/schema\\\/logo\\\/image\\\/\",\"url\":\"https:\\\/\\\/www.torremaggiore.com\\\/notizie\\\/wp-content\\\/uploads\\\/2020\\\/03\\\/logo-tmol20.gif\",\"contentUrl\":\"https:\\\/\\\/www.torremaggiore.com\\\/notizie\\\/wp-content\\\/uploads\\\/2020\\\/03\\\/logo-tmol20.gif\",\"width\":260,\"height\":95,\"caption\":\"Torremaggiore On Line\"},\"image\":{\"@id\":\"https:\\\/\\\/www.torremaggiore.com\\\/notizie\\\/#\\\/schema\\\/logo\\\/image\\\/\"}},{\"@type\":\"Person\",\"@id\":\"https:\\\/\\\/www.torremaggiore.com\\\/notizie\\\/#\\\/schema\\\/person\\\/b789462c927517766c1bcfb452c8d85e\",\"name\":\"Staff\",\"image\":{\"@type\":\"ImageObject\",\"inLanguage\":\"it-IT\",\"@id\":\"https:\\\/\\\/secure.gravatar.com\\\/avatar\\\/fd311f248f82517b1efd21a54e666df2c5b705bb4a4fb804f3903c94be513fee?s=96&d=mm&r=g\",\"url\":\"https:\\\/\\\/secure.gravatar.com\\\/avatar\\\/fd311f248f82517b1efd21a54e666df2c5b705bb4a4fb804f3903c94be513fee?s=96&d=mm&r=g\",\"contentUrl\":\"https:\\\/\\\/secure.gravatar.com\\\/avatar\\\/fd311f248f82517b1efd21a54e666df2c5b705bb4a4fb804f3903c94be513fee?s=96&d=mm&r=g\",\"caption\":\"Staff\"},\"sameAs\":[\"https:\\\/\\\/www.micheleantonucci.it\"],\"url\":\"https:\\\/\\\/www.torremaggiore.com\\\/notizie\\\/author\\\/staff\\\/\"}]}<\/script>\n<!-- \/ Yoast SEO plugin. -->","yoast_head_json":{"title":"Fratelli d'Italia Torremaggiore ha celebrato il Giorno del Ricordo 2020 per onorare le vittime delle Foibe tra cui anche due torremaggioresi - Torremaggiore On Line","robots":{"index":"index","follow":"follow","max-snippet":"max-snippet:-1","max-image-preview":"max-image-preview:large","max-video-preview":"max-video-preview:-1"},"canonical":"https:\/\/www.torremaggiore.com\/notizie\/2020\/fratelli-ditalia-torremaggiore-ha-celebrato-il-giorno-del-ricordo-2020-per-onorare-le-vittime-delle-foibe-tra-cui-anche-due-torremaggioresi\/","og_locale":"it_IT","og_type":"article","og_title":"Fratelli d'Italia Torremaggiore ha celebrato il Giorno del Ricordo 2020 per onorare le vittime delle Foibe tra cui anche due torremaggioresi - Torremaggiore On Line","og_description":"Il Direttivo locale Fratelli d\u2019Italia e Giovent\u00f9 Nazionale di Torremaggiore ha commemorato Il 10 Febbraio,","og_url":"https:\/\/www.torremaggiore.com\/notizie\/2020\/fratelli-ditalia-torremaggiore-ha-celebrato-il-giorno-del-ricordo-2020-per-onorare-le-vittime-delle-foibe-tra-cui-anche-due-torremaggioresi\/","og_site_name":"Torremaggiore On Line","article_published_time":"2020-02-12T12:28:37+00:00","article_modified_time":"2020-02-12T12:40:10+00:00","og_image":[{"width":960,"height":960,"url":"https:\/\/www.torremaggiore.com\/notizie\/wp-content\/uploads\/2020\/02\/foibe-fdi-2020.png","type":"image\/png"}],"author":"Staff","twitter_card":"summary_large_image","twitter_misc":{"Scritto da":"Staff","Tempo di lettura stimato":"3 minuti"},"schema":{"@context":"https:\/\/schema.org","@graph":[{"@type":"Article","@id":"https:\/\/www.torremaggiore.com\/notizie\/2020\/fratelli-ditalia-torremaggiore-ha-celebrato-il-giorno-del-ricordo-2020-per-onorare-le-vittime-delle-foibe-tra-cui-anche-due-torremaggioresi\/#article","isPartOf":{"@id":"https:\/\/www.torremaggiore.com\/notizie\/2020\/fratelli-ditalia-torremaggiore-ha-celebrato-il-giorno-del-ricordo-2020-per-onorare-le-vittime-delle-foibe-tra-cui-anche-due-torremaggioresi\/"},"author":{"name":"Staff","@id":"https:\/\/www.torremaggiore.com\/notizie\/#\/schema\/person\/b789462c927517766c1bcfb452c8d85e"},"headline":"Fratelli d&#8217;Italia Torremaggiore ha celebrato il Giorno del Ricordo 2020 per onorare le vittime delle Foibe tra cui anche due torremaggioresi","datePublished":"2020-02-12T12:28:37+00:00","dateModified":"2020-02-12T12:40:10+00:00","mainEntityOfPage":{"@id":"https:\/\/www.torremaggiore.com\/notizie\/2020\/fratelli-ditalia-torremaggiore-ha-celebrato-il-giorno-del-ricordo-2020-per-onorare-le-vittime-delle-foibe-tra-cui-anche-due-torremaggioresi\/"},"wordCount":658,"publisher":{"@id":"https:\/\/www.torremaggiore.com\/notizie\/#organization"},"image":{"@id":"https:\/\/www.torremaggiore.com\/notizie\/2020\/fratelli-ditalia-torremaggiore-ha-celebrato-il-giorno-del-ricordo-2020-per-onorare-le-vittime-delle-foibe-tra-cui-anche-due-torremaggioresi\/#primaryimage"},"thumbnailUrl":"https:\/\/www.torremaggiore.com\/notizie\/wp-content\/uploads\/2020\/02\/foibe-fdi-2020.png","articleSection":["Appuntamenti","Politica","Prima Pagina"],"inLanguage":"it-IT"},{"@type":"WebPage","@id":"https:\/\/www.torremaggiore.com\/notizie\/2020\/fratelli-ditalia-torremaggiore-ha-celebrato-il-giorno-del-ricordo-2020-per-onorare-le-vittime-delle-foibe-tra-cui-anche-due-torremaggioresi\/","url":"https:\/\/www.torremaggiore.com\/notizie\/2020\/fratelli-ditalia-torremaggiore-ha-celebrato-il-giorno-del-ricordo-2020-per-onorare-le-vittime-delle-foibe-tra-cui-anche-due-torremaggioresi\/","name":"Fratelli d'Italia Torremaggiore ha celebrato il Giorno del Ricordo 2020 per onorare le vittime delle Foibe tra cui anche due torremaggioresi - Torremaggiore On Line","isPartOf":{"@id":"https:\/\/www.torremaggiore.com\/notizie\/#website"},"primaryImageOfPage":{"@id":"https:\/\/www.torremaggiore.com\/notizie\/2020\/fratelli-ditalia-torremaggiore-ha-celebrato-il-giorno-del-ricordo-2020-per-onorare-le-vittime-delle-foibe-tra-cui-anche-due-torremaggioresi\/#primaryimage"},"image":{"@id":"https:\/\/www.torremaggiore.com\/notizie\/2020\/fratelli-ditalia-torremaggiore-ha-celebrato-il-giorno-del-ricordo-2020-per-onorare-le-vittime-delle-foibe-tra-cui-anche-due-torremaggioresi\/#primaryimage"},"thumbnailUrl":"https:\/\/www.torremaggiore.com\/notizie\/wp-content\/uploads\/2020\/02\/foibe-fdi-2020.png","datePublished":"2020-02-12T12:28:37+00:00","dateModified":"2020-02-12T12:40:10+00:00","breadcrumb":{"@id":"https:\/\/www.torremaggiore.com\/notizie\/2020\/fratelli-ditalia-torremaggiore-ha-celebrato-il-giorno-del-ricordo-2020-per-onorare-le-vittime-delle-foibe-tra-cui-anche-due-torremaggioresi\/#breadcrumb"},"inLanguage":"it-IT","potentialAction":[{"@type":"ReadAction","target":["https:\/\/www.torremaggiore.com\/notizie\/2020\/fratelli-ditalia-torremaggiore-ha-celebrato-il-giorno-del-ricordo-2020-per-onorare-le-vittime-delle-foibe-tra-cui-anche-due-torremaggioresi\/"]}]},{"@type":"ImageObject","inLanguage":"it-IT","@id":"https:\/\/www.torremaggiore.com\/notizie\/2020\/fratelli-ditalia-torremaggiore-ha-celebrato-il-giorno-del-ricordo-2020-per-onorare-le-vittime-delle-foibe-tra-cui-anche-due-torremaggioresi\/#primaryimage","url":"https:\/\/www.torremaggiore.com\/notizie\/wp-content\/uploads\/2020\/02\/foibe-fdi-2020.png","contentUrl":"https:\/\/www.torremaggiore.com\/notizie\/wp-content\/uploads\/2020\/02\/foibe-fdi-2020.png","width":960,"height":960},{"@type":"BreadcrumbList","@id":"https:\/\/www.torremaggiore.com\/notizie\/2020\/fratelli-ditalia-torremaggiore-ha-celebrato-il-giorno-del-ricordo-2020-per-onorare-le-vittime-delle-foibe-tra-cui-anche-due-torremaggioresi\/#breadcrumb","itemListElement":[{"@type":"ListItem","position":1,"name":"Home","item":"https:\/\/www.torremaggiore.com\/notizie\/"},{"@type":"ListItem","position":2,"name":"Fratelli d&#8217;Italia Torremaggiore ha celebrato il Giorno del Ricordo 2020 per onorare le vittime delle Foibe tra cui anche due torremaggioresi"}]},{"@type":"WebSite","@id":"https:\/\/www.torremaggiore.com\/notizie\/#website","url":"https:\/\/www.torremaggiore.com\/notizie\/","name":"Torremaggiore On Line","description":"La Web Community di Torremaggiore","publisher":{"@id":"https:\/\/www.torremaggiore.com\/notizie\/#organization"},"potentialAction":[{"@type":"SearchAction","target":{"@type":"EntryPoint","urlTemplate":"https:\/\/www.torremaggiore.com\/notizie\/?s={search_term_string}"},"query-input":{"@type":"PropertyValueSpecification","valueRequired":true,"valueName":"search_term_string"}}],"inLanguage":"it-IT"},{"@type":"Organization","@id":"https:\/\/www.torremaggiore.com\/notizie\/#organization","name":"Torremaggiore On Line","url":"https:\/\/www.torremaggiore.com\/notizie\/","logo":{"@type":"ImageObject","inLanguage":"it-IT","@id":"https:\/\/www.torremaggiore.com\/notizie\/#\/schema\/logo\/image\/","url":"https:\/\/www.torremaggiore.com\/notizie\/wp-content\/uploads\/2020\/03\/logo-tmol20.gif","contentUrl":"https:\/\/www.torremaggiore.com\/notizie\/wp-content\/uploads\/2020\/03\/logo-tmol20.gif","width":260,"height":95,"caption":"Torremaggiore On Line"},"image":{"@id":"https:\/\/www.torremaggiore.com\/notizie\/#\/schema\/logo\/image\/"}},{"@type":"Person","@id":"https:\/\/www.torremaggiore.com\/notizie\/#\/schema\/person\/b789462c927517766c1bcfb452c8d85e","name":"Staff","image":{"@type":"ImageObject","inLanguage":"it-IT","@id":"https:\/\/secure.gravatar.com\/avatar\/fd311f248f82517b1efd21a54e666df2c5b705bb4a4fb804f3903c94be513fee?s=96&d=mm&r=g","url":"https:\/\/secure.gravatar.com\/avatar\/fd311f248f82517b1efd21a54e666df2c5b705bb4a4fb804f3903c94be513fee?s=96&d=mm&r=g","contentUrl":"https:\/\/secure.gravatar.com\/avatar\/fd311f248f82517b1efd21a54e666df2c5b705bb4a4fb804f3903c94be513fee?s=96&d=mm&r=g","caption":"Staff"},"sameAs":["https:\/\/www.micheleantonucci.it"],"url":"https:\/\/www.torremaggiore.com\/notizie\/author\/staff\/"}]}},"_links":{"self":[{"href":"https:\/\/www.torremaggiore.com\/notizie\/wp-json\/wp\/v2\/posts\/13879","targetHints":{"allow":["GET"]}}],"collection":[{"href":"https:\/\/www.torremaggiore.com\/notizie\/wp-json\/wp\/v2\/posts"}],"about":[{"href":"https:\/\/www.torremaggiore.com\/notizie\/wp-json\/wp\/v2\/types\/post"}],"author":[{"embeddable":true,"href":"https:\/\/www.torremaggiore.com\/notizie\/wp-json\/wp\/v2\/users\/2"}],"replies":[{"embeddable":true,"href":"https:\/\/www.torremaggiore.com\/notizie\/wp-json\/wp\/v2\/comments?post=13879"}],"version-history":[{"count":0,"href":"https:\/\/www.torremaggiore.com\/notizie\/wp-json\/wp\/v2\/posts\/13879\/revisions"}],"wp:featuredmedia":[{"embeddable":true,"href":"https:\/\/www.torremaggiore.com\/notizie\/wp-json\/wp\/v2\/media\/13880"}],"wp:attachment":[{"href":"https:\/\/www.torremaggiore.com\/notizie\/wp-json\/wp\/v2\/media?parent=13879"}],"wp:term":[{"taxonomy":"category","embeddable":true,"href":"https:\/\/www.torremaggiore.com\/notizie\/wp-json\/wp\/v2\/categories?post=13879"},{"taxonomy":"post_tag","embeddable":true,"href":"https:\/\/www.torremaggiore.com\/notizie\/wp-json\/wp\/v2\/tags?post=13879"}],"curies":[{"name":"wp","href":"https:\/\/api.w.org\/{rel}","templated":true}]}}