{"id":1356,"date":"2012-04-26T08:45:18","date_gmt":"2012-04-26T08:45:18","guid":{"rendered":"http:\/\/www.torremaggiore.com\/notizie\/?p=1356"},"modified":"2012-04-26T08:45:18","modified_gmt":"2012-04-26T08:45:18","slug":"nuovo-incontro-del-gruppo-dsc-il-28-aprile-a-torremaggiore","status":"publish","type":"post","link":"https:\/\/www.torremaggiore.com\/notizie\/2012\/nuovo-incontro-del-gruppo-dsc-il-28-aprile-a-torremaggiore\/","title":{"rendered":"Nuovo incontro del gruppo DSC il 28 aprile a Torremaggiore"},"content":{"rendered":"<p>Segue comunicato del Gruppo Dottrina Sociale della Chiesa della Chiesa di Torremaggiore; la responsabilit\u00e0 del contenuto \u00e8 <strong>ESCLUSIVAMENTE<\/strong> dell&#8217;autore.<\/p>\n<p><a href=\"http:\/\/www.torremaggiore.com\/notizie\/wp-content\/uploads\/2012\/03\/dsc-torremaggiore.jpg\"><img loading=\"lazy\" decoding=\"async\" class=\"aligncenter size-full wp-image-1143\" title=\"dsc-torremaggiore\" src=\"http:\/\/www.torremaggiore.com\/notizie\/wp-content\/uploads\/2012\/03\/dsc-torremaggiore.jpg\" alt=\"\" width=\"550\" height=\"130\" srcset=\"https:\/\/www.torremaggiore.com\/notizie\/wp-content\/uploads\/2012\/03\/dsc-torremaggiore.jpg 550w, https:\/\/www.torremaggiore.com\/notizie\/wp-content\/uploads\/2012\/03\/dsc-torremaggiore-300x70.jpg 300w\" sizes=\"auto, (max-width: 550px) 100vw, 550px\" \/><\/a><\/p>\n<p>Il Gruppo DSC di Torremaggiore comunica che il 28 aprile alle ore 19 presso l&#8217;Oratorio San Domenico Savio della Parrocchia Ges\u00f9 Divino Lavoratore ci sar\u00e0 un nuovo incontro   incentrato sulla figura di Giuseppe Toniolo.<\/p>\n<p><strong>Chi \u00e8 Giuseppe Toniolo?<\/strong><\/p>\n<p>Ci sono dei personaggi che la storia spesso ignora e che, ogni tanto, vengono ripescati per questo o quello scopo, in balia di una congiuntura che non ne riconosce l\u2019importanza. Per Giuseppe Toniolo questo discorso non pu\u00f2 valere, per una ragione semplice e incontrovertibile: la concretezza del suo pensiero \u00e8 ben visibile ancora oggi, e lo sar\u00e0 per generazioni, in quella che \u00e8 un\u2019opera di cattolicesimo sociale che nessun laico prima di lui aveva messo in piedi nell\u2019epoca moderna.  <\/p>\n<p><strong>Non possiamo continuare a ignorare questo testimone:<\/strong><\/p>\n<p>Fuci, Azione Cattolica, Cisl, Acli, Coldiretti, Confcooperative, BCC, le Settimane Sociali, l\u2019Universit\u00e0 \u201cSacro Cuore\u201d sono sigle e nomi che suonano familiari, ma di cui spesso si ignora il legame profondo con quella che \u00e8 l\u2019ispirazione di Giuseppe Toniolo, un\u2019ispirazione fatta di competenza e impegno, radicata nella Fede e concretizzata nella vita reale. Un testimone cos\u00ec, in un tempo in cui la crisi spaventa e aliena, non poteva che diventare un simbolo di quella \u201csantit\u00e0 laicale\u201d che la Chiesa auspicava nel Concilio Vaticano II e che sar\u00e0 riconosciuta il 29 aprile nella festa che si prepara a San Paolo fuori le Mura.<\/p>\n<p><strong>La beatificazione del 29 aprile: festa per la Chiesa e per l\u2019Italia<\/strong><\/p>\n<p>Ogni beatificazione \u00e8 una festa per la Chiesa. La beatificazione di Toniolo \u00e8 anche una festa per l\u2019Italia e per tutti coloro che hanno a cuore il bene comune. Un evento storico, che non deve passare inosservato, perch\u00e9 Toniolo ancora oggi pu\u00f2 continuare a unire il vasto patrimonio di movimenti, associazioni, opere di cooperazione, formazione e solidariet\u00e0, che sono testimonianza dell\u2019impegno dei cattolici nella societ\u00e0. Oggi, come allora, in un tempo in cui la politica non riesce a rispondere alla vocazione al servizio verso la societ\u00e0, i cattolici hanno un\u2019occasione in pi\u00f9 per ricollocare il loro lavoro culturale nel nostro Paese, che ne ha tanto bisogno, senza trascurare la vita famigliare, comunitaria e spirituale.<\/p>\n<p><strong>Toniolo a Torremaggiore: nel nome della cooperazione!<\/strong><\/p>\n<p>Toniolo \u00e8 uno degli ispiratori di quel modello cooperativo che ha giocato un ruolo primario nello sviluppo del nostro Paese, ma anche di Torremaggiore. Un modello tipicamente \u201citaliano\u201d che affonda le sue radici nell\u2019economia civile del medioevo e nella tradizione francescana. In un periodo in cui realt\u00e0 come la Cooperativa Fortore sono in crisi, e lo spirito di cooperazione che ha caratterizzato i nostri Padri sembra perdersi nel nulla, riportare la rotta sul senso della sussidiariet\u00e0 e della solidariet\u00e0 \u00e8 uno degli obiettivi che il Gruppo DSC si \u00e8 prefissato. Cos\u00ec come la Chiesa: la beatificazione di Toniolo \u00e8 un chiaro segnale di apertura al laicato cattolico ed un\u2019occasione da non perdere per dedicarsi ad un ampio lavoro culturale che riconosca il ruolo di una tradizione millenaria, quella della Dottrina Sociale della Chiesa. <\/p>\n<p><strong>Gruppo Dottrina Sociale della Chiesa Torremaggiore<\/strong><br \/>\n<a href=\"mailto:gruppodsc.torre@gmail.com\" target=\"_blank\">gruppodsc.torre@gmail.com<\/a><\/p>\n","protected":false},"excerpt":{"rendered":"<p>Segue comunicato del Gruppo Dottrina Sociale della Chiesa della Chiesa di Torremaggiore; la responsabilit\u00e0 del<\/p>\n","protected":false},"author":2,"featured_media":0,"comment_status":"closed","ping_status":"open","sticky":false,"template":"","format":"standard","meta":{"footnotes":""},"categories":[1,250],"tags":[],"class_list":["post-1356","post","type-post","status-publish","format-standard","hentry","category-appuntamenti","category-prima-pagina"],"yoast_head":"<!-- This site is optimized with the Yoast SEO plugin v27.4 - https:\/\/yoast.com\/product\/yoast-seo-wordpress\/ -->\n<title>Nuovo incontro del gruppo DSC il 28 aprile a Torremaggiore - Torremaggiore On Line<\/title>\n<meta name=\"robots\" content=\"index, follow, max-snippet:-1, max-image-preview:large, max-video-preview:-1\" \/>\n<link rel=\"canonical\" href=\"https:\/\/www.torremaggiore.com\/notizie\/2012\/nuovo-incontro-del-gruppo-dsc-il-28-aprile-a-torremaggiore\/\" \/>\n<meta property=\"og:locale\" content=\"it_IT\" \/>\n<meta property=\"og:type\" content=\"article\" \/>\n<meta property=\"og:title\" content=\"Nuovo incontro del gruppo DSC il 28 aprile a Torremaggiore - Torremaggiore On Line\" \/>\n<meta property=\"og:description\" content=\"Segue comunicato del Gruppo Dottrina Sociale della Chiesa della Chiesa di Torremaggiore; la responsabilit\u00e0 del\" \/>\n<meta property=\"og:url\" content=\"https:\/\/www.torremaggiore.com\/notizie\/2012\/nuovo-incontro-del-gruppo-dsc-il-28-aprile-a-torremaggiore\/\" \/>\n<meta property=\"og:site_name\" content=\"Torremaggiore On Line\" \/>\n<meta property=\"article:published_time\" content=\"2012-04-26T08:45:18+00:00\" \/>\n<meta property=\"og:image\" content=\"http:\/\/www.torremaggiore.com\/notizie\/wp-content\/uploads\/2012\/03\/dsc-torremaggiore.jpg\" \/>\n<meta name=\"author\" content=\"Staff\" \/>\n<meta name=\"twitter:card\" content=\"summary_large_image\" \/>\n<meta name=\"twitter:label1\" content=\"Scritto da\" \/>\n\t<meta name=\"twitter:data1\" content=\"Staff\" \/>\n\t<meta name=\"twitter:label2\" content=\"Tempo di lettura stimato\" \/>\n\t<meta name=\"twitter:data2\" content=\"3 minuti\" \/>\n<script type=\"application\/ld+json\" class=\"yoast-schema-graph\">{\"@context\":\"https:\\\/\\\/schema.org\",\"@graph\":[{\"@type\":\"Article\",\"@id\":\"https:\\\/\\\/www.torremaggiore.com\\\/notizie\\\/2012\\\/nuovo-incontro-del-gruppo-dsc-il-28-aprile-a-torremaggiore\\\/#article\",\"isPartOf\":{\"@id\":\"https:\\\/\\\/www.torremaggiore.com\\\/notizie\\\/2012\\\/nuovo-incontro-del-gruppo-dsc-il-28-aprile-a-torremaggiore\\\/\"},\"author\":{\"name\":\"Staff\",\"@id\":\"https:\\\/\\\/www.torremaggiore.com\\\/notizie\\\/#\\\/schema\\\/person\\\/b789462c927517766c1bcfb452c8d85e\"},\"headline\":\"Nuovo incontro del gruppo DSC il 28 aprile a Torremaggiore\",\"datePublished\":\"2012-04-26T08:45:18+00:00\",\"mainEntityOfPage\":{\"@id\":\"https:\\\/\\\/www.torremaggiore.com\\\/notizie\\\/2012\\\/nuovo-incontro-del-gruppo-dsc-il-28-aprile-a-torremaggiore\\\/\"},\"wordCount\":528,\"publisher\":{\"@id\":\"https:\\\/\\\/www.torremaggiore.com\\\/notizie\\\/#organization\"},\"image\":{\"@id\":\"https:\\\/\\\/www.torremaggiore.com\\\/notizie\\\/2012\\\/nuovo-incontro-del-gruppo-dsc-il-28-aprile-a-torremaggiore\\\/#primaryimage\"},\"thumbnailUrl\":\"http:\\\/\\\/www.torremaggiore.com\\\/notizie\\\/wp-content\\\/uploads\\\/2012\\\/03\\\/dsc-torremaggiore.jpg\",\"articleSection\":[\"Appuntamenti\",\"Prima Pagina\"],\"inLanguage\":\"it-IT\"},{\"@type\":\"WebPage\",\"@id\":\"https:\\\/\\\/www.torremaggiore.com\\\/notizie\\\/2012\\\/nuovo-incontro-del-gruppo-dsc-il-28-aprile-a-torremaggiore\\\/\",\"url\":\"https:\\\/\\\/www.torremaggiore.com\\\/notizie\\\/2012\\\/nuovo-incontro-del-gruppo-dsc-il-28-aprile-a-torremaggiore\\\/\",\"name\":\"Nuovo incontro del gruppo DSC il 28 aprile a Torremaggiore - Torremaggiore On Line\",\"isPartOf\":{\"@id\":\"https:\\\/\\\/www.torremaggiore.com\\\/notizie\\\/#website\"},\"primaryImageOfPage\":{\"@id\":\"https:\\\/\\\/www.torremaggiore.com\\\/notizie\\\/2012\\\/nuovo-incontro-del-gruppo-dsc-il-28-aprile-a-torremaggiore\\\/#primaryimage\"},\"image\":{\"@id\":\"https:\\\/\\\/www.torremaggiore.com\\\/notizie\\\/2012\\\/nuovo-incontro-del-gruppo-dsc-il-28-aprile-a-torremaggiore\\\/#primaryimage\"},\"thumbnailUrl\":\"http:\\\/\\\/www.torremaggiore.com\\\/notizie\\\/wp-content\\\/uploads\\\/2012\\\/03\\\/dsc-torremaggiore.jpg\",\"datePublished\":\"2012-04-26T08:45:18+00:00\",\"breadcrumb\":{\"@id\":\"https:\\\/\\\/www.torremaggiore.com\\\/notizie\\\/2012\\\/nuovo-incontro-del-gruppo-dsc-il-28-aprile-a-torremaggiore\\\/#breadcrumb\"},\"inLanguage\":\"it-IT\",\"potentialAction\":[{\"@type\":\"ReadAction\",\"target\":[\"https:\\\/\\\/www.torremaggiore.com\\\/notizie\\\/2012\\\/nuovo-incontro-del-gruppo-dsc-il-28-aprile-a-torremaggiore\\\/\"]}]},{\"@type\":\"ImageObject\",\"inLanguage\":\"it-IT\",\"@id\":\"https:\\\/\\\/www.torremaggiore.com\\\/notizie\\\/2012\\\/nuovo-incontro-del-gruppo-dsc-il-28-aprile-a-torremaggiore\\\/#primaryimage\",\"url\":\"http:\\\/\\\/www.torremaggiore.com\\\/notizie\\\/wp-content\\\/uploads\\\/2012\\\/03\\\/dsc-torremaggiore.jpg\",\"contentUrl\":\"http:\\\/\\\/www.torremaggiore.com\\\/notizie\\\/wp-content\\\/uploads\\\/2012\\\/03\\\/dsc-torremaggiore.jpg\"},{\"@type\":\"BreadcrumbList\",\"@id\":\"https:\\\/\\\/www.torremaggiore.com\\\/notizie\\\/2012\\\/nuovo-incontro-del-gruppo-dsc-il-28-aprile-a-torremaggiore\\\/#breadcrumb\",\"itemListElement\":[{\"@type\":\"ListItem\",\"position\":1,\"name\":\"Home\",\"item\":\"https:\\\/\\\/www.torremaggiore.com\\\/notizie\\\/\"},{\"@type\":\"ListItem\",\"position\":2,\"name\":\"Nuovo incontro del gruppo DSC il 28 aprile a Torremaggiore\"}]},{\"@type\":\"WebSite\",\"@id\":\"https:\\\/\\\/www.torremaggiore.com\\\/notizie\\\/#website\",\"url\":\"https:\\\/\\\/www.torremaggiore.com\\\/notizie\\\/\",\"name\":\"Torremaggiore On Line\",\"description\":\"La Web Community di Torremaggiore\",\"publisher\":{\"@id\":\"https:\\\/\\\/www.torremaggiore.com\\\/notizie\\\/#organization\"},\"potentialAction\":[{\"@type\":\"SearchAction\",\"target\":{\"@type\":\"EntryPoint\",\"urlTemplate\":\"https:\\\/\\\/www.torremaggiore.com\\\/notizie\\\/?s={search_term_string}\"},\"query-input\":{\"@type\":\"PropertyValueSpecification\",\"valueRequired\":true,\"valueName\":\"search_term_string\"}}],\"inLanguage\":\"it-IT\"},{\"@type\":\"Organization\",\"@id\":\"https:\\\/\\\/www.torremaggiore.com\\\/notizie\\\/#organization\",\"name\":\"Torremaggiore On Line\",\"url\":\"https:\\\/\\\/www.torremaggiore.com\\\/notizie\\\/\",\"logo\":{\"@type\":\"ImageObject\",\"inLanguage\":\"it-IT\",\"@id\":\"https:\\\/\\\/www.torremaggiore.com\\\/notizie\\\/#\\\/schema\\\/logo\\\/image\\\/\",\"url\":\"https:\\\/\\\/www.torremaggiore.com\\\/notizie\\\/wp-content\\\/uploads\\\/2020\\\/03\\\/logo-tmol20.gif\",\"contentUrl\":\"https:\\\/\\\/www.torremaggiore.com\\\/notizie\\\/wp-content\\\/uploads\\\/2020\\\/03\\\/logo-tmol20.gif\",\"width\":260,\"height\":95,\"caption\":\"Torremaggiore On Line\"},\"image\":{\"@id\":\"https:\\\/\\\/www.torremaggiore.com\\\/notizie\\\/#\\\/schema\\\/logo\\\/image\\\/\"}},{\"@type\":\"Person\",\"@id\":\"https:\\\/\\\/www.torremaggiore.com\\\/notizie\\\/#\\\/schema\\\/person\\\/b789462c927517766c1bcfb452c8d85e\",\"name\":\"Staff\",\"image\":{\"@type\":\"ImageObject\",\"inLanguage\":\"it-IT\",\"@id\":\"https:\\\/\\\/secure.gravatar.com\\\/avatar\\\/fd311f248f82517b1efd21a54e666df2c5b705bb4a4fb804f3903c94be513fee?s=96&d=mm&r=g\",\"url\":\"https:\\\/\\\/secure.gravatar.com\\\/avatar\\\/fd311f248f82517b1efd21a54e666df2c5b705bb4a4fb804f3903c94be513fee?s=96&d=mm&r=g\",\"contentUrl\":\"https:\\\/\\\/secure.gravatar.com\\\/avatar\\\/fd311f248f82517b1efd21a54e666df2c5b705bb4a4fb804f3903c94be513fee?s=96&d=mm&r=g\",\"caption\":\"Staff\"},\"sameAs\":[\"https:\\\/\\\/www.micheleantonucci.it\"],\"url\":\"https:\\\/\\\/www.torremaggiore.com\\\/notizie\\\/author\\\/staff\\\/\"}]}<\/script>\n<!-- \/ Yoast SEO plugin. -->","yoast_head_json":{"title":"Nuovo incontro del gruppo DSC il 28 aprile a Torremaggiore - Torremaggiore On Line","robots":{"index":"index","follow":"follow","max-snippet":"max-snippet:-1","max-image-preview":"max-image-preview:large","max-video-preview":"max-video-preview:-1"},"canonical":"https:\/\/www.torremaggiore.com\/notizie\/2012\/nuovo-incontro-del-gruppo-dsc-il-28-aprile-a-torremaggiore\/","og_locale":"it_IT","og_type":"article","og_title":"Nuovo incontro del gruppo DSC il 28 aprile a Torremaggiore - Torremaggiore On Line","og_description":"Segue comunicato del Gruppo Dottrina Sociale della Chiesa della Chiesa di Torremaggiore; la responsabilit\u00e0 del","og_url":"https:\/\/www.torremaggiore.com\/notizie\/2012\/nuovo-incontro-del-gruppo-dsc-il-28-aprile-a-torremaggiore\/","og_site_name":"Torremaggiore On Line","article_published_time":"2012-04-26T08:45:18+00:00","og_image":[{"url":"http:\/\/www.torremaggiore.com\/notizie\/wp-content\/uploads\/2012\/03\/dsc-torremaggiore.jpg","type":"","width":"","height":""}],"author":"Staff","twitter_card":"summary_large_image","twitter_misc":{"Scritto da":"Staff","Tempo di lettura stimato":"3 minuti"},"schema":{"@context":"https:\/\/schema.org","@graph":[{"@type":"Article","@id":"https:\/\/www.torremaggiore.com\/notizie\/2012\/nuovo-incontro-del-gruppo-dsc-il-28-aprile-a-torremaggiore\/#article","isPartOf":{"@id":"https:\/\/www.torremaggiore.com\/notizie\/2012\/nuovo-incontro-del-gruppo-dsc-il-28-aprile-a-torremaggiore\/"},"author":{"name":"Staff","@id":"https:\/\/www.torremaggiore.com\/notizie\/#\/schema\/person\/b789462c927517766c1bcfb452c8d85e"},"headline":"Nuovo incontro del gruppo DSC il 28 aprile a Torremaggiore","datePublished":"2012-04-26T08:45:18+00:00","mainEntityOfPage":{"@id":"https:\/\/www.torremaggiore.com\/notizie\/2012\/nuovo-incontro-del-gruppo-dsc-il-28-aprile-a-torremaggiore\/"},"wordCount":528,"publisher":{"@id":"https:\/\/www.torremaggiore.com\/notizie\/#organization"},"image":{"@id":"https:\/\/www.torremaggiore.com\/notizie\/2012\/nuovo-incontro-del-gruppo-dsc-il-28-aprile-a-torremaggiore\/#primaryimage"},"thumbnailUrl":"http:\/\/www.torremaggiore.com\/notizie\/wp-content\/uploads\/2012\/03\/dsc-torremaggiore.jpg","articleSection":["Appuntamenti","Prima Pagina"],"inLanguage":"it-IT"},{"@type":"WebPage","@id":"https:\/\/www.torremaggiore.com\/notizie\/2012\/nuovo-incontro-del-gruppo-dsc-il-28-aprile-a-torremaggiore\/","url":"https:\/\/www.torremaggiore.com\/notizie\/2012\/nuovo-incontro-del-gruppo-dsc-il-28-aprile-a-torremaggiore\/","name":"Nuovo incontro del gruppo DSC il 28 aprile a Torremaggiore - Torremaggiore On Line","isPartOf":{"@id":"https:\/\/www.torremaggiore.com\/notizie\/#website"},"primaryImageOfPage":{"@id":"https:\/\/www.torremaggiore.com\/notizie\/2012\/nuovo-incontro-del-gruppo-dsc-il-28-aprile-a-torremaggiore\/#primaryimage"},"image":{"@id":"https:\/\/www.torremaggiore.com\/notizie\/2012\/nuovo-incontro-del-gruppo-dsc-il-28-aprile-a-torremaggiore\/#primaryimage"},"thumbnailUrl":"http:\/\/www.torremaggiore.com\/notizie\/wp-content\/uploads\/2012\/03\/dsc-torremaggiore.jpg","datePublished":"2012-04-26T08:45:18+00:00","breadcrumb":{"@id":"https:\/\/www.torremaggiore.com\/notizie\/2012\/nuovo-incontro-del-gruppo-dsc-il-28-aprile-a-torremaggiore\/#breadcrumb"},"inLanguage":"it-IT","potentialAction":[{"@type":"ReadAction","target":["https:\/\/www.torremaggiore.com\/notizie\/2012\/nuovo-incontro-del-gruppo-dsc-il-28-aprile-a-torremaggiore\/"]}]},{"@type":"ImageObject","inLanguage":"it-IT","@id":"https:\/\/www.torremaggiore.com\/notizie\/2012\/nuovo-incontro-del-gruppo-dsc-il-28-aprile-a-torremaggiore\/#primaryimage","url":"http:\/\/www.torremaggiore.com\/notizie\/wp-content\/uploads\/2012\/03\/dsc-torremaggiore.jpg","contentUrl":"http:\/\/www.torremaggiore.com\/notizie\/wp-content\/uploads\/2012\/03\/dsc-torremaggiore.jpg"},{"@type":"BreadcrumbList","@id":"https:\/\/www.torremaggiore.com\/notizie\/2012\/nuovo-incontro-del-gruppo-dsc-il-28-aprile-a-torremaggiore\/#breadcrumb","itemListElement":[{"@type":"ListItem","position":1,"name":"Home","item":"https:\/\/www.torremaggiore.com\/notizie\/"},{"@type":"ListItem","position":2,"name":"Nuovo incontro del gruppo DSC il 28 aprile a Torremaggiore"}]},{"@type":"WebSite","@id":"https:\/\/www.torremaggiore.com\/notizie\/#website","url":"https:\/\/www.torremaggiore.com\/notizie\/","name":"Torremaggiore On Line","description":"La Web Community di Torremaggiore","publisher":{"@id":"https:\/\/www.torremaggiore.com\/notizie\/#organization"},"potentialAction":[{"@type":"SearchAction","target":{"@type":"EntryPoint","urlTemplate":"https:\/\/www.torremaggiore.com\/notizie\/?s={search_term_string}"},"query-input":{"@type":"PropertyValueSpecification","valueRequired":true,"valueName":"search_term_string"}}],"inLanguage":"it-IT"},{"@type":"Organization","@id":"https:\/\/www.torremaggiore.com\/notizie\/#organization","name":"Torremaggiore On Line","url":"https:\/\/www.torremaggiore.com\/notizie\/","logo":{"@type":"ImageObject","inLanguage":"it-IT","@id":"https:\/\/www.torremaggiore.com\/notizie\/#\/schema\/logo\/image\/","url":"https:\/\/www.torremaggiore.com\/notizie\/wp-content\/uploads\/2020\/03\/logo-tmol20.gif","contentUrl":"https:\/\/www.torremaggiore.com\/notizie\/wp-content\/uploads\/2020\/03\/logo-tmol20.gif","width":260,"height":95,"caption":"Torremaggiore On Line"},"image":{"@id":"https:\/\/www.torremaggiore.com\/notizie\/#\/schema\/logo\/image\/"}},{"@type":"Person","@id":"https:\/\/www.torremaggiore.com\/notizie\/#\/schema\/person\/b789462c927517766c1bcfb452c8d85e","name":"Staff","image":{"@type":"ImageObject","inLanguage":"it-IT","@id":"https:\/\/secure.gravatar.com\/avatar\/fd311f248f82517b1efd21a54e666df2c5b705bb4a4fb804f3903c94be513fee?s=96&d=mm&r=g","url":"https:\/\/secure.gravatar.com\/avatar\/fd311f248f82517b1efd21a54e666df2c5b705bb4a4fb804f3903c94be513fee?s=96&d=mm&r=g","contentUrl":"https:\/\/secure.gravatar.com\/avatar\/fd311f248f82517b1efd21a54e666df2c5b705bb4a4fb804f3903c94be513fee?s=96&d=mm&r=g","caption":"Staff"},"sameAs":["https:\/\/www.micheleantonucci.it"],"url":"https:\/\/www.torremaggiore.com\/notizie\/author\/staff\/"}]}},"_links":{"self":[{"href":"https:\/\/www.torremaggiore.com\/notizie\/wp-json\/wp\/v2\/posts\/1356","targetHints":{"allow":["GET"]}}],"collection":[{"href":"https:\/\/www.torremaggiore.com\/notizie\/wp-json\/wp\/v2\/posts"}],"about":[{"href":"https:\/\/www.torremaggiore.com\/notizie\/wp-json\/wp\/v2\/types\/post"}],"author":[{"embeddable":true,"href":"https:\/\/www.torremaggiore.com\/notizie\/wp-json\/wp\/v2\/users\/2"}],"replies":[{"embeddable":true,"href":"https:\/\/www.torremaggiore.com\/notizie\/wp-json\/wp\/v2\/comments?post=1356"}],"version-history":[{"count":0,"href":"https:\/\/www.torremaggiore.com\/notizie\/wp-json\/wp\/v2\/posts\/1356\/revisions"}],"wp:attachment":[{"href":"https:\/\/www.torremaggiore.com\/notizie\/wp-json\/wp\/v2\/media?parent=1356"}],"wp:term":[{"taxonomy":"category","embeddable":true,"href":"https:\/\/www.torremaggiore.com\/notizie\/wp-json\/wp\/v2\/categories?post=1356"},{"taxonomy":"post_tag","embeddable":true,"href":"https:\/\/www.torremaggiore.com\/notizie\/wp-json\/wp\/v2\/tags?post=1356"}],"curies":[{"name":"wp","href":"https:\/\/api.w.org\/{rel}","templated":true}]}}