{"id":12762,"date":"2019-09-10T19:30:26","date_gmt":"2019-09-10T17:30:26","guid":{"rendered":"https:\/\/www.torremaggiore.com\/notizie\/?p=12762"},"modified":"2019-09-10T19:30:32","modified_gmt":"2019-09-10T17:30:32","slug":"forza-italia-lega-e-udc-torremaggiore-udite-udite-notizia-fresca-di-giornata-la-giunta-di-pumpo-ha-perso-un-assessore","status":"publish","type":"post","link":"https:\/\/www.torremaggiore.com\/notizie\/2019\/forza-italia-lega-e-udc-torremaggiore-udite-udite-notizia-fresca-di-giornata-la-giunta-di-pumpo-ha-perso-un-assessore\/","title":{"rendered":"Forza Italia, Lega e UdC Torremaggiore: udite udite, notizia fresca di giornata! La Giunta Di Pumpo ha perso un assessore"},"content":{"rendered":"\n<p>Udite udite, notizia fresca di giornata!!<\/p>\n\n\n\n<p>La Giunta Comunale di Torremaggiore si compone di 6 elementi:il Sindaco pi\u00f9 5 Assessori.<br>Oggi,invece, scopriamo dallo studio delle delibere,che \u00e8 scomparso un Assessore,nel senso che da giorni,la Giunta risulta composta di soli 5 elementi:il Sindaco pi\u00f9 4 assessori.<br>In pratica,vuol dire che un assessore &#8220;\u00e8 stato dimesso&#8221; oppure si \u00e8 dimesso.<br>Quali sono i motivi del venir meno di un Assessore dopo pochissimi mesi?<br>Perch\u00e9 Sindaco lo hai nascosto ai cittadini?<br>Ma come, avevi dichiarato solennemente nel Consiglio Comunale di insediamento,che la Giunta sarebbe stata la stessa per 5 anni e invece oggi scopriamo altro.<br>Cari concittadini, presto lo capirete e tutto vi sar\u00e0 pi\u00f9 chiaro!<br>Nel frattempo\u00a0<a href=\"https:\/\/www.facebook.com\/hashtag\/trovateladifferenza?source=feed_text&amp;epa=HASHTAG&amp;__xts__%5B0%5D=68.ARDihMzGuniEEwlVcV0ircNfqp41up57-HX6WAQMMd5GQTSEDPkAd1xncxyiNc8cLbPpQHFVUaPJDXkiWzVJdDpE3dGA0YxwNloEJB5jxwo3lhcrbopu7WfvAj7X3v_eg089jv6LVNNk7sY4JF1RJunML7kdBrAywN9sy8Vu_L3hvuGsAzHASMjSMbOHzwI_Zo9G2N-A2Br6sM_XuzVx2QUrFBvutuHR3xSXEjG2vQRs4eQ6JO6EMvHKebswCLj76_LOpbxIYAycaJRZ94YCyzB87m1DLPFUXqcRgUS5QMKiP4wEvmWpnlP42lH-yR_mAAd32pHAW_pmfHiSP4jqfFFCoQ&amp;__tn__=%2ANK-R\">#trovateladifferenza<\/a><br><br>Nota congiunta dei coordinamenti cittadini di Forza Italia, Lega e UdC Torremaggiore <\/p>\n\n\n\n<p><\/p>\n\n\n\n<div class=\"wp-block-image\"><figure class=\"aligncenter\"><img loading=\"lazy\" decoding=\"async\" width=\"494\" height=\"497\" src=\"https:\/\/www.torremaggiore.com\/notizie\/wp-content\/uploads\/2019\/09\/assessori-tm-settembre-2019.jpg\" alt=\"\" class=\"wp-image-12764\"\/><\/figure><\/div>\n","protected":false},"excerpt":{"rendered":"<p>Udite udite, notizia fresca di giornata!! La Giunta Comunale di Torremaggiore si compone di 6<\/p>\n","protected":false},"author":2,"featured_media":12651,"comment_status":"closed","ping_status":"open","sticky":false,"template":"","format":"standard","meta":{"footnotes":""},"categories":[4,250],"tags":[910,8],"class_list":["post-12762","post","type-post","status-publish","format-standard","has-post-thumbnail","hentry","category-politica","category-prima-pagina","tag-forza-italia-torremaggiore","tag-torremaggiore"],"yoast_head":"<!-- This site is optimized with the Yoast SEO plugin v27.4 - https:\/\/yoast.com\/product\/yoast-seo-wordpress\/ -->\n<title>Forza Italia, Lega e UdC Torremaggiore: udite udite, notizia fresca di giornata! La Giunta Di Pumpo ha perso un assessore - Torremaggiore On Line<\/title>\n<meta name=\"robots\" content=\"index, follow, max-snippet:-1, max-image-preview:large, max-video-preview:-1\" \/>\n<link rel=\"canonical\" href=\"https:\/\/www.torremaggiore.com\/notizie\/2019\/forza-italia-lega-e-udc-torremaggiore-udite-udite-notizia-fresca-di-giornata-la-giunta-di-pumpo-ha-perso-un-assessore\/\" \/>\n<meta property=\"og:locale\" content=\"it_IT\" \/>\n<meta property=\"og:type\" content=\"article\" \/>\n<meta property=\"og:title\" content=\"Forza Italia, Lega e UdC Torremaggiore: udite udite, notizia fresca di giornata! La Giunta Di Pumpo ha perso un assessore - Torremaggiore On Line\" \/>\n<meta property=\"og:description\" content=\"Udite udite, notizia fresca di giornata!! La Giunta Comunale di Torremaggiore si compone di 6\" \/>\n<meta property=\"og:url\" content=\"https:\/\/www.torremaggiore.com\/notizie\/2019\/forza-italia-lega-e-udc-torremaggiore-udite-udite-notizia-fresca-di-giornata-la-giunta-di-pumpo-ha-perso-un-assessore\/\" \/>\n<meta property=\"og:site_name\" content=\"Torremaggiore On Line\" \/>\n<meta property=\"article:published_time\" content=\"2019-09-10T17:30:26+00:00\" \/>\n<meta property=\"article:modified_time\" content=\"2019-09-10T17:30:32+00:00\" \/>\n<meta property=\"og:image\" content=\"https:\/\/www.torremaggiore.com\/notizie\/wp-content\/uploads\/2019\/08\/fi-lega-udc-tm-2019.jpg\" \/>\n\t<meta property=\"og:image:width\" content=\"800\" \/>\n\t<meta property=\"og:image:height\" content=\"254\" \/>\n\t<meta property=\"og:image:type\" content=\"image\/jpeg\" \/>\n<meta name=\"author\" content=\"Staff\" \/>\n<meta name=\"twitter:card\" content=\"summary_large_image\" \/>\n<meta name=\"twitter:label1\" content=\"Scritto da\" \/>\n\t<meta name=\"twitter:data1\" content=\"Staff\" \/>\n\t<meta name=\"twitter:label2\" content=\"Tempo di lettura stimato\" \/>\n\t<meta name=\"twitter:data2\" content=\"1 minuto\" \/>\n<script type=\"application\/ld+json\" class=\"yoast-schema-graph\">{\"@context\":\"https:\\\/\\\/schema.org\",\"@graph\":[{\"@type\":\"Article\",\"@id\":\"https:\\\/\\\/www.torremaggiore.com\\\/notizie\\\/2019\\\/forza-italia-lega-e-udc-torremaggiore-udite-udite-notizia-fresca-di-giornata-la-giunta-di-pumpo-ha-perso-un-assessore\\\/#article\",\"isPartOf\":{\"@id\":\"https:\\\/\\\/www.torremaggiore.com\\\/notizie\\\/2019\\\/forza-italia-lega-e-udc-torremaggiore-udite-udite-notizia-fresca-di-giornata-la-giunta-di-pumpo-ha-perso-un-assessore\\\/\"},\"author\":{\"name\":\"Staff\",\"@id\":\"https:\\\/\\\/www.torremaggiore.com\\\/notizie\\\/#\\\/schema\\\/person\\\/b789462c927517766c1bcfb452c8d85e\"},\"headline\":\"Forza Italia, Lega e UdC Torremaggiore: udite udite, notizia fresca di giornata! La Giunta Di Pumpo ha perso un assessore\",\"datePublished\":\"2019-09-10T17:30:26+00:00\",\"dateModified\":\"2019-09-10T17:30:32+00:00\",\"mainEntityOfPage\":{\"@id\":\"https:\\\/\\\/www.torremaggiore.com\\\/notizie\\\/2019\\\/forza-italia-lega-e-udc-torremaggiore-udite-udite-notizia-fresca-di-giornata-la-giunta-di-pumpo-ha-perso-un-assessore\\\/\"},\"wordCount\":148,\"publisher\":{\"@id\":\"https:\\\/\\\/www.torremaggiore.com\\\/notizie\\\/#organization\"},\"image\":{\"@id\":\"https:\\\/\\\/www.torremaggiore.com\\\/notizie\\\/2019\\\/forza-italia-lega-e-udc-torremaggiore-udite-udite-notizia-fresca-di-giornata-la-giunta-di-pumpo-ha-perso-un-assessore\\\/#primaryimage\"},\"thumbnailUrl\":\"https:\\\/\\\/www.torremaggiore.com\\\/notizie\\\/wp-content\\\/uploads\\\/2019\\\/08\\\/fi-lega-udc-tm-2019.jpg\",\"keywords\":[\"forza italia torremaggiore\",\"torremaggiore\"],\"articleSection\":[\"Politica\",\"Prima Pagina\"],\"inLanguage\":\"it-IT\"},{\"@type\":\"WebPage\",\"@id\":\"https:\\\/\\\/www.torremaggiore.com\\\/notizie\\\/2019\\\/forza-italia-lega-e-udc-torremaggiore-udite-udite-notizia-fresca-di-giornata-la-giunta-di-pumpo-ha-perso-un-assessore\\\/\",\"url\":\"https:\\\/\\\/www.torremaggiore.com\\\/notizie\\\/2019\\\/forza-italia-lega-e-udc-torremaggiore-udite-udite-notizia-fresca-di-giornata-la-giunta-di-pumpo-ha-perso-un-assessore\\\/\",\"name\":\"Forza Italia, Lega e UdC Torremaggiore: udite udite, notizia fresca di giornata! La Giunta Di Pumpo ha perso un assessore - Torremaggiore On Line\",\"isPartOf\":{\"@id\":\"https:\\\/\\\/www.torremaggiore.com\\\/notizie\\\/#website\"},\"primaryImageOfPage\":{\"@id\":\"https:\\\/\\\/www.torremaggiore.com\\\/notizie\\\/2019\\\/forza-italia-lega-e-udc-torremaggiore-udite-udite-notizia-fresca-di-giornata-la-giunta-di-pumpo-ha-perso-un-assessore\\\/#primaryimage\"},\"image\":{\"@id\":\"https:\\\/\\\/www.torremaggiore.com\\\/notizie\\\/2019\\\/forza-italia-lega-e-udc-torremaggiore-udite-udite-notizia-fresca-di-giornata-la-giunta-di-pumpo-ha-perso-un-assessore\\\/#primaryimage\"},\"thumbnailUrl\":\"https:\\\/\\\/www.torremaggiore.com\\\/notizie\\\/wp-content\\\/uploads\\\/2019\\\/08\\\/fi-lega-udc-tm-2019.jpg\",\"datePublished\":\"2019-09-10T17:30:26+00:00\",\"dateModified\":\"2019-09-10T17:30:32+00:00\",\"breadcrumb\":{\"@id\":\"https:\\\/\\\/www.torremaggiore.com\\\/notizie\\\/2019\\\/forza-italia-lega-e-udc-torremaggiore-udite-udite-notizia-fresca-di-giornata-la-giunta-di-pumpo-ha-perso-un-assessore\\\/#breadcrumb\"},\"inLanguage\":\"it-IT\",\"potentialAction\":[{\"@type\":\"ReadAction\",\"target\":[\"https:\\\/\\\/www.torremaggiore.com\\\/notizie\\\/2019\\\/forza-italia-lega-e-udc-torremaggiore-udite-udite-notizia-fresca-di-giornata-la-giunta-di-pumpo-ha-perso-un-assessore\\\/\"]}]},{\"@type\":\"ImageObject\",\"inLanguage\":\"it-IT\",\"@id\":\"https:\\\/\\\/www.torremaggiore.com\\\/notizie\\\/2019\\\/forza-italia-lega-e-udc-torremaggiore-udite-udite-notizia-fresca-di-giornata-la-giunta-di-pumpo-ha-perso-un-assessore\\\/#primaryimage\",\"url\":\"https:\\\/\\\/www.torremaggiore.com\\\/notizie\\\/wp-content\\\/uploads\\\/2019\\\/08\\\/fi-lega-udc-tm-2019.jpg\",\"contentUrl\":\"https:\\\/\\\/www.torremaggiore.com\\\/notizie\\\/wp-content\\\/uploads\\\/2019\\\/08\\\/fi-lega-udc-tm-2019.jpg\",\"width\":800,\"height\":254},{\"@type\":\"BreadcrumbList\",\"@id\":\"https:\\\/\\\/www.torremaggiore.com\\\/notizie\\\/2019\\\/forza-italia-lega-e-udc-torremaggiore-udite-udite-notizia-fresca-di-giornata-la-giunta-di-pumpo-ha-perso-un-assessore\\\/#breadcrumb\",\"itemListElement\":[{\"@type\":\"ListItem\",\"position\":1,\"name\":\"Home\",\"item\":\"https:\\\/\\\/www.torremaggiore.com\\\/notizie\\\/\"},{\"@type\":\"ListItem\",\"position\":2,\"name\":\"Forza Italia, Lega e UdC Torremaggiore: udite udite, notizia fresca di giornata! La Giunta Di Pumpo ha perso un assessore\"}]},{\"@type\":\"WebSite\",\"@id\":\"https:\\\/\\\/www.torremaggiore.com\\\/notizie\\\/#website\",\"url\":\"https:\\\/\\\/www.torremaggiore.com\\\/notizie\\\/\",\"name\":\"Torremaggiore On Line\",\"description\":\"La Web Community di Torremaggiore\",\"publisher\":{\"@id\":\"https:\\\/\\\/www.torremaggiore.com\\\/notizie\\\/#organization\"},\"potentialAction\":[{\"@type\":\"SearchAction\",\"target\":{\"@type\":\"EntryPoint\",\"urlTemplate\":\"https:\\\/\\\/www.torremaggiore.com\\\/notizie\\\/?s={search_term_string}\"},\"query-input\":{\"@type\":\"PropertyValueSpecification\",\"valueRequired\":true,\"valueName\":\"search_term_string\"}}],\"inLanguage\":\"it-IT\"},{\"@type\":\"Organization\",\"@id\":\"https:\\\/\\\/www.torremaggiore.com\\\/notizie\\\/#organization\",\"name\":\"Torremaggiore On Line\",\"url\":\"https:\\\/\\\/www.torremaggiore.com\\\/notizie\\\/\",\"logo\":{\"@type\":\"ImageObject\",\"inLanguage\":\"it-IT\",\"@id\":\"https:\\\/\\\/www.torremaggiore.com\\\/notizie\\\/#\\\/schema\\\/logo\\\/image\\\/\",\"url\":\"https:\\\/\\\/www.torremaggiore.com\\\/notizie\\\/wp-content\\\/uploads\\\/2020\\\/03\\\/logo-tmol20.gif\",\"contentUrl\":\"https:\\\/\\\/www.torremaggiore.com\\\/notizie\\\/wp-content\\\/uploads\\\/2020\\\/03\\\/logo-tmol20.gif\",\"width\":260,\"height\":95,\"caption\":\"Torremaggiore On Line\"},\"image\":{\"@id\":\"https:\\\/\\\/www.torremaggiore.com\\\/notizie\\\/#\\\/schema\\\/logo\\\/image\\\/\"}},{\"@type\":\"Person\",\"@id\":\"https:\\\/\\\/www.torremaggiore.com\\\/notizie\\\/#\\\/schema\\\/person\\\/b789462c927517766c1bcfb452c8d85e\",\"name\":\"Staff\",\"image\":{\"@type\":\"ImageObject\",\"inLanguage\":\"it-IT\",\"@id\":\"https:\\\/\\\/secure.gravatar.com\\\/avatar\\\/fd311f248f82517b1efd21a54e666df2c5b705bb4a4fb804f3903c94be513fee?s=96&d=mm&r=g\",\"url\":\"https:\\\/\\\/secure.gravatar.com\\\/avatar\\\/fd311f248f82517b1efd21a54e666df2c5b705bb4a4fb804f3903c94be513fee?s=96&d=mm&r=g\",\"contentUrl\":\"https:\\\/\\\/secure.gravatar.com\\\/avatar\\\/fd311f248f82517b1efd21a54e666df2c5b705bb4a4fb804f3903c94be513fee?s=96&d=mm&r=g\",\"caption\":\"Staff\"},\"sameAs\":[\"https:\\\/\\\/www.micheleantonucci.it\"],\"url\":\"https:\\\/\\\/www.torremaggiore.com\\\/notizie\\\/author\\\/staff\\\/\"}]}<\/script>\n<!-- \/ Yoast SEO plugin. -->","yoast_head_json":{"title":"Forza Italia, Lega e UdC Torremaggiore: udite udite, notizia fresca di giornata! La Giunta Di Pumpo ha perso un assessore - Torremaggiore On Line","robots":{"index":"index","follow":"follow","max-snippet":"max-snippet:-1","max-image-preview":"max-image-preview:large","max-video-preview":"max-video-preview:-1"},"canonical":"https:\/\/www.torremaggiore.com\/notizie\/2019\/forza-italia-lega-e-udc-torremaggiore-udite-udite-notizia-fresca-di-giornata-la-giunta-di-pumpo-ha-perso-un-assessore\/","og_locale":"it_IT","og_type":"article","og_title":"Forza Italia, Lega e UdC Torremaggiore: udite udite, notizia fresca di giornata! La Giunta Di Pumpo ha perso un assessore - Torremaggiore On Line","og_description":"Udite udite, notizia fresca di giornata!! La Giunta Comunale di Torremaggiore si compone di 6","og_url":"https:\/\/www.torremaggiore.com\/notizie\/2019\/forza-italia-lega-e-udc-torremaggiore-udite-udite-notizia-fresca-di-giornata-la-giunta-di-pumpo-ha-perso-un-assessore\/","og_site_name":"Torremaggiore On Line","article_published_time":"2019-09-10T17:30:26+00:00","article_modified_time":"2019-09-10T17:30:32+00:00","og_image":[{"width":800,"height":254,"url":"https:\/\/www.torremaggiore.com\/notizie\/wp-content\/uploads\/2019\/08\/fi-lega-udc-tm-2019.jpg","type":"image\/jpeg"}],"author":"Staff","twitter_card":"summary_large_image","twitter_misc":{"Scritto da":"Staff","Tempo di lettura stimato":"1 minuto"},"schema":{"@context":"https:\/\/schema.org","@graph":[{"@type":"Article","@id":"https:\/\/www.torremaggiore.com\/notizie\/2019\/forza-italia-lega-e-udc-torremaggiore-udite-udite-notizia-fresca-di-giornata-la-giunta-di-pumpo-ha-perso-un-assessore\/#article","isPartOf":{"@id":"https:\/\/www.torremaggiore.com\/notizie\/2019\/forza-italia-lega-e-udc-torremaggiore-udite-udite-notizia-fresca-di-giornata-la-giunta-di-pumpo-ha-perso-un-assessore\/"},"author":{"name":"Staff","@id":"https:\/\/www.torremaggiore.com\/notizie\/#\/schema\/person\/b789462c927517766c1bcfb452c8d85e"},"headline":"Forza Italia, Lega e UdC Torremaggiore: udite udite, notizia fresca di giornata! La Giunta Di Pumpo ha perso un assessore","datePublished":"2019-09-10T17:30:26+00:00","dateModified":"2019-09-10T17:30:32+00:00","mainEntityOfPage":{"@id":"https:\/\/www.torremaggiore.com\/notizie\/2019\/forza-italia-lega-e-udc-torremaggiore-udite-udite-notizia-fresca-di-giornata-la-giunta-di-pumpo-ha-perso-un-assessore\/"},"wordCount":148,"publisher":{"@id":"https:\/\/www.torremaggiore.com\/notizie\/#organization"},"image":{"@id":"https:\/\/www.torremaggiore.com\/notizie\/2019\/forza-italia-lega-e-udc-torremaggiore-udite-udite-notizia-fresca-di-giornata-la-giunta-di-pumpo-ha-perso-un-assessore\/#primaryimage"},"thumbnailUrl":"https:\/\/www.torremaggiore.com\/notizie\/wp-content\/uploads\/2019\/08\/fi-lega-udc-tm-2019.jpg","keywords":["forza italia torremaggiore","torremaggiore"],"articleSection":["Politica","Prima Pagina"],"inLanguage":"it-IT"},{"@type":"WebPage","@id":"https:\/\/www.torremaggiore.com\/notizie\/2019\/forza-italia-lega-e-udc-torremaggiore-udite-udite-notizia-fresca-di-giornata-la-giunta-di-pumpo-ha-perso-un-assessore\/","url":"https:\/\/www.torremaggiore.com\/notizie\/2019\/forza-italia-lega-e-udc-torremaggiore-udite-udite-notizia-fresca-di-giornata-la-giunta-di-pumpo-ha-perso-un-assessore\/","name":"Forza Italia, Lega e UdC Torremaggiore: udite udite, notizia fresca di giornata! La Giunta Di Pumpo ha perso un assessore - Torremaggiore On Line","isPartOf":{"@id":"https:\/\/www.torremaggiore.com\/notizie\/#website"},"primaryImageOfPage":{"@id":"https:\/\/www.torremaggiore.com\/notizie\/2019\/forza-italia-lega-e-udc-torremaggiore-udite-udite-notizia-fresca-di-giornata-la-giunta-di-pumpo-ha-perso-un-assessore\/#primaryimage"},"image":{"@id":"https:\/\/www.torremaggiore.com\/notizie\/2019\/forza-italia-lega-e-udc-torremaggiore-udite-udite-notizia-fresca-di-giornata-la-giunta-di-pumpo-ha-perso-un-assessore\/#primaryimage"},"thumbnailUrl":"https:\/\/www.torremaggiore.com\/notizie\/wp-content\/uploads\/2019\/08\/fi-lega-udc-tm-2019.jpg","datePublished":"2019-09-10T17:30:26+00:00","dateModified":"2019-09-10T17:30:32+00:00","breadcrumb":{"@id":"https:\/\/www.torremaggiore.com\/notizie\/2019\/forza-italia-lega-e-udc-torremaggiore-udite-udite-notizia-fresca-di-giornata-la-giunta-di-pumpo-ha-perso-un-assessore\/#breadcrumb"},"inLanguage":"it-IT","potentialAction":[{"@type":"ReadAction","target":["https:\/\/www.torremaggiore.com\/notizie\/2019\/forza-italia-lega-e-udc-torremaggiore-udite-udite-notizia-fresca-di-giornata-la-giunta-di-pumpo-ha-perso-un-assessore\/"]}]},{"@type":"ImageObject","inLanguage":"it-IT","@id":"https:\/\/www.torremaggiore.com\/notizie\/2019\/forza-italia-lega-e-udc-torremaggiore-udite-udite-notizia-fresca-di-giornata-la-giunta-di-pumpo-ha-perso-un-assessore\/#primaryimage","url":"https:\/\/www.torremaggiore.com\/notizie\/wp-content\/uploads\/2019\/08\/fi-lega-udc-tm-2019.jpg","contentUrl":"https:\/\/www.torremaggiore.com\/notizie\/wp-content\/uploads\/2019\/08\/fi-lega-udc-tm-2019.jpg","width":800,"height":254},{"@type":"BreadcrumbList","@id":"https:\/\/www.torremaggiore.com\/notizie\/2019\/forza-italia-lega-e-udc-torremaggiore-udite-udite-notizia-fresca-di-giornata-la-giunta-di-pumpo-ha-perso-un-assessore\/#breadcrumb","itemListElement":[{"@type":"ListItem","position":1,"name":"Home","item":"https:\/\/www.torremaggiore.com\/notizie\/"},{"@type":"ListItem","position":2,"name":"Forza Italia, Lega e UdC Torremaggiore: udite udite, notizia fresca di giornata! La Giunta Di Pumpo ha perso un assessore"}]},{"@type":"WebSite","@id":"https:\/\/www.torremaggiore.com\/notizie\/#website","url":"https:\/\/www.torremaggiore.com\/notizie\/","name":"Torremaggiore On Line","description":"La Web Community di Torremaggiore","publisher":{"@id":"https:\/\/www.torremaggiore.com\/notizie\/#organization"},"potentialAction":[{"@type":"SearchAction","target":{"@type":"EntryPoint","urlTemplate":"https:\/\/www.torremaggiore.com\/notizie\/?s={search_term_string}"},"query-input":{"@type":"PropertyValueSpecification","valueRequired":true,"valueName":"search_term_string"}}],"inLanguage":"it-IT"},{"@type":"Organization","@id":"https:\/\/www.torremaggiore.com\/notizie\/#organization","name":"Torremaggiore On Line","url":"https:\/\/www.torremaggiore.com\/notizie\/","logo":{"@type":"ImageObject","inLanguage":"it-IT","@id":"https:\/\/www.torremaggiore.com\/notizie\/#\/schema\/logo\/image\/","url":"https:\/\/www.torremaggiore.com\/notizie\/wp-content\/uploads\/2020\/03\/logo-tmol20.gif","contentUrl":"https:\/\/www.torremaggiore.com\/notizie\/wp-content\/uploads\/2020\/03\/logo-tmol20.gif","width":260,"height":95,"caption":"Torremaggiore On Line"},"image":{"@id":"https:\/\/www.torremaggiore.com\/notizie\/#\/schema\/logo\/image\/"}},{"@type":"Person","@id":"https:\/\/www.torremaggiore.com\/notizie\/#\/schema\/person\/b789462c927517766c1bcfb452c8d85e","name":"Staff","image":{"@type":"ImageObject","inLanguage":"it-IT","@id":"https:\/\/secure.gravatar.com\/avatar\/fd311f248f82517b1efd21a54e666df2c5b705bb4a4fb804f3903c94be513fee?s=96&d=mm&r=g","url":"https:\/\/secure.gravatar.com\/avatar\/fd311f248f82517b1efd21a54e666df2c5b705bb4a4fb804f3903c94be513fee?s=96&d=mm&r=g","contentUrl":"https:\/\/secure.gravatar.com\/avatar\/fd311f248f82517b1efd21a54e666df2c5b705bb4a4fb804f3903c94be513fee?s=96&d=mm&r=g","caption":"Staff"},"sameAs":["https:\/\/www.micheleantonucci.it"],"url":"https:\/\/www.torremaggiore.com\/notizie\/author\/staff\/"}]}},"_links":{"self":[{"href":"https:\/\/www.torremaggiore.com\/notizie\/wp-json\/wp\/v2\/posts\/12762","targetHints":{"allow":["GET"]}}],"collection":[{"href":"https:\/\/www.torremaggiore.com\/notizie\/wp-json\/wp\/v2\/posts"}],"about":[{"href":"https:\/\/www.torremaggiore.com\/notizie\/wp-json\/wp\/v2\/types\/post"}],"author":[{"embeddable":true,"href":"https:\/\/www.torremaggiore.com\/notizie\/wp-json\/wp\/v2\/users\/2"}],"replies":[{"embeddable":true,"href":"https:\/\/www.torremaggiore.com\/notizie\/wp-json\/wp\/v2\/comments?post=12762"}],"version-history":[{"count":0,"href":"https:\/\/www.torremaggiore.com\/notizie\/wp-json\/wp\/v2\/posts\/12762\/revisions"}],"wp:featuredmedia":[{"embeddable":true,"href":"https:\/\/www.torremaggiore.com\/notizie\/wp-json\/wp\/v2\/media\/12651"}],"wp:attachment":[{"href":"https:\/\/www.torremaggiore.com\/notizie\/wp-json\/wp\/v2\/media?parent=12762"}],"wp:term":[{"taxonomy":"category","embeddable":true,"href":"https:\/\/www.torremaggiore.com\/notizie\/wp-json\/wp\/v2\/categories?post=12762"},{"taxonomy":"post_tag","embeddable":true,"href":"https:\/\/www.torremaggiore.com\/notizie\/wp-json\/wp\/v2\/tags?post=12762"}],"curies":[{"name":"wp","href":"https:\/\/api.w.org\/{rel}","templated":true}]}}