{"id":12340,"date":"2019-06-20T21:44:56","date_gmt":"2019-06-20T19:44:56","guid":{"rendered":"https:\/\/www.torremaggiore.com\/notizie\/?p=12340"},"modified":"2019-06-20T21:46:26","modified_gmt":"2019-06-20T19:46:26","slug":"la-coerenza-prima-di-tutto-nota-delle-segreterie-politiche-del-centrodestra-di-torremaggiore","status":"publish","type":"post","link":"https:\/\/www.torremaggiore.com\/notizie\/2019\/la-coerenza-prima-di-tutto-nota-delle-segreterie-politiche-del-centrodestra-di-torremaggiore\/","title":{"rendered":"La coerenza prima di tutto&#8230; nota delle segreterie politiche del centrodestra di Torremaggiore"},"content":{"rendered":"\n<p>Riceviamo e pubblichiamo nota unitaria delle segreterie dei partiti di centrodestra di Torremaggiore <br><br><br>All\u2019esito delle ultime elezioni amministrative in Torremaggiore, LE FORZE politiche dell\u2019area moderata e di centrodestra hanno costituito un coordinamento cittadino, GUIDATO DA LEONARDO DE VITA, quale espressione di quanti si sono riconosciuti in un progetto teso a rilanciare la Politica dei Partiti che si fanno garanti delle regole e del confronto democratico. Perci\u00f2 accogliamo con stupore e con grande rammarico la nomina a commissario politico di Forza Italia a Torremaggiore della prof. Mariapina Zifaro, cui porgiamo rispetto personale, ma non altrettanto politico. <br><br>Quale coordinatrice del Movimento Civico Agire di Torremaggiore non ha mostrato alcuna maturit\u00e0 politica, dimostrando, nella sua pur lunga militanza, di essere a esclusivo servizio di una politica personalistica e opportunista dell\u2019ex Sindaco Monteleone. DA QUASI UN DECENNIO, entrambi hanno militato come forza civica in assoluto disprezzo e noncuranza delle forze di centrodestra, soprattutto nella fase che li ha visti amministratori in carica e fino alla propaganda dell&#8217;ultima tornata elettorale quando si sono resi protagonisti di un vero e proprio sabotaggio delle forze di centrodestra  unito a tutto danno di un progetto serio, coeso e nuovo a guida di Leonardo De Vita (nel Comizio del 2 Giugno 2019, Monteleone ha invitato l\u2019elettorato a non andare a votare, a non sostenere Leonardo De Vita, proclamando gi\u00e0 vincitore il Sindaco di Centrosinistra). <br><br>Il Dottor De Vita, quale Candidato Sindaco, ha saputo tenere testa alle divisioni e ai personalismi da essi stessi messi in campo, recuperando al ballottaggio del 9 Giugno, un aumento del consenso rispetto al primo turno di circa 1000 voti.  <br> La Zifaro avendo sempre sostenuto la politica di Monteleone ripiegata sulla auto referenzialit\u00e0, risulta, di fatto, incapace di accettare i risultati del confronto democratico, in assoluto dispregio del buon senso, delle regole democratiche e della correttezza. <br><br>PREMIARE TALI ATTEGGIAMENTI DA PARTE DI ALCUNI PERSONAGGI DI  FORZA ITALIA VUOL DIRE aumentare la DISILLUSIONE, LA DIFFIDENZA e le DISTANZE SEMPRE pi\u00f9 INCOLMABILI TRA I CITTADINI E LA POLITICA poich\u00e9 il consenso espresso dagli elettori \u00e8 stato tradito e strumentalizzato da una scelta prettamente opportunista dei \u201cpochi\u201d e \u201csoliti\u201d soggetti.<br><br> La scelta di ALCUNI PERSONAGGI DI  Forza Italia rischia di minare, a livello locale, il progetto serio di un centrodestra unito CHE PUO E DEVE ESSERE IL TERRENO FERTILE PER LA CRESCITA DEL TERRITORIO anche grazie a una buona POLITICA LOCALE,  REGIONALE e NAZIONALE. E\u2019 noto CHE TALI ISTANZE SONO STATE PORTATE A CONOSCENZA DELLE SEGRETERIE PROVINCIALI E REGIONALI, CHE HANNO per\u00f2 COMPLETAMENTE DISATTESO LA VOCE DELLA COMUNIT\u00c0 LOCALE A VANTAGGIO dei soliti personalismi. Consapevoli che non si cresce per divisione ma per addizione, continueremo il nostro impegno e il nostro progetto lasciando la porta aperta a chi vorr\u00e0 unire ed unirsi , ma in questo \u00e8 certamente escluso chi ha dato dimostrazione in dieci anni di non averlo saputo fare e di aver prodotto fallimenti su pi\u00f9 fronti che gli  consentono a tutt&#8217;oggi di risorgere come l\u2019araba fenice. POVERI noi!<br><br> Il trasformismo dettato da mero opportunismo \u00e8 storia vecchia in politica e non genera alcun positivo cambiamento. <br><br> LE SEGRETERIE CITTADINE di Torremaggiore<\/p>\n\n\n\n<p>FRATELLI D&#8217;ITALIA<br>FORZA ITALIA<br>IDEA POPOLARE<br>LEGA SALVINI <br>MODERATI E POPOLARI PER TORREMAGGIORE<br>DIREZIONE ITALIA <\/p>\n\n\n\n<figure class=\"wp-block-image\"><img loading=\"lazy\" decoding=\"async\" width=\"840\" height=\"480\" src=\"https:\/\/www.torremaggiore.com\/notizie\/wp-content\/uploads\/2019\/04\/popolari-moderati-840x480.png\" alt=\"\" class=\"wp-image-11764\"\/><\/figure>\n\n\n\n<figure class=\"wp-block-image\"><img loading=\"lazy\" decoding=\"async\" width=\"840\" height=\"234\" src=\"https:\/\/www.torremaggiore.com\/notizie\/wp-content\/uploads\/2019\/03\/liste-cdx-cinque-gambe-840x234.jpg\" alt=\"\" class=\"wp-image-11576\"\/><\/figure>\n","protected":false},"excerpt":{"rendered":"<p>Riceviamo e pubblichiamo nota unitaria delle segreterie dei partiti di centrodestra di Torremaggiore All\u2019esito delle<\/p>\n","protected":false},"author":2,"featured_media":11418,"comment_status":"closed","ping_status":"open","sticky":false,"template":"","format":"standard","meta":{"footnotes":""},"categories":[3,4,250],"tags":[],"class_list":["post-12340","post","type-post","status-publish","format-standard","has-post-thumbnail","hentry","category-comunicati","category-politica","category-prima-pagina"],"yoast_head":"<!-- This site is optimized with the Yoast SEO plugin v27.4 - https:\/\/yoast.com\/product\/yoast-seo-wordpress\/ -->\n<title>La coerenza prima di tutto... nota delle segreterie politiche del centrodestra di Torremaggiore - Torremaggiore On Line<\/title>\n<meta name=\"robots\" content=\"index, follow, max-snippet:-1, max-image-preview:large, max-video-preview:-1\" \/>\n<link rel=\"canonical\" href=\"https:\/\/www.torremaggiore.com\/notizie\/2019\/la-coerenza-prima-di-tutto-nota-delle-segreterie-politiche-del-centrodestra-di-torremaggiore\/\" \/>\n<meta property=\"og:locale\" content=\"it_IT\" \/>\n<meta property=\"og:type\" content=\"article\" \/>\n<meta property=\"og:title\" content=\"La coerenza prima di tutto... nota delle segreterie politiche del centrodestra di Torremaggiore - Torremaggiore On Line\" \/>\n<meta property=\"og:description\" content=\"Riceviamo e pubblichiamo nota unitaria delle segreterie dei partiti di centrodestra di Torremaggiore All\u2019esito delle\" \/>\n<meta property=\"og:url\" content=\"https:\/\/www.torremaggiore.com\/notizie\/2019\/la-coerenza-prima-di-tutto-nota-delle-segreterie-politiche-del-centrodestra-di-torremaggiore\/\" \/>\n<meta property=\"og:site_name\" content=\"Torremaggiore On Line\" \/>\n<meta property=\"article:published_time\" content=\"2019-06-20T19:44:56+00:00\" \/>\n<meta property=\"article:modified_time\" content=\"2019-06-20T19:46:26+00:00\" \/>\n<meta property=\"og:image\" content=\"https:\/\/www.torremaggiore.com\/notizie\/wp-content\/uploads\/2019\/01\/liste-cdx-tm-2019.jpg\" \/>\n\t<meta property=\"og:image:width\" content=\"826\" \/>\n\t<meta property=\"og:image:height\" content=\"234\" \/>\n\t<meta property=\"og:image:type\" content=\"image\/jpeg\" \/>\n<meta name=\"author\" content=\"Staff\" \/>\n<meta name=\"twitter:card\" content=\"summary_large_image\" \/>\n<meta name=\"twitter:label1\" content=\"Scritto da\" \/>\n\t<meta name=\"twitter:data1\" content=\"Staff\" \/>\n\t<meta name=\"twitter:label2\" content=\"Tempo di lettura stimato\" \/>\n\t<meta name=\"twitter:data2\" content=\"3 minuti\" \/>\n<script type=\"application\/ld+json\" class=\"yoast-schema-graph\">{\"@context\":\"https:\\\/\\\/schema.org\",\"@graph\":[{\"@type\":\"Article\",\"@id\":\"https:\\\/\\\/www.torremaggiore.com\\\/notizie\\\/2019\\\/la-coerenza-prima-di-tutto-nota-delle-segreterie-politiche-del-centrodestra-di-torremaggiore\\\/#article\",\"isPartOf\":{\"@id\":\"https:\\\/\\\/www.torremaggiore.com\\\/notizie\\\/2019\\\/la-coerenza-prima-di-tutto-nota-delle-segreterie-politiche-del-centrodestra-di-torremaggiore\\\/\"},\"author\":{\"name\":\"Staff\",\"@id\":\"https:\\\/\\\/www.torremaggiore.com\\\/notizie\\\/#\\\/schema\\\/person\\\/b789462c927517766c1bcfb452c8d85e\"},\"headline\":\"La coerenza prima di tutto&#8230; nota delle segreterie politiche del centrodestra di Torremaggiore\",\"datePublished\":\"2019-06-20T19:44:56+00:00\",\"dateModified\":\"2019-06-20T19:46:26+00:00\",\"mainEntityOfPage\":{\"@id\":\"https:\\\/\\\/www.torremaggiore.com\\\/notizie\\\/2019\\\/la-coerenza-prima-di-tutto-nota-delle-segreterie-politiche-del-centrodestra-di-torremaggiore\\\/\"},\"wordCount\":539,\"publisher\":{\"@id\":\"https:\\\/\\\/www.torremaggiore.com\\\/notizie\\\/#organization\"},\"image\":{\"@id\":\"https:\\\/\\\/www.torremaggiore.com\\\/notizie\\\/2019\\\/la-coerenza-prima-di-tutto-nota-delle-segreterie-politiche-del-centrodestra-di-torremaggiore\\\/#primaryimage\"},\"thumbnailUrl\":\"https:\\\/\\\/www.torremaggiore.com\\\/notizie\\\/wp-content\\\/uploads\\\/2019\\\/01\\\/liste-cdx-tm-2019.jpg\",\"articleSection\":[\"Comunicati\",\"Politica\",\"Prima Pagina\"],\"inLanguage\":\"it-IT\"},{\"@type\":\"WebPage\",\"@id\":\"https:\\\/\\\/www.torremaggiore.com\\\/notizie\\\/2019\\\/la-coerenza-prima-di-tutto-nota-delle-segreterie-politiche-del-centrodestra-di-torremaggiore\\\/\",\"url\":\"https:\\\/\\\/www.torremaggiore.com\\\/notizie\\\/2019\\\/la-coerenza-prima-di-tutto-nota-delle-segreterie-politiche-del-centrodestra-di-torremaggiore\\\/\",\"name\":\"La coerenza prima di tutto... nota delle segreterie politiche del centrodestra di Torremaggiore - Torremaggiore On Line\",\"isPartOf\":{\"@id\":\"https:\\\/\\\/www.torremaggiore.com\\\/notizie\\\/#website\"},\"primaryImageOfPage\":{\"@id\":\"https:\\\/\\\/www.torremaggiore.com\\\/notizie\\\/2019\\\/la-coerenza-prima-di-tutto-nota-delle-segreterie-politiche-del-centrodestra-di-torremaggiore\\\/#primaryimage\"},\"image\":{\"@id\":\"https:\\\/\\\/www.torremaggiore.com\\\/notizie\\\/2019\\\/la-coerenza-prima-di-tutto-nota-delle-segreterie-politiche-del-centrodestra-di-torremaggiore\\\/#primaryimage\"},\"thumbnailUrl\":\"https:\\\/\\\/www.torremaggiore.com\\\/notizie\\\/wp-content\\\/uploads\\\/2019\\\/01\\\/liste-cdx-tm-2019.jpg\",\"datePublished\":\"2019-06-20T19:44:56+00:00\",\"dateModified\":\"2019-06-20T19:46:26+00:00\",\"breadcrumb\":{\"@id\":\"https:\\\/\\\/www.torremaggiore.com\\\/notizie\\\/2019\\\/la-coerenza-prima-di-tutto-nota-delle-segreterie-politiche-del-centrodestra-di-torremaggiore\\\/#breadcrumb\"},\"inLanguage\":\"it-IT\",\"potentialAction\":[{\"@type\":\"ReadAction\",\"target\":[\"https:\\\/\\\/www.torremaggiore.com\\\/notizie\\\/2019\\\/la-coerenza-prima-di-tutto-nota-delle-segreterie-politiche-del-centrodestra-di-torremaggiore\\\/\"]}]},{\"@type\":\"ImageObject\",\"inLanguage\":\"it-IT\",\"@id\":\"https:\\\/\\\/www.torremaggiore.com\\\/notizie\\\/2019\\\/la-coerenza-prima-di-tutto-nota-delle-segreterie-politiche-del-centrodestra-di-torremaggiore\\\/#primaryimage\",\"url\":\"https:\\\/\\\/www.torremaggiore.com\\\/notizie\\\/wp-content\\\/uploads\\\/2019\\\/01\\\/liste-cdx-tm-2019.jpg\",\"contentUrl\":\"https:\\\/\\\/www.torremaggiore.com\\\/notizie\\\/wp-content\\\/uploads\\\/2019\\\/01\\\/liste-cdx-tm-2019.jpg\",\"width\":826,\"height\":234},{\"@type\":\"BreadcrumbList\",\"@id\":\"https:\\\/\\\/www.torremaggiore.com\\\/notizie\\\/2019\\\/la-coerenza-prima-di-tutto-nota-delle-segreterie-politiche-del-centrodestra-di-torremaggiore\\\/#breadcrumb\",\"itemListElement\":[{\"@type\":\"ListItem\",\"position\":1,\"name\":\"Home\",\"item\":\"https:\\\/\\\/www.torremaggiore.com\\\/notizie\\\/\"},{\"@type\":\"ListItem\",\"position\":2,\"name\":\"La coerenza prima di tutto&#8230; nota delle segreterie politiche del centrodestra di Torremaggiore\"}]},{\"@type\":\"WebSite\",\"@id\":\"https:\\\/\\\/www.torremaggiore.com\\\/notizie\\\/#website\",\"url\":\"https:\\\/\\\/www.torremaggiore.com\\\/notizie\\\/\",\"name\":\"Torremaggiore On Line\",\"description\":\"La Web Community di Torremaggiore\",\"publisher\":{\"@id\":\"https:\\\/\\\/www.torremaggiore.com\\\/notizie\\\/#organization\"},\"potentialAction\":[{\"@type\":\"SearchAction\",\"target\":{\"@type\":\"EntryPoint\",\"urlTemplate\":\"https:\\\/\\\/www.torremaggiore.com\\\/notizie\\\/?s={search_term_string}\"},\"query-input\":{\"@type\":\"PropertyValueSpecification\",\"valueRequired\":true,\"valueName\":\"search_term_string\"}}],\"inLanguage\":\"it-IT\"},{\"@type\":\"Organization\",\"@id\":\"https:\\\/\\\/www.torremaggiore.com\\\/notizie\\\/#organization\",\"name\":\"Torremaggiore On Line\",\"url\":\"https:\\\/\\\/www.torremaggiore.com\\\/notizie\\\/\",\"logo\":{\"@type\":\"ImageObject\",\"inLanguage\":\"it-IT\",\"@id\":\"https:\\\/\\\/www.torremaggiore.com\\\/notizie\\\/#\\\/schema\\\/logo\\\/image\\\/\",\"url\":\"https:\\\/\\\/www.torremaggiore.com\\\/notizie\\\/wp-content\\\/uploads\\\/2020\\\/03\\\/logo-tmol20.gif\",\"contentUrl\":\"https:\\\/\\\/www.torremaggiore.com\\\/notizie\\\/wp-content\\\/uploads\\\/2020\\\/03\\\/logo-tmol20.gif\",\"width\":260,\"height\":95,\"caption\":\"Torremaggiore On Line\"},\"image\":{\"@id\":\"https:\\\/\\\/www.torremaggiore.com\\\/notizie\\\/#\\\/schema\\\/logo\\\/image\\\/\"}},{\"@type\":\"Person\",\"@id\":\"https:\\\/\\\/www.torremaggiore.com\\\/notizie\\\/#\\\/schema\\\/person\\\/b789462c927517766c1bcfb452c8d85e\",\"name\":\"Staff\",\"image\":{\"@type\":\"ImageObject\",\"inLanguage\":\"it-IT\",\"@id\":\"https:\\\/\\\/secure.gravatar.com\\\/avatar\\\/fd311f248f82517b1efd21a54e666df2c5b705bb4a4fb804f3903c94be513fee?s=96&d=mm&r=g\",\"url\":\"https:\\\/\\\/secure.gravatar.com\\\/avatar\\\/fd311f248f82517b1efd21a54e666df2c5b705bb4a4fb804f3903c94be513fee?s=96&d=mm&r=g\",\"contentUrl\":\"https:\\\/\\\/secure.gravatar.com\\\/avatar\\\/fd311f248f82517b1efd21a54e666df2c5b705bb4a4fb804f3903c94be513fee?s=96&d=mm&r=g\",\"caption\":\"Staff\"},\"sameAs\":[\"https:\\\/\\\/www.micheleantonucci.it\"],\"url\":\"https:\\\/\\\/www.torremaggiore.com\\\/notizie\\\/author\\\/staff\\\/\"}]}<\/script>\n<!-- \/ Yoast SEO plugin. -->","yoast_head_json":{"title":"La coerenza prima di tutto... nota delle segreterie politiche del centrodestra di Torremaggiore - Torremaggiore On Line","robots":{"index":"index","follow":"follow","max-snippet":"max-snippet:-1","max-image-preview":"max-image-preview:large","max-video-preview":"max-video-preview:-1"},"canonical":"https:\/\/www.torremaggiore.com\/notizie\/2019\/la-coerenza-prima-di-tutto-nota-delle-segreterie-politiche-del-centrodestra-di-torremaggiore\/","og_locale":"it_IT","og_type":"article","og_title":"La coerenza prima di tutto... nota delle segreterie politiche del centrodestra di Torremaggiore - Torremaggiore On Line","og_description":"Riceviamo e pubblichiamo nota unitaria delle segreterie dei partiti di centrodestra di Torremaggiore All\u2019esito delle","og_url":"https:\/\/www.torremaggiore.com\/notizie\/2019\/la-coerenza-prima-di-tutto-nota-delle-segreterie-politiche-del-centrodestra-di-torremaggiore\/","og_site_name":"Torremaggiore On Line","article_published_time":"2019-06-20T19:44:56+00:00","article_modified_time":"2019-06-20T19:46:26+00:00","og_image":[{"width":826,"height":234,"url":"https:\/\/www.torremaggiore.com\/notizie\/wp-content\/uploads\/2019\/01\/liste-cdx-tm-2019.jpg","type":"image\/jpeg"}],"author":"Staff","twitter_card":"summary_large_image","twitter_misc":{"Scritto da":"Staff","Tempo di lettura stimato":"3 minuti"},"schema":{"@context":"https:\/\/schema.org","@graph":[{"@type":"Article","@id":"https:\/\/www.torremaggiore.com\/notizie\/2019\/la-coerenza-prima-di-tutto-nota-delle-segreterie-politiche-del-centrodestra-di-torremaggiore\/#article","isPartOf":{"@id":"https:\/\/www.torremaggiore.com\/notizie\/2019\/la-coerenza-prima-di-tutto-nota-delle-segreterie-politiche-del-centrodestra-di-torremaggiore\/"},"author":{"name":"Staff","@id":"https:\/\/www.torremaggiore.com\/notizie\/#\/schema\/person\/b789462c927517766c1bcfb452c8d85e"},"headline":"La coerenza prima di tutto&#8230; nota delle segreterie politiche del centrodestra di Torremaggiore","datePublished":"2019-06-20T19:44:56+00:00","dateModified":"2019-06-20T19:46:26+00:00","mainEntityOfPage":{"@id":"https:\/\/www.torremaggiore.com\/notizie\/2019\/la-coerenza-prima-di-tutto-nota-delle-segreterie-politiche-del-centrodestra-di-torremaggiore\/"},"wordCount":539,"publisher":{"@id":"https:\/\/www.torremaggiore.com\/notizie\/#organization"},"image":{"@id":"https:\/\/www.torremaggiore.com\/notizie\/2019\/la-coerenza-prima-di-tutto-nota-delle-segreterie-politiche-del-centrodestra-di-torremaggiore\/#primaryimage"},"thumbnailUrl":"https:\/\/www.torremaggiore.com\/notizie\/wp-content\/uploads\/2019\/01\/liste-cdx-tm-2019.jpg","articleSection":["Comunicati","Politica","Prima Pagina"],"inLanguage":"it-IT"},{"@type":"WebPage","@id":"https:\/\/www.torremaggiore.com\/notizie\/2019\/la-coerenza-prima-di-tutto-nota-delle-segreterie-politiche-del-centrodestra-di-torremaggiore\/","url":"https:\/\/www.torremaggiore.com\/notizie\/2019\/la-coerenza-prima-di-tutto-nota-delle-segreterie-politiche-del-centrodestra-di-torremaggiore\/","name":"La coerenza prima di tutto... nota delle segreterie politiche del centrodestra di Torremaggiore - Torremaggiore On Line","isPartOf":{"@id":"https:\/\/www.torremaggiore.com\/notizie\/#website"},"primaryImageOfPage":{"@id":"https:\/\/www.torremaggiore.com\/notizie\/2019\/la-coerenza-prima-di-tutto-nota-delle-segreterie-politiche-del-centrodestra-di-torremaggiore\/#primaryimage"},"image":{"@id":"https:\/\/www.torremaggiore.com\/notizie\/2019\/la-coerenza-prima-di-tutto-nota-delle-segreterie-politiche-del-centrodestra-di-torremaggiore\/#primaryimage"},"thumbnailUrl":"https:\/\/www.torremaggiore.com\/notizie\/wp-content\/uploads\/2019\/01\/liste-cdx-tm-2019.jpg","datePublished":"2019-06-20T19:44:56+00:00","dateModified":"2019-06-20T19:46:26+00:00","breadcrumb":{"@id":"https:\/\/www.torremaggiore.com\/notizie\/2019\/la-coerenza-prima-di-tutto-nota-delle-segreterie-politiche-del-centrodestra-di-torremaggiore\/#breadcrumb"},"inLanguage":"it-IT","potentialAction":[{"@type":"ReadAction","target":["https:\/\/www.torremaggiore.com\/notizie\/2019\/la-coerenza-prima-di-tutto-nota-delle-segreterie-politiche-del-centrodestra-di-torremaggiore\/"]}]},{"@type":"ImageObject","inLanguage":"it-IT","@id":"https:\/\/www.torremaggiore.com\/notizie\/2019\/la-coerenza-prima-di-tutto-nota-delle-segreterie-politiche-del-centrodestra-di-torremaggiore\/#primaryimage","url":"https:\/\/www.torremaggiore.com\/notizie\/wp-content\/uploads\/2019\/01\/liste-cdx-tm-2019.jpg","contentUrl":"https:\/\/www.torremaggiore.com\/notizie\/wp-content\/uploads\/2019\/01\/liste-cdx-tm-2019.jpg","width":826,"height":234},{"@type":"BreadcrumbList","@id":"https:\/\/www.torremaggiore.com\/notizie\/2019\/la-coerenza-prima-di-tutto-nota-delle-segreterie-politiche-del-centrodestra-di-torremaggiore\/#breadcrumb","itemListElement":[{"@type":"ListItem","position":1,"name":"Home","item":"https:\/\/www.torremaggiore.com\/notizie\/"},{"@type":"ListItem","position":2,"name":"La coerenza prima di tutto&#8230; nota delle segreterie politiche del centrodestra di Torremaggiore"}]},{"@type":"WebSite","@id":"https:\/\/www.torremaggiore.com\/notizie\/#website","url":"https:\/\/www.torremaggiore.com\/notizie\/","name":"Torremaggiore On Line","description":"La Web Community di Torremaggiore","publisher":{"@id":"https:\/\/www.torremaggiore.com\/notizie\/#organization"},"potentialAction":[{"@type":"SearchAction","target":{"@type":"EntryPoint","urlTemplate":"https:\/\/www.torremaggiore.com\/notizie\/?s={search_term_string}"},"query-input":{"@type":"PropertyValueSpecification","valueRequired":true,"valueName":"search_term_string"}}],"inLanguage":"it-IT"},{"@type":"Organization","@id":"https:\/\/www.torremaggiore.com\/notizie\/#organization","name":"Torremaggiore On Line","url":"https:\/\/www.torremaggiore.com\/notizie\/","logo":{"@type":"ImageObject","inLanguage":"it-IT","@id":"https:\/\/www.torremaggiore.com\/notizie\/#\/schema\/logo\/image\/","url":"https:\/\/www.torremaggiore.com\/notizie\/wp-content\/uploads\/2020\/03\/logo-tmol20.gif","contentUrl":"https:\/\/www.torremaggiore.com\/notizie\/wp-content\/uploads\/2020\/03\/logo-tmol20.gif","width":260,"height":95,"caption":"Torremaggiore On Line"},"image":{"@id":"https:\/\/www.torremaggiore.com\/notizie\/#\/schema\/logo\/image\/"}},{"@type":"Person","@id":"https:\/\/www.torremaggiore.com\/notizie\/#\/schema\/person\/b789462c927517766c1bcfb452c8d85e","name":"Staff","image":{"@type":"ImageObject","inLanguage":"it-IT","@id":"https:\/\/secure.gravatar.com\/avatar\/fd311f248f82517b1efd21a54e666df2c5b705bb4a4fb804f3903c94be513fee?s=96&d=mm&r=g","url":"https:\/\/secure.gravatar.com\/avatar\/fd311f248f82517b1efd21a54e666df2c5b705bb4a4fb804f3903c94be513fee?s=96&d=mm&r=g","contentUrl":"https:\/\/secure.gravatar.com\/avatar\/fd311f248f82517b1efd21a54e666df2c5b705bb4a4fb804f3903c94be513fee?s=96&d=mm&r=g","caption":"Staff"},"sameAs":["https:\/\/www.micheleantonucci.it"],"url":"https:\/\/www.torremaggiore.com\/notizie\/author\/staff\/"}]}},"_links":{"self":[{"href":"https:\/\/www.torremaggiore.com\/notizie\/wp-json\/wp\/v2\/posts\/12340","targetHints":{"allow":["GET"]}}],"collection":[{"href":"https:\/\/www.torremaggiore.com\/notizie\/wp-json\/wp\/v2\/posts"}],"about":[{"href":"https:\/\/www.torremaggiore.com\/notizie\/wp-json\/wp\/v2\/types\/post"}],"author":[{"embeddable":true,"href":"https:\/\/www.torremaggiore.com\/notizie\/wp-json\/wp\/v2\/users\/2"}],"replies":[{"embeddable":true,"href":"https:\/\/www.torremaggiore.com\/notizie\/wp-json\/wp\/v2\/comments?post=12340"}],"version-history":[{"count":0,"href":"https:\/\/www.torremaggiore.com\/notizie\/wp-json\/wp\/v2\/posts\/12340\/revisions"}],"wp:featuredmedia":[{"embeddable":true,"href":"https:\/\/www.torremaggiore.com\/notizie\/wp-json\/wp\/v2\/media\/11418"}],"wp:attachment":[{"href":"https:\/\/www.torremaggiore.com\/notizie\/wp-json\/wp\/v2\/media?parent=12340"}],"wp:term":[{"taxonomy":"category","embeddable":true,"href":"https:\/\/www.torremaggiore.com\/notizie\/wp-json\/wp\/v2\/categories?post=12340"},{"taxonomy":"post_tag","embeddable":true,"href":"https:\/\/www.torremaggiore.com\/notizie\/wp-json\/wp\/v2\/tags?post=12340"}],"curies":[{"name":"wp","href":"https:\/\/api.w.org\/{rel}","templated":true}]}}