{"id":12073,"date":"2019-05-14T19:57:07","date_gmt":"2019-05-14T17:57:07","guid":{"rendered":"https:\/\/www.torremaggiore.com\/notizie\/?p=12073"},"modified":"2019-05-14T20:03:08","modified_gmt":"2019-05-14T18:03:08","slug":"elezioni-europee-il-26-maggio-2019-istruzioni-per-il-voto-nella-stessa-giornata-si-votera-anche-per-le-elezioni-amministrative-a-torremaggiore","status":"publish","type":"post","link":"https:\/\/www.torremaggiore.com\/notizie\/2019\/elezioni-europee-il-26-maggio-2019-istruzioni-per-il-voto-nella-stessa-giornata-si-votera-anche-per-le-elezioni-amministrative-a-torremaggiore\/","title":{"rendered":"Elezioni europee il 26 maggio 2019, istruzioni per il voto. Nella stessa giornata si voter\u00e0 anche per le elezioni amministrative a Torremaggiore"},"content":{"rendered":"\n<p>Il 26 maggio 2019 come \u00e8 noto i cittadini dovranno votare per il nuovo sindaco di Torremaggiore e per la composizione dell&#8217;intero consiglio comunale.  Il successivo eventuale turno di ballottaggio per l\u2019elezione diretta del sindaco avr\u00e0 luogo il 9 giugno 2019. <br><br><br><strong>Non dobbiamo per\u00f2 dimenticare che nello stesso giorno si voter\u00e0 anche per il rinnovo dei membri del parlamento europeo che ha sede a Bruxelles. <\/strong><br><br><\/p>\n\n\n\n<p>Il Parlamento europeo (anche noto come Europarlamento) \u00e8 un&#8217;istituzione di tipo parlamentare dell&#8217;Unione europea, rappresenta i popoli dell&#8217;Unione europea ed \u00e8 l&#8217;unica istituzione ad essere eletta direttamente dai cittadini dell&#8217;Unione. Il Parlamento europeo esercita la funzione legislativa dell&#8217;Unione europea assieme al Consiglio dell&#8217;Unione europea. Inoltre in alcuni casi stabiliti dai trattati, ha il potere di iniziativa legislativa che generalmente spetta alla Commissione europea.<\/p>\n\n\n\n<p>Dopo l&#8217;entrata in vigore del Trattato di Lisbona, il Parlamento europeo \u00e8 composto da 750 deputati pi\u00f9 il Presidente (in precedenza i deputati erano 766), che lo rendono la pi\u00f9 grande assemblea parlamentare al mondo tra quelle scelte tramite elezioni democratiche. Il corpo elettorale del Parlamento europeo costituisce inoltre il pi\u00f9 grande elettorato democratico trans-nazionale nel mondo (circa 375 milioni di aventi diritto al voto nel 2009).<br><br>Le urne saranno aperte domenica 26 maggio 2019, dalle ore 7 alle ore 23. Ai fini delle votazioni, l&#8217;Italia viene divisa in cinque circoscrizioni elettorali: Nord-occidentale (circ. I), nord-orientale (circ. II), centrale (circ. III), meridionale (circ. IV), insulare (circ. V).<\/p>\n\n\n\n<figure class=\"wp-block-image\"><a href=\"http:\/\/www.europarl.europa.eu\/italy\/media\/static\/images\/elezioni\/cartina_5circoscrizioni.png\"><img decoding=\"async\" src=\"http:\/\/www.europarl.europa.eu\/italy\/img\/standard\/Le_cinque_circoscrizioni_italiane__contraddistinte_dai_colori_delle_schede_elettorali__grigio_per_l_Italia_nord-occidentale__marrone_per_la_nord-orientale__rosso_per_l_Italia_centrale__arancione__per_la_meridionale_e_rosa_per_l_Italia_insulare_.png\" alt=\"Le cinque circoscrizioni italiane, contraddistinte dai colori delle schede elettorali: grigio per l'Italia nord-occidentale, marrone per la nord-orientale, rosso per l'Italia centrale, arancione  per la meridionale e rosa per l'Italia insulare.\"\/><\/a><\/figure>\n\n\n\n<p><em>Recandovi al seggio riceverete una scheda, di colore diverso a seconda della circoscrizione elettorale nelle cui liste siete iscritti:<\/em><\/p>\n\n\n\n<p><strong>&#8211; arancione<\/strong>, per l&#8217;Italia meridionale (Abruzzo, Molise, Campania, Puglia, Basilicata, Calabria)<\/p>\n\n\n\n<p><em>Il voto di lista si esprime tracciando sulla scheda, con la matita copiativa che vi verr\u00e0 consegnata al seggio, un segno&nbsp;<strong>X<\/strong>&nbsp;sul contrassegno corrispondente alla lista prescelta.<\/em><\/p>\n\n\n\n<h4 class=\"wp-block-heading\" id=\"H_e_possibile_non_obbligatorio_esprimere_da_uno_a_tre_voti_di_preferenza_per_candidati_compresi_nella_lista_votata_\">E&#8217; possibile (non obbligatorio) esprimere da uno a tre voti di preferenza per candidati compresi nella lista votata.<\/h4>\n\n\n\n<p><em>ATTENZIONE! Nel caso di pi\u00f9 preferenze espresse, queste devono riguardare candidati di sesso diverso, pena l\u2019annullamento della seconda e della terza preferenza.<\/em><\/p>\n\n\n\n<figure class=\"wp-block-image\"><a href=\"http:\/\/www.europarl.europa.eu\/italy\/media\/static\/images\/elezioni\/scheda_nomecognome.png\"><img decoding=\"async\" src=\"http:\/\/www.europarl.europa.eu\/italy\/img\/standard\/scheda_nomecognome.png\" alt=\"\"\/><\/a><\/figure>\n\n\n\n<p>Un solo voto di preferenza pu\u00f2 essere espresso per un candidato delle liste rappresentative delle minoranze di lingua francese della Valle d\u2019Aosta, di lingua tedesca della provincia di Bolzano o di lingua slovena del Friuli Venezia Giulia, che sia collegata ad altra lista presente in tutte le circoscrizioni nazionali.<br><br>I voti si esprimono scrivendo, nelle apposite righe tracciate a fianco del contrassegno della lista votata, il nome e cognome o solo il cognome dei candidati preferiti compresi nella lista medesima; in caso di identit\u00e0 di cognome fra pi\u00f9 candidati, si deve scrivere sempre il nome e il cognome e, se occorre, la data e il luogo di nascita.<br><br>Queste informazioni saranno disponibili sui tabelloni affissi nei seggi elettorali e sono consultabili sul sito del&nbsp;<a href=\"http:\/\/www.interno.gov.it\/it\/speciali\/elezioni-europee-e-amministrative-2019\">Ministero dell&#8217;Interno<\/a>.<\/p>\n\n\n\n<p><strong>CHI PUO&#8217; VOTARE<\/strong><\/p>\n\n\n\n<p>Possono votare tutti i cittadini cittadini italiani iscritti nelle liste elettorali del proprio Comune che avranno compiuto il 18\u00b0 anno di et\u00e0 entro il 26 maggio 2019.<br><br>Sono elettori anche i cittadini degli altri Paesi membri dell\u2019Unione europea che, a seguito di formale richiesta, abbiano ottenuto l\u2019iscrizione nell\u2019apposita lista elettorale del comune italiano di residenza.<\/p>\n\n\n\n<h2 class=\"wp-block-heading\" id=\"H_sei_un_cittadino_italiano_che_vive_e_risiede_in_italia\">Sei un cittadino italiano che vive e risiede in Italia<\/h2>\n\n\n\n<p>Allora puoi votare per i candidati al Parlamento europeo che si presentano nelle 5 circoscrizioni italiane (Nordest, Nordovest, Centro, Sud e Isole).<br><br>Dovrai recarti a votare presso il seggio elettorale di iscrizione, corrispondente alla sezione relativa al tuo luogo di residenza; sezione, numero e indirizzo del seggio sono riportati sulla tua tessera elettorale.<br><br>L\u2019iscrizione nelle liste elettorali viene fatta d\u2019ufficio dalle autorit\u00e0 competenti del tuo comune di residenza. La tessera elettorale attesta la tua iscrizione e ti permette, unitamente a un valido documento di identit\u00e0, di esercitare il diritto di voto.<br><br>In caso di recente cambio di residenza, \u00e8 consigliabile verificare la corretta registrazione della variazione presso il nuovo comune: in questo caso, ti verr\u00e0 consegnata una nuova tessera elettorale e ritirata quella gi\u00e0 in tuo possesso.<br><br>L\u2019Ufficio elettorale del comune in cui risiedi \u00e8 il tuo punto di riferimento per il rilascio della tessera: se voti per la prima volta, e non l\u2019hai ancora ricevuta presso il tuo domicilio, ricorda di andare a ritirarla. In caso di smarrimento, deterioramento o furto della tessera, richiedine un duplicato; se gli spazi riservati ai timbri relativi alla certificazione del voto sono esauriti, il comune te ne rilascer\u00e0 una nuova<\/p>\n\n\n\n<p><strong>ASSEGNAZIONE DEI SEGGI<\/strong><br><br><\/p>\n\n\n\n<p><em>A seguito della decisione del Regno Unito di uscire dall&#8217;Unione europea, il numero dei membri del PE si ridurr\u00e0 da 751 a 705 per la legislatura 2019-2024. Dei 73 seggi lasciati liberi dall&#8217;UK, 27 saranno ripartiti tra 14 altri paesi membri al momento leggermente sottorappresentati, mentre gli altri&nbsp;46 potranno essere messi in riserva per nuovi paesi che raggiungano l\u2019UE.&nbsp;<\/em><\/p>\n\n\n\n<p><em>Tuttavia, poich\u00e9 il Regno Unito \u00e8 ancora membro dell&#8217;UE e partecipa alle Elezioni europee 2019, il numero dei rappresentanti degli Stati membri al Parlamento europeo che prenderanno funzione sar\u00e0 quello previsto dall&#8217;articolo 3 della decisione 2013\/312\/UE del Consiglio europeo finch\u00e9 l&#8217;uscita non avr\u00e0 prodotto i suoi effetti giuridici.<\/em><\/p>\n\n\n\n<p>Secondo la&nbsp;<a href=\"https:\/\/eur-lex.europa.eu\/legal-content\/IT\/TXT\/HTML\/?uri=CELEX:32018D0937&amp;from=EN\">decisione (UE) 2018\/937<\/a>&nbsp;del Consiglio Europeo del&nbsp;28&nbsp;giugno 2018&nbsp;che stabilisce la composizione del Parlamento europeo, l&#8217;Italia passerebbe da 73 a 76 deputati.<\/p>\n\n\n\n<p><br><br><\/p>\n","protected":false},"excerpt":{"rendered":"<p>Il 26 maggio 2019 come \u00e8 noto i cittadini dovranno votare per il nuovo sindaco<\/p>\n","protected":false},"author":2,"featured_media":12074,"comment_status":"closed","ping_status":"open","sticky":false,"template":"","format":"standard","meta":{"footnotes":""},"categories":[1,4,250],"tags":[],"class_list":["post-12073","post","type-post","status-publish","format-standard","has-post-thumbnail","hentry","category-appuntamenti","category-politica","category-prima-pagina"],"yoast_head":"<!-- This site is optimized with the Yoast SEO plugin v27.4 - https:\/\/yoast.com\/product\/yoast-seo-wordpress\/ -->\n<title>Elezioni europee il 26 maggio 2019, istruzioni per il voto. Nella stessa giornata si voter\u00e0 anche per le elezioni amministrative a Torremaggiore - Torremaggiore On Line<\/title>\n<meta name=\"robots\" content=\"index, follow, max-snippet:-1, max-image-preview:large, max-video-preview:-1\" \/>\n<link rel=\"canonical\" href=\"https:\/\/www.torremaggiore.com\/notizie\/2019\/elezioni-europee-il-26-maggio-2019-istruzioni-per-il-voto-nella-stessa-giornata-si-votera-anche-per-le-elezioni-amministrative-a-torremaggiore\/\" \/>\n<meta property=\"og:locale\" content=\"it_IT\" \/>\n<meta property=\"og:type\" content=\"article\" \/>\n<meta property=\"og:title\" content=\"Elezioni europee il 26 maggio 2019, istruzioni per il voto. Nella stessa giornata si voter\u00e0 anche per le elezioni amministrative a Torremaggiore - Torremaggiore On Line\" \/>\n<meta property=\"og:description\" content=\"Il 26 maggio 2019 come \u00e8 noto i cittadini dovranno votare per il nuovo sindaco\" \/>\n<meta property=\"og:url\" content=\"https:\/\/www.torremaggiore.com\/notizie\/2019\/elezioni-europee-il-26-maggio-2019-istruzioni-per-il-voto-nella-stessa-giornata-si-votera-anche-per-le-elezioni-amministrative-a-torremaggiore\/\" \/>\n<meta property=\"og:site_name\" content=\"Torremaggiore On Line\" \/>\n<meta property=\"article:published_time\" content=\"2019-05-14T17:57:07+00:00\" \/>\n<meta property=\"article:modified_time\" content=\"2019-05-14T18:03:08+00:00\" \/>\n<meta property=\"og:image\" content=\"https:\/\/www.torremaggiore.com\/notizie\/wp-content\/uploads\/2019\/05\/parlamento-europeo-2.jpg\" \/>\n\t<meta property=\"og:image:width\" content=\"1000\" \/>\n\t<meta property=\"og:image:height\" content=\"500\" \/>\n\t<meta property=\"og:image:type\" content=\"image\/jpeg\" \/>\n<meta name=\"author\" content=\"Staff\" \/>\n<meta name=\"twitter:card\" content=\"summary_large_image\" \/>\n<meta name=\"twitter:label1\" content=\"Scritto da\" \/>\n\t<meta name=\"twitter:data1\" content=\"Staff\" \/>\n\t<meta name=\"twitter:label2\" content=\"Tempo di lettura stimato\" \/>\n\t<meta name=\"twitter:data2\" content=\"4 minuti\" \/>\n<script type=\"application\/ld+json\" class=\"yoast-schema-graph\">{\"@context\":\"https:\\\/\\\/schema.org\",\"@graph\":[{\"@type\":\"Article\",\"@id\":\"https:\\\/\\\/www.torremaggiore.com\\\/notizie\\\/2019\\\/elezioni-europee-il-26-maggio-2019-istruzioni-per-il-voto-nella-stessa-giornata-si-votera-anche-per-le-elezioni-amministrative-a-torremaggiore\\\/#article\",\"isPartOf\":{\"@id\":\"https:\\\/\\\/www.torremaggiore.com\\\/notizie\\\/2019\\\/elezioni-europee-il-26-maggio-2019-istruzioni-per-il-voto-nella-stessa-giornata-si-votera-anche-per-le-elezioni-amministrative-a-torremaggiore\\\/\"},\"author\":{\"name\":\"Staff\",\"@id\":\"https:\\\/\\\/www.torremaggiore.com\\\/notizie\\\/#\\\/schema\\\/person\\\/b789462c927517766c1bcfb452c8d85e\"},\"headline\":\"Elezioni europee il 26 maggio 2019, istruzioni per il voto. Nella stessa giornata si voter\u00e0 anche per le elezioni amministrative a Torremaggiore\",\"datePublished\":\"2019-05-14T17:57:07+00:00\",\"dateModified\":\"2019-05-14T18:03:08+00:00\",\"mainEntityOfPage\":{\"@id\":\"https:\\\/\\\/www.torremaggiore.com\\\/notizie\\\/2019\\\/elezioni-europee-il-26-maggio-2019-istruzioni-per-il-voto-nella-stessa-giornata-si-votera-anche-per-le-elezioni-amministrative-a-torremaggiore\\\/\"},\"wordCount\":884,\"publisher\":{\"@id\":\"https:\\\/\\\/www.torremaggiore.com\\\/notizie\\\/#organization\"},\"image\":{\"@id\":\"https:\\\/\\\/www.torremaggiore.com\\\/notizie\\\/2019\\\/elezioni-europee-il-26-maggio-2019-istruzioni-per-il-voto-nella-stessa-giornata-si-votera-anche-per-le-elezioni-amministrative-a-torremaggiore\\\/#primaryimage\"},\"thumbnailUrl\":\"https:\\\/\\\/www.torremaggiore.com\\\/notizie\\\/wp-content\\\/uploads\\\/2019\\\/05\\\/parlamento-europeo-2.jpg\",\"articleSection\":[\"Appuntamenti\",\"Politica\",\"Prima Pagina\"],\"inLanguage\":\"it-IT\"},{\"@type\":\"WebPage\",\"@id\":\"https:\\\/\\\/www.torremaggiore.com\\\/notizie\\\/2019\\\/elezioni-europee-il-26-maggio-2019-istruzioni-per-il-voto-nella-stessa-giornata-si-votera-anche-per-le-elezioni-amministrative-a-torremaggiore\\\/\",\"url\":\"https:\\\/\\\/www.torremaggiore.com\\\/notizie\\\/2019\\\/elezioni-europee-il-26-maggio-2019-istruzioni-per-il-voto-nella-stessa-giornata-si-votera-anche-per-le-elezioni-amministrative-a-torremaggiore\\\/\",\"name\":\"Elezioni europee il 26 maggio 2019, istruzioni per il voto. Nella stessa giornata si voter\u00e0 anche per le elezioni amministrative a Torremaggiore - Torremaggiore On Line\",\"isPartOf\":{\"@id\":\"https:\\\/\\\/www.torremaggiore.com\\\/notizie\\\/#website\"},\"primaryImageOfPage\":{\"@id\":\"https:\\\/\\\/www.torremaggiore.com\\\/notizie\\\/2019\\\/elezioni-europee-il-26-maggio-2019-istruzioni-per-il-voto-nella-stessa-giornata-si-votera-anche-per-le-elezioni-amministrative-a-torremaggiore\\\/#primaryimage\"},\"image\":{\"@id\":\"https:\\\/\\\/www.torremaggiore.com\\\/notizie\\\/2019\\\/elezioni-europee-il-26-maggio-2019-istruzioni-per-il-voto-nella-stessa-giornata-si-votera-anche-per-le-elezioni-amministrative-a-torremaggiore\\\/#primaryimage\"},\"thumbnailUrl\":\"https:\\\/\\\/www.torremaggiore.com\\\/notizie\\\/wp-content\\\/uploads\\\/2019\\\/05\\\/parlamento-europeo-2.jpg\",\"datePublished\":\"2019-05-14T17:57:07+00:00\",\"dateModified\":\"2019-05-14T18:03:08+00:00\",\"breadcrumb\":{\"@id\":\"https:\\\/\\\/www.torremaggiore.com\\\/notizie\\\/2019\\\/elezioni-europee-il-26-maggio-2019-istruzioni-per-il-voto-nella-stessa-giornata-si-votera-anche-per-le-elezioni-amministrative-a-torremaggiore\\\/#breadcrumb\"},\"inLanguage\":\"it-IT\",\"potentialAction\":[{\"@type\":\"ReadAction\",\"target\":[\"https:\\\/\\\/www.torremaggiore.com\\\/notizie\\\/2019\\\/elezioni-europee-il-26-maggio-2019-istruzioni-per-il-voto-nella-stessa-giornata-si-votera-anche-per-le-elezioni-amministrative-a-torremaggiore\\\/\"]}]},{\"@type\":\"ImageObject\",\"inLanguage\":\"it-IT\",\"@id\":\"https:\\\/\\\/www.torremaggiore.com\\\/notizie\\\/2019\\\/elezioni-europee-il-26-maggio-2019-istruzioni-per-il-voto-nella-stessa-giornata-si-votera-anche-per-le-elezioni-amministrative-a-torremaggiore\\\/#primaryimage\",\"url\":\"https:\\\/\\\/www.torremaggiore.com\\\/notizie\\\/wp-content\\\/uploads\\\/2019\\\/05\\\/parlamento-europeo-2.jpg\",\"contentUrl\":\"https:\\\/\\\/www.torremaggiore.com\\\/notizie\\\/wp-content\\\/uploads\\\/2019\\\/05\\\/parlamento-europeo-2.jpg\",\"width\":1000,\"height\":500},{\"@type\":\"BreadcrumbList\",\"@id\":\"https:\\\/\\\/www.torremaggiore.com\\\/notizie\\\/2019\\\/elezioni-europee-il-26-maggio-2019-istruzioni-per-il-voto-nella-stessa-giornata-si-votera-anche-per-le-elezioni-amministrative-a-torremaggiore\\\/#breadcrumb\",\"itemListElement\":[{\"@type\":\"ListItem\",\"position\":1,\"name\":\"Home\",\"item\":\"https:\\\/\\\/www.torremaggiore.com\\\/notizie\\\/\"},{\"@type\":\"ListItem\",\"position\":2,\"name\":\"Elezioni europee il 26 maggio 2019, istruzioni per il voto. Nella stessa giornata si voter\u00e0 anche per le elezioni amministrative a Torremaggiore\"}]},{\"@type\":\"WebSite\",\"@id\":\"https:\\\/\\\/www.torremaggiore.com\\\/notizie\\\/#website\",\"url\":\"https:\\\/\\\/www.torremaggiore.com\\\/notizie\\\/\",\"name\":\"Torremaggiore On Line\",\"description\":\"La Web Community di Torremaggiore\",\"publisher\":{\"@id\":\"https:\\\/\\\/www.torremaggiore.com\\\/notizie\\\/#organization\"},\"potentialAction\":[{\"@type\":\"SearchAction\",\"target\":{\"@type\":\"EntryPoint\",\"urlTemplate\":\"https:\\\/\\\/www.torremaggiore.com\\\/notizie\\\/?s={search_term_string}\"},\"query-input\":{\"@type\":\"PropertyValueSpecification\",\"valueRequired\":true,\"valueName\":\"search_term_string\"}}],\"inLanguage\":\"it-IT\"},{\"@type\":\"Organization\",\"@id\":\"https:\\\/\\\/www.torremaggiore.com\\\/notizie\\\/#organization\",\"name\":\"Torremaggiore On Line\",\"url\":\"https:\\\/\\\/www.torremaggiore.com\\\/notizie\\\/\",\"logo\":{\"@type\":\"ImageObject\",\"inLanguage\":\"it-IT\",\"@id\":\"https:\\\/\\\/www.torremaggiore.com\\\/notizie\\\/#\\\/schema\\\/logo\\\/image\\\/\",\"url\":\"https:\\\/\\\/www.torremaggiore.com\\\/notizie\\\/wp-content\\\/uploads\\\/2020\\\/03\\\/logo-tmol20.gif\",\"contentUrl\":\"https:\\\/\\\/www.torremaggiore.com\\\/notizie\\\/wp-content\\\/uploads\\\/2020\\\/03\\\/logo-tmol20.gif\",\"width\":260,\"height\":95,\"caption\":\"Torremaggiore On Line\"},\"image\":{\"@id\":\"https:\\\/\\\/www.torremaggiore.com\\\/notizie\\\/#\\\/schema\\\/logo\\\/image\\\/\"}},{\"@type\":\"Person\",\"@id\":\"https:\\\/\\\/www.torremaggiore.com\\\/notizie\\\/#\\\/schema\\\/person\\\/b789462c927517766c1bcfb452c8d85e\",\"name\":\"Staff\",\"image\":{\"@type\":\"ImageObject\",\"inLanguage\":\"it-IT\",\"@id\":\"https:\\\/\\\/secure.gravatar.com\\\/avatar\\\/fd311f248f82517b1efd21a54e666df2c5b705bb4a4fb804f3903c94be513fee?s=96&d=mm&r=g\",\"url\":\"https:\\\/\\\/secure.gravatar.com\\\/avatar\\\/fd311f248f82517b1efd21a54e666df2c5b705bb4a4fb804f3903c94be513fee?s=96&d=mm&r=g\",\"contentUrl\":\"https:\\\/\\\/secure.gravatar.com\\\/avatar\\\/fd311f248f82517b1efd21a54e666df2c5b705bb4a4fb804f3903c94be513fee?s=96&d=mm&r=g\",\"caption\":\"Staff\"},\"sameAs\":[\"https:\\\/\\\/www.micheleantonucci.it\"],\"url\":\"https:\\\/\\\/www.torremaggiore.com\\\/notizie\\\/author\\\/staff\\\/\"}]}<\/script>\n<!-- \/ Yoast SEO plugin. -->","yoast_head_json":{"title":"Elezioni europee il 26 maggio 2019, istruzioni per il voto. Nella stessa giornata si voter\u00e0 anche per le elezioni amministrative a Torremaggiore - Torremaggiore On Line","robots":{"index":"index","follow":"follow","max-snippet":"max-snippet:-1","max-image-preview":"max-image-preview:large","max-video-preview":"max-video-preview:-1"},"canonical":"https:\/\/www.torremaggiore.com\/notizie\/2019\/elezioni-europee-il-26-maggio-2019-istruzioni-per-il-voto-nella-stessa-giornata-si-votera-anche-per-le-elezioni-amministrative-a-torremaggiore\/","og_locale":"it_IT","og_type":"article","og_title":"Elezioni europee il 26 maggio 2019, istruzioni per il voto. Nella stessa giornata si voter\u00e0 anche per le elezioni amministrative a Torremaggiore - Torremaggiore On Line","og_description":"Il 26 maggio 2019 come \u00e8 noto i cittadini dovranno votare per il nuovo sindaco","og_url":"https:\/\/www.torremaggiore.com\/notizie\/2019\/elezioni-europee-il-26-maggio-2019-istruzioni-per-il-voto-nella-stessa-giornata-si-votera-anche-per-le-elezioni-amministrative-a-torremaggiore\/","og_site_name":"Torremaggiore On Line","article_published_time":"2019-05-14T17:57:07+00:00","article_modified_time":"2019-05-14T18:03:08+00:00","og_image":[{"width":1000,"height":500,"url":"https:\/\/www.torremaggiore.com\/notizie\/wp-content\/uploads\/2019\/05\/parlamento-europeo-2.jpg","type":"image\/jpeg"}],"author":"Staff","twitter_card":"summary_large_image","twitter_misc":{"Scritto da":"Staff","Tempo di lettura stimato":"4 minuti"},"schema":{"@context":"https:\/\/schema.org","@graph":[{"@type":"Article","@id":"https:\/\/www.torremaggiore.com\/notizie\/2019\/elezioni-europee-il-26-maggio-2019-istruzioni-per-il-voto-nella-stessa-giornata-si-votera-anche-per-le-elezioni-amministrative-a-torremaggiore\/#article","isPartOf":{"@id":"https:\/\/www.torremaggiore.com\/notizie\/2019\/elezioni-europee-il-26-maggio-2019-istruzioni-per-il-voto-nella-stessa-giornata-si-votera-anche-per-le-elezioni-amministrative-a-torremaggiore\/"},"author":{"name":"Staff","@id":"https:\/\/www.torremaggiore.com\/notizie\/#\/schema\/person\/b789462c927517766c1bcfb452c8d85e"},"headline":"Elezioni europee il 26 maggio 2019, istruzioni per il voto. Nella stessa giornata si voter\u00e0 anche per le elezioni amministrative a Torremaggiore","datePublished":"2019-05-14T17:57:07+00:00","dateModified":"2019-05-14T18:03:08+00:00","mainEntityOfPage":{"@id":"https:\/\/www.torremaggiore.com\/notizie\/2019\/elezioni-europee-il-26-maggio-2019-istruzioni-per-il-voto-nella-stessa-giornata-si-votera-anche-per-le-elezioni-amministrative-a-torremaggiore\/"},"wordCount":884,"publisher":{"@id":"https:\/\/www.torremaggiore.com\/notizie\/#organization"},"image":{"@id":"https:\/\/www.torremaggiore.com\/notizie\/2019\/elezioni-europee-il-26-maggio-2019-istruzioni-per-il-voto-nella-stessa-giornata-si-votera-anche-per-le-elezioni-amministrative-a-torremaggiore\/#primaryimage"},"thumbnailUrl":"https:\/\/www.torremaggiore.com\/notizie\/wp-content\/uploads\/2019\/05\/parlamento-europeo-2.jpg","articleSection":["Appuntamenti","Politica","Prima Pagina"],"inLanguage":"it-IT"},{"@type":"WebPage","@id":"https:\/\/www.torremaggiore.com\/notizie\/2019\/elezioni-europee-il-26-maggio-2019-istruzioni-per-il-voto-nella-stessa-giornata-si-votera-anche-per-le-elezioni-amministrative-a-torremaggiore\/","url":"https:\/\/www.torremaggiore.com\/notizie\/2019\/elezioni-europee-il-26-maggio-2019-istruzioni-per-il-voto-nella-stessa-giornata-si-votera-anche-per-le-elezioni-amministrative-a-torremaggiore\/","name":"Elezioni europee il 26 maggio 2019, istruzioni per il voto. Nella stessa giornata si voter\u00e0 anche per le elezioni amministrative a Torremaggiore - Torremaggiore On Line","isPartOf":{"@id":"https:\/\/www.torremaggiore.com\/notizie\/#website"},"primaryImageOfPage":{"@id":"https:\/\/www.torremaggiore.com\/notizie\/2019\/elezioni-europee-il-26-maggio-2019-istruzioni-per-il-voto-nella-stessa-giornata-si-votera-anche-per-le-elezioni-amministrative-a-torremaggiore\/#primaryimage"},"image":{"@id":"https:\/\/www.torremaggiore.com\/notizie\/2019\/elezioni-europee-il-26-maggio-2019-istruzioni-per-il-voto-nella-stessa-giornata-si-votera-anche-per-le-elezioni-amministrative-a-torremaggiore\/#primaryimage"},"thumbnailUrl":"https:\/\/www.torremaggiore.com\/notizie\/wp-content\/uploads\/2019\/05\/parlamento-europeo-2.jpg","datePublished":"2019-05-14T17:57:07+00:00","dateModified":"2019-05-14T18:03:08+00:00","breadcrumb":{"@id":"https:\/\/www.torremaggiore.com\/notizie\/2019\/elezioni-europee-il-26-maggio-2019-istruzioni-per-il-voto-nella-stessa-giornata-si-votera-anche-per-le-elezioni-amministrative-a-torremaggiore\/#breadcrumb"},"inLanguage":"it-IT","potentialAction":[{"@type":"ReadAction","target":["https:\/\/www.torremaggiore.com\/notizie\/2019\/elezioni-europee-il-26-maggio-2019-istruzioni-per-il-voto-nella-stessa-giornata-si-votera-anche-per-le-elezioni-amministrative-a-torremaggiore\/"]}]},{"@type":"ImageObject","inLanguage":"it-IT","@id":"https:\/\/www.torremaggiore.com\/notizie\/2019\/elezioni-europee-il-26-maggio-2019-istruzioni-per-il-voto-nella-stessa-giornata-si-votera-anche-per-le-elezioni-amministrative-a-torremaggiore\/#primaryimage","url":"https:\/\/www.torremaggiore.com\/notizie\/wp-content\/uploads\/2019\/05\/parlamento-europeo-2.jpg","contentUrl":"https:\/\/www.torremaggiore.com\/notizie\/wp-content\/uploads\/2019\/05\/parlamento-europeo-2.jpg","width":1000,"height":500},{"@type":"BreadcrumbList","@id":"https:\/\/www.torremaggiore.com\/notizie\/2019\/elezioni-europee-il-26-maggio-2019-istruzioni-per-il-voto-nella-stessa-giornata-si-votera-anche-per-le-elezioni-amministrative-a-torremaggiore\/#breadcrumb","itemListElement":[{"@type":"ListItem","position":1,"name":"Home","item":"https:\/\/www.torremaggiore.com\/notizie\/"},{"@type":"ListItem","position":2,"name":"Elezioni europee il 26 maggio 2019, istruzioni per il voto. Nella stessa giornata si voter\u00e0 anche per le elezioni amministrative a Torremaggiore"}]},{"@type":"WebSite","@id":"https:\/\/www.torremaggiore.com\/notizie\/#website","url":"https:\/\/www.torremaggiore.com\/notizie\/","name":"Torremaggiore On Line","description":"La Web Community di Torremaggiore","publisher":{"@id":"https:\/\/www.torremaggiore.com\/notizie\/#organization"},"potentialAction":[{"@type":"SearchAction","target":{"@type":"EntryPoint","urlTemplate":"https:\/\/www.torremaggiore.com\/notizie\/?s={search_term_string}"},"query-input":{"@type":"PropertyValueSpecification","valueRequired":true,"valueName":"search_term_string"}}],"inLanguage":"it-IT"},{"@type":"Organization","@id":"https:\/\/www.torremaggiore.com\/notizie\/#organization","name":"Torremaggiore On Line","url":"https:\/\/www.torremaggiore.com\/notizie\/","logo":{"@type":"ImageObject","inLanguage":"it-IT","@id":"https:\/\/www.torremaggiore.com\/notizie\/#\/schema\/logo\/image\/","url":"https:\/\/www.torremaggiore.com\/notizie\/wp-content\/uploads\/2020\/03\/logo-tmol20.gif","contentUrl":"https:\/\/www.torremaggiore.com\/notizie\/wp-content\/uploads\/2020\/03\/logo-tmol20.gif","width":260,"height":95,"caption":"Torremaggiore On Line"},"image":{"@id":"https:\/\/www.torremaggiore.com\/notizie\/#\/schema\/logo\/image\/"}},{"@type":"Person","@id":"https:\/\/www.torremaggiore.com\/notizie\/#\/schema\/person\/b789462c927517766c1bcfb452c8d85e","name":"Staff","image":{"@type":"ImageObject","inLanguage":"it-IT","@id":"https:\/\/secure.gravatar.com\/avatar\/fd311f248f82517b1efd21a54e666df2c5b705bb4a4fb804f3903c94be513fee?s=96&d=mm&r=g","url":"https:\/\/secure.gravatar.com\/avatar\/fd311f248f82517b1efd21a54e666df2c5b705bb4a4fb804f3903c94be513fee?s=96&d=mm&r=g","contentUrl":"https:\/\/secure.gravatar.com\/avatar\/fd311f248f82517b1efd21a54e666df2c5b705bb4a4fb804f3903c94be513fee?s=96&d=mm&r=g","caption":"Staff"},"sameAs":["https:\/\/www.micheleantonucci.it"],"url":"https:\/\/www.torremaggiore.com\/notizie\/author\/staff\/"}]}},"_links":{"self":[{"href":"https:\/\/www.torremaggiore.com\/notizie\/wp-json\/wp\/v2\/posts\/12073","targetHints":{"allow":["GET"]}}],"collection":[{"href":"https:\/\/www.torremaggiore.com\/notizie\/wp-json\/wp\/v2\/posts"}],"about":[{"href":"https:\/\/www.torremaggiore.com\/notizie\/wp-json\/wp\/v2\/types\/post"}],"author":[{"embeddable":true,"href":"https:\/\/www.torremaggiore.com\/notizie\/wp-json\/wp\/v2\/users\/2"}],"replies":[{"embeddable":true,"href":"https:\/\/www.torremaggiore.com\/notizie\/wp-json\/wp\/v2\/comments?post=12073"}],"version-history":[{"count":0,"href":"https:\/\/www.torremaggiore.com\/notizie\/wp-json\/wp\/v2\/posts\/12073\/revisions"}],"wp:featuredmedia":[{"embeddable":true,"href":"https:\/\/www.torremaggiore.com\/notizie\/wp-json\/wp\/v2\/media\/12074"}],"wp:attachment":[{"href":"https:\/\/www.torremaggiore.com\/notizie\/wp-json\/wp\/v2\/media?parent=12073"}],"wp:term":[{"taxonomy":"category","embeddable":true,"href":"https:\/\/www.torremaggiore.com\/notizie\/wp-json\/wp\/v2\/categories?post=12073"},{"taxonomy":"post_tag","embeddable":true,"href":"https:\/\/www.torremaggiore.com\/notizie\/wp-json\/wp\/v2\/tags?post=12073"}],"curies":[{"name":"wp","href":"https:\/\/api.w.org\/{rel}","templated":true}]}}