{"id":1167,"date":"2012-03-31T13:15:21","date_gmt":"2012-03-31T13:15:21","guid":{"rendered":"http:\/\/www.torremaggiore.com\/notizie\/?p=1167"},"modified":"2012-03-31T13:23:57","modified_gmt":"2012-03-31T13:23:57","slug":"lettera-aperta-di-giuseppe-ariano-suslogan-e-altri-incidenti","status":"publish","type":"post","link":"https:\/\/www.torremaggiore.com\/notizie\/2012\/lettera-aperta-di-giuseppe-ariano-suslogan-e-altri-incidenti\/","title":{"rendered":"Lettera aperta di Giuseppe Ariano su slogan e altri incidenti"},"content":{"rendered":"<p>Pubblichiamo la lettera aperta di Giuseppe Ariano, la responsabilit\u00e0 del contenuto \u00e8 ESCLUSIVAMENTE dell&#8217;autore.<\/p>\n<p><a href=\"http:\/\/www.torremaggiore.com\/notizie\/wp-content\/uploads\/2011\/12\/giuseppe-ariano.jpg\"><img loading=\"lazy\" decoding=\"async\" src=\"http:\/\/www.torremaggiore.com\/notizie\/wp-content\/uploads\/2011\/12\/giuseppe-ariano.jpg\" alt=\"\" title=\"giuseppe-ariano\" width=\"186\" height=\"250\" class=\"aligncenter size-full wp-image-774\" \/><\/a><\/p>\n<p>[&#8230;]<br \/>\nLa mia memoria \u00e8 labile<br \/>\nnon me la ritrovo pi\u00f9,<br \/>\nma, se riesco a ricordarmene,<br \/>\nsai mi viene da ridere<br \/>\n[&#8230;]<br \/>\ncanta Paolo Conte.<\/p>\n<p>A me non viene molto da ridere.<br \/>\nViviamo in una modernit\u00e0 liquida. Per dirla seguendo Zygmunt Bauman, ci\u00f2 che conta \u00e8 la velocit\u00e0 e non la durata. Tutto \u00e8 vero fino a nuovo avviso. Ci\u00f2 che importa non \u00e8 la memoria, ma il dimenticare per accedere a nuova merce desiderabile, in un mondo composto non pi\u00f9 da produttori, ma da consumatori.<br \/>\nMa c&#8217;\u00e8 chi fa fatica a dimenticare i fatti recenti e quelli lontani. Fino a poco fa \u201cse non ora, quando?\u201d era lo slogan di un movimento femminile formato da  \u201cun gruppo di donne diverse per et\u00e0, professione, provenienza, appartenenza politica e religiosa [&#8230;] appartenenti ad associazioni e gruppi femminili, donne indipendenti del mondo della politica, dei sindacati, dello spettacolo, del giornalismo, della scuola e di tutte le professioni. Se Non Ora Quando \u00e8 un movimento trasversale, aperto e plurale\u201d (cfr. <a href=\"http:\/\/www.senonoraquando.eu\/?page_id=4\" target=\"_blank\">http:\/\/www.senonoraquando.eu\/?page_id=4<\/a>).<br \/>\nPer carit\u00e0, gli slogan non hanno il copyright, tanto caro al capitalismo e ai suoi strenui difensori, sostenitori di banche e banchieri, sicch\u00e9 ognuno \u00e8 libero di usarne, anche di non del tutto originali, secondo il proprio buon gusto. Al massimo questo potr\u00e0 ingenerare un po&#8217; di confusione circa il sesso di chi ne fa uso. Magari con una foto a corredo si pu\u00f2 dirimere il dubbio.<br \/>\nIl fatto \u00e8 che, per\u00f2, alcuni di noi hanno persino una memoria a lungo termine e ricordano che \u201cSe non ora, quando?\u201d \u00e8 il titolo di un romanzo, anzi del romanzo, l&#8217;unico non autobiografico, di Primo Levi.<br \/>\n\u00c8 parere del tutto personale che al grande scrittore non garberebbe se il titolo del romanzo fosse usato dagli epigoni del partito di Giorgio Almirante (MSI), il quale, a partire dal 20 settembre 1938, fu segretario di redazione della rivista \u201cLa Difesa della razza\u201d.  Questo era un libello che \u201cattraverso la ripetizione martellante di stereotipi razzisti ammantati di autorevolezza scientifica\u201d, con  i suoi 118 numeri forn\u00ec, \u201cse non altro, un pretesto a coloro che, tra il 1938 e il 1943, scelsero di non vedere, o di non preoccuparsi di ci\u00f2 che stava accadendo sotto i loro occhi\u201d. Quello che stava accadendo era la deportazione e lo sterminio di milioni di ebrei&#8230;<br \/>\n(cfr. <a href=\"http:\/\/it.wikipedia.org\/wiki\/La_difesa_della_razza\" target=\"_blank\">http:\/\/it.wikipedia.org\/wiki\/La_difesa_della_razza<\/a>). <\/p>\n<p>Tanto per non dimenticare, ora e per sempre.<br \/>\nGiuseppe Ariano<\/p>\n","protected":false},"excerpt":{"rendered":"<p>Pubblichiamo la lettera aperta di Giuseppe Ariano, la responsabilit\u00e0 del contenuto \u00e8 ESCLUSIVAMENTE dell&#8217;autore. [&#8230;]<\/p>\n","protected":false},"author":2,"featured_media":0,"comment_status":"closed","ping_status":"open","sticky":false,"template":"","format":"standard","meta":{"footnotes":""},"categories":[3,250],"tags":[],"class_list":["post-1167","post","type-post","status-publish","format-standard","hentry","category-comunicati","category-prima-pagina"],"yoast_head":"<!-- This site is optimized with the Yoast SEO plugin v27.4 - https:\/\/yoast.com\/product\/yoast-seo-wordpress\/ -->\n<title>Lettera aperta di Giuseppe Ariano su slogan e altri incidenti - Torremaggiore On Line<\/title>\n<meta name=\"robots\" content=\"index, follow, max-snippet:-1, max-image-preview:large, max-video-preview:-1\" \/>\n<link rel=\"canonical\" href=\"https:\/\/www.torremaggiore.com\/notizie\/2012\/lettera-aperta-di-giuseppe-ariano-suslogan-e-altri-incidenti\/\" \/>\n<meta property=\"og:locale\" content=\"it_IT\" \/>\n<meta property=\"og:type\" content=\"article\" \/>\n<meta property=\"og:title\" content=\"Lettera aperta di Giuseppe Ariano su slogan e altri incidenti - Torremaggiore On Line\" \/>\n<meta property=\"og:description\" content=\"Pubblichiamo la lettera aperta di Giuseppe Ariano, la responsabilit\u00e0 del contenuto \u00e8 ESCLUSIVAMENTE dell&#8217;autore. [&#8230;]\" \/>\n<meta property=\"og:url\" content=\"https:\/\/www.torremaggiore.com\/notizie\/2012\/lettera-aperta-di-giuseppe-ariano-suslogan-e-altri-incidenti\/\" \/>\n<meta property=\"og:site_name\" content=\"Torremaggiore On Line\" \/>\n<meta property=\"article:published_time\" content=\"2012-03-31T13:15:21+00:00\" \/>\n<meta property=\"article:modified_time\" content=\"2012-03-31T13:23:57+00:00\" \/>\n<meta property=\"og:image\" content=\"http:\/\/www.torremaggiore.com\/notizie\/wp-content\/uploads\/2011\/12\/giuseppe-ariano.jpg\" \/>\n<meta name=\"author\" content=\"Staff\" \/>\n<meta name=\"twitter:card\" content=\"summary_large_image\" \/>\n<meta name=\"twitter:label1\" content=\"Scritto da\" \/>\n\t<meta name=\"twitter:data1\" content=\"Staff\" \/>\n\t<meta name=\"twitter:label2\" content=\"Tempo di lettura stimato\" \/>\n\t<meta name=\"twitter:data2\" content=\"2 minuti\" \/>\n<script type=\"application\/ld+json\" class=\"yoast-schema-graph\">{\"@context\":\"https:\\\/\\\/schema.org\",\"@graph\":[{\"@type\":\"Article\",\"@id\":\"https:\\\/\\\/www.torremaggiore.com\\\/notizie\\\/2012\\\/lettera-aperta-di-giuseppe-ariano-suslogan-e-altri-incidenti\\\/#article\",\"isPartOf\":{\"@id\":\"https:\\\/\\\/www.torremaggiore.com\\\/notizie\\\/2012\\\/lettera-aperta-di-giuseppe-ariano-suslogan-e-altri-incidenti\\\/\"},\"author\":{\"name\":\"Staff\",\"@id\":\"https:\\\/\\\/www.torremaggiore.com\\\/notizie\\\/#\\\/schema\\\/person\\\/b789462c927517766c1bcfb452c8d85e\"},\"headline\":\"Lettera aperta di Giuseppe Ariano su slogan e altri incidenti\",\"datePublished\":\"2012-03-31T13:15:21+00:00\",\"dateModified\":\"2012-03-31T13:23:57+00:00\",\"mainEntityOfPage\":{\"@id\":\"https:\\\/\\\/www.torremaggiore.com\\\/notizie\\\/2012\\\/lettera-aperta-di-giuseppe-ariano-suslogan-e-altri-incidenti\\\/\"},\"wordCount\":416,\"publisher\":{\"@id\":\"https:\\\/\\\/www.torremaggiore.com\\\/notizie\\\/#organization\"},\"image\":{\"@id\":\"https:\\\/\\\/www.torremaggiore.com\\\/notizie\\\/2012\\\/lettera-aperta-di-giuseppe-ariano-suslogan-e-altri-incidenti\\\/#primaryimage\"},\"thumbnailUrl\":\"http:\\\/\\\/www.torremaggiore.com\\\/notizie\\\/wp-content\\\/uploads\\\/2011\\\/12\\\/giuseppe-ariano.jpg\",\"articleSection\":[\"Comunicati\",\"Prima Pagina\"],\"inLanguage\":\"it-IT\"},{\"@type\":\"WebPage\",\"@id\":\"https:\\\/\\\/www.torremaggiore.com\\\/notizie\\\/2012\\\/lettera-aperta-di-giuseppe-ariano-suslogan-e-altri-incidenti\\\/\",\"url\":\"https:\\\/\\\/www.torremaggiore.com\\\/notizie\\\/2012\\\/lettera-aperta-di-giuseppe-ariano-suslogan-e-altri-incidenti\\\/\",\"name\":\"Lettera aperta di Giuseppe Ariano su slogan e altri incidenti - Torremaggiore On Line\",\"isPartOf\":{\"@id\":\"https:\\\/\\\/www.torremaggiore.com\\\/notizie\\\/#website\"},\"primaryImageOfPage\":{\"@id\":\"https:\\\/\\\/www.torremaggiore.com\\\/notizie\\\/2012\\\/lettera-aperta-di-giuseppe-ariano-suslogan-e-altri-incidenti\\\/#primaryimage\"},\"image\":{\"@id\":\"https:\\\/\\\/www.torremaggiore.com\\\/notizie\\\/2012\\\/lettera-aperta-di-giuseppe-ariano-suslogan-e-altri-incidenti\\\/#primaryimage\"},\"thumbnailUrl\":\"http:\\\/\\\/www.torremaggiore.com\\\/notizie\\\/wp-content\\\/uploads\\\/2011\\\/12\\\/giuseppe-ariano.jpg\",\"datePublished\":\"2012-03-31T13:15:21+00:00\",\"dateModified\":\"2012-03-31T13:23:57+00:00\",\"breadcrumb\":{\"@id\":\"https:\\\/\\\/www.torremaggiore.com\\\/notizie\\\/2012\\\/lettera-aperta-di-giuseppe-ariano-suslogan-e-altri-incidenti\\\/#breadcrumb\"},\"inLanguage\":\"it-IT\",\"potentialAction\":[{\"@type\":\"ReadAction\",\"target\":[\"https:\\\/\\\/www.torremaggiore.com\\\/notizie\\\/2012\\\/lettera-aperta-di-giuseppe-ariano-suslogan-e-altri-incidenti\\\/\"]}]},{\"@type\":\"ImageObject\",\"inLanguage\":\"it-IT\",\"@id\":\"https:\\\/\\\/www.torremaggiore.com\\\/notizie\\\/2012\\\/lettera-aperta-di-giuseppe-ariano-suslogan-e-altri-incidenti\\\/#primaryimage\",\"url\":\"http:\\\/\\\/www.torremaggiore.com\\\/notizie\\\/wp-content\\\/uploads\\\/2011\\\/12\\\/giuseppe-ariano.jpg\",\"contentUrl\":\"http:\\\/\\\/www.torremaggiore.com\\\/notizie\\\/wp-content\\\/uploads\\\/2011\\\/12\\\/giuseppe-ariano.jpg\"},{\"@type\":\"BreadcrumbList\",\"@id\":\"https:\\\/\\\/www.torremaggiore.com\\\/notizie\\\/2012\\\/lettera-aperta-di-giuseppe-ariano-suslogan-e-altri-incidenti\\\/#breadcrumb\",\"itemListElement\":[{\"@type\":\"ListItem\",\"position\":1,\"name\":\"Home\",\"item\":\"https:\\\/\\\/www.torremaggiore.com\\\/notizie\\\/\"},{\"@type\":\"ListItem\",\"position\":2,\"name\":\"Lettera aperta di Giuseppe Ariano su slogan e altri incidenti\"}]},{\"@type\":\"WebSite\",\"@id\":\"https:\\\/\\\/www.torremaggiore.com\\\/notizie\\\/#website\",\"url\":\"https:\\\/\\\/www.torremaggiore.com\\\/notizie\\\/\",\"name\":\"Torremaggiore On Line\",\"description\":\"La Web Community di Torremaggiore\",\"publisher\":{\"@id\":\"https:\\\/\\\/www.torremaggiore.com\\\/notizie\\\/#organization\"},\"potentialAction\":[{\"@type\":\"SearchAction\",\"target\":{\"@type\":\"EntryPoint\",\"urlTemplate\":\"https:\\\/\\\/www.torremaggiore.com\\\/notizie\\\/?s={search_term_string}\"},\"query-input\":{\"@type\":\"PropertyValueSpecification\",\"valueRequired\":true,\"valueName\":\"search_term_string\"}}],\"inLanguage\":\"it-IT\"},{\"@type\":\"Organization\",\"@id\":\"https:\\\/\\\/www.torremaggiore.com\\\/notizie\\\/#organization\",\"name\":\"Torremaggiore On Line\",\"url\":\"https:\\\/\\\/www.torremaggiore.com\\\/notizie\\\/\",\"logo\":{\"@type\":\"ImageObject\",\"inLanguage\":\"it-IT\",\"@id\":\"https:\\\/\\\/www.torremaggiore.com\\\/notizie\\\/#\\\/schema\\\/logo\\\/image\\\/\",\"url\":\"https:\\\/\\\/www.torremaggiore.com\\\/notizie\\\/wp-content\\\/uploads\\\/2020\\\/03\\\/logo-tmol20.gif\",\"contentUrl\":\"https:\\\/\\\/www.torremaggiore.com\\\/notizie\\\/wp-content\\\/uploads\\\/2020\\\/03\\\/logo-tmol20.gif\",\"width\":260,\"height\":95,\"caption\":\"Torremaggiore On Line\"},\"image\":{\"@id\":\"https:\\\/\\\/www.torremaggiore.com\\\/notizie\\\/#\\\/schema\\\/logo\\\/image\\\/\"}},{\"@type\":\"Person\",\"@id\":\"https:\\\/\\\/www.torremaggiore.com\\\/notizie\\\/#\\\/schema\\\/person\\\/b789462c927517766c1bcfb452c8d85e\",\"name\":\"Staff\",\"image\":{\"@type\":\"ImageObject\",\"inLanguage\":\"it-IT\",\"@id\":\"https:\\\/\\\/secure.gravatar.com\\\/avatar\\\/fd311f248f82517b1efd21a54e666df2c5b705bb4a4fb804f3903c94be513fee?s=96&d=mm&r=g\",\"url\":\"https:\\\/\\\/secure.gravatar.com\\\/avatar\\\/fd311f248f82517b1efd21a54e666df2c5b705bb4a4fb804f3903c94be513fee?s=96&d=mm&r=g\",\"contentUrl\":\"https:\\\/\\\/secure.gravatar.com\\\/avatar\\\/fd311f248f82517b1efd21a54e666df2c5b705bb4a4fb804f3903c94be513fee?s=96&d=mm&r=g\",\"caption\":\"Staff\"},\"sameAs\":[\"https:\\\/\\\/www.micheleantonucci.it\"],\"url\":\"https:\\\/\\\/www.torremaggiore.com\\\/notizie\\\/author\\\/staff\\\/\"}]}<\/script>\n<!-- \/ Yoast SEO plugin. -->","yoast_head_json":{"title":"Lettera aperta di Giuseppe Ariano su slogan e altri incidenti - Torremaggiore On Line","robots":{"index":"index","follow":"follow","max-snippet":"max-snippet:-1","max-image-preview":"max-image-preview:large","max-video-preview":"max-video-preview:-1"},"canonical":"https:\/\/www.torremaggiore.com\/notizie\/2012\/lettera-aperta-di-giuseppe-ariano-suslogan-e-altri-incidenti\/","og_locale":"it_IT","og_type":"article","og_title":"Lettera aperta di Giuseppe Ariano su slogan e altri incidenti - Torremaggiore On Line","og_description":"Pubblichiamo la lettera aperta di Giuseppe Ariano, la responsabilit\u00e0 del contenuto \u00e8 ESCLUSIVAMENTE dell&#8217;autore. [&#8230;]","og_url":"https:\/\/www.torremaggiore.com\/notizie\/2012\/lettera-aperta-di-giuseppe-ariano-suslogan-e-altri-incidenti\/","og_site_name":"Torremaggiore On Line","article_published_time":"2012-03-31T13:15:21+00:00","article_modified_time":"2012-03-31T13:23:57+00:00","og_image":[{"url":"http:\/\/www.torremaggiore.com\/notizie\/wp-content\/uploads\/2011\/12\/giuseppe-ariano.jpg","type":"","width":"","height":""}],"author":"Staff","twitter_card":"summary_large_image","twitter_misc":{"Scritto da":"Staff","Tempo di lettura stimato":"2 minuti"},"schema":{"@context":"https:\/\/schema.org","@graph":[{"@type":"Article","@id":"https:\/\/www.torremaggiore.com\/notizie\/2012\/lettera-aperta-di-giuseppe-ariano-suslogan-e-altri-incidenti\/#article","isPartOf":{"@id":"https:\/\/www.torremaggiore.com\/notizie\/2012\/lettera-aperta-di-giuseppe-ariano-suslogan-e-altri-incidenti\/"},"author":{"name":"Staff","@id":"https:\/\/www.torremaggiore.com\/notizie\/#\/schema\/person\/b789462c927517766c1bcfb452c8d85e"},"headline":"Lettera aperta di Giuseppe Ariano su slogan e altri incidenti","datePublished":"2012-03-31T13:15:21+00:00","dateModified":"2012-03-31T13:23:57+00:00","mainEntityOfPage":{"@id":"https:\/\/www.torremaggiore.com\/notizie\/2012\/lettera-aperta-di-giuseppe-ariano-suslogan-e-altri-incidenti\/"},"wordCount":416,"publisher":{"@id":"https:\/\/www.torremaggiore.com\/notizie\/#organization"},"image":{"@id":"https:\/\/www.torremaggiore.com\/notizie\/2012\/lettera-aperta-di-giuseppe-ariano-suslogan-e-altri-incidenti\/#primaryimage"},"thumbnailUrl":"http:\/\/www.torremaggiore.com\/notizie\/wp-content\/uploads\/2011\/12\/giuseppe-ariano.jpg","articleSection":["Comunicati","Prima Pagina"],"inLanguage":"it-IT"},{"@type":"WebPage","@id":"https:\/\/www.torremaggiore.com\/notizie\/2012\/lettera-aperta-di-giuseppe-ariano-suslogan-e-altri-incidenti\/","url":"https:\/\/www.torremaggiore.com\/notizie\/2012\/lettera-aperta-di-giuseppe-ariano-suslogan-e-altri-incidenti\/","name":"Lettera aperta di Giuseppe Ariano su slogan e altri incidenti - Torremaggiore On Line","isPartOf":{"@id":"https:\/\/www.torremaggiore.com\/notizie\/#website"},"primaryImageOfPage":{"@id":"https:\/\/www.torremaggiore.com\/notizie\/2012\/lettera-aperta-di-giuseppe-ariano-suslogan-e-altri-incidenti\/#primaryimage"},"image":{"@id":"https:\/\/www.torremaggiore.com\/notizie\/2012\/lettera-aperta-di-giuseppe-ariano-suslogan-e-altri-incidenti\/#primaryimage"},"thumbnailUrl":"http:\/\/www.torremaggiore.com\/notizie\/wp-content\/uploads\/2011\/12\/giuseppe-ariano.jpg","datePublished":"2012-03-31T13:15:21+00:00","dateModified":"2012-03-31T13:23:57+00:00","breadcrumb":{"@id":"https:\/\/www.torremaggiore.com\/notizie\/2012\/lettera-aperta-di-giuseppe-ariano-suslogan-e-altri-incidenti\/#breadcrumb"},"inLanguage":"it-IT","potentialAction":[{"@type":"ReadAction","target":["https:\/\/www.torremaggiore.com\/notizie\/2012\/lettera-aperta-di-giuseppe-ariano-suslogan-e-altri-incidenti\/"]}]},{"@type":"ImageObject","inLanguage":"it-IT","@id":"https:\/\/www.torremaggiore.com\/notizie\/2012\/lettera-aperta-di-giuseppe-ariano-suslogan-e-altri-incidenti\/#primaryimage","url":"http:\/\/www.torremaggiore.com\/notizie\/wp-content\/uploads\/2011\/12\/giuseppe-ariano.jpg","contentUrl":"http:\/\/www.torremaggiore.com\/notizie\/wp-content\/uploads\/2011\/12\/giuseppe-ariano.jpg"},{"@type":"BreadcrumbList","@id":"https:\/\/www.torremaggiore.com\/notizie\/2012\/lettera-aperta-di-giuseppe-ariano-suslogan-e-altri-incidenti\/#breadcrumb","itemListElement":[{"@type":"ListItem","position":1,"name":"Home","item":"https:\/\/www.torremaggiore.com\/notizie\/"},{"@type":"ListItem","position":2,"name":"Lettera aperta di Giuseppe Ariano su slogan e altri incidenti"}]},{"@type":"WebSite","@id":"https:\/\/www.torremaggiore.com\/notizie\/#website","url":"https:\/\/www.torremaggiore.com\/notizie\/","name":"Torremaggiore On Line","description":"La Web Community di Torremaggiore","publisher":{"@id":"https:\/\/www.torremaggiore.com\/notizie\/#organization"},"potentialAction":[{"@type":"SearchAction","target":{"@type":"EntryPoint","urlTemplate":"https:\/\/www.torremaggiore.com\/notizie\/?s={search_term_string}"},"query-input":{"@type":"PropertyValueSpecification","valueRequired":true,"valueName":"search_term_string"}}],"inLanguage":"it-IT"},{"@type":"Organization","@id":"https:\/\/www.torremaggiore.com\/notizie\/#organization","name":"Torremaggiore On Line","url":"https:\/\/www.torremaggiore.com\/notizie\/","logo":{"@type":"ImageObject","inLanguage":"it-IT","@id":"https:\/\/www.torremaggiore.com\/notizie\/#\/schema\/logo\/image\/","url":"https:\/\/www.torremaggiore.com\/notizie\/wp-content\/uploads\/2020\/03\/logo-tmol20.gif","contentUrl":"https:\/\/www.torremaggiore.com\/notizie\/wp-content\/uploads\/2020\/03\/logo-tmol20.gif","width":260,"height":95,"caption":"Torremaggiore On Line"},"image":{"@id":"https:\/\/www.torremaggiore.com\/notizie\/#\/schema\/logo\/image\/"}},{"@type":"Person","@id":"https:\/\/www.torremaggiore.com\/notizie\/#\/schema\/person\/b789462c927517766c1bcfb452c8d85e","name":"Staff","image":{"@type":"ImageObject","inLanguage":"it-IT","@id":"https:\/\/secure.gravatar.com\/avatar\/fd311f248f82517b1efd21a54e666df2c5b705bb4a4fb804f3903c94be513fee?s=96&d=mm&r=g","url":"https:\/\/secure.gravatar.com\/avatar\/fd311f248f82517b1efd21a54e666df2c5b705bb4a4fb804f3903c94be513fee?s=96&d=mm&r=g","contentUrl":"https:\/\/secure.gravatar.com\/avatar\/fd311f248f82517b1efd21a54e666df2c5b705bb4a4fb804f3903c94be513fee?s=96&d=mm&r=g","caption":"Staff"},"sameAs":["https:\/\/www.micheleantonucci.it"],"url":"https:\/\/www.torremaggiore.com\/notizie\/author\/staff\/"}]}},"_links":{"self":[{"href":"https:\/\/www.torremaggiore.com\/notizie\/wp-json\/wp\/v2\/posts\/1167","targetHints":{"allow":["GET"]}}],"collection":[{"href":"https:\/\/www.torremaggiore.com\/notizie\/wp-json\/wp\/v2\/posts"}],"about":[{"href":"https:\/\/www.torremaggiore.com\/notizie\/wp-json\/wp\/v2\/types\/post"}],"author":[{"embeddable":true,"href":"https:\/\/www.torremaggiore.com\/notizie\/wp-json\/wp\/v2\/users\/2"}],"replies":[{"embeddable":true,"href":"https:\/\/www.torremaggiore.com\/notizie\/wp-json\/wp\/v2\/comments?post=1167"}],"version-history":[{"count":0,"href":"https:\/\/www.torremaggiore.com\/notizie\/wp-json\/wp\/v2\/posts\/1167\/revisions"}],"wp:attachment":[{"href":"https:\/\/www.torremaggiore.com\/notizie\/wp-json\/wp\/v2\/media?parent=1167"}],"wp:term":[{"taxonomy":"category","embeddable":true,"href":"https:\/\/www.torremaggiore.com\/notizie\/wp-json\/wp\/v2\/categories?post=1167"},{"taxonomy":"post_tag","embeddable":true,"href":"https:\/\/www.torremaggiore.com\/notizie\/wp-json\/wp\/v2\/tags?post=1167"}],"curies":[{"name":"wp","href":"https:\/\/api.w.org\/{rel}","templated":true}]}}