{"id":10410,"date":"2018-07-11T13:22:48","date_gmt":"2018-07-11T11:22:48","guid":{"rendered":"http:\/\/www.torremaggiore.com\/notizie\/?p=10410"},"modified":"2018-07-11T13:33:52","modified_gmt":"2018-07-11T11:33:52","slug":"torremaggiore-ha-ottenuto-dal-ministero-la-qualifica-di-citta-che-legge-per-il-biennio-2018-2019","status":"publish","type":"post","link":"https:\/\/www.torremaggiore.com\/notizie\/2018\/torremaggiore-ha-ottenuto-dal-ministero-la-qualifica-di-citta-che-legge-per-il-biennio-2018-2019\/","title":{"rendered":"Torremaggiore ha ottenuto dal Ministero la qualifica di Citt\u00e0 che legge per il biennio 2018-2019"},"content":{"rendered":"<p>&nbsp;<\/p>\n<p><img decoding=\"async\" class=\"aligncenter\" src=\"http:\/\/www.dauniacom.it\/wp-content\/uploads\/2011\/09\/bannerTMOL.png\" alt=\"\" \/><\/p>\n<p>&nbsp;<\/p>\n<p><strong>Importante riconoscimento \u00e8 stato ottenuto da Torremaggiore quale &#8220;Citt\u00e0 che legge&#8221; per il biennio 2018-2019. La qualifica \u00e8 conferita dal \u201cCentro per il libro e la lettura &#8211; Istituto autonomo del Ministero dei Beni e delle Attivit\u00e0 Culturali e del Turismo\u201d che dipende dalla \u201cDirezione generale biblioteche e Istituti culturali\u201d, d\u2019intesa con l\u2019Anci (Associazione Nazionale Comuni Italiani).<\/strong><\/p>\n<p>&nbsp;<\/p>\n<p><a href=\"http:\/\/www.torremaggiore.com\/notizie\/wp-content\/uploads\/2016\/01\/libri.jpg\"><img loading=\"lazy\" decoding=\"async\" class=\"aligncenter size-full wp-image-5659\" src=\"http:\/\/www.torremaggiore.com\/notizie\/wp-content\/uploads\/2016\/01\/libri.jpg\" alt=\"\" width=\"550\" height=\"367\" srcset=\"https:\/\/www.torremaggiore.com\/notizie\/wp-content\/uploads\/2016\/01\/libri.jpg 550w, https:\/\/www.torremaggiore.com\/notizie\/wp-content\/uploads\/2016\/01\/libri-300x200.jpg 300w\" sizes=\"auto, (max-width: 550px) 100vw, 550px\" \/><\/a><\/p>\n<p>&nbsp;<\/p>\n<p>Torremaggiore ha ottenuto la qualifica di \u201cCitt\u00e0 che legge\u201d per il biennio 2018-2019. Attraverso tale riconoscimento, attribuito dal \u201cCentro per il libro e la lettura &#8211; Istituto autonomo del Ministero dei Beni e delle Attivit\u00e0 Culturali e del Turismo\u201d che dipende dalla \u201cDirezione generale biblioteche e Istituti culturali\u201d, d\u2019intesa con l\u2019Anci (Associazione Nazionale Comuni Italiani), il Comune torremaggiorese potr\u00e0 partecipare ai bandi di finanziamento per la realizzazione di progetti sulla lettura indetti dal \u201cCentro per il libro e la lettura\u201d.<br \/>\n\u201cDalla lettura dipendono lo sviluppo intellettuale, sociale ed economico delle comunit\u00e0 e con la qualifica di \u201cCitt\u00e0 che legge\u201d si promuovono e si valorizzano quelle Amministrazioni comunali impegnate a svolgere con continuit\u00e0 sul proprio territorio politiche di incentivazione alla lettura. L\u2019intento \u00e8 quello di riconoscere e sostenere la crescita culturale attraverso la diffusione della lettura come valore condiviso, in grado di influenzare positivamente la qualit\u00e0 della vita individuale e collettiva\u201d, commenta il Sindaco di Torremaggiore, Pasquale Monteleone.<br \/>\n\u201cUna \u201cCitt\u00e0 che legge\u201d garantisce ai suoi abitanti l\u2019accesso ai libri e alla lettura attraverso biblioteche e librerie, ospita festival, rassegne o fiere che mobilitano i lettori e incuriosiscono i non lettori, partecipa a iniziative congiunte di promozione della lettura tra biblioteche, scuole, librerie e associazioni e aderisce a uno o pi\u00f9 dei progetti nazionali del \u201cCentro per il libro e la lettura\u201d (\u201cLibriamoci\u201d, \u201cMaggio dei libri\u201d, \u201cIn vitro\u201d), si impegna a promuovere la lettura con continuit\u00e0 anche attraverso la stipula di un patto locale per la lettura che preveda una stabile collaborazione tra enti pubblici, istituzioni scolastiche e soggetti privati per realizzare pratiche condivise. Patto che abbiamo stipulato nel mese di marzo con diverse scuole e associazioni proprio al fine di dimostrare il reale interesse al raggiungimento dell\u2019obiettivo di promozione della lettura\u201d, conclude l\u2019assessore comunale alla Cultura, Maria Pia Zifaro.<\/p>\n<p>&nbsp;<\/p>\n<p><a href=\"http:\/\/www.dauniacom.it\/\"><img loading=\"lazy\" decoding=\"async\" class=\"aligncenter size-full wp-image-10187\" src=\"http:\/\/www.torremaggiore.com\/notizie\/wp-content\/uploads\/2018\/06\/daunia-com-banner-2018.jpg\" alt=\"\" width=\"728\" height=\"90\" \/><\/a><\/p>\n<p>&nbsp;<\/p>\n<p><a href=\"https:\/\/www.sorboraffaelesnc.it\/\"><img loading=\"lazy\" decoding=\"async\" class=\"aligncenter size-full wp-image-9730\" src=\"http:\/\/www.torremaggiore.com\/notizie\/wp-content\/uploads\/2018\/04\/BANNER-SORBO1.gif\" alt=\"\" width=\"728\" height=\"90\" \/><\/a><\/p>\n","protected":false},"excerpt":{"rendered":"<p>&nbsp; &nbsp; Importante riconoscimento \u00e8 stato ottenuto da Torremaggiore quale &#8220;Citt\u00e0 che legge&#8221; per il<\/p>\n","protected":false},"author":2,"featured_media":7449,"comment_status":"closed","ping_status":"open","sticky":false,"template":"","format":"standard","meta":{"footnotes":""},"categories":[455,4,250],"tags":[],"class_list":["post-10410","post","type-post","status-publish","format-standard","has-post-thumbnail","hentry","category-brevi-news","category-politica","category-prima-pagina"],"yoast_head":"<!-- This site is optimized with the Yoast SEO plugin v27.4 - https:\/\/yoast.com\/product\/yoast-seo-wordpress\/ -->\n<title>Torremaggiore ha ottenuto dal Ministero la qualifica di Citt\u00e0 che legge per il biennio 2018-2019 - Torremaggiore On Line<\/title>\n<meta name=\"robots\" content=\"index, follow, max-snippet:-1, max-image-preview:large, max-video-preview:-1\" \/>\n<link rel=\"canonical\" href=\"https:\/\/www.torremaggiore.com\/notizie\/2018\/torremaggiore-ha-ottenuto-dal-ministero-la-qualifica-di-citta-che-legge-per-il-biennio-2018-2019\/\" \/>\n<meta property=\"og:locale\" content=\"it_IT\" \/>\n<meta property=\"og:type\" content=\"article\" \/>\n<meta property=\"og:title\" content=\"Torremaggiore ha ottenuto dal Ministero la qualifica di Citt\u00e0 che legge per il biennio 2018-2019 - Torremaggiore On Line\" \/>\n<meta property=\"og:description\" content=\"&nbsp; &nbsp; Importante riconoscimento \u00e8 stato ottenuto da Torremaggiore quale &#8220;Citt\u00e0 che legge&#8221; per il\" \/>\n<meta property=\"og:url\" content=\"https:\/\/www.torremaggiore.com\/notizie\/2018\/torremaggiore-ha-ottenuto-dal-ministero-la-qualifica-di-citta-che-legge-per-il-biennio-2018-2019\/\" \/>\n<meta property=\"og:site_name\" content=\"Torremaggiore On Line\" \/>\n<meta property=\"article:published_time\" content=\"2018-07-11T11:22:48+00:00\" \/>\n<meta property=\"article:modified_time\" content=\"2018-07-11T11:33:52+00:00\" \/>\n<meta property=\"og:image\" content=\"https:\/\/www.torremaggiore.com\/notizie\/wp-content\/uploads\/2016\/11\/torremaggiore-comune-front.jpg\" \/>\n\t<meta property=\"og:image:width\" content=\"650\" \/>\n\t<meta property=\"og:image:height\" content=\"480\" \/>\n\t<meta property=\"og:image:type\" content=\"image\/jpeg\" \/>\n<meta name=\"author\" content=\"Staff\" \/>\n<meta name=\"twitter:card\" content=\"summary_large_image\" \/>\n<meta name=\"twitter:label1\" content=\"Scritto da\" \/>\n\t<meta name=\"twitter:data1\" content=\"Staff\" \/>\n\t<meta name=\"twitter:label2\" content=\"Tempo di lettura stimato\" \/>\n\t<meta name=\"twitter:data2\" content=\"2 minuti\" \/>\n<script type=\"application\/ld+json\" class=\"yoast-schema-graph\">{\"@context\":\"https:\\\/\\\/schema.org\",\"@graph\":[{\"@type\":\"Article\",\"@id\":\"https:\\\/\\\/www.torremaggiore.com\\\/notizie\\\/2018\\\/torremaggiore-ha-ottenuto-dal-ministero-la-qualifica-di-citta-che-legge-per-il-biennio-2018-2019\\\/#article\",\"isPartOf\":{\"@id\":\"https:\\\/\\\/www.torremaggiore.com\\\/notizie\\\/2018\\\/torremaggiore-ha-ottenuto-dal-ministero-la-qualifica-di-citta-che-legge-per-il-biennio-2018-2019\\\/\"},\"author\":{\"name\":\"Staff\",\"@id\":\"https:\\\/\\\/www.torremaggiore.com\\\/notizie\\\/#\\\/schema\\\/person\\\/b789462c927517766c1bcfb452c8d85e\"},\"headline\":\"Torremaggiore ha ottenuto dal Ministero la qualifica di Citt\u00e0 che legge per il biennio 2018-2019\",\"datePublished\":\"2018-07-11T11:22:48+00:00\",\"dateModified\":\"2018-07-11T11:33:52+00:00\",\"mainEntityOfPage\":{\"@id\":\"https:\\\/\\\/www.torremaggiore.com\\\/notizie\\\/2018\\\/torremaggiore-ha-ottenuto-dal-ministero-la-qualifica-di-citta-che-legge-per-il-biennio-2018-2019\\\/\"},\"wordCount\":381,\"publisher\":{\"@id\":\"https:\\\/\\\/www.torremaggiore.com\\\/notizie\\\/#organization\"},\"image\":{\"@id\":\"https:\\\/\\\/www.torremaggiore.com\\\/notizie\\\/2018\\\/torremaggiore-ha-ottenuto-dal-ministero-la-qualifica-di-citta-che-legge-per-il-biennio-2018-2019\\\/#primaryimage\"},\"thumbnailUrl\":\"https:\\\/\\\/www.torremaggiore.com\\\/notizie\\\/wp-content\\\/uploads\\\/2016\\\/11\\\/torremaggiore-comune-front.jpg\",\"articleSection\":[\"Brevi News\",\"Politica\",\"Prima Pagina\"],\"inLanguage\":\"it-IT\"},{\"@type\":\"WebPage\",\"@id\":\"https:\\\/\\\/www.torremaggiore.com\\\/notizie\\\/2018\\\/torremaggiore-ha-ottenuto-dal-ministero-la-qualifica-di-citta-che-legge-per-il-biennio-2018-2019\\\/\",\"url\":\"https:\\\/\\\/www.torremaggiore.com\\\/notizie\\\/2018\\\/torremaggiore-ha-ottenuto-dal-ministero-la-qualifica-di-citta-che-legge-per-il-biennio-2018-2019\\\/\",\"name\":\"Torremaggiore ha ottenuto dal Ministero la qualifica di Citt\u00e0 che legge per il biennio 2018-2019 - Torremaggiore On Line\",\"isPartOf\":{\"@id\":\"https:\\\/\\\/www.torremaggiore.com\\\/notizie\\\/#website\"},\"primaryImageOfPage\":{\"@id\":\"https:\\\/\\\/www.torremaggiore.com\\\/notizie\\\/2018\\\/torremaggiore-ha-ottenuto-dal-ministero-la-qualifica-di-citta-che-legge-per-il-biennio-2018-2019\\\/#primaryimage\"},\"image\":{\"@id\":\"https:\\\/\\\/www.torremaggiore.com\\\/notizie\\\/2018\\\/torremaggiore-ha-ottenuto-dal-ministero-la-qualifica-di-citta-che-legge-per-il-biennio-2018-2019\\\/#primaryimage\"},\"thumbnailUrl\":\"https:\\\/\\\/www.torremaggiore.com\\\/notizie\\\/wp-content\\\/uploads\\\/2016\\\/11\\\/torremaggiore-comune-front.jpg\",\"datePublished\":\"2018-07-11T11:22:48+00:00\",\"dateModified\":\"2018-07-11T11:33:52+00:00\",\"breadcrumb\":{\"@id\":\"https:\\\/\\\/www.torremaggiore.com\\\/notizie\\\/2018\\\/torremaggiore-ha-ottenuto-dal-ministero-la-qualifica-di-citta-che-legge-per-il-biennio-2018-2019\\\/#breadcrumb\"},\"inLanguage\":\"it-IT\",\"potentialAction\":[{\"@type\":\"ReadAction\",\"target\":[\"https:\\\/\\\/www.torremaggiore.com\\\/notizie\\\/2018\\\/torremaggiore-ha-ottenuto-dal-ministero-la-qualifica-di-citta-che-legge-per-il-biennio-2018-2019\\\/\"]}]},{\"@type\":\"ImageObject\",\"inLanguage\":\"it-IT\",\"@id\":\"https:\\\/\\\/www.torremaggiore.com\\\/notizie\\\/2018\\\/torremaggiore-ha-ottenuto-dal-ministero-la-qualifica-di-citta-che-legge-per-il-biennio-2018-2019\\\/#primaryimage\",\"url\":\"https:\\\/\\\/www.torremaggiore.com\\\/notizie\\\/wp-content\\\/uploads\\\/2016\\\/11\\\/torremaggiore-comune-front.jpg\",\"contentUrl\":\"https:\\\/\\\/www.torremaggiore.com\\\/notizie\\\/wp-content\\\/uploads\\\/2016\\\/11\\\/torremaggiore-comune-front.jpg\",\"width\":650,\"height\":480},{\"@type\":\"BreadcrumbList\",\"@id\":\"https:\\\/\\\/www.torremaggiore.com\\\/notizie\\\/2018\\\/torremaggiore-ha-ottenuto-dal-ministero-la-qualifica-di-citta-che-legge-per-il-biennio-2018-2019\\\/#breadcrumb\",\"itemListElement\":[{\"@type\":\"ListItem\",\"position\":1,\"name\":\"Home\",\"item\":\"https:\\\/\\\/www.torremaggiore.com\\\/notizie\\\/\"},{\"@type\":\"ListItem\",\"position\":2,\"name\":\"Torremaggiore ha ottenuto dal Ministero la qualifica di Citt\u00e0 che legge per il biennio 2018-2019\"}]},{\"@type\":\"WebSite\",\"@id\":\"https:\\\/\\\/www.torremaggiore.com\\\/notizie\\\/#website\",\"url\":\"https:\\\/\\\/www.torremaggiore.com\\\/notizie\\\/\",\"name\":\"Torremaggiore On Line\",\"description\":\"La Web Community di Torremaggiore\",\"publisher\":{\"@id\":\"https:\\\/\\\/www.torremaggiore.com\\\/notizie\\\/#organization\"},\"potentialAction\":[{\"@type\":\"SearchAction\",\"target\":{\"@type\":\"EntryPoint\",\"urlTemplate\":\"https:\\\/\\\/www.torremaggiore.com\\\/notizie\\\/?s={search_term_string}\"},\"query-input\":{\"@type\":\"PropertyValueSpecification\",\"valueRequired\":true,\"valueName\":\"search_term_string\"}}],\"inLanguage\":\"it-IT\"},{\"@type\":\"Organization\",\"@id\":\"https:\\\/\\\/www.torremaggiore.com\\\/notizie\\\/#organization\",\"name\":\"Torremaggiore On Line\",\"url\":\"https:\\\/\\\/www.torremaggiore.com\\\/notizie\\\/\",\"logo\":{\"@type\":\"ImageObject\",\"inLanguage\":\"it-IT\",\"@id\":\"https:\\\/\\\/www.torremaggiore.com\\\/notizie\\\/#\\\/schema\\\/logo\\\/image\\\/\",\"url\":\"https:\\\/\\\/www.torremaggiore.com\\\/notizie\\\/wp-content\\\/uploads\\\/2020\\\/03\\\/logo-tmol20.gif\",\"contentUrl\":\"https:\\\/\\\/www.torremaggiore.com\\\/notizie\\\/wp-content\\\/uploads\\\/2020\\\/03\\\/logo-tmol20.gif\",\"width\":260,\"height\":95,\"caption\":\"Torremaggiore On Line\"},\"image\":{\"@id\":\"https:\\\/\\\/www.torremaggiore.com\\\/notizie\\\/#\\\/schema\\\/logo\\\/image\\\/\"}},{\"@type\":\"Person\",\"@id\":\"https:\\\/\\\/www.torremaggiore.com\\\/notizie\\\/#\\\/schema\\\/person\\\/b789462c927517766c1bcfb452c8d85e\",\"name\":\"Staff\",\"image\":{\"@type\":\"ImageObject\",\"inLanguage\":\"it-IT\",\"@id\":\"https:\\\/\\\/secure.gravatar.com\\\/avatar\\\/fd311f248f82517b1efd21a54e666df2c5b705bb4a4fb804f3903c94be513fee?s=96&d=mm&r=g\",\"url\":\"https:\\\/\\\/secure.gravatar.com\\\/avatar\\\/fd311f248f82517b1efd21a54e666df2c5b705bb4a4fb804f3903c94be513fee?s=96&d=mm&r=g\",\"contentUrl\":\"https:\\\/\\\/secure.gravatar.com\\\/avatar\\\/fd311f248f82517b1efd21a54e666df2c5b705bb4a4fb804f3903c94be513fee?s=96&d=mm&r=g\",\"caption\":\"Staff\"},\"sameAs\":[\"https:\\\/\\\/www.micheleantonucci.it\"],\"url\":\"https:\\\/\\\/www.torremaggiore.com\\\/notizie\\\/author\\\/staff\\\/\"}]}<\/script>\n<!-- \/ Yoast SEO plugin. -->","yoast_head_json":{"title":"Torremaggiore ha ottenuto dal Ministero la qualifica di Citt\u00e0 che legge per il biennio 2018-2019 - Torremaggiore On Line","robots":{"index":"index","follow":"follow","max-snippet":"max-snippet:-1","max-image-preview":"max-image-preview:large","max-video-preview":"max-video-preview:-1"},"canonical":"https:\/\/www.torremaggiore.com\/notizie\/2018\/torremaggiore-ha-ottenuto-dal-ministero-la-qualifica-di-citta-che-legge-per-il-biennio-2018-2019\/","og_locale":"it_IT","og_type":"article","og_title":"Torremaggiore ha ottenuto dal Ministero la qualifica di Citt\u00e0 che legge per il biennio 2018-2019 - Torremaggiore On Line","og_description":"&nbsp; &nbsp; Importante riconoscimento \u00e8 stato ottenuto da Torremaggiore quale &#8220;Citt\u00e0 che legge&#8221; per il","og_url":"https:\/\/www.torremaggiore.com\/notizie\/2018\/torremaggiore-ha-ottenuto-dal-ministero-la-qualifica-di-citta-che-legge-per-il-biennio-2018-2019\/","og_site_name":"Torremaggiore On Line","article_published_time":"2018-07-11T11:22:48+00:00","article_modified_time":"2018-07-11T11:33:52+00:00","og_image":[{"width":650,"height":480,"url":"https:\/\/www.torremaggiore.com\/notizie\/wp-content\/uploads\/2016\/11\/torremaggiore-comune-front.jpg","type":"image\/jpeg"}],"author":"Staff","twitter_card":"summary_large_image","twitter_misc":{"Scritto da":"Staff","Tempo di lettura stimato":"2 minuti"},"schema":{"@context":"https:\/\/schema.org","@graph":[{"@type":"Article","@id":"https:\/\/www.torremaggiore.com\/notizie\/2018\/torremaggiore-ha-ottenuto-dal-ministero-la-qualifica-di-citta-che-legge-per-il-biennio-2018-2019\/#article","isPartOf":{"@id":"https:\/\/www.torremaggiore.com\/notizie\/2018\/torremaggiore-ha-ottenuto-dal-ministero-la-qualifica-di-citta-che-legge-per-il-biennio-2018-2019\/"},"author":{"name":"Staff","@id":"https:\/\/www.torremaggiore.com\/notizie\/#\/schema\/person\/b789462c927517766c1bcfb452c8d85e"},"headline":"Torremaggiore ha ottenuto dal Ministero la qualifica di Citt\u00e0 che legge per il biennio 2018-2019","datePublished":"2018-07-11T11:22:48+00:00","dateModified":"2018-07-11T11:33:52+00:00","mainEntityOfPage":{"@id":"https:\/\/www.torremaggiore.com\/notizie\/2018\/torremaggiore-ha-ottenuto-dal-ministero-la-qualifica-di-citta-che-legge-per-il-biennio-2018-2019\/"},"wordCount":381,"publisher":{"@id":"https:\/\/www.torremaggiore.com\/notizie\/#organization"},"image":{"@id":"https:\/\/www.torremaggiore.com\/notizie\/2018\/torremaggiore-ha-ottenuto-dal-ministero-la-qualifica-di-citta-che-legge-per-il-biennio-2018-2019\/#primaryimage"},"thumbnailUrl":"https:\/\/www.torremaggiore.com\/notizie\/wp-content\/uploads\/2016\/11\/torremaggiore-comune-front.jpg","articleSection":["Brevi News","Politica","Prima Pagina"],"inLanguage":"it-IT"},{"@type":"WebPage","@id":"https:\/\/www.torremaggiore.com\/notizie\/2018\/torremaggiore-ha-ottenuto-dal-ministero-la-qualifica-di-citta-che-legge-per-il-biennio-2018-2019\/","url":"https:\/\/www.torremaggiore.com\/notizie\/2018\/torremaggiore-ha-ottenuto-dal-ministero-la-qualifica-di-citta-che-legge-per-il-biennio-2018-2019\/","name":"Torremaggiore ha ottenuto dal Ministero la qualifica di Citt\u00e0 che legge per il biennio 2018-2019 - Torremaggiore On Line","isPartOf":{"@id":"https:\/\/www.torremaggiore.com\/notizie\/#website"},"primaryImageOfPage":{"@id":"https:\/\/www.torremaggiore.com\/notizie\/2018\/torremaggiore-ha-ottenuto-dal-ministero-la-qualifica-di-citta-che-legge-per-il-biennio-2018-2019\/#primaryimage"},"image":{"@id":"https:\/\/www.torremaggiore.com\/notizie\/2018\/torremaggiore-ha-ottenuto-dal-ministero-la-qualifica-di-citta-che-legge-per-il-biennio-2018-2019\/#primaryimage"},"thumbnailUrl":"https:\/\/www.torremaggiore.com\/notizie\/wp-content\/uploads\/2016\/11\/torremaggiore-comune-front.jpg","datePublished":"2018-07-11T11:22:48+00:00","dateModified":"2018-07-11T11:33:52+00:00","breadcrumb":{"@id":"https:\/\/www.torremaggiore.com\/notizie\/2018\/torremaggiore-ha-ottenuto-dal-ministero-la-qualifica-di-citta-che-legge-per-il-biennio-2018-2019\/#breadcrumb"},"inLanguage":"it-IT","potentialAction":[{"@type":"ReadAction","target":["https:\/\/www.torremaggiore.com\/notizie\/2018\/torremaggiore-ha-ottenuto-dal-ministero-la-qualifica-di-citta-che-legge-per-il-biennio-2018-2019\/"]}]},{"@type":"ImageObject","inLanguage":"it-IT","@id":"https:\/\/www.torremaggiore.com\/notizie\/2018\/torremaggiore-ha-ottenuto-dal-ministero-la-qualifica-di-citta-che-legge-per-il-biennio-2018-2019\/#primaryimage","url":"https:\/\/www.torremaggiore.com\/notizie\/wp-content\/uploads\/2016\/11\/torremaggiore-comune-front.jpg","contentUrl":"https:\/\/www.torremaggiore.com\/notizie\/wp-content\/uploads\/2016\/11\/torremaggiore-comune-front.jpg","width":650,"height":480},{"@type":"BreadcrumbList","@id":"https:\/\/www.torremaggiore.com\/notizie\/2018\/torremaggiore-ha-ottenuto-dal-ministero-la-qualifica-di-citta-che-legge-per-il-biennio-2018-2019\/#breadcrumb","itemListElement":[{"@type":"ListItem","position":1,"name":"Home","item":"https:\/\/www.torremaggiore.com\/notizie\/"},{"@type":"ListItem","position":2,"name":"Torremaggiore ha ottenuto dal Ministero la qualifica di Citt\u00e0 che legge per il biennio 2018-2019"}]},{"@type":"WebSite","@id":"https:\/\/www.torremaggiore.com\/notizie\/#website","url":"https:\/\/www.torremaggiore.com\/notizie\/","name":"Torremaggiore On Line","description":"La Web Community di Torremaggiore","publisher":{"@id":"https:\/\/www.torremaggiore.com\/notizie\/#organization"},"potentialAction":[{"@type":"SearchAction","target":{"@type":"EntryPoint","urlTemplate":"https:\/\/www.torremaggiore.com\/notizie\/?s={search_term_string}"},"query-input":{"@type":"PropertyValueSpecification","valueRequired":true,"valueName":"search_term_string"}}],"inLanguage":"it-IT"},{"@type":"Organization","@id":"https:\/\/www.torremaggiore.com\/notizie\/#organization","name":"Torremaggiore On Line","url":"https:\/\/www.torremaggiore.com\/notizie\/","logo":{"@type":"ImageObject","inLanguage":"it-IT","@id":"https:\/\/www.torremaggiore.com\/notizie\/#\/schema\/logo\/image\/","url":"https:\/\/www.torremaggiore.com\/notizie\/wp-content\/uploads\/2020\/03\/logo-tmol20.gif","contentUrl":"https:\/\/www.torremaggiore.com\/notizie\/wp-content\/uploads\/2020\/03\/logo-tmol20.gif","width":260,"height":95,"caption":"Torremaggiore On Line"},"image":{"@id":"https:\/\/www.torremaggiore.com\/notizie\/#\/schema\/logo\/image\/"}},{"@type":"Person","@id":"https:\/\/www.torremaggiore.com\/notizie\/#\/schema\/person\/b789462c927517766c1bcfb452c8d85e","name":"Staff","image":{"@type":"ImageObject","inLanguage":"it-IT","@id":"https:\/\/secure.gravatar.com\/avatar\/fd311f248f82517b1efd21a54e666df2c5b705bb4a4fb804f3903c94be513fee?s=96&d=mm&r=g","url":"https:\/\/secure.gravatar.com\/avatar\/fd311f248f82517b1efd21a54e666df2c5b705bb4a4fb804f3903c94be513fee?s=96&d=mm&r=g","contentUrl":"https:\/\/secure.gravatar.com\/avatar\/fd311f248f82517b1efd21a54e666df2c5b705bb4a4fb804f3903c94be513fee?s=96&d=mm&r=g","caption":"Staff"},"sameAs":["https:\/\/www.micheleantonucci.it"],"url":"https:\/\/www.torremaggiore.com\/notizie\/author\/staff\/"}]}},"_links":{"self":[{"href":"https:\/\/www.torremaggiore.com\/notizie\/wp-json\/wp\/v2\/posts\/10410","targetHints":{"allow":["GET"]}}],"collection":[{"href":"https:\/\/www.torremaggiore.com\/notizie\/wp-json\/wp\/v2\/posts"}],"about":[{"href":"https:\/\/www.torremaggiore.com\/notizie\/wp-json\/wp\/v2\/types\/post"}],"author":[{"embeddable":true,"href":"https:\/\/www.torremaggiore.com\/notizie\/wp-json\/wp\/v2\/users\/2"}],"replies":[{"embeddable":true,"href":"https:\/\/www.torremaggiore.com\/notizie\/wp-json\/wp\/v2\/comments?post=10410"}],"version-history":[{"count":0,"href":"https:\/\/www.torremaggiore.com\/notizie\/wp-json\/wp\/v2\/posts\/10410\/revisions"}],"wp:featuredmedia":[{"embeddable":true,"href":"https:\/\/www.torremaggiore.com\/notizie\/wp-json\/wp\/v2\/media\/7449"}],"wp:attachment":[{"href":"https:\/\/www.torremaggiore.com\/notizie\/wp-json\/wp\/v2\/media?parent=10410"}],"wp:term":[{"taxonomy":"category","embeddable":true,"href":"https:\/\/www.torremaggiore.com\/notizie\/wp-json\/wp\/v2\/categories?post=10410"},{"taxonomy":"post_tag","embeddable":true,"href":"https:\/\/www.torremaggiore.com\/notizie\/wp-json\/wp\/v2\/tags?post=10410"}],"curies":[{"name":"wp","href":"https:\/\/api.w.org\/{rel}","templated":true}]}}